{"id":1899,"date":"2025-09-29T09:47:00","date_gmt":"2025-09-29T13:47:00","guid":{"rendered":"https:\/\/wilsonsantosmt.com.br\/?p=1899"},"modified":"2025-09-30T09:48:49","modified_gmt":"2025-09-30T13:48:49","slug":"wilson-santos-cobra-programas-de-habitacao-e-defende-loteamentos-populares-para-mt","status":"publish","type":"post","link":"https:\/\/wilsonsantosmt.com.br\/index.php\/2025\/09\/29\/wilson-santos-cobra-programas-de-habitacao-e-defende-loteamentos-populares-para-mt\/","title":{"rendered":"Wilson Santos cobra programas de habita\u00e7\u00e3o e defende loteamentos populares para MT"},"content":{"rendered":"\n<p><\/p>\n\n\n\n<p>O deputado estadual Wilson Santos (PSD) reafirmou nesta segunda-feira (29), o seu compromisso com a pol\u00edtica habitacional em Cuiab\u00e1 e todo o estado de Mato Grosso. Em entrevista a um ve\u00edculo de comunica\u00e7\u00e3o local, ele destacou a participa\u00e7\u00e3o direta na funda\u00e7\u00e3o de diversos bairros da capital, a execu\u00e7\u00e3o de conjuntos habitacionais durante a sua gest\u00e3o na prefeitura e a necessidade de avan\u00e7ar com programas de moradia popular \u2013 j\u00e1 que o estado enfrenta um d\u00e9ficit de mais de 120 mil fam\u00edlias na espera por um teto \u2013 conforme levantamento da Funda\u00e7\u00e3o Jo\u00e3o Pinheiro (FJP).<\/p>\n\n\n\n<p>Segundo o parlamentar, o d\u00e9ficit habitacional em Cuiab\u00e1 \u00e9 alarmante e exige pol\u00edticas p\u00fablicas mais arrojadas. Ele citou, como exemplo, o programa Casa Cuiabana, rec\u00e9m-lan\u00e7ado pela prefeitura, que abriu inscri\u00e7\u00f5es para 700 unidades, mas recebeu 85 mil cadastros. \u201cIsso mostra que apenas 1% dos interessados ser\u00e1 atendido. Por isso, defendo a continuidade dos programas \u2018Minha Casa, Minha Vida\u2019 e \u2018Ser Fam\u00edlia Habita\u00e7\u00e3o\u2019, mas tamb\u00e9m, a cria\u00e7\u00e3o de um programa de loteamentos populares. O povo tem capacidade de se organizar, construir as suas casas e transformar \u00e1reas em verdadeiros bairros, como ocorreu no Pedra 90 de Cuiab\u00e1\u201d, declarou.<\/p>\n\n\n\n<p>Wilson Santos lembrou ainda que, em sua passagem pela prefeitura, liderou importantes obras de habita\u00e7\u00e3o popular, como os conjuntos Milton Figueiredo, Coronel Torquato, Sucuri, Jonas Pinheiro I e o loteamento Vila Nova, al\u00e9m de parcerias com governos estadual e federal. Ele enfatizou que, recentemente, protocolou uma emenda \u00e0 Constitui\u00e7\u00e3o Estadual, com apoio dos demais deputados da Assembleia Legislativa, determinando que no m\u00ednimo 20% dos recursos do Fundo de Transporte e Habita\u00e7\u00e3o (Fethab) sejam destinados \u00e0 habita\u00e7\u00e3o.<\/p>\n\n\n\n<p>Ao relembrar a sua trajet\u00f3ria pol\u00edtica, o deputado destacou a sua participa\u00e7\u00e3o em quase 30 processos de ocupa\u00e7\u00e3o que resultaram na cria\u00e7\u00e3o de bairros consolidados em Cuiab\u00e1, como Florian\u00f3polis, Primeiro de Mar\u00e7o, Nova Conquista, Santa Laura I e II, Renascer, Liberdade, Novo Mil\u00eanio e outros. \u201cN\u00e3o tenho nenhum arrependimento. Faria tudo de novo para ajudar fam\u00edlias humildes que, sem pol\u00edticas p\u00fablicas, recorrem \u00e0 ocupa\u00e7\u00e3o para garantir o direito constitucional \u00e0 moradia. Enquanto, alguns concentram terras em centenas de milhares de hectares, temos fam\u00edlias que n\u00e3o conseguem um lote de 10&#215;20 para construir um teto de papel\u00e3o. Essa desigualdade \u00e9 inaceit\u00e1vel\u201d, criticou.<\/p>\n\n\n\n<p>Durante a entrevista, Wilson tamb\u00e9m respondeu aos questionamentos da popula\u00e7\u00e3o. Ao ser indagado por um morador, Homero Machado, sobre a necessidade de recupera\u00e7\u00e3o asf\u00e1ltica no bairro Primeiro de Mar\u00e7o, ele recordou a sua atua\u00e7\u00e3o na regulariza\u00e7\u00e3o fundi\u00e1ria da regi\u00e3o, em 1991, e se comprometeu a levar a demanda ao secret\u00e1rio Municipal de Obras, Reginaldo Teixeira. \u201cVou pedir para incluir essa obra no planejamento. E, se necess\u00e1rio, estudarei a possibilidade de destinar uma emenda parlamentar\u201d, afirmou.<\/p>\n\n\n\n<p>Outro ponto levantado pelo parlamentar foi a import\u00e2ncia do Plano Diretor de Cuiab\u00e1 ser atualizado. Ele recordou que o primeiro plano foi feito em 1992, na gest\u00e3o de Frederico Campos, e que, em 2007, durante a sua administra\u00e7\u00e3o, foi realizada a segunda vers\u00e3o. \u201cA lei do Estatuto da Cidade obriga a atualiza\u00e7\u00e3o, a cada dez anos. O prefeito Emanuel Pinheiro deveria ter atualizado em 2017, mas n\u00e3o fez. Cuiab\u00e1 est\u00e1 h\u00e1 18 anos sem revis\u00e3o do plano diretor. Hoje, precisamos cobrar essa atualiza\u00e7\u00e3o para garantir um planejamento urbano sustent\u00e1vel e combater a expans\u00e3o desordenada\u201d, refor\u00e7ou.<\/p>\n\n\n\n<p>Para Wilson, a luta pela moradia digna \u00e9 uma miss\u00e3o de vida. \u201cHabita\u00e7\u00e3o \u00e9 um direito constitucional. Eu constru\u00ed conjuntos habitacionais, participei da funda\u00e7\u00e3o de bairros e defendo programas permanentes de loteamentos populares urbanizados. S\u00f3 assim, conseguiremos reduzir o d\u00e9ficit habitacional e dar dignidade \u00e0s fam\u00edlias cuiabanas e mato-grossenses\u201d, concluiu.<\/p>\n","protected":false},"excerpt":{"rendered":"<p>O deputado estadual Wilson Santos (PSD) reafirmou nesta segunda-feira (29), o seu compromisso com a pol\u00edtica habitacional em Cuiab\u00e1 e todo o estado de Mato Grosso. Em entrevista a um ve\u00edculo de comunica\u00e7\u00e3o local, ele destacou a participa\u00e7\u00e3o direta na funda\u00e7\u00e3o de diversos bairros da capital, a execu\u00e7\u00e3o de conjuntos habitacionais durante a sua gest\u00e3o [&hellip;]<\/p>\n","protected":false},"author":4,"featured_media":1900,"comment_status":"closed","ping_status":"open","sticky":false,"template":"","format":"standard","meta":{"footnotes":""},"categories":[13],"tags":[],"yoast_head":"<!-- This site is optimized with the Yoast SEO Premium plugin v21.5 (Yoast SEO v21.4) - https:\/\/yoast.com\/wordpress\/plugins\/seo\/ -->\n<title>Wilson Santos cobra programas de habita\u00e7\u00e3o e defende loteamentos populares para MT - wilsonsantosmt.com.br<\/title>\n<meta name=\"robots\" content=\"index, follow, max-snippet:-1, max-image-preview:large, max-video-preview:-1\" \/>\n<link rel=\"canonical\" href=\"https:\/\/wilsonsantosmt.com.br\/index.php\/2025\/09\/29\/wilson-santos-cobra-programas-de-habitacao-e-defende-loteamentos-populares-para-mt\/\" \/>\n<meta property=\"og:locale\" content=\"pt_BR\" \/>\n<meta property=\"og:type\" content=\"article\" \/>\n<meta property=\"og:title\" content=\"Wilson Santos cobra programas de habita\u00e7\u00e3o e defende loteamentos populares para MT\" \/>\n<meta property=\"og:description\" content=\"O deputado estadual Wilson Santos (PSD) reafirmou nesta segunda-feira (29), o seu compromisso com a pol\u00edtica habitacional em Cuiab\u00e1 e todo o estado de Mato Grosso. Em entrevista a um ve\u00edculo de comunica\u00e7\u00e3o local, ele destacou a participa\u00e7\u00e3o direta na funda\u00e7\u00e3o de diversos bairros da capital, a execu\u00e7\u00e3o de conjuntos habitacionais durante a sua gest\u00e3o [&hellip;]\" \/>\n<meta property=\"og:url\" content=\"https:\/\/wilsonsantosmt.com.br\/index.php\/2025\/09\/29\/wilson-santos-cobra-programas-de-habitacao-e-defende-loteamentos-populares-para-mt\/\" \/>\n<meta property=\"og:site_name\" content=\"wilsonsantosmt.com.br\" \/>\n<meta property=\"article:publisher\" content=\"https:\/\/www.facebook.com\/WilsonSantosMT\/\" \/>\n<meta property=\"article:published_time\" content=\"2025-09-29T13:47:00+00:00\" \/>\n<meta property=\"article:modified_time\" content=\"2025-09-30T13:48:49+00:00\" \/>\n<meta property=\"og:image\" content=\"http:\/\/wilsonsantosmt.com.br\/wp-content\/uploads\/2025\/09\/4f35d73f9b724fe3c154fe521d92596a68cd7d5b6c944.jpg\" \/>\n\t<meta property=\"og:image:width\" content=\"1600\" \/>\n\t<meta property=\"og:image:height\" content=\"1067\" \/>\n\t<meta property=\"og:image:type\" content=\"image\/jpeg\" \/>\n<meta name=\"author\" content=\"Samantha dos Anjos\" \/>\n<meta name=\"twitter:card\" content=\"summary_large_image\" \/>\n<meta name=\"twitter:label1\" content=\"Escrito por\" \/>\n\t<meta name=\"twitter:data1\" content=\"Samantha dos Anjos\" \/>\n\t<meta name=\"twitter:label2\" content=\"Est. tempo de leitura\" \/>\n\t<meta name=\"twitter:data2\" content=\"4 minutos\" \/>\n<script type=\"application\/ld+json\" class=\"yoast-schema-graph\">{\"@context\":\"https:\/\/schema.org\",\"@graph\":[{\"@type\":\"Article\",\"@id\":\"https:\/\/wilsonsantosmt.com.br\/index.php\/2025\/09\/29\/wilson-santos-cobra-programas-de-habitacao-e-defende-loteamentos-populares-para-mt\/#article\",\"isPartOf\":{\"@id\":\"https:\/\/wilsonsantosmt.com.br\/index.php\/2025\/09\/29\/wilson-santos-cobra-programas-de-habitacao-e-defende-loteamentos-populares-para-mt\/\"},\"author\":{\"name\":\"Samantha dos Anjos\",\"@id\":\"https:\/\/wilsonsantosmt.com.br\/#\/schema\/person\/1d097ee45f526dd0455dbad8c679932c\"},\"headline\":\"Wilson Santos cobra programas de habita\u00e7\u00e3o e defende loteamentos populares para MT\",\"datePublished\":\"2025-09-29T13:47:00+00:00\",\"dateModified\":\"2025-09-30T13:48:49+00:00\",\"mainEntityOfPage\":{\"@id\":\"https:\/\/wilsonsantosmt.com.br\/index.php\/2025\/09\/29\/wilson-santos-cobra-programas-de-habitacao-e-defende-loteamentos-populares-para-mt\/\"},\"wordCount\":650,\"publisher\":{\"@id\":\"https:\/\/wilsonsantosmt.com.br\/#\/schema\/person\/9de3c54961637a9eadb16bcbf895b1ef\"},\"articleSection\":[\"Not\u00edcias\"],\"inLanguage\":\"pt-BR\"},{\"@type\":\"WebPage\",\"@id\":\"https:\/\/wilsonsantosmt.com.br\/index.php\/2025\/09\/29\/wilson-santos-cobra-programas-de-habitacao-e-defende-loteamentos-populares-para-mt\/\",\"url\":\"https:\/\/wilsonsantosmt.com.br\/index.php\/2025\/09\/29\/wilson-santos-cobra-programas-de-habitacao-e-defende-loteamentos-populares-para-mt\/\",\"name\":\"Wilson Santos cobra programas de habita\u00e7\u00e3o e defende loteamentos populares para MT - wilsonsantosmt.com.br\",\"isPartOf\":{\"@id\":\"https:\/\/wilsonsantosmt.com.br\/#website\"},\"datePublished\":\"2025-09-29T13:47:00+00:00\",\"dateModified\":\"2025-09-30T13:48:49+00:00\",\"breadcrumb\":{\"@id\":\"https:\/\/wilsonsantosmt.com.br\/index.php\/2025\/09\/29\/wilson-santos-cobra-programas-de-habitacao-e-defende-loteamentos-populares-para-mt\/#breadcrumb\"},\"inLanguage\":\"pt-BR\",\"potentialAction\":[{\"@type\":\"ReadAction\",\"target\":[\"https:\/\/wilsonsantosmt.com.br\/index.php\/2025\/09\/29\/wilson-santos-cobra-programas-de-habitacao-e-defende-loteamentos-populares-para-mt\/\"]}]},{\"@type\":\"BreadcrumbList\",\"@id\":\"https:\/\/wilsonsantosmt.com.br\/index.php\/2025\/09\/29\/wilson-santos-cobra-programas-de-habitacao-e-defende-loteamentos-populares-para-mt\/#breadcrumb\",\"itemListElement\":[{\"@type\":\"ListItem\",\"position\":1,\"name\":\"In\u00edcio\",\"item\":\"https:\/\/wilsonsantosmt.com.br\/\"},{\"@type\":\"ListItem\",\"position\":2,\"name\":\"Not\u00edcias\",\"item\":\"https:\/\/wilsonsantosmt.com.br\/index.php\/category\/noticias\/\"},{\"@type\":\"ListItem\",\"position\":3,\"name\":\"Wilson Santos cobra programas de habita\u00e7\u00e3o e defende loteamentos populares para MT\"}]},{\"@type\":\"WebSite\",\"@id\":\"https:\/\/wilsonsantosmt.com.br\/#website\",\"url\":\"https:\/\/wilsonsantosmt.com.br\/\",\"name\":\"wilsonsantosmt.com.br\",\"description\":\"\",\"publisher\":{\"@id\":\"https:\/\/wilsonsantosmt.com.br\/#\/schema\/person\/9de3c54961637a9eadb16bcbf895b1ef\"},\"potentialAction\":[{\"@type\":\"SearchAction\",\"target\":{\"@type\":\"EntryPoint\",\"urlTemplate\":\"https:\/\/wilsonsantosmt.com.br\/?s={search_term_string}\"},\"query-input\":\"required name=search_term_string\"}],\"inLanguage\":\"pt-BR\"},{\"@type\":[\"Person\",\"Organization\"],\"@id\":\"https:\/\/wilsonsantosmt.com.br\/#\/schema\/person\/9de3c54961637a9eadb16bcbf895b1ef\",\"name\":\"Wilson Santos\",\"image\":{\"@type\":\"ImageObject\",\"inLanguage\":\"pt-BR\",\"@id\":\"https:\/\/wilsonsantosmt.com.br\/#\/schema\/person\/image\/\",\"url\":\"https:\/\/wilsonsantosmt.com.br\/wp-content\/uploads\/2023\/11\/310828673_653254583023360_8795459643194608438_n.jpg\",\"contentUrl\":\"https:\/\/wilsonsantosmt.com.br\/wp-content\/uploads\/2023\/11\/310828673_653254583023360_8795459643194608438_n.jpg\",\"width\":1078,\"height\":1079,\"caption\":\"Wilson Santos\"},\"logo\":{\"@id\":\"https:\/\/wilsonsantosmt.com.br\/#\/schema\/person\/image\/\"},\"sameAs\":[\"http:\/\/wilsonsantosmt.com.br\",\"https:\/\/www.facebook.com\/WilsonSantosMT\/\",\"https:\/\/www.instagram.com\/wilsonsantosmt\/\",\"https:\/\/www.youtube.com\/@WilsonSantosWS\/videos\",\"https:\/\/pt.wikipedia.org\/wiki\/Wilson_Santos\"],\"honorificPrefix\":\"Sr\",\"gender\":\"masculino\",\"jobTitle\":\"Deputado Estadual\",\"worksFor\":\"Assembleia Legislativa de Mato Grosso\"},{\"@type\":\"Person\",\"@id\":\"https:\/\/wilsonsantosmt.com.br\/#\/schema\/person\/1d097ee45f526dd0455dbad8c679932c\",\"name\":\"Samantha dos Anjos\",\"image\":{\"@type\":\"ImageObject\",\"inLanguage\":\"pt-BR\",\"@id\":\"https:\/\/wilsonsantosmt.com.br\/#\/schema\/person\/image\/\",\"url\":\"https:\/\/secure.gravatar.com\/avatar\/7d8d0b6dd67d134a9fa841bee90c57c7?s=96&d=mm&r=g\",\"contentUrl\":\"https:\/\/secure.gravatar.com\/avatar\/7d8d0b6dd67d134a9fa841bee90c57c7?s=96&d=mm&r=g\",\"caption\":\"Samantha dos Anjos\"},\"url\":\"https:\/\/wilsonsantosmt.com.br\/index.php\/author\/samantha-dos-anjos\/\"}]}<\/script>\n<!-- \/ Yoast SEO Premium plugin. -->","yoast_head_json":{"title":"Wilson Santos cobra programas de habita\u00e7\u00e3o e defende loteamentos populares para MT - wilsonsantosmt.com.br","robots":{"index":"index","follow":"follow","max-snippet":"max-snippet:-1","max-image-preview":"max-image-preview:large","max-video-preview":"max-video-preview:-1"},"canonical":"https:\/\/wilsonsantosmt.com.br\/index.php\/2025\/09\/29\/wilson-santos-cobra-programas-de-habitacao-e-defende-loteamentos-populares-para-mt\/","og_locale":"pt_BR","og_type":"article","og_title":"Wilson Santos cobra programas de habita\u00e7\u00e3o e defende loteamentos populares para MT","og_description":"O deputado estadual Wilson Santos (PSD) reafirmou nesta segunda-feira (29), o seu compromisso com a pol\u00edtica habitacional em Cuiab\u00e1 e todo o estado de Mato Grosso. Em entrevista a um ve\u00edculo de comunica\u00e7\u00e3o local, ele destacou a participa\u00e7\u00e3o direta na funda\u00e7\u00e3o de diversos bairros da capital, a execu\u00e7\u00e3o de conjuntos habitacionais durante a sua gest\u00e3o [&hellip;]","og_url":"https:\/\/wilsonsantosmt.com.br\/index.php\/2025\/09\/29\/wilson-santos-cobra-programas-de-habitacao-e-defende-loteamentos-populares-para-mt\/","og_site_name":"wilsonsantosmt.com.br","article_publisher":"https:\/\/www.facebook.com\/WilsonSantosMT\/","article_published_time":"2025-09-29T13:47:00+00:00","article_modified_time":"2025-09-30T13:48:49+00:00","og_image":[{"width":1600,"height":1067,"url":"http:\/\/wilsonsantosmt.com.br\/wp-content\/uploads\/2025\/09\/4f35d73f9b724fe3c154fe521d92596a68cd7d5b6c944.jpg","type":"image\/jpeg"}],"author":"Samantha dos Anjos","twitter_card":"summary_large_image","twitter_misc":{"Escrito por":"Samantha dos Anjos","Est. tempo de leitura":"4 minutos"},"schema":{"@context":"https:\/\/schema.org","@graph":[{"@type":"Article","@id":"https:\/\/wilsonsantosmt.com.br\/index.php\/2025\/09\/29\/wilson-santos-cobra-programas-de-habitacao-e-defende-loteamentos-populares-para-mt\/#article","isPartOf":{"@id":"https:\/\/wilsonsantosmt.com.br\/index.php\/2025\/09\/29\/wilson-santos-cobra-programas-de-habitacao-e-defende-loteamentos-populares-para-mt\/"},"author":{"name":"Samantha dos Anjos","@id":"https:\/\/wilsonsantosmt.com.br\/#\/schema\/person\/1d097ee45f526dd0455dbad8c679932c"},"headline":"Wilson Santos cobra programas de habita\u00e7\u00e3o e defende loteamentos populares para MT","datePublished":"2025-09-29T13:47:00+00:00","dateModified":"2025-09-30T13:48:49+00:00","mainEntityOfPage":{"@id":"https:\/\/wilsonsantosmt.com.br\/index.php\/2025\/09\/29\/wilson-santos-cobra-programas-de-habitacao-e-defende-loteamentos-populares-para-mt\/"},"wordCount":650,"publisher":{"@id":"https:\/\/wilsonsantosmt.com.br\/#\/schema\/person\/9de3c54961637a9eadb16bcbf895b1ef"},"articleSection":["Not\u00edcias"],"inLanguage":"pt-BR"},{"@type":"WebPage","@id":"https:\/\/wilsonsantosmt.com.br\/index.php\/2025\/09\/29\/wilson-santos-cobra-programas-de-habitacao-e-defende-loteamentos-populares-para-mt\/","url":"https:\/\/wilsonsantosmt.com.br\/index.php\/2025\/09\/29\/wilson-santos-cobra-programas-de-habitacao-e-defende-loteamentos-populares-para-mt\/","name":"Wilson Santos cobra programas de habita\u00e7\u00e3o e defende loteamentos populares para MT - wilsonsantosmt.com.br","isPartOf":{"@id":"https:\/\/wilsonsantosmt.com.br\/#website"},"datePublished":"2025-09-29T13:47:00+00:00","dateModified":"2025-09-30T13:48:49+00:00","breadcrumb":{"@id":"https:\/\/wilsonsantosmt.com.br\/index.php\/2025\/09\/29\/wilson-santos-cobra-programas-de-habitacao-e-defende-loteamentos-populares-para-mt\/#breadcrumb"},"inLanguage":"pt-BR","potentialAction":[{"@type":"ReadAction","target":["https:\/\/wilsonsantosmt.com.br\/index.php\/2025\/09\/29\/wilson-santos-cobra-programas-de-habitacao-e-defende-loteamentos-populares-para-mt\/"]}]},{"@type":"BreadcrumbList","@id":"https:\/\/wilsonsantosmt.com.br\/index.php\/2025\/09\/29\/wilson-santos-cobra-programas-de-habitacao-e-defende-loteamentos-populares-para-mt\/#breadcrumb","itemListElement":[{"@type":"ListItem","position":1,"name":"In\u00edcio","item":"https:\/\/wilsonsantosmt.com.br\/"},{"@type":"ListItem","position":2,"name":"Not\u00edcias","item":"https:\/\/wilsonsantosmt.com.br\/index.php\/category\/noticias\/"},{"@type":"ListItem","position":3,"name":"Wilson Santos cobra programas de habita\u00e7\u00e3o e defende loteamentos populares para MT"}]},{"@type":"WebSite","@id":"https:\/\/wilsonsantosmt.com.br\/#website","url":"https:\/\/wilsonsantosmt.com.br\/","name":"wilsonsantosmt.com.br","description":"","publisher":{"@id":"https:\/\/wilsonsantosmt.com.br\/#\/schema\/person\/9de3c54961637a9eadb16bcbf895b1ef"},"potentialAction":[{"@type":"SearchAction","target":{"@type":"EntryPoint","urlTemplate":"https:\/\/wilsonsantosmt.com.br\/?s={search_term_string}"},"query-input":"required name=search_term_string"}],"inLanguage":"pt-BR"},{"@type":["Person","Organization"],"@id":"https:\/\/wilsonsantosmt.com.br\/#\/schema\/person\/9de3c54961637a9eadb16bcbf895b1ef","name":"Wilson Santos","image":{"@type":"ImageObject","inLanguage":"pt-BR","@id":"https:\/\/wilsonsantosmt.com.br\/#\/schema\/person\/image\/","url":"https:\/\/wilsonsantosmt.com.br\/wp-content\/uploads\/2023\/11\/310828673_653254583023360_8795459643194608438_n.jpg","contentUrl":"https:\/\/wilsonsantosmt.com.br\/wp-content\/uploads\/2023\/11\/310828673_653254583023360_8795459643194608438_n.jpg","width":1078,"height":1079,"caption":"Wilson Santos"},"logo":{"@id":"https:\/\/wilsonsantosmt.com.br\/#\/schema\/person\/image\/"},"sameAs":["http:\/\/wilsonsantosmt.com.br","https:\/\/www.facebook.com\/WilsonSantosMT\/","https:\/\/www.instagram.com\/wilsonsantosmt\/","https:\/\/www.youtube.com\/@WilsonSantosWS\/videos","https:\/\/pt.wikipedia.org\/wiki\/Wilson_Santos"],"honorificPrefix":"Sr","gender":"masculino","jobTitle":"Deputado Estadual","worksFor":"Assembleia Legislativa de Mato Grosso"},{"@type":"Person","@id":"https:\/\/wilsonsantosmt.com.br\/#\/schema\/person\/1d097ee45f526dd0455dbad8c679932c","name":"Samantha dos Anjos","image":{"@type":"ImageObject","inLanguage":"pt-BR","@id":"https:\/\/wilsonsantosmt.com.br\/#\/schema\/person\/image\/","url":"https:\/\/secure.gravatar.com\/avatar\/7d8d0b6dd67d134a9fa841bee90c57c7?s=96&d=mm&r=g","contentUrl":"https:\/\/secure.gravatar.com\/avatar\/7d8d0b6dd67d134a9fa841bee90c57c7?s=96&d=mm&r=g","caption":"Samantha dos Anjos"},"url":"https:\/\/wilsonsantosmt.com.br\/index.php\/author\/samantha-dos-anjos\/"}]}},"_links":{"self":[{"href":"https:\/\/wilsonsantosmt.com.br\/index.php\/wp-json\/wp\/v2\/posts\/1899"}],"collection":[{"href":"https:\/\/wilsonsantosmt.com.br\/index.php\/wp-json\/wp\/v2\/posts"}],"about":[{"href":"https:\/\/wilsonsantosmt.com.br\/index.php\/wp-json\/wp\/v2\/types\/post"}],"author":[{"embeddable":true,"href":"https:\/\/wilsonsantosmt.com.br\/index.php\/wp-json\/wp\/v2\/users\/4"}],"replies":[{"embeddable":true,"href":"https:\/\/wilsonsantosmt.com.br\/index.php\/wp-json\/wp\/v2\/comments?post=1899"}],"version-history":[{"count":1,"href":"https:\/\/wilsonsantosmt.com.br\/index.php\/wp-json\/wp\/v2\/posts\/1899\/revisions"}],"predecessor-version":[{"id":1901,"href":"https:\/\/wilsonsantosmt.com.br\/index.php\/wp-json\/wp\/v2\/posts\/1899\/revisions\/1901"}],"wp:featuredmedia":[{"embeddable":true,"href":"https:\/\/wilsonsantosmt.com.br\/index.php\/wp-json\/wp\/v2\/media\/1900"}],"wp:attachment":[{"href":"https:\/\/wilsonsantosmt.com.br\/index.php\/wp-json\/wp\/v2\/media?parent=1899"}],"wp:term":[{"taxonomy":"category","embeddable":true,"href":"https:\/\/wilsonsantosmt.com.br\/index.php\/wp-json\/wp\/v2\/categories?post=1899"},{"taxonomy":"post_tag","embeddable":true,"href":"https:\/\/wilsonsantosmt.com.br\/index.php\/wp-json\/wp\/v2\/tags?post=1899"}],"curies":[{"name":"wp","href":"https:\/\/api.w.org\/{rel}","templated":true}]}}