{"id":1902,"date":"2025-09-29T05:49:00","date_gmt":"2025-09-29T09:49:00","guid":{"rendered":"https:\/\/wilsonsantosmt.com.br\/?p=1902"},"modified":"2025-09-30T09:50:06","modified_gmt":"2025-09-30T13:50:06","slug":"wilson-santos-acompanha-eleicao-da-colonia-z-1-e-reforca-defesa-aos-pescadores","status":"publish","type":"post","link":"https:\/\/wilsonsantosmt.com.br\/index.php\/2025\/09\/29\/wilson-santos-acompanha-eleicao-da-colonia-z-1-e-reforca-defesa-aos-pescadores\/","title":{"rendered":"Wilson Santos acompanha elei\u00e7\u00e3o da Col\u00f4nia Z-1 e refor\u00e7a defesa aos pescadores"},"content":{"rendered":"\n<p><\/p>\n\n\n\n<p>A Col\u00f4nia de Pescadores Z-1, localizada no bairro Porto, em Cuiab\u00e1, e que re\u00fane cerca de 700 pescadores, elegeu nesta segunda-feira (29) &#8211; a nova diretoria que comandar\u00e1 a entidade no per\u00edodo de 2025 a 2029. A chapa \u00fanica, intitulada \u201cRenova\u00e7\u00e3o, Compet\u00eancia e Transpar\u00eancia\u201d, foi eleita por unanimidade, sendo aclamada por todos os presentes. A presid\u00eancia ficar\u00e1 sob responsabilidade de Sandra Maria de Oliveira, que estar\u00e1 acompanhada de um vice, secret\u00e1rios, tesoureiros, membros titulares, suplentes e conselho fiscal.<\/p>\n\n\n\n<p>Durante a assembleia da comiss\u00e3o eleitoral, o deputado estadual Wilson Santos (PSD) acompanhou o processo e destacou a import\u00e2ncia da renova\u00e7\u00e3o da entidade para o fortalecimento da categoria. \u201cNos pr\u00f3ximos quatro anos, a nova presidente ser\u00e1 a Sandra Maria de Oliveira. \u00c9 uma chapa muito bem montada, eleita de forma un\u00e2nime. Vida longa e sucesso aos nossos pescadores. Essa \u00e9 uma profiss\u00e3o honesta, limpa, dada por Deus, e estarei sempre \u00e0 disposi\u00e7\u00e3o na Assembleia Legislativa para apoiar a categoria\u201d, declarou.<\/p>\n\n\n\n<p>O parlamentar refor\u00e7ou a sua posi\u00e7\u00e3o contra a Lei Estadual n\u00ba 12.434\/2023, conhecida como \u201cTransporte Zero\u201d, que pro\u00edbe o transporte, armazenamento e comercializa\u00e7\u00e3o de pescado. Ele informou que coordena o Observat\u00f3rio da Pesca na Assembleia Legislativa que, no pr\u00f3ximo ano, reavaliar\u00e1 os efeitos da legisla\u00e7\u00e3o. \u201cSe o governo n\u00e3o cumprir as promessas feitas aos pescadores, como cursos, financiamentos e linhas de cr\u00e9dito, essa lei poder\u00e1 cair no fim do pr\u00f3ximo ano. Nosso compromisso \u00e9 devolver ao pescador o direito de exercer suas atividades\u201d, destacou.<\/p>\n\n\n\n<p>Al\u00e9m disso, Wilson falou que destinou uma emenda de R$ 500 mil ao Instituto Federal de Mato Grosso (IFMT) para realizar um estudo sobre as condi\u00e7\u00f5es de vida das comunidades ribeirinhas e dos pescadores profissionais, a fim de comprovar que a legisla\u00e7\u00e3o n\u00e3o beneficiou a categoria \u2013 somente interferiu na atividade econ\u00f4mica dos trabalhadores.<\/p>\n\n\n\n<p>A nova presidente, Sandra Maria de Oliveira, agradeceu a confian\u00e7a dos colegas e garantiu empenho na defesa dos direitos da classe. \u201cMeu objetivo \u00e9 melhorar a vida dos pescadores e lutar contra as dificuldades geradas pela Lei da Pesca. Eu vim para fazer a diferen\u00e7a e vou fazer\u201d, garantiu a pescadora que atua h\u00e1 10 anos na \u00e1rea da pesca.<\/p>\n\n\n\n<p>A presidente da Associa\u00e7\u00e3o do Segmento da Pesca de Mato Grosso (ASP\/MT), Nilma Silva Santos, tamb\u00e9m destacou a parceria com a nova diretoria e ressaltou o apoio de Wilson Santos. \u201cDesde 2019, o deputado caminha conosco. \u00c9 uma luta \u00e1rdua e desleal, mas com uni\u00e3o e aliados fortes como ele, n\u00f3s seguimos firmes na defesa da pesca\u201d, disse.<\/p>\n\n\n\n<p>Com a elei\u00e7\u00e3o da nova diretoria, a categoria inicia um novo ciclo de gest\u00e3o, refor\u00e7ando a luta pela sobreviv\u00eancia da atividade pesqueira em Mato Grosso.<\/p>\n","protected":false},"excerpt":{"rendered":"<p>A Col\u00f4nia de Pescadores Z-1, localizada no bairro Porto, em Cuiab\u00e1, e que re\u00fane cerca de 700 pescadores, elegeu nesta segunda-feira (29) &#8211; a nova diretoria que comandar\u00e1 a entidade no per\u00edodo de 2025 a 2029. A chapa \u00fanica, intitulada \u201cRenova\u00e7\u00e3o, Compet\u00eancia e Transpar\u00eancia\u201d, foi eleita por unanimidade, sendo aclamada por todos os presentes. A [&hellip;]<\/p>\n","protected":false},"author":4,"featured_media":1903,"comment_status":"closed","ping_status":"open","sticky":false,"template":"","format":"standard","meta":{"footnotes":""},"categories":[13],"tags":[],"yoast_head":"<!-- This site is optimized with the Yoast SEO Premium plugin v21.5 (Yoast SEO v21.4) - https:\/\/yoast.com\/wordpress\/plugins\/seo\/ -->\n<title>Wilson Santos acompanha elei\u00e7\u00e3o da Col\u00f4nia Z-1 e refor\u00e7a defesa aos pescadores - wilsonsantosmt.com.br<\/title>\n<meta name=\"robots\" content=\"index, follow, max-snippet:-1, max-image-preview:large, max-video-preview:-1\" \/>\n<link rel=\"canonical\" href=\"https:\/\/wilsonsantosmt.com.br\/index.php\/2025\/09\/29\/wilson-santos-acompanha-eleicao-da-colonia-z-1-e-reforca-defesa-aos-pescadores\/\" \/>\n<meta property=\"og:locale\" content=\"pt_BR\" \/>\n<meta property=\"og:type\" content=\"article\" \/>\n<meta property=\"og:title\" content=\"Wilson Santos acompanha elei\u00e7\u00e3o da Col\u00f4nia Z-1 e refor\u00e7a defesa aos pescadores\" \/>\n<meta property=\"og:description\" content=\"A Col\u00f4nia de Pescadores Z-1, localizada no bairro Porto, em Cuiab\u00e1, e que re\u00fane cerca de 700 pescadores, elegeu nesta segunda-feira (29) &#8211; a nova diretoria que comandar\u00e1 a entidade no per\u00edodo de 2025 a 2029. A chapa \u00fanica, intitulada \u201cRenova\u00e7\u00e3o, Compet\u00eancia e Transpar\u00eancia\u201d, foi eleita por unanimidade, sendo aclamada por todos os presentes. A [&hellip;]\" \/>\n<meta property=\"og:url\" content=\"https:\/\/wilsonsantosmt.com.br\/index.php\/2025\/09\/29\/wilson-santos-acompanha-eleicao-da-colonia-z-1-e-reforca-defesa-aos-pescadores\/\" \/>\n<meta property=\"og:site_name\" content=\"wilsonsantosmt.com.br\" \/>\n<meta property=\"article:publisher\" content=\"https:\/\/www.facebook.com\/WilsonSantosMT\/\" \/>\n<meta property=\"article:published_time\" content=\"2025-09-29T09:49:00+00:00\" \/>\n<meta property=\"article:modified_time\" content=\"2025-09-30T13:50:06+00:00\" \/>\n<meta property=\"og:image\" content=\"http:\/\/wilsonsantosmt.com.br\/wp-content\/uploads\/2025\/09\/WhatsApp-Image-2025-09-29-at-14.03.12-1.jpeg\" \/>\n\t<meta property=\"og:image:width\" content=\"1600\" \/>\n\t<meta property=\"og:image:height\" content=\"702\" \/>\n\t<meta property=\"og:image:type\" content=\"image\/jpeg\" \/>\n<meta name=\"author\" content=\"Samantha dos Anjos\" \/>\n<meta name=\"twitter:card\" content=\"summary_large_image\" \/>\n<meta name=\"twitter:label1\" content=\"Escrito por\" \/>\n\t<meta name=\"twitter:data1\" content=\"Samantha dos Anjos\" \/>\n\t<meta name=\"twitter:label2\" content=\"Est. tempo de leitura\" \/>\n\t<meta name=\"twitter:data2\" content=\"3 minutos\" \/>\n<script type=\"application\/ld+json\" class=\"yoast-schema-graph\">{\"@context\":\"https:\/\/schema.org\",\"@graph\":[{\"@type\":\"Article\",\"@id\":\"https:\/\/wilsonsantosmt.com.br\/index.php\/2025\/09\/29\/wilson-santos-acompanha-eleicao-da-colonia-z-1-e-reforca-defesa-aos-pescadores\/#article\",\"isPartOf\":{\"@id\":\"https:\/\/wilsonsantosmt.com.br\/index.php\/2025\/09\/29\/wilson-santos-acompanha-eleicao-da-colonia-z-1-e-reforca-defesa-aos-pescadores\/\"},\"author\":{\"name\":\"Samantha dos Anjos\",\"@id\":\"https:\/\/wilsonsantosmt.com.br\/#\/schema\/person\/1d097ee45f526dd0455dbad8c679932c\"},\"headline\":\"Wilson Santos acompanha elei\u00e7\u00e3o da Col\u00f4nia Z-1 e refor\u00e7a defesa aos pescadores\",\"datePublished\":\"2025-09-29T09:49:00+00:00\",\"dateModified\":\"2025-09-30T13:50:06+00:00\",\"mainEntityOfPage\":{\"@id\":\"https:\/\/wilsonsantosmt.com.br\/index.php\/2025\/09\/29\/wilson-santos-acompanha-eleicao-da-colonia-z-1-e-reforca-defesa-aos-pescadores\/\"},\"wordCount\":480,\"publisher\":{\"@id\":\"https:\/\/wilsonsantosmt.com.br\/#\/schema\/person\/9de3c54961637a9eadb16bcbf895b1ef\"},\"articleSection\":[\"Not\u00edcias\"],\"inLanguage\":\"pt-BR\"},{\"@type\":\"WebPage\",\"@id\":\"https:\/\/wilsonsantosmt.com.br\/index.php\/2025\/09\/29\/wilson-santos-acompanha-eleicao-da-colonia-z-1-e-reforca-defesa-aos-pescadores\/\",\"url\":\"https:\/\/wilsonsantosmt.com.br\/index.php\/2025\/09\/29\/wilson-santos-acompanha-eleicao-da-colonia-z-1-e-reforca-defesa-aos-pescadores\/\",\"name\":\"Wilson Santos acompanha elei\u00e7\u00e3o da Col\u00f4nia Z-1 e refor\u00e7a defesa aos pescadores - wilsonsantosmt.com.br\",\"isPartOf\":{\"@id\":\"https:\/\/wilsonsantosmt.com.br\/#website\"},\"datePublished\":\"2025-09-29T09:49:00+00:00\",\"dateModified\":\"2025-09-30T13:50:06+00:00\",\"breadcrumb\":{\"@id\":\"https:\/\/wilsonsantosmt.com.br\/index.php\/2025\/09\/29\/wilson-santos-acompanha-eleicao-da-colonia-z-1-e-reforca-defesa-aos-pescadores\/#breadcrumb\"},\"inLanguage\":\"pt-BR\",\"potentialAction\":[{\"@type\":\"ReadAction\",\"target\":[\"https:\/\/wilsonsantosmt.com.br\/index.php\/2025\/09\/29\/wilson-santos-acompanha-eleicao-da-colonia-z-1-e-reforca-defesa-aos-pescadores\/\"]}]},{\"@type\":\"BreadcrumbList\",\"@id\":\"https:\/\/wilsonsantosmt.com.br\/index.php\/2025\/09\/29\/wilson-santos-acompanha-eleicao-da-colonia-z-1-e-reforca-defesa-aos-pescadores\/#breadcrumb\",\"itemListElement\":[{\"@type\":\"ListItem\",\"position\":1,\"name\":\"In\u00edcio\",\"item\":\"https:\/\/wilsonsantosmt.com.br\/\"},{\"@type\":\"ListItem\",\"position\":2,\"name\":\"Not\u00edcias\",\"item\":\"https:\/\/wilsonsantosmt.com.br\/index.php\/category\/noticias\/\"},{\"@type\":\"ListItem\",\"position\":3,\"name\":\"Wilson Santos acompanha elei\u00e7\u00e3o da Col\u00f4nia Z-1 e refor\u00e7a defesa aos pescadores\"}]},{\"@type\":\"WebSite\",\"@id\":\"https:\/\/wilsonsantosmt.com.br\/#website\",\"url\":\"https:\/\/wilsonsantosmt.com.br\/\",\"name\":\"wilsonsantosmt.com.br\",\"description\":\"\",\"publisher\":{\"@id\":\"https:\/\/wilsonsantosmt.com.br\/#\/schema\/person\/9de3c54961637a9eadb16bcbf895b1ef\"},\"potentialAction\":[{\"@type\":\"SearchAction\",\"target\":{\"@type\":\"EntryPoint\",\"urlTemplate\":\"https:\/\/wilsonsantosmt.com.br\/?s={search_term_string}\"},\"query-input\":\"required name=search_term_string\"}],\"inLanguage\":\"pt-BR\"},{\"@type\":[\"Person\",\"Organization\"],\"@id\":\"https:\/\/wilsonsantosmt.com.br\/#\/schema\/person\/9de3c54961637a9eadb16bcbf895b1ef\",\"name\":\"Wilson Santos\",\"image\":{\"@type\":\"ImageObject\",\"inLanguage\":\"pt-BR\",\"@id\":\"https:\/\/wilsonsantosmt.com.br\/#\/schema\/person\/image\/\",\"url\":\"https:\/\/wilsonsantosmt.com.br\/wp-content\/uploads\/2023\/11\/310828673_653254583023360_8795459643194608438_n.jpg\",\"contentUrl\":\"https:\/\/wilsonsantosmt.com.br\/wp-content\/uploads\/2023\/11\/310828673_653254583023360_8795459643194608438_n.jpg\",\"width\":1078,\"height\":1079,\"caption\":\"Wilson Santos\"},\"logo\":{\"@id\":\"https:\/\/wilsonsantosmt.com.br\/#\/schema\/person\/image\/\"},\"sameAs\":[\"http:\/\/wilsonsantosmt.com.br\",\"https:\/\/www.facebook.com\/WilsonSantosMT\/\",\"https:\/\/www.instagram.com\/wilsonsantosmt\/\",\"https:\/\/www.youtube.com\/@WilsonSantosWS\/videos\",\"https:\/\/pt.wikipedia.org\/wiki\/Wilson_Santos\"],\"honorificPrefix\":\"Sr\",\"gender\":\"masculino\",\"jobTitle\":\"Deputado Estadual\",\"worksFor\":\"Assembleia Legislativa de Mato Grosso\"},{\"@type\":\"Person\",\"@id\":\"https:\/\/wilsonsantosmt.com.br\/#\/schema\/person\/1d097ee45f526dd0455dbad8c679932c\",\"name\":\"Samantha dos Anjos\",\"image\":{\"@type\":\"ImageObject\",\"inLanguage\":\"pt-BR\",\"@id\":\"https:\/\/wilsonsantosmt.com.br\/#\/schema\/person\/image\/\",\"url\":\"https:\/\/secure.gravatar.com\/avatar\/7d8d0b6dd67d134a9fa841bee90c57c7?s=96&d=mm&r=g\",\"contentUrl\":\"https:\/\/secure.gravatar.com\/avatar\/7d8d0b6dd67d134a9fa841bee90c57c7?s=96&d=mm&r=g\",\"caption\":\"Samantha dos Anjos\"},\"url\":\"https:\/\/wilsonsantosmt.com.br\/index.php\/author\/samantha-dos-anjos\/\"}]}<\/script>\n<!-- \/ Yoast SEO Premium plugin. -->","yoast_head_json":{"title":"Wilson Santos acompanha elei\u00e7\u00e3o da Col\u00f4nia Z-1 e refor\u00e7a defesa aos pescadores - wilsonsantosmt.com.br","robots":{"index":"index","follow":"follow","max-snippet":"max-snippet:-1","max-image-preview":"max-image-preview:large","max-video-preview":"max-video-preview:-1"},"canonical":"https:\/\/wilsonsantosmt.com.br\/index.php\/2025\/09\/29\/wilson-santos-acompanha-eleicao-da-colonia-z-1-e-reforca-defesa-aos-pescadores\/","og_locale":"pt_BR","og_type":"article","og_title":"Wilson Santos acompanha elei\u00e7\u00e3o da Col\u00f4nia Z-1 e refor\u00e7a defesa aos pescadores","og_description":"A Col\u00f4nia de Pescadores Z-1, localizada no bairro Porto, em Cuiab\u00e1, e que re\u00fane cerca de 700 pescadores, elegeu nesta segunda-feira (29) &#8211; a nova diretoria que comandar\u00e1 a entidade no per\u00edodo de 2025 a 2029. A chapa \u00fanica, intitulada \u201cRenova\u00e7\u00e3o, Compet\u00eancia e Transpar\u00eancia\u201d, foi eleita por unanimidade, sendo aclamada por todos os presentes. A [&hellip;]","og_url":"https:\/\/wilsonsantosmt.com.br\/index.php\/2025\/09\/29\/wilson-santos-acompanha-eleicao-da-colonia-z-1-e-reforca-defesa-aos-pescadores\/","og_site_name":"wilsonsantosmt.com.br","article_publisher":"https:\/\/www.facebook.com\/WilsonSantosMT\/","article_published_time":"2025-09-29T09:49:00+00:00","article_modified_time":"2025-09-30T13:50:06+00:00","og_image":[{"width":1600,"height":702,"url":"http:\/\/wilsonsantosmt.com.br\/wp-content\/uploads\/2025\/09\/WhatsApp-Image-2025-09-29-at-14.03.12-1.jpeg","type":"image\/jpeg"}],"author":"Samantha dos Anjos","twitter_card":"summary_large_image","twitter_misc":{"Escrito por":"Samantha dos Anjos","Est. tempo de leitura":"3 minutos"},"schema":{"@context":"https:\/\/schema.org","@graph":[{"@type":"Article","@id":"https:\/\/wilsonsantosmt.com.br\/index.php\/2025\/09\/29\/wilson-santos-acompanha-eleicao-da-colonia-z-1-e-reforca-defesa-aos-pescadores\/#article","isPartOf":{"@id":"https:\/\/wilsonsantosmt.com.br\/index.php\/2025\/09\/29\/wilson-santos-acompanha-eleicao-da-colonia-z-1-e-reforca-defesa-aos-pescadores\/"},"author":{"name":"Samantha dos Anjos","@id":"https:\/\/wilsonsantosmt.com.br\/#\/schema\/person\/1d097ee45f526dd0455dbad8c679932c"},"headline":"Wilson Santos acompanha elei\u00e7\u00e3o da Col\u00f4nia Z-1 e refor\u00e7a defesa aos pescadores","datePublished":"2025-09-29T09:49:00+00:00","dateModified":"2025-09-30T13:50:06+00:00","mainEntityOfPage":{"@id":"https:\/\/wilsonsantosmt.com.br\/index.php\/2025\/09\/29\/wilson-santos-acompanha-eleicao-da-colonia-z-1-e-reforca-defesa-aos-pescadores\/"},"wordCount":480,"publisher":{"@id":"https:\/\/wilsonsantosmt.com.br\/#\/schema\/person\/9de3c54961637a9eadb16bcbf895b1ef"},"articleSection":["Not\u00edcias"],"inLanguage":"pt-BR"},{"@type":"WebPage","@id":"https:\/\/wilsonsantosmt.com.br\/index.php\/2025\/09\/29\/wilson-santos-acompanha-eleicao-da-colonia-z-1-e-reforca-defesa-aos-pescadores\/","url":"https:\/\/wilsonsantosmt.com.br\/index.php\/2025\/09\/29\/wilson-santos-acompanha-eleicao-da-colonia-z-1-e-reforca-defesa-aos-pescadores\/","name":"Wilson Santos acompanha elei\u00e7\u00e3o da Col\u00f4nia Z-1 e refor\u00e7a defesa aos pescadores - wilsonsantosmt.com.br","isPartOf":{"@id":"https:\/\/wilsonsantosmt.com.br\/#website"},"datePublished":"2025-09-29T09:49:00+00:00","dateModified":"2025-09-30T13:50:06+00:00","breadcrumb":{"@id":"https:\/\/wilsonsantosmt.com.br\/index.php\/2025\/09\/29\/wilson-santos-acompanha-eleicao-da-colonia-z-1-e-reforca-defesa-aos-pescadores\/#breadcrumb"},"inLanguage":"pt-BR","potentialAction":[{"@type":"ReadAction","target":["https:\/\/wilsonsantosmt.com.br\/index.php\/2025\/09\/29\/wilson-santos-acompanha-eleicao-da-colonia-z-1-e-reforca-defesa-aos-pescadores\/"]}]},{"@type":"BreadcrumbList","@id":"https:\/\/wilsonsantosmt.com.br\/index.php\/2025\/09\/29\/wilson-santos-acompanha-eleicao-da-colonia-z-1-e-reforca-defesa-aos-pescadores\/#breadcrumb","itemListElement":[{"@type":"ListItem","position":1,"name":"In\u00edcio","item":"https:\/\/wilsonsantosmt.com.br\/"},{"@type":"ListItem","position":2,"name":"Not\u00edcias","item":"https:\/\/wilsonsantosmt.com.br\/index.php\/category\/noticias\/"},{"@type":"ListItem","position":3,"name":"Wilson Santos acompanha elei\u00e7\u00e3o da Col\u00f4nia Z-1 e refor\u00e7a defesa aos pescadores"}]},{"@type":"WebSite","@id":"https:\/\/wilsonsantosmt.com.br\/#website","url":"https:\/\/wilsonsantosmt.com.br\/","name":"wilsonsantosmt.com.br","description":"","publisher":{"@id":"https:\/\/wilsonsantosmt.com.br\/#\/schema\/person\/9de3c54961637a9eadb16bcbf895b1ef"},"potentialAction":[{"@type":"SearchAction","target":{"@type":"EntryPoint","urlTemplate":"https:\/\/wilsonsantosmt.com.br\/?s={search_term_string}"},"query-input":"required name=search_term_string"}],"inLanguage":"pt-BR"},{"@type":["Person","Organization"],"@id":"https:\/\/wilsonsantosmt.com.br\/#\/schema\/person\/9de3c54961637a9eadb16bcbf895b1ef","name":"Wilson Santos","image":{"@type":"ImageObject","inLanguage":"pt-BR","@id":"https:\/\/wilsonsantosmt.com.br\/#\/schema\/person\/image\/","url":"https:\/\/wilsonsantosmt.com.br\/wp-content\/uploads\/2023\/11\/310828673_653254583023360_8795459643194608438_n.jpg","contentUrl":"https:\/\/wilsonsantosmt.com.br\/wp-content\/uploads\/2023\/11\/310828673_653254583023360_8795459643194608438_n.jpg","width":1078,"height":1079,"caption":"Wilson Santos"},"logo":{"@id":"https:\/\/wilsonsantosmt.com.br\/#\/schema\/person\/image\/"},"sameAs":["http:\/\/wilsonsantosmt.com.br","https:\/\/www.facebook.com\/WilsonSantosMT\/","https:\/\/www.instagram.com\/wilsonsantosmt\/","https:\/\/www.youtube.com\/@WilsonSantosWS\/videos","https:\/\/pt.wikipedia.org\/wiki\/Wilson_Santos"],"honorificPrefix":"Sr","gender":"masculino","jobTitle":"Deputado Estadual","worksFor":"Assembleia Legislativa de Mato Grosso"},{"@type":"Person","@id":"https:\/\/wilsonsantosmt.com.br\/#\/schema\/person\/1d097ee45f526dd0455dbad8c679932c","name":"Samantha dos Anjos","image":{"@type":"ImageObject","inLanguage":"pt-BR","@id":"https:\/\/wilsonsantosmt.com.br\/#\/schema\/person\/image\/","url":"https:\/\/secure.gravatar.com\/avatar\/7d8d0b6dd67d134a9fa841bee90c57c7?s=96&d=mm&r=g","contentUrl":"https:\/\/secure.gravatar.com\/avatar\/7d8d0b6dd67d134a9fa841bee90c57c7?s=96&d=mm&r=g","caption":"Samantha dos Anjos"},"url":"https:\/\/wilsonsantosmt.com.br\/index.php\/author\/samantha-dos-anjos\/"}]}},"_links":{"self":[{"href":"https:\/\/wilsonsantosmt.com.br\/index.php\/wp-json\/wp\/v2\/posts\/1902"}],"collection":[{"href":"https:\/\/wilsonsantosmt.com.br\/index.php\/wp-json\/wp\/v2\/posts"}],"about":[{"href":"https:\/\/wilsonsantosmt.com.br\/index.php\/wp-json\/wp\/v2\/types\/post"}],"author":[{"embeddable":true,"href":"https:\/\/wilsonsantosmt.com.br\/index.php\/wp-json\/wp\/v2\/users\/4"}],"replies":[{"embeddable":true,"href":"https:\/\/wilsonsantosmt.com.br\/index.php\/wp-json\/wp\/v2\/comments?post=1902"}],"version-history":[{"count":1,"href":"https:\/\/wilsonsantosmt.com.br\/index.php\/wp-json\/wp\/v2\/posts\/1902\/revisions"}],"predecessor-version":[{"id":1904,"href":"https:\/\/wilsonsantosmt.com.br\/index.php\/wp-json\/wp\/v2\/posts\/1902\/revisions\/1904"}],"wp:featuredmedia":[{"embeddable":true,"href":"https:\/\/wilsonsantosmt.com.br\/index.php\/wp-json\/wp\/v2\/media\/1903"}],"wp:attachment":[{"href":"https:\/\/wilsonsantosmt.com.br\/index.php\/wp-json\/wp\/v2\/media?parent=1902"}],"wp:term":[{"taxonomy":"category","embeddable":true,"href":"https:\/\/wilsonsantosmt.com.br\/index.php\/wp-json\/wp\/v2\/categories?post=1902"},{"taxonomy":"post_tag","embeddable":true,"href":"https:\/\/wilsonsantosmt.com.br\/index.php\/wp-json\/wp\/v2\/tags?post=1902"}],"curies":[{"name":"wp","href":"https:\/\/api.w.org\/{rel}","templated":true}]}}