{"id":1911,"date":"2025-09-25T07:55:00","date_gmt":"2025-09-25T11:55:00","guid":{"rendered":"https:\/\/wilsonsantosmt.com.br\/?p=1911"},"modified":"2025-09-30T09:55:50","modified_gmt":"2025-09-30T13:55:50","slug":"wilson-santos-propoe-programa-meu-lote-minha-vida-para-combater-deficit-habitacional-no-pais","status":"publish","type":"post","link":"https:\/\/wilsonsantosmt.com.br\/index.php\/2025\/09\/25\/wilson-santos-propoe-programa-meu-lote-minha-vida-para-combater-deficit-habitacional-no-pais\/","title":{"rendered":"Wilson Santos prop\u00f5e programa \u201cMeu lote, minha vida\u201d para combater d\u00e9ficit habitacional no pa\u00eds"},"content":{"rendered":"\n<p><\/p>\n\n\n\n<p>Com forte atua\u00e7\u00e3o na pol\u00edtica habitacional, o deputado estadual Wilson Santos (PSD) apresentou, nesta quarta-feira (24), em sess\u00e3o plen\u00e1ria da Assembleia Legislativa, uma indica\u00e7\u00e3o ao governo federal para a cria\u00e7\u00e3o de um programa nacional de loteamentos populares urbanizados, intitulado \u201cMeu lote, minha vida\u201d. A proposta prev\u00ea parceria entre Uni\u00e3o, estados e munic\u00edpios, com o objetivo de reduzir o d\u00e9ficit habitacional de cerca de 7 milh\u00f5es de fam\u00edlias brasileiras, incluindo 120 mil em Cuiab\u00e1, segundo dados da Funda\u00e7\u00e3o Jo\u00e3o Pinheiro (FJP).<\/p>\n\n\n\n<p>Segundo o parlamentar, a ideia \u00e9 incluir a iniciativa dentro do j\u00e1 existente Minha Casa, Minha Vida, mas sem comprometer os investimentos do programa. \u201cEstamos buscando agendar uma audi\u00eancia em Bras\u00edlia para apresentar essa proposta. Tenho esperan\u00e7a que, at\u00e9 o pr\u00f3ximo ano, possamos avan\u00e7ar. Queremos resultados! Essa \u00e9 uma pol\u00edtica estruturante para garantir dignidade e o direito ao cidad\u00e3o que sonha em ter um teto\u201d, defendeu.<\/p>\n\n\n\n<p>Wilson Santos preside a C\u00e2mara Setorial Tem\u00e1tica (CST) da Moradia Popular da Assembleia. Ap\u00f3s meses de estudos, audi\u00eancias p\u00fablicas e discuss\u00f5es com economistas, juristas, arquitetos, l\u00edderes comunit\u00e1rios e representantes da sociedade civil, chegou \u00e0 conclus\u00e3o de que o loteamento popular \u00e9 uma alternativa vi\u00e1vel, eficaz e de r\u00e1pida execu\u00e7\u00e3o para enfrentar o d\u00e9ficit habitacional em Mato Grosso e no pa\u00eds.<\/p>\n\n\n\n<p>Desde a d\u00e9cada de 1980, Wilson Santos atua na defesa da moradia popular e participou diretamente da funda\u00e7\u00e3o de 30 bairros em Cuiab\u00e1, onde fam\u00edlias constru\u00edram suas casas gradualmente, sem depender de programas sociais federais ou estaduais. \u201cSou um devoto do loteamento popular. Conhe\u00e7o a realidade do povo sofrido. A fam\u00edlia s\u00f3 invade um terreno quando n\u00e3o existe pol\u00edtica p\u00fablica. \u00c9 o estado de necessidade e desespero que leva um pai ou uma m\u00e3e a colocar os filhos sob a prote\u00e7\u00e3o de uma lona ou de uma caixa de papel\u00e3o\u201d, destacou o deputado.<\/p>\n\n\n\n<p>Como exemplo atual, o parlamentar cita o programa \u201cSonho Meu\u201d da Prefeitura de Lucas do Rio Verde, que j\u00e1 disponibilizou 300 lotes com subs\u00eddio de at\u00e9 R$ 10 mil para aquisi\u00e7\u00e3o do terreno. As casas podem ser erguidas com projetos pr\u00e9-elaborados e, em parceria com a Funda\u00e7\u00e3o Nova Chance, reeducandos auxiliam na constru\u00e7\u00e3o, obtendo remiss\u00e3o de pena. \u201cLoteamentos s\u00e3o mais baratos e incentivam as pessoas a constru\u00edrem aos poucos, dentro de suas condi\u00e7\u00f5es. Em Lucas temos um caso concreto de sucesso\u201d, afirmou.<\/p>\n\n\n\n<p>Wilson Santos tamb\u00e9m mencionou o programa Casa Cuiabana da Prefeitura de Cuiab\u00e1, que recebeu 84 mil inscri\u00e7\u00f5es para apenas 700 unidades habitacionais, evidenciando o tamanho da demanda reprimida. \u201cOs n\u00fameros falam por si s\u00f3: quase 100 mil fam\u00edlias ainda buscam um teto. Precisamos de alternativas que cheguem a quem mais precisa\u201d, refor\u00e7ou.<\/p>\n\n\n\n<p>A proposta do deputado busca transformar a forma como o Brasil enfrenta o d\u00e9ficit habitacional, ampliando o acesso \u00e0 moradia digna por meio de loteamentos urbanizados e acess\u00edveis. Ao unir esfor\u00e7os entre Uni\u00e3o, estados e munic\u00edpios, ele acredita que o \u201cMeu lote, minha vida\u201d pode ser um passo decisivo para garantir a milhares de fam\u00edlias mato-grossenses e brasileiras n\u00e3o apenas um teto, mas tamb\u00e9m a oportunidade de construir, com autonomia e dignidade, o seu lar.<\/p>\n","protected":false},"excerpt":{"rendered":"<p>Com forte atua\u00e7\u00e3o na pol\u00edtica habitacional, o deputado estadual Wilson Santos (PSD) apresentou, nesta quarta-feira (24), em sess\u00e3o plen\u00e1ria da Assembleia Legislativa, uma indica\u00e7\u00e3o ao governo federal para a cria\u00e7\u00e3o de um programa nacional de loteamentos populares urbanizados, intitulado \u201cMeu lote, minha vida\u201d. A proposta prev\u00ea parceria entre Uni\u00e3o, estados e munic\u00edpios, com o objetivo [&hellip;]<\/p>\n","protected":false},"author":4,"featured_media":1912,"comment_status":"closed","ping_status":"open","sticky":false,"template":"","format":"standard","meta":{"footnotes":""},"categories":[13],"tags":[],"yoast_head":"<!-- This site is optimized with the Yoast SEO Premium plugin v21.5 (Yoast SEO v21.4) - https:\/\/yoast.com\/wordpress\/plugins\/seo\/ -->\n<title>Wilson Santos prop\u00f5e programa \u201cMeu lote, minha vida\u201d para combater d\u00e9ficit habitacional no pa\u00eds - wilsonsantosmt.com.br<\/title>\n<meta name=\"robots\" content=\"index, follow, max-snippet:-1, max-image-preview:large, max-video-preview:-1\" \/>\n<link rel=\"canonical\" href=\"https:\/\/wilsonsantosmt.com.br\/index.php\/2025\/09\/25\/wilson-santos-propoe-programa-meu-lote-minha-vida-para-combater-deficit-habitacional-no-pais\/\" \/>\n<meta property=\"og:locale\" content=\"pt_BR\" \/>\n<meta property=\"og:type\" content=\"article\" \/>\n<meta property=\"og:title\" content=\"Wilson Santos prop\u00f5e programa \u201cMeu lote, minha vida\u201d para combater d\u00e9ficit habitacional no pa\u00eds\" \/>\n<meta property=\"og:description\" content=\"Com forte atua\u00e7\u00e3o na pol\u00edtica habitacional, o deputado estadual Wilson Santos (PSD) apresentou, nesta quarta-feira (24), em sess\u00e3o plen\u00e1ria da Assembleia Legislativa, uma indica\u00e7\u00e3o ao governo federal para a cria\u00e7\u00e3o de um programa nacional de loteamentos populares urbanizados, intitulado \u201cMeu lote, minha vida\u201d. A proposta prev\u00ea parceria entre Uni\u00e3o, estados e munic\u00edpios, com o objetivo [&hellip;]\" \/>\n<meta property=\"og:url\" content=\"https:\/\/wilsonsantosmt.com.br\/index.php\/2025\/09\/25\/wilson-santos-propoe-programa-meu-lote-minha-vida-para-combater-deficit-habitacional-no-pais\/\" \/>\n<meta property=\"og:site_name\" content=\"wilsonsantosmt.com.br\" \/>\n<meta property=\"article:publisher\" content=\"https:\/\/www.facebook.com\/WilsonSantosMT\/\" \/>\n<meta property=\"article:published_time\" content=\"2025-09-25T11:55:00+00:00\" \/>\n<meta property=\"article:modified_time\" content=\"2025-09-30T13:55:50+00:00\" \/>\n<meta property=\"og:image\" content=\"http:\/\/wilsonsantosmt.com.br\/wp-content\/uploads\/2025\/09\/WhatsApp-Image-2025-09-26-at-09.55.12.jpeg\" \/>\n\t<meta property=\"og:image:width\" content=\"1600\" \/>\n\t<meta property=\"og:image:height\" content=\"1067\" \/>\n\t<meta property=\"og:image:type\" content=\"image\/jpeg\" \/>\n<meta name=\"author\" content=\"Samantha dos Anjos\" \/>\n<meta name=\"twitter:card\" content=\"summary_large_image\" \/>\n<meta name=\"twitter:label1\" content=\"Escrito por\" \/>\n\t<meta name=\"twitter:data1\" content=\"Samantha dos Anjos\" \/>\n\t<meta name=\"twitter:label2\" content=\"Est. tempo de leitura\" \/>\n\t<meta name=\"twitter:data2\" content=\"3 minutos\" \/>\n<script type=\"application\/ld+json\" class=\"yoast-schema-graph\">{\"@context\":\"https:\/\/schema.org\",\"@graph\":[{\"@type\":\"Article\",\"@id\":\"https:\/\/wilsonsantosmt.com.br\/index.php\/2025\/09\/25\/wilson-santos-propoe-programa-meu-lote-minha-vida-para-combater-deficit-habitacional-no-pais\/#article\",\"isPartOf\":{\"@id\":\"https:\/\/wilsonsantosmt.com.br\/index.php\/2025\/09\/25\/wilson-santos-propoe-programa-meu-lote-minha-vida-para-combater-deficit-habitacional-no-pais\/\"},\"author\":{\"name\":\"Samantha dos Anjos\",\"@id\":\"https:\/\/wilsonsantosmt.com.br\/#\/schema\/person\/1d097ee45f526dd0455dbad8c679932c\"},\"headline\":\"Wilson Santos prop\u00f5e programa \u201cMeu lote, minha vida\u201d para combater d\u00e9ficit habitacional no pa\u00eds\",\"datePublished\":\"2025-09-25T11:55:00+00:00\",\"dateModified\":\"2025-09-30T13:55:50+00:00\",\"mainEntityOfPage\":{\"@id\":\"https:\/\/wilsonsantosmt.com.br\/index.php\/2025\/09\/25\/wilson-santos-propoe-programa-meu-lote-minha-vida-para-combater-deficit-habitacional-no-pais\/\"},\"wordCount\":577,\"publisher\":{\"@id\":\"https:\/\/wilsonsantosmt.com.br\/#\/schema\/person\/9de3c54961637a9eadb16bcbf895b1ef\"},\"articleSection\":[\"Not\u00edcias\"],\"inLanguage\":\"pt-BR\"},{\"@type\":\"WebPage\",\"@id\":\"https:\/\/wilsonsantosmt.com.br\/index.php\/2025\/09\/25\/wilson-santos-propoe-programa-meu-lote-minha-vida-para-combater-deficit-habitacional-no-pais\/\",\"url\":\"https:\/\/wilsonsantosmt.com.br\/index.php\/2025\/09\/25\/wilson-santos-propoe-programa-meu-lote-minha-vida-para-combater-deficit-habitacional-no-pais\/\",\"name\":\"Wilson Santos prop\u00f5e programa \u201cMeu lote, minha vida\u201d para combater d\u00e9ficit habitacional no pa\u00eds - wilsonsantosmt.com.br\",\"isPartOf\":{\"@id\":\"https:\/\/wilsonsantosmt.com.br\/#website\"},\"datePublished\":\"2025-09-25T11:55:00+00:00\",\"dateModified\":\"2025-09-30T13:55:50+00:00\",\"breadcrumb\":{\"@id\":\"https:\/\/wilsonsantosmt.com.br\/index.php\/2025\/09\/25\/wilson-santos-propoe-programa-meu-lote-minha-vida-para-combater-deficit-habitacional-no-pais\/#breadcrumb\"},\"inLanguage\":\"pt-BR\",\"potentialAction\":[{\"@type\":\"ReadAction\",\"target\":[\"https:\/\/wilsonsantosmt.com.br\/index.php\/2025\/09\/25\/wilson-santos-propoe-programa-meu-lote-minha-vida-para-combater-deficit-habitacional-no-pais\/\"]}]},{\"@type\":\"BreadcrumbList\",\"@id\":\"https:\/\/wilsonsantosmt.com.br\/index.php\/2025\/09\/25\/wilson-santos-propoe-programa-meu-lote-minha-vida-para-combater-deficit-habitacional-no-pais\/#breadcrumb\",\"itemListElement\":[{\"@type\":\"ListItem\",\"position\":1,\"name\":\"In\u00edcio\",\"item\":\"https:\/\/wilsonsantosmt.com.br\/\"},{\"@type\":\"ListItem\",\"position\":2,\"name\":\"Not\u00edcias\",\"item\":\"https:\/\/wilsonsantosmt.com.br\/index.php\/category\/noticias\/\"},{\"@type\":\"ListItem\",\"position\":3,\"name\":\"Wilson Santos prop\u00f5e programa \u201cMeu lote, minha vida\u201d para combater d\u00e9ficit habitacional no pa\u00eds\"}]},{\"@type\":\"WebSite\",\"@id\":\"https:\/\/wilsonsantosmt.com.br\/#website\",\"url\":\"https:\/\/wilsonsantosmt.com.br\/\",\"name\":\"wilsonsantosmt.com.br\",\"description\":\"\",\"publisher\":{\"@id\":\"https:\/\/wilsonsantosmt.com.br\/#\/schema\/person\/9de3c54961637a9eadb16bcbf895b1ef\"},\"potentialAction\":[{\"@type\":\"SearchAction\",\"target\":{\"@type\":\"EntryPoint\",\"urlTemplate\":\"https:\/\/wilsonsantosmt.com.br\/?s={search_term_string}\"},\"query-input\":\"required name=search_term_string\"}],\"inLanguage\":\"pt-BR\"},{\"@type\":[\"Person\",\"Organization\"],\"@id\":\"https:\/\/wilsonsantosmt.com.br\/#\/schema\/person\/9de3c54961637a9eadb16bcbf895b1ef\",\"name\":\"Wilson Santos\",\"image\":{\"@type\":\"ImageObject\",\"inLanguage\":\"pt-BR\",\"@id\":\"https:\/\/wilsonsantosmt.com.br\/#\/schema\/person\/image\/\",\"url\":\"https:\/\/wilsonsantosmt.com.br\/wp-content\/uploads\/2023\/11\/310828673_653254583023360_8795459643194608438_n.jpg\",\"contentUrl\":\"https:\/\/wilsonsantosmt.com.br\/wp-content\/uploads\/2023\/11\/310828673_653254583023360_8795459643194608438_n.jpg\",\"width\":1078,\"height\":1079,\"caption\":\"Wilson Santos\"},\"logo\":{\"@id\":\"https:\/\/wilsonsantosmt.com.br\/#\/schema\/person\/image\/\"},\"sameAs\":[\"http:\/\/wilsonsantosmt.com.br\",\"https:\/\/www.facebook.com\/WilsonSantosMT\/\",\"https:\/\/www.instagram.com\/wilsonsantosmt\/\",\"https:\/\/www.youtube.com\/@WilsonSantosWS\/videos\",\"https:\/\/pt.wikipedia.org\/wiki\/Wilson_Santos\"],\"honorificPrefix\":\"Sr\",\"gender\":\"masculino\",\"jobTitle\":\"Deputado Estadual\",\"worksFor\":\"Assembleia Legislativa de Mato Grosso\"},{\"@type\":\"Person\",\"@id\":\"https:\/\/wilsonsantosmt.com.br\/#\/schema\/person\/1d097ee45f526dd0455dbad8c679932c\",\"name\":\"Samantha dos Anjos\",\"image\":{\"@type\":\"ImageObject\",\"inLanguage\":\"pt-BR\",\"@id\":\"https:\/\/wilsonsantosmt.com.br\/#\/schema\/person\/image\/\",\"url\":\"https:\/\/secure.gravatar.com\/avatar\/7d8d0b6dd67d134a9fa841bee90c57c7?s=96&d=mm&r=g\",\"contentUrl\":\"https:\/\/secure.gravatar.com\/avatar\/7d8d0b6dd67d134a9fa841bee90c57c7?s=96&d=mm&r=g\",\"caption\":\"Samantha dos Anjos\"},\"url\":\"https:\/\/wilsonsantosmt.com.br\/index.php\/author\/samantha-dos-anjos\/\"}]}<\/script>\n<!-- \/ Yoast SEO Premium plugin. -->","yoast_head_json":{"title":"Wilson Santos prop\u00f5e programa \u201cMeu lote, minha vida\u201d para combater d\u00e9ficit habitacional no pa\u00eds - wilsonsantosmt.com.br","robots":{"index":"index","follow":"follow","max-snippet":"max-snippet:-1","max-image-preview":"max-image-preview:large","max-video-preview":"max-video-preview:-1"},"canonical":"https:\/\/wilsonsantosmt.com.br\/index.php\/2025\/09\/25\/wilson-santos-propoe-programa-meu-lote-minha-vida-para-combater-deficit-habitacional-no-pais\/","og_locale":"pt_BR","og_type":"article","og_title":"Wilson Santos prop\u00f5e programa \u201cMeu lote, minha vida\u201d para combater d\u00e9ficit habitacional no pa\u00eds","og_description":"Com forte atua\u00e7\u00e3o na pol\u00edtica habitacional, o deputado estadual Wilson Santos (PSD) apresentou, nesta quarta-feira (24), em sess\u00e3o plen\u00e1ria da Assembleia Legislativa, uma indica\u00e7\u00e3o ao governo federal para a cria\u00e7\u00e3o de um programa nacional de loteamentos populares urbanizados, intitulado \u201cMeu lote, minha vida\u201d. A proposta prev\u00ea parceria entre Uni\u00e3o, estados e munic\u00edpios, com o objetivo [&hellip;]","og_url":"https:\/\/wilsonsantosmt.com.br\/index.php\/2025\/09\/25\/wilson-santos-propoe-programa-meu-lote-minha-vida-para-combater-deficit-habitacional-no-pais\/","og_site_name":"wilsonsantosmt.com.br","article_publisher":"https:\/\/www.facebook.com\/WilsonSantosMT\/","article_published_time":"2025-09-25T11:55:00+00:00","article_modified_time":"2025-09-30T13:55:50+00:00","og_image":[{"width":1600,"height":1067,"url":"http:\/\/wilsonsantosmt.com.br\/wp-content\/uploads\/2025\/09\/WhatsApp-Image-2025-09-26-at-09.55.12.jpeg","type":"image\/jpeg"}],"author":"Samantha dos Anjos","twitter_card":"summary_large_image","twitter_misc":{"Escrito por":"Samantha dos Anjos","Est. tempo de leitura":"3 minutos"},"schema":{"@context":"https:\/\/schema.org","@graph":[{"@type":"Article","@id":"https:\/\/wilsonsantosmt.com.br\/index.php\/2025\/09\/25\/wilson-santos-propoe-programa-meu-lote-minha-vida-para-combater-deficit-habitacional-no-pais\/#article","isPartOf":{"@id":"https:\/\/wilsonsantosmt.com.br\/index.php\/2025\/09\/25\/wilson-santos-propoe-programa-meu-lote-minha-vida-para-combater-deficit-habitacional-no-pais\/"},"author":{"name":"Samantha dos Anjos","@id":"https:\/\/wilsonsantosmt.com.br\/#\/schema\/person\/1d097ee45f526dd0455dbad8c679932c"},"headline":"Wilson Santos prop\u00f5e programa \u201cMeu lote, minha vida\u201d para combater d\u00e9ficit habitacional no pa\u00eds","datePublished":"2025-09-25T11:55:00+00:00","dateModified":"2025-09-30T13:55:50+00:00","mainEntityOfPage":{"@id":"https:\/\/wilsonsantosmt.com.br\/index.php\/2025\/09\/25\/wilson-santos-propoe-programa-meu-lote-minha-vida-para-combater-deficit-habitacional-no-pais\/"},"wordCount":577,"publisher":{"@id":"https:\/\/wilsonsantosmt.com.br\/#\/schema\/person\/9de3c54961637a9eadb16bcbf895b1ef"},"articleSection":["Not\u00edcias"],"inLanguage":"pt-BR"},{"@type":"WebPage","@id":"https:\/\/wilsonsantosmt.com.br\/index.php\/2025\/09\/25\/wilson-santos-propoe-programa-meu-lote-minha-vida-para-combater-deficit-habitacional-no-pais\/","url":"https:\/\/wilsonsantosmt.com.br\/index.php\/2025\/09\/25\/wilson-santos-propoe-programa-meu-lote-minha-vida-para-combater-deficit-habitacional-no-pais\/","name":"Wilson Santos prop\u00f5e programa \u201cMeu lote, minha vida\u201d para combater d\u00e9ficit habitacional no pa\u00eds - wilsonsantosmt.com.br","isPartOf":{"@id":"https:\/\/wilsonsantosmt.com.br\/#website"},"datePublished":"2025-09-25T11:55:00+00:00","dateModified":"2025-09-30T13:55:50+00:00","breadcrumb":{"@id":"https:\/\/wilsonsantosmt.com.br\/index.php\/2025\/09\/25\/wilson-santos-propoe-programa-meu-lote-minha-vida-para-combater-deficit-habitacional-no-pais\/#breadcrumb"},"inLanguage":"pt-BR","potentialAction":[{"@type":"ReadAction","target":["https:\/\/wilsonsantosmt.com.br\/index.php\/2025\/09\/25\/wilson-santos-propoe-programa-meu-lote-minha-vida-para-combater-deficit-habitacional-no-pais\/"]}]},{"@type":"BreadcrumbList","@id":"https:\/\/wilsonsantosmt.com.br\/index.php\/2025\/09\/25\/wilson-santos-propoe-programa-meu-lote-minha-vida-para-combater-deficit-habitacional-no-pais\/#breadcrumb","itemListElement":[{"@type":"ListItem","position":1,"name":"In\u00edcio","item":"https:\/\/wilsonsantosmt.com.br\/"},{"@type":"ListItem","position":2,"name":"Not\u00edcias","item":"https:\/\/wilsonsantosmt.com.br\/index.php\/category\/noticias\/"},{"@type":"ListItem","position":3,"name":"Wilson Santos prop\u00f5e programa \u201cMeu lote, minha vida\u201d para combater d\u00e9ficit habitacional no pa\u00eds"}]},{"@type":"WebSite","@id":"https:\/\/wilsonsantosmt.com.br\/#website","url":"https:\/\/wilsonsantosmt.com.br\/","name":"wilsonsantosmt.com.br","description":"","publisher":{"@id":"https:\/\/wilsonsantosmt.com.br\/#\/schema\/person\/9de3c54961637a9eadb16bcbf895b1ef"},"potentialAction":[{"@type":"SearchAction","target":{"@type":"EntryPoint","urlTemplate":"https:\/\/wilsonsantosmt.com.br\/?s={search_term_string}"},"query-input":"required name=search_term_string"}],"inLanguage":"pt-BR"},{"@type":["Person","Organization"],"@id":"https:\/\/wilsonsantosmt.com.br\/#\/schema\/person\/9de3c54961637a9eadb16bcbf895b1ef","name":"Wilson Santos","image":{"@type":"ImageObject","inLanguage":"pt-BR","@id":"https:\/\/wilsonsantosmt.com.br\/#\/schema\/person\/image\/","url":"https:\/\/wilsonsantosmt.com.br\/wp-content\/uploads\/2023\/11\/310828673_653254583023360_8795459643194608438_n.jpg","contentUrl":"https:\/\/wilsonsantosmt.com.br\/wp-content\/uploads\/2023\/11\/310828673_653254583023360_8795459643194608438_n.jpg","width":1078,"height":1079,"caption":"Wilson Santos"},"logo":{"@id":"https:\/\/wilsonsantosmt.com.br\/#\/schema\/person\/image\/"},"sameAs":["http:\/\/wilsonsantosmt.com.br","https:\/\/www.facebook.com\/WilsonSantosMT\/","https:\/\/www.instagram.com\/wilsonsantosmt\/","https:\/\/www.youtube.com\/@WilsonSantosWS\/videos","https:\/\/pt.wikipedia.org\/wiki\/Wilson_Santos"],"honorificPrefix":"Sr","gender":"masculino","jobTitle":"Deputado Estadual","worksFor":"Assembleia Legislativa de Mato Grosso"},{"@type":"Person","@id":"https:\/\/wilsonsantosmt.com.br\/#\/schema\/person\/1d097ee45f526dd0455dbad8c679932c","name":"Samantha dos Anjos","image":{"@type":"ImageObject","inLanguage":"pt-BR","@id":"https:\/\/wilsonsantosmt.com.br\/#\/schema\/person\/image\/","url":"https:\/\/secure.gravatar.com\/avatar\/7d8d0b6dd67d134a9fa841bee90c57c7?s=96&d=mm&r=g","contentUrl":"https:\/\/secure.gravatar.com\/avatar\/7d8d0b6dd67d134a9fa841bee90c57c7?s=96&d=mm&r=g","caption":"Samantha dos Anjos"},"url":"https:\/\/wilsonsantosmt.com.br\/index.php\/author\/samantha-dos-anjos\/"}]}},"_links":{"self":[{"href":"https:\/\/wilsonsantosmt.com.br\/index.php\/wp-json\/wp\/v2\/posts\/1911"}],"collection":[{"href":"https:\/\/wilsonsantosmt.com.br\/index.php\/wp-json\/wp\/v2\/posts"}],"about":[{"href":"https:\/\/wilsonsantosmt.com.br\/index.php\/wp-json\/wp\/v2\/types\/post"}],"author":[{"embeddable":true,"href":"https:\/\/wilsonsantosmt.com.br\/index.php\/wp-json\/wp\/v2\/users\/4"}],"replies":[{"embeddable":true,"href":"https:\/\/wilsonsantosmt.com.br\/index.php\/wp-json\/wp\/v2\/comments?post=1911"}],"version-history":[{"count":1,"href":"https:\/\/wilsonsantosmt.com.br\/index.php\/wp-json\/wp\/v2\/posts\/1911\/revisions"}],"predecessor-version":[{"id":1913,"href":"https:\/\/wilsonsantosmt.com.br\/index.php\/wp-json\/wp\/v2\/posts\/1911\/revisions\/1913"}],"wp:featuredmedia":[{"embeddable":true,"href":"https:\/\/wilsonsantosmt.com.br\/index.php\/wp-json\/wp\/v2\/media\/1912"}],"wp:attachment":[{"href":"https:\/\/wilsonsantosmt.com.br\/index.php\/wp-json\/wp\/v2\/media?parent=1911"}],"wp:term":[{"taxonomy":"category","embeddable":true,"href":"https:\/\/wilsonsantosmt.com.br\/index.php\/wp-json\/wp\/v2\/categories?post=1911"},{"taxonomy":"post_tag","embeddable":true,"href":"https:\/\/wilsonsantosmt.com.br\/index.php\/wp-json\/wp\/v2\/tags?post=1911"}],"curies":[{"name":"wp","href":"https:\/\/api.w.org\/{rel}","templated":true}]}}