{"id":1914,"date":"2025-10-01T09:23:39","date_gmt":"2025-10-01T13:23:39","guid":{"rendered":"https:\/\/wilsonsantosmt.com.br\/?p=1914"},"modified":"2025-10-01T09:23:40","modified_gmt":"2025-10-01T13:23:40","slug":"comissao-especial-da-almt-realiza-audiencia-sobre-concessao-da-energisa-em-tangara-da-serra-nesta-quinta-2","status":"publish","type":"post","link":"https:\/\/wilsonsantosmt.com.br\/index.php\/2025\/10\/01\/comissao-especial-da-almt-realiza-audiencia-sobre-concessao-da-energisa-em-tangara-da-serra-nesta-quinta-2\/","title":{"rendered":"Comiss\u00e3o especial da ALMT realiza audi\u00eancia sobre concess\u00e3o da Energisa em Tangar\u00e1 da Serra, nesta quinta (2)"},"content":{"rendered":"\n<p><\/p>\n\n\n\n<p>A comiss\u00e3o especial da Assembleia Legislativa de Mato Grosso (ALMT), que avalia os servi\u00e7os prestados pela Energisa, inicia nesta quinta-feira (2), o ciclo de audi\u00eancias regionais. A primeira reuni\u00e3o ser\u00e1 realizada em Tangar\u00e1 da Serra, \u00e0s 19h, na sede da 10\u00aa subse\u00e7\u00e3o da Ordem dos Advogados do Brasil (OAB-MT), localizada na Avenida Brasil, n.\u00ba 1.600 \u2013 Jardim Europa.<\/p>\n\n\n\n<p>\u201cVamos visitar os principais polos regionais de Mato Grosso. Agora, estaremos em Tangar\u00e1 da Serra para identificarmos as principais dificuldades enfrentadas pelos consumidores quanto \u00e0 distribui\u00e7\u00e3o de energia. J\u00e1 temos programadas audi\u00eancias em Rondon\u00f3polis, Sinop e C\u00e1ceres. Essa \u00e9 a oportunidade de vermos a realidade de perto e avaliarmos se a presta\u00e7\u00e3o de servi\u00e7o de energia est\u00e1 atendendo \u00e0 popula\u00e7\u00e3o\u201d, destacou o vice-presidente da comiss\u00e3o, deputado estadual Wilson Santos (PSD).<\/p>\n\n\n\n<p>O parlamentar lembrou que a concess\u00e3o foi outorgada \u00e0 iniciativa privada em 1997, inicialmente ao Grupo Rede e, posteriormente, repassada ao Grupo Energisa, que hoje atua em 12 estados. Com o contrato em vigor at\u00e9 junho de 2026, caber\u00e1 \u00e0 Ag\u00eancia Nacional de Energia El\u00e9trica (Aneel) e ao Minist\u00e9rio de Minas e Energia decidir sobre a renova\u00e7\u00e3o da concess\u00e3o por mais 30 anos ou sua revers\u00e3o.<\/p>\n\n\n\n<p>Wilson Santos tamb\u00e9m ressaltou que algumas cl\u00e1usulas contratuais n\u00e3o foram cumpridas pela concession\u00e1ria, como a implanta\u00e7\u00e3o do sistema trif\u00e1sico em todo o estado e a manuten\u00e7\u00e3o de ag\u00eancias f\u00edsicas em munic\u00edpios com mais de 50 mil habitantes. \u201cPrecisamos que a sociedade civil, entidades representativas e consumidores participem dessas audi\u00eancias. Suas contribui\u00e7\u00f5es ser\u00e3o fundamentais para subsidiar o relat\u00f3rio final da comiss\u00e3o, que ser\u00e1 encaminhado \u00e0 Aneel (Ag\u00eancia Nacional de Energia El\u00e9trica) e ao Minist\u00e9rio de Minas e Energia\u201d, finalizou.<\/p>\n\n\n\n<p>O encontro foi requerido pelo deputado estadual Chico Guarnieri (PRD), membro titular da comiss\u00e3o, sendo que o principal objetivo \u00e9 ouvir a popula\u00e7\u00e3o e levantar informa\u00e7\u00f5es sobre a qualidade na presta\u00e7\u00e3o de servi\u00e7os de distribui\u00e7\u00e3o de energia no munic\u00edpio de Tangar\u00e1 da Serra e regi\u00e3o.<\/p>\n\n\n\n<p>A comiss\u00e3o especial \u00e9 presidida pelo presidente da Assembleia Legislativa e deputado estadual Max Russi (PSB). Al\u00e9m de Wilson Santos e Chico Guarnieri, tamb\u00e9m integram os parlamentares Janaina Riva (MDB), Valdir Barranco (PT), Faissal Calil (Cidadania), J\u00falio Campos e Eduardo Botelho, ambos do Uni\u00e3o Brasil.<\/p>\n\n\n\n<p><strong>Servi\u00e7o:<\/strong><\/p>\n\n\n\n<p><strong>Evento:<\/strong> Audi\u00eancia p\u00fablica para tratar da renova\u00e7\u00e3o ou poss\u00edvel revers\u00e3o da concess\u00e3o de distribui\u00e7\u00e3o de energia el\u00e9trica em Mato Grosso<\/p>\n\n\n\n<p><strong>Local:<\/strong> Sede da 10\u00ba subse\u00e7\u00e3o da Ordem dos Advogados do Brasil (OAB-MT), localizada na Avenida Brasil, n.\u00ba 1.600 \u2013 Jardim Europa.<\/p>\n\n\n\n<p><strong>Data:<\/strong> 02 de outubro (Quinta-feira)<\/p>\n\n\n\n<p><strong>Hor\u00e1rio:<\/strong> 19h<\/p>\n\n\n\n<p><strong>Informa\u00e7\u00f5es:<\/strong> Samantha dos Anjos &#8211; Assessoria de Imprensa<\/p>\n\n\n\n<p>65 98102 7740 (Whatsapp) \/ 65 99639 9715 (Liga\u00e7\u00e3o)<\/p>\n","protected":false},"excerpt":{"rendered":"<p>A comiss\u00e3o especial da Assembleia Legislativa de Mato Grosso (ALMT), que avalia os servi\u00e7os prestados pela Energisa, inicia nesta quinta-feira (2), o ciclo de audi\u00eancias regionais. A primeira reuni\u00e3o ser\u00e1 realizada em Tangar\u00e1 da Serra, \u00e0s 19h, na sede da 10\u00aa subse\u00e7\u00e3o da Ordem dos Advogados do Brasil (OAB-MT), localizada na Avenida Brasil, n.\u00ba 1.600 [&hellip;]<\/p>\n","protected":false},"author":4,"featured_media":1915,"comment_status":"closed","ping_status":"open","sticky":false,"template":"","format":"standard","meta":{"footnotes":""},"categories":[13],"tags":[],"yoast_head":"<!-- This site is optimized with the Yoast SEO Premium plugin v21.5 (Yoast SEO v21.4) - https:\/\/yoast.com\/wordpress\/plugins\/seo\/ -->\n<title>Comiss\u00e3o especial da ALMT realiza audi\u00eancia sobre concess\u00e3o da Energisa em Tangar\u00e1 da Serra, nesta quinta (2) - wilsonsantosmt.com.br<\/title>\n<meta name=\"robots\" content=\"index, follow, max-snippet:-1, max-image-preview:large, max-video-preview:-1\" \/>\n<link rel=\"canonical\" href=\"https:\/\/wilsonsantosmt.com.br\/index.php\/2025\/10\/01\/comissao-especial-da-almt-realiza-audiencia-sobre-concessao-da-energisa-em-tangara-da-serra-nesta-quinta-2\/\" \/>\n<meta property=\"og:locale\" content=\"pt_BR\" \/>\n<meta property=\"og:type\" content=\"article\" \/>\n<meta property=\"og:title\" content=\"Comiss\u00e3o especial da ALMT realiza audi\u00eancia sobre concess\u00e3o da Energisa em Tangar\u00e1 da Serra, nesta quinta (2)\" \/>\n<meta property=\"og:description\" content=\"A comiss\u00e3o especial da Assembleia Legislativa de Mato Grosso (ALMT), que avalia os servi\u00e7os prestados pela Energisa, inicia nesta quinta-feira (2), o ciclo de audi\u00eancias regionais. A primeira reuni\u00e3o ser\u00e1 realizada em Tangar\u00e1 da Serra, \u00e0s 19h, na sede da 10\u00aa subse\u00e7\u00e3o da Ordem dos Advogados do Brasil (OAB-MT), localizada na Avenida Brasil, n.\u00ba 1.600 [&hellip;]\" \/>\n<meta property=\"og:url\" content=\"https:\/\/wilsonsantosmt.com.br\/index.php\/2025\/10\/01\/comissao-especial-da-almt-realiza-audiencia-sobre-concessao-da-energisa-em-tangara-da-serra-nesta-quinta-2\/\" \/>\n<meta property=\"og:site_name\" content=\"wilsonsantosmt.com.br\" \/>\n<meta property=\"article:publisher\" content=\"https:\/\/www.facebook.com\/WilsonSantosMT\/\" \/>\n<meta property=\"article:published_time\" content=\"2025-10-01T13:23:39+00:00\" \/>\n<meta property=\"article:modified_time\" content=\"2025-10-01T13:23:40+00:00\" \/>\n<meta property=\"og:image\" content=\"http:\/\/wilsonsantosmt.com.br\/wp-content\/uploads\/2025\/10\/WhatsApp-Image-2025-10-01-at-09.18.56.jpeg\" \/>\n\t<meta property=\"og:image:width\" content=\"970\" \/>\n\t<meta property=\"og:image:height\" content=\"604\" \/>\n\t<meta property=\"og:image:type\" content=\"image\/jpeg\" \/>\n<meta name=\"author\" content=\"Samantha dos Anjos\" \/>\n<meta name=\"twitter:card\" content=\"summary_large_image\" \/>\n<meta name=\"twitter:label1\" content=\"Escrito por\" \/>\n\t<meta name=\"twitter:data1\" content=\"Samantha dos Anjos\" \/>\n\t<meta name=\"twitter:label2\" content=\"Est. tempo de leitura\" \/>\n\t<meta name=\"twitter:data2\" content=\"3 minutos\" \/>\n<script type=\"application\/ld+json\" class=\"yoast-schema-graph\">{\"@context\":\"https:\/\/schema.org\",\"@graph\":[{\"@type\":\"Article\",\"@id\":\"https:\/\/wilsonsantosmt.com.br\/index.php\/2025\/10\/01\/comissao-especial-da-almt-realiza-audiencia-sobre-concessao-da-energisa-em-tangara-da-serra-nesta-quinta-2\/#article\",\"isPartOf\":{\"@id\":\"https:\/\/wilsonsantosmt.com.br\/index.php\/2025\/10\/01\/comissao-especial-da-almt-realiza-audiencia-sobre-concessao-da-energisa-em-tangara-da-serra-nesta-quinta-2\/\"},\"author\":{\"name\":\"Samantha dos Anjos\",\"@id\":\"https:\/\/wilsonsantosmt.com.br\/#\/schema\/person\/1d097ee45f526dd0455dbad8c679932c\"},\"headline\":\"Comiss\u00e3o especial da ALMT realiza audi\u00eancia sobre concess\u00e3o da Energisa em Tangar\u00e1 da Serra, nesta quinta (2)\",\"datePublished\":\"2025-10-01T13:23:39+00:00\",\"dateModified\":\"2025-10-01T13:23:40+00:00\",\"mainEntityOfPage\":{\"@id\":\"https:\/\/wilsonsantosmt.com.br\/index.php\/2025\/10\/01\/comissao-especial-da-almt-realiza-audiencia-sobre-concessao-da-energisa-em-tangara-da-serra-nesta-quinta-2\/\"},\"wordCount\":483,\"publisher\":{\"@id\":\"https:\/\/wilsonsantosmt.com.br\/#\/schema\/person\/9de3c54961637a9eadb16bcbf895b1ef\"},\"articleSection\":[\"Not\u00edcias\"],\"inLanguage\":\"pt-BR\"},{\"@type\":\"WebPage\",\"@id\":\"https:\/\/wilsonsantosmt.com.br\/index.php\/2025\/10\/01\/comissao-especial-da-almt-realiza-audiencia-sobre-concessao-da-energisa-em-tangara-da-serra-nesta-quinta-2\/\",\"url\":\"https:\/\/wilsonsantosmt.com.br\/index.php\/2025\/10\/01\/comissao-especial-da-almt-realiza-audiencia-sobre-concessao-da-energisa-em-tangara-da-serra-nesta-quinta-2\/\",\"name\":\"Comiss\u00e3o especial da ALMT realiza audi\u00eancia sobre concess\u00e3o da Energisa em Tangar\u00e1 da Serra, nesta quinta (2) - wilsonsantosmt.com.br\",\"isPartOf\":{\"@id\":\"https:\/\/wilsonsantosmt.com.br\/#website\"},\"datePublished\":\"2025-10-01T13:23:39+00:00\",\"dateModified\":\"2025-10-01T13:23:40+00:00\",\"breadcrumb\":{\"@id\":\"https:\/\/wilsonsantosmt.com.br\/index.php\/2025\/10\/01\/comissao-especial-da-almt-realiza-audiencia-sobre-concessao-da-energisa-em-tangara-da-serra-nesta-quinta-2\/#breadcrumb\"},\"inLanguage\":\"pt-BR\",\"potentialAction\":[{\"@type\":\"ReadAction\",\"target\":[\"https:\/\/wilsonsantosmt.com.br\/index.php\/2025\/10\/01\/comissao-especial-da-almt-realiza-audiencia-sobre-concessao-da-energisa-em-tangara-da-serra-nesta-quinta-2\/\"]}]},{\"@type\":\"BreadcrumbList\",\"@id\":\"https:\/\/wilsonsantosmt.com.br\/index.php\/2025\/10\/01\/comissao-especial-da-almt-realiza-audiencia-sobre-concessao-da-energisa-em-tangara-da-serra-nesta-quinta-2\/#breadcrumb\",\"itemListElement\":[{\"@type\":\"ListItem\",\"position\":1,\"name\":\"In\u00edcio\",\"item\":\"https:\/\/wilsonsantosmt.com.br\/\"},{\"@type\":\"ListItem\",\"position\":2,\"name\":\"Not\u00edcias\",\"item\":\"https:\/\/wilsonsantosmt.com.br\/index.php\/category\/noticias\/\"},{\"@type\":\"ListItem\",\"position\":3,\"name\":\"Comiss\u00e3o especial da ALMT realiza audi\u00eancia sobre concess\u00e3o da Energisa em Tangar\u00e1 da Serra, nesta quinta (2)\"}]},{\"@type\":\"WebSite\",\"@id\":\"https:\/\/wilsonsantosmt.com.br\/#website\",\"url\":\"https:\/\/wilsonsantosmt.com.br\/\",\"name\":\"wilsonsantosmt.com.br\",\"description\":\"\",\"publisher\":{\"@id\":\"https:\/\/wilsonsantosmt.com.br\/#\/schema\/person\/9de3c54961637a9eadb16bcbf895b1ef\"},\"potentialAction\":[{\"@type\":\"SearchAction\",\"target\":{\"@type\":\"EntryPoint\",\"urlTemplate\":\"https:\/\/wilsonsantosmt.com.br\/?s={search_term_string}\"},\"query-input\":\"required name=search_term_string\"}],\"inLanguage\":\"pt-BR\"},{\"@type\":[\"Person\",\"Organization\"],\"@id\":\"https:\/\/wilsonsantosmt.com.br\/#\/schema\/person\/9de3c54961637a9eadb16bcbf895b1ef\",\"name\":\"Wilson Santos\",\"image\":{\"@type\":\"ImageObject\",\"inLanguage\":\"pt-BR\",\"@id\":\"https:\/\/wilsonsantosmt.com.br\/#\/schema\/person\/image\/\",\"url\":\"https:\/\/wilsonsantosmt.com.br\/wp-content\/uploads\/2023\/11\/310828673_653254583023360_8795459643194608438_n.jpg\",\"contentUrl\":\"https:\/\/wilsonsantosmt.com.br\/wp-content\/uploads\/2023\/11\/310828673_653254583023360_8795459643194608438_n.jpg\",\"width\":1078,\"height\":1079,\"caption\":\"Wilson Santos\"},\"logo\":{\"@id\":\"https:\/\/wilsonsantosmt.com.br\/#\/schema\/person\/image\/\"},\"sameAs\":[\"http:\/\/wilsonsantosmt.com.br\",\"https:\/\/www.facebook.com\/WilsonSantosMT\/\",\"https:\/\/www.instagram.com\/wilsonsantosmt\/\",\"https:\/\/www.youtube.com\/@WilsonSantosWS\/videos\",\"https:\/\/pt.wikipedia.org\/wiki\/Wilson_Santos\"],\"honorificPrefix\":\"Sr\",\"gender\":\"masculino\",\"jobTitle\":\"Deputado Estadual\",\"worksFor\":\"Assembleia Legislativa de Mato Grosso\"},{\"@type\":\"Person\",\"@id\":\"https:\/\/wilsonsantosmt.com.br\/#\/schema\/person\/1d097ee45f526dd0455dbad8c679932c\",\"name\":\"Samantha dos Anjos\",\"image\":{\"@type\":\"ImageObject\",\"inLanguage\":\"pt-BR\",\"@id\":\"https:\/\/wilsonsantosmt.com.br\/#\/schema\/person\/image\/\",\"url\":\"https:\/\/secure.gravatar.com\/avatar\/7d8d0b6dd67d134a9fa841bee90c57c7?s=96&d=mm&r=g\",\"contentUrl\":\"https:\/\/secure.gravatar.com\/avatar\/7d8d0b6dd67d134a9fa841bee90c57c7?s=96&d=mm&r=g\",\"caption\":\"Samantha dos Anjos\"},\"url\":\"https:\/\/wilsonsantosmt.com.br\/index.php\/author\/samantha-dos-anjos\/\"}]}<\/script>\n<!-- \/ Yoast SEO Premium plugin. -->","yoast_head_json":{"title":"Comiss\u00e3o especial da ALMT realiza audi\u00eancia sobre concess\u00e3o da Energisa em Tangar\u00e1 da Serra, nesta quinta (2) - wilsonsantosmt.com.br","robots":{"index":"index","follow":"follow","max-snippet":"max-snippet:-1","max-image-preview":"max-image-preview:large","max-video-preview":"max-video-preview:-1"},"canonical":"https:\/\/wilsonsantosmt.com.br\/index.php\/2025\/10\/01\/comissao-especial-da-almt-realiza-audiencia-sobre-concessao-da-energisa-em-tangara-da-serra-nesta-quinta-2\/","og_locale":"pt_BR","og_type":"article","og_title":"Comiss\u00e3o especial da ALMT realiza audi\u00eancia sobre concess\u00e3o da Energisa em Tangar\u00e1 da Serra, nesta quinta (2)","og_description":"A comiss\u00e3o especial da Assembleia Legislativa de Mato Grosso (ALMT), que avalia os servi\u00e7os prestados pela Energisa, inicia nesta quinta-feira (2), o ciclo de audi\u00eancias regionais. A primeira reuni\u00e3o ser\u00e1 realizada em Tangar\u00e1 da Serra, \u00e0s 19h, na sede da 10\u00aa subse\u00e7\u00e3o da Ordem dos Advogados do Brasil (OAB-MT), localizada na Avenida Brasil, n.\u00ba 1.600 [&hellip;]","og_url":"https:\/\/wilsonsantosmt.com.br\/index.php\/2025\/10\/01\/comissao-especial-da-almt-realiza-audiencia-sobre-concessao-da-energisa-em-tangara-da-serra-nesta-quinta-2\/","og_site_name":"wilsonsantosmt.com.br","article_publisher":"https:\/\/www.facebook.com\/WilsonSantosMT\/","article_published_time":"2025-10-01T13:23:39+00:00","article_modified_time":"2025-10-01T13:23:40+00:00","og_image":[{"width":970,"height":604,"url":"http:\/\/wilsonsantosmt.com.br\/wp-content\/uploads\/2025\/10\/WhatsApp-Image-2025-10-01-at-09.18.56.jpeg","type":"image\/jpeg"}],"author":"Samantha dos Anjos","twitter_card":"summary_large_image","twitter_misc":{"Escrito por":"Samantha dos Anjos","Est. tempo de leitura":"3 minutos"},"schema":{"@context":"https:\/\/schema.org","@graph":[{"@type":"Article","@id":"https:\/\/wilsonsantosmt.com.br\/index.php\/2025\/10\/01\/comissao-especial-da-almt-realiza-audiencia-sobre-concessao-da-energisa-em-tangara-da-serra-nesta-quinta-2\/#article","isPartOf":{"@id":"https:\/\/wilsonsantosmt.com.br\/index.php\/2025\/10\/01\/comissao-especial-da-almt-realiza-audiencia-sobre-concessao-da-energisa-em-tangara-da-serra-nesta-quinta-2\/"},"author":{"name":"Samantha dos Anjos","@id":"https:\/\/wilsonsantosmt.com.br\/#\/schema\/person\/1d097ee45f526dd0455dbad8c679932c"},"headline":"Comiss\u00e3o especial da ALMT realiza audi\u00eancia sobre concess\u00e3o da Energisa em Tangar\u00e1 da Serra, nesta quinta (2)","datePublished":"2025-10-01T13:23:39+00:00","dateModified":"2025-10-01T13:23:40+00:00","mainEntityOfPage":{"@id":"https:\/\/wilsonsantosmt.com.br\/index.php\/2025\/10\/01\/comissao-especial-da-almt-realiza-audiencia-sobre-concessao-da-energisa-em-tangara-da-serra-nesta-quinta-2\/"},"wordCount":483,"publisher":{"@id":"https:\/\/wilsonsantosmt.com.br\/#\/schema\/person\/9de3c54961637a9eadb16bcbf895b1ef"},"articleSection":["Not\u00edcias"],"inLanguage":"pt-BR"},{"@type":"WebPage","@id":"https:\/\/wilsonsantosmt.com.br\/index.php\/2025\/10\/01\/comissao-especial-da-almt-realiza-audiencia-sobre-concessao-da-energisa-em-tangara-da-serra-nesta-quinta-2\/","url":"https:\/\/wilsonsantosmt.com.br\/index.php\/2025\/10\/01\/comissao-especial-da-almt-realiza-audiencia-sobre-concessao-da-energisa-em-tangara-da-serra-nesta-quinta-2\/","name":"Comiss\u00e3o especial da ALMT realiza audi\u00eancia sobre concess\u00e3o da Energisa em Tangar\u00e1 da Serra, nesta quinta (2) - wilsonsantosmt.com.br","isPartOf":{"@id":"https:\/\/wilsonsantosmt.com.br\/#website"},"datePublished":"2025-10-01T13:23:39+00:00","dateModified":"2025-10-01T13:23:40+00:00","breadcrumb":{"@id":"https:\/\/wilsonsantosmt.com.br\/index.php\/2025\/10\/01\/comissao-especial-da-almt-realiza-audiencia-sobre-concessao-da-energisa-em-tangara-da-serra-nesta-quinta-2\/#breadcrumb"},"inLanguage":"pt-BR","potentialAction":[{"@type":"ReadAction","target":["https:\/\/wilsonsantosmt.com.br\/index.php\/2025\/10\/01\/comissao-especial-da-almt-realiza-audiencia-sobre-concessao-da-energisa-em-tangara-da-serra-nesta-quinta-2\/"]}]},{"@type":"BreadcrumbList","@id":"https:\/\/wilsonsantosmt.com.br\/index.php\/2025\/10\/01\/comissao-especial-da-almt-realiza-audiencia-sobre-concessao-da-energisa-em-tangara-da-serra-nesta-quinta-2\/#breadcrumb","itemListElement":[{"@type":"ListItem","position":1,"name":"In\u00edcio","item":"https:\/\/wilsonsantosmt.com.br\/"},{"@type":"ListItem","position":2,"name":"Not\u00edcias","item":"https:\/\/wilsonsantosmt.com.br\/index.php\/category\/noticias\/"},{"@type":"ListItem","position":3,"name":"Comiss\u00e3o especial da ALMT realiza audi\u00eancia sobre concess\u00e3o da Energisa em Tangar\u00e1 da Serra, nesta quinta (2)"}]},{"@type":"WebSite","@id":"https:\/\/wilsonsantosmt.com.br\/#website","url":"https:\/\/wilsonsantosmt.com.br\/","name":"wilsonsantosmt.com.br","description":"","publisher":{"@id":"https:\/\/wilsonsantosmt.com.br\/#\/schema\/person\/9de3c54961637a9eadb16bcbf895b1ef"},"potentialAction":[{"@type":"SearchAction","target":{"@type":"EntryPoint","urlTemplate":"https:\/\/wilsonsantosmt.com.br\/?s={search_term_string}"},"query-input":"required name=search_term_string"}],"inLanguage":"pt-BR"},{"@type":["Person","Organization"],"@id":"https:\/\/wilsonsantosmt.com.br\/#\/schema\/person\/9de3c54961637a9eadb16bcbf895b1ef","name":"Wilson Santos","image":{"@type":"ImageObject","inLanguage":"pt-BR","@id":"https:\/\/wilsonsantosmt.com.br\/#\/schema\/person\/image\/","url":"https:\/\/wilsonsantosmt.com.br\/wp-content\/uploads\/2023\/11\/310828673_653254583023360_8795459643194608438_n.jpg","contentUrl":"https:\/\/wilsonsantosmt.com.br\/wp-content\/uploads\/2023\/11\/310828673_653254583023360_8795459643194608438_n.jpg","width":1078,"height":1079,"caption":"Wilson Santos"},"logo":{"@id":"https:\/\/wilsonsantosmt.com.br\/#\/schema\/person\/image\/"},"sameAs":["http:\/\/wilsonsantosmt.com.br","https:\/\/www.facebook.com\/WilsonSantosMT\/","https:\/\/www.instagram.com\/wilsonsantosmt\/","https:\/\/www.youtube.com\/@WilsonSantosWS\/videos","https:\/\/pt.wikipedia.org\/wiki\/Wilson_Santos"],"honorificPrefix":"Sr","gender":"masculino","jobTitle":"Deputado Estadual","worksFor":"Assembleia Legislativa de Mato Grosso"},{"@type":"Person","@id":"https:\/\/wilsonsantosmt.com.br\/#\/schema\/person\/1d097ee45f526dd0455dbad8c679932c","name":"Samantha dos Anjos","image":{"@type":"ImageObject","inLanguage":"pt-BR","@id":"https:\/\/wilsonsantosmt.com.br\/#\/schema\/person\/image\/","url":"https:\/\/secure.gravatar.com\/avatar\/7d8d0b6dd67d134a9fa841bee90c57c7?s=96&d=mm&r=g","contentUrl":"https:\/\/secure.gravatar.com\/avatar\/7d8d0b6dd67d134a9fa841bee90c57c7?s=96&d=mm&r=g","caption":"Samantha dos Anjos"},"url":"https:\/\/wilsonsantosmt.com.br\/index.php\/author\/samantha-dos-anjos\/"}]}},"_links":{"self":[{"href":"https:\/\/wilsonsantosmt.com.br\/index.php\/wp-json\/wp\/v2\/posts\/1914"}],"collection":[{"href":"https:\/\/wilsonsantosmt.com.br\/index.php\/wp-json\/wp\/v2\/posts"}],"about":[{"href":"https:\/\/wilsonsantosmt.com.br\/index.php\/wp-json\/wp\/v2\/types\/post"}],"author":[{"embeddable":true,"href":"https:\/\/wilsonsantosmt.com.br\/index.php\/wp-json\/wp\/v2\/users\/4"}],"replies":[{"embeddable":true,"href":"https:\/\/wilsonsantosmt.com.br\/index.php\/wp-json\/wp\/v2\/comments?post=1914"}],"version-history":[{"count":1,"href":"https:\/\/wilsonsantosmt.com.br\/index.php\/wp-json\/wp\/v2\/posts\/1914\/revisions"}],"predecessor-version":[{"id":1916,"href":"https:\/\/wilsonsantosmt.com.br\/index.php\/wp-json\/wp\/v2\/posts\/1914\/revisions\/1916"}],"wp:featuredmedia":[{"embeddable":true,"href":"https:\/\/wilsonsantosmt.com.br\/index.php\/wp-json\/wp\/v2\/media\/1915"}],"wp:attachment":[{"href":"https:\/\/wilsonsantosmt.com.br\/index.php\/wp-json\/wp\/v2\/media?parent=1914"}],"wp:term":[{"taxonomy":"category","embeddable":true,"href":"https:\/\/wilsonsantosmt.com.br\/index.php\/wp-json\/wp\/v2\/categories?post=1914"},{"taxonomy":"post_tag","embeddable":true,"href":"https:\/\/wilsonsantosmt.com.br\/index.php\/wp-json\/wp\/v2\/tags?post=1914"}],"curies":[{"name":"wp","href":"https:\/\/api.w.org\/{rel}","templated":true}]}}