{"id":1921,"date":"2025-10-01T17:45:00","date_gmt":"2025-10-01T21:45:00","guid":{"rendered":"https:\/\/wilsonsantosmt.com.br\/?p=1921"},"modified":"2025-10-02T07:46:24","modified_gmt":"2025-10-02T11:46:24","slug":"wilson-santos-cobra-procon-sobre-alta-do-etanol-em-mato-grosso","status":"publish","type":"post","link":"https:\/\/wilsonsantosmt.com.br\/index.php\/2025\/10\/01\/wilson-santos-cobra-procon-sobre-alta-do-etanol-em-mato-grosso\/","title":{"rendered":"Wilson Santos cobra Procon sobre alta do etanol em Mato Grosso"},"content":{"rendered":"\n<p><\/p>\n\n\n\n<p>Devido ao aumento nos pre\u00e7os dos combust\u00edveis em Mato Grosso, principalmente do etanol, o deputado estadual Wilson Santos (PSD) apresentou um requerimento para que a secret\u00e1ria adjunta de Prote\u00e7\u00e3o e Defesa dos Direitos do Consumidor (Procon), Cristiane Vaz dos Santos, preste esclarecimentos sobre a situa\u00e7\u00e3o. A proposi\u00e7\u00e3o foi apresentada nesta quarta-feira (1\u00ba), durante sess\u00e3o plen\u00e1ria na Assembleia Legislativa.<\/p>\n\n\n\n<p>\u201cEstive em S\u00e3o Paulo h\u00e1 poucos dias e o etanol custava R$ 3,79. J\u00e1 aqui, varia de R$ 4,20 a R$ 4,30 ou at\u00e9 mais. Mato Grosso \u00e9 autossuficiente, exportador de etanol da cana-de-a\u00e7\u00facar e do milho. Essa majora\u00e7\u00e3o n\u00e3o tem explica\u00e7\u00e3o. Tudo casadinho, praticando os mesmos valores. Ent\u00e3o, quero fiscalizar os fiscais, porque o Procon, nesse quesito, n\u00e3o est\u00e1 fiscalizando coisa nenhuma\u201d, afirmou o parlamentar.<\/p>\n\n\n\n<p>Wilson lembrou ainda que, em 2019, foi instaurada uma Comiss\u00e3o Parlamentar de Inqu\u00e9rito (CPI) na Assembleia Legislativa para investigar a sonega\u00e7\u00e3o nos setores de combust\u00edveis, mineral e do agroneg\u00f3cio. Segundo ele, o setor de combust\u00edveis lidera a sonega\u00e7\u00e3o no estado, com 80% concentrada no etanol. \u201cN\u00f3s temos hoje seis grandes usinas produzindo etanol de milho e outras seis em constru\u00e7\u00e3o. Houve uma explos\u00e3o na industrializa\u00e7\u00e3o do milho em Mato Grosso. Algo est\u00e1 errado nesse processo e precisamos de respostas\u201d, completou.<\/p>\n\n\n\n<p>O parlamentar destacou que o etanol \u00e9 amplamente utilizado pela popula\u00e7\u00e3o mato-grossense e que o pre\u00e7o elevado impacta diretamente o custo de vida, o transporte, a produ\u00e7\u00e3o de alimentos e diversos servi\u00e7os.<\/p>\n\n\n\n<p>A data do convite \u00e0 secret\u00e1ria adjunta do Procon ser\u00e1 definida em conjunto com os demais parlamentares.<\/p>\n","protected":false},"excerpt":{"rendered":"<p>Devido ao aumento nos pre\u00e7os dos combust\u00edveis em Mato Grosso, principalmente do etanol, o deputado estadual Wilson Santos (PSD) apresentou um requerimento para que a secret\u00e1ria adjunta de Prote\u00e7\u00e3o e Defesa dos Direitos do Consumidor (Procon), Cristiane Vaz dos Santos, preste esclarecimentos sobre a situa\u00e7\u00e3o. A proposi\u00e7\u00e3o foi apresentada nesta quarta-feira (1\u00ba), durante sess\u00e3o plen\u00e1ria [&hellip;]<\/p>\n","protected":false},"author":4,"featured_media":1922,"comment_status":"closed","ping_status":"open","sticky":false,"template":"","format":"standard","meta":{"footnotes":""},"categories":[13],"tags":[],"yoast_head":"<!-- This site is optimized with the Yoast SEO Premium plugin v21.5 (Yoast SEO v21.4) - https:\/\/yoast.com\/wordpress\/plugins\/seo\/ -->\n<title>Wilson Santos cobra Procon sobre alta do etanol em Mato Grosso - wilsonsantosmt.com.br<\/title>\n<meta name=\"robots\" content=\"index, follow, max-snippet:-1, max-image-preview:large, max-video-preview:-1\" \/>\n<link rel=\"canonical\" href=\"https:\/\/wilsonsantosmt.com.br\/index.php\/2025\/10\/01\/wilson-santos-cobra-procon-sobre-alta-do-etanol-em-mato-grosso\/\" \/>\n<meta property=\"og:locale\" content=\"pt_BR\" \/>\n<meta property=\"og:type\" content=\"article\" \/>\n<meta property=\"og:title\" content=\"Wilson Santos cobra Procon sobre alta do etanol em Mato Grosso\" \/>\n<meta property=\"og:description\" content=\"Devido ao aumento nos pre\u00e7os dos combust\u00edveis em Mato Grosso, principalmente do etanol, o deputado estadual Wilson Santos (PSD) apresentou um requerimento para que a secret\u00e1ria adjunta de Prote\u00e7\u00e3o e Defesa dos Direitos do Consumidor (Procon), Cristiane Vaz dos Santos, preste esclarecimentos sobre a situa\u00e7\u00e3o. A proposi\u00e7\u00e3o foi apresentada nesta quarta-feira (1\u00ba), durante sess\u00e3o plen\u00e1ria [&hellip;]\" \/>\n<meta property=\"og:url\" content=\"https:\/\/wilsonsantosmt.com.br\/index.php\/2025\/10\/01\/wilson-santos-cobra-procon-sobre-alta-do-etanol-em-mato-grosso\/\" \/>\n<meta property=\"og:site_name\" content=\"wilsonsantosmt.com.br\" \/>\n<meta property=\"article:publisher\" content=\"https:\/\/www.facebook.com\/WilsonSantosMT\/\" \/>\n<meta property=\"article:published_time\" content=\"2025-10-01T21:45:00+00:00\" \/>\n<meta property=\"article:modified_time\" content=\"2025-10-02T11:46:24+00:00\" \/>\n<meta property=\"og:image\" content=\"http:\/\/wilsonsantosmt.com.br\/wp-content\/uploads\/2025\/10\/41a89cb6e851b88244dc513dcacaba3168dd63b38c372.jpg\" \/>\n\t<meta property=\"og:image:width\" content=\"1600\" \/>\n\t<meta property=\"og:image:height\" content=\"1067\" \/>\n\t<meta property=\"og:image:type\" content=\"image\/jpeg\" \/>\n<meta name=\"author\" content=\"Samantha dos Anjos\" \/>\n<meta name=\"twitter:card\" content=\"summary_large_image\" \/>\n<meta name=\"twitter:label1\" content=\"Escrito por\" \/>\n\t<meta name=\"twitter:data1\" content=\"Samantha dos Anjos\" \/>\n\t<meta name=\"twitter:label2\" content=\"Est. tempo de leitura\" \/>\n\t<meta name=\"twitter:data2\" content=\"2 minutos\" \/>\n<script type=\"application\/ld+json\" class=\"yoast-schema-graph\">{\"@context\":\"https:\/\/schema.org\",\"@graph\":[{\"@type\":\"Article\",\"@id\":\"https:\/\/wilsonsantosmt.com.br\/index.php\/2025\/10\/01\/wilson-santos-cobra-procon-sobre-alta-do-etanol-em-mato-grosso\/#article\",\"isPartOf\":{\"@id\":\"https:\/\/wilsonsantosmt.com.br\/index.php\/2025\/10\/01\/wilson-santos-cobra-procon-sobre-alta-do-etanol-em-mato-grosso\/\"},\"author\":{\"name\":\"Samantha dos Anjos\",\"@id\":\"https:\/\/wilsonsantosmt.com.br\/#\/schema\/person\/1d097ee45f526dd0455dbad8c679932c\"},\"headline\":\"Wilson Santos cobra Procon sobre alta do etanol em Mato Grosso\",\"datePublished\":\"2025-10-01T21:45:00+00:00\",\"dateModified\":\"2025-10-02T11:46:24+00:00\",\"mainEntityOfPage\":{\"@id\":\"https:\/\/wilsonsantosmt.com.br\/index.php\/2025\/10\/01\/wilson-santos-cobra-procon-sobre-alta-do-etanol-em-mato-grosso\/\"},\"wordCount\":286,\"publisher\":{\"@id\":\"https:\/\/wilsonsantosmt.com.br\/#\/schema\/person\/9de3c54961637a9eadb16bcbf895b1ef\"},\"articleSection\":[\"Not\u00edcias\"],\"inLanguage\":\"pt-BR\"},{\"@type\":\"WebPage\",\"@id\":\"https:\/\/wilsonsantosmt.com.br\/index.php\/2025\/10\/01\/wilson-santos-cobra-procon-sobre-alta-do-etanol-em-mato-grosso\/\",\"url\":\"https:\/\/wilsonsantosmt.com.br\/index.php\/2025\/10\/01\/wilson-santos-cobra-procon-sobre-alta-do-etanol-em-mato-grosso\/\",\"name\":\"Wilson Santos cobra Procon sobre alta do etanol em Mato Grosso - wilsonsantosmt.com.br\",\"isPartOf\":{\"@id\":\"https:\/\/wilsonsantosmt.com.br\/#website\"},\"datePublished\":\"2025-10-01T21:45:00+00:00\",\"dateModified\":\"2025-10-02T11:46:24+00:00\",\"breadcrumb\":{\"@id\":\"https:\/\/wilsonsantosmt.com.br\/index.php\/2025\/10\/01\/wilson-santos-cobra-procon-sobre-alta-do-etanol-em-mato-grosso\/#breadcrumb\"},\"inLanguage\":\"pt-BR\",\"potentialAction\":[{\"@type\":\"ReadAction\",\"target\":[\"https:\/\/wilsonsantosmt.com.br\/index.php\/2025\/10\/01\/wilson-santos-cobra-procon-sobre-alta-do-etanol-em-mato-grosso\/\"]}]},{\"@type\":\"BreadcrumbList\",\"@id\":\"https:\/\/wilsonsantosmt.com.br\/index.php\/2025\/10\/01\/wilson-santos-cobra-procon-sobre-alta-do-etanol-em-mato-grosso\/#breadcrumb\",\"itemListElement\":[{\"@type\":\"ListItem\",\"position\":1,\"name\":\"In\u00edcio\",\"item\":\"https:\/\/wilsonsantosmt.com.br\/\"},{\"@type\":\"ListItem\",\"position\":2,\"name\":\"Not\u00edcias\",\"item\":\"https:\/\/wilsonsantosmt.com.br\/index.php\/category\/noticias\/\"},{\"@type\":\"ListItem\",\"position\":3,\"name\":\"Wilson Santos cobra Procon sobre alta do etanol em Mato Grosso\"}]},{\"@type\":\"WebSite\",\"@id\":\"https:\/\/wilsonsantosmt.com.br\/#website\",\"url\":\"https:\/\/wilsonsantosmt.com.br\/\",\"name\":\"wilsonsantosmt.com.br\",\"description\":\"\",\"publisher\":{\"@id\":\"https:\/\/wilsonsantosmt.com.br\/#\/schema\/person\/9de3c54961637a9eadb16bcbf895b1ef\"},\"potentialAction\":[{\"@type\":\"SearchAction\",\"target\":{\"@type\":\"EntryPoint\",\"urlTemplate\":\"https:\/\/wilsonsantosmt.com.br\/?s={search_term_string}\"},\"query-input\":\"required name=search_term_string\"}],\"inLanguage\":\"pt-BR\"},{\"@type\":[\"Person\",\"Organization\"],\"@id\":\"https:\/\/wilsonsantosmt.com.br\/#\/schema\/person\/9de3c54961637a9eadb16bcbf895b1ef\",\"name\":\"Wilson Santos\",\"image\":{\"@type\":\"ImageObject\",\"inLanguage\":\"pt-BR\",\"@id\":\"https:\/\/wilsonsantosmt.com.br\/#\/schema\/person\/image\/\",\"url\":\"https:\/\/wilsonsantosmt.com.br\/wp-content\/uploads\/2023\/11\/310828673_653254583023360_8795459643194608438_n.jpg\",\"contentUrl\":\"https:\/\/wilsonsantosmt.com.br\/wp-content\/uploads\/2023\/11\/310828673_653254583023360_8795459643194608438_n.jpg\",\"width\":1078,\"height\":1079,\"caption\":\"Wilson Santos\"},\"logo\":{\"@id\":\"https:\/\/wilsonsantosmt.com.br\/#\/schema\/person\/image\/\"},\"sameAs\":[\"http:\/\/wilsonsantosmt.com.br\",\"https:\/\/www.facebook.com\/WilsonSantosMT\/\",\"https:\/\/www.instagram.com\/wilsonsantosmt\/\",\"https:\/\/www.youtube.com\/@WilsonSantosWS\/videos\",\"https:\/\/pt.wikipedia.org\/wiki\/Wilson_Santos\"],\"honorificPrefix\":\"Sr\",\"gender\":\"masculino\",\"jobTitle\":\"Deputado Estadual\",\"worksFor\":\"Assembleia Legislativa de Mato Grosso\"},{\"@type\":\"Person\",\"@id\":\"https:\/\/wilsonsantosmt.com.br\/#\/schema\/person\/1d097ee45f526dd0455dbad8c679932c\",\"name\":\"Samantha dos Anjos\",\"image\":{\"@type\":\"ImageObject\",\"inLanguage\":\"pt-BR\",\"@id\":\"https:\/\/wilsonsantosmt.com.br\/#\/schema\/person\/image\/\",\"url\":\"https:\/\/secure.gravatar.com\/avatar\/7d8d0b6dd67d134a9fa841bee90c57c7?s=96&d=mm&r=g\",\"contentUrl\":\"https:\/\/secure.gravatar.com\/avatar\/7d8d0b6dd67d134a9fa841bee90c57c7?s=96&d=mm&r=g\",\"caption\":\"Samantha dos Anjos\"},\"url\":\"https:\/\/wilsonsantosmt.com.br\/index.php\/author\/samantha-dos-anjos\/\"}]}<\/script>\n<!-- \/ Yoast SEO Premium plugin. -->","yoast_head_json":{"title":"Wilson Santos cobra Procon sobre alta do etanol em Mato Grosso - wilsonsantosmt.com.br","robots":{"index":"index","follow":"follow","max-snippet":"max-snippet:-1","max-image-preview":"max-image-preview:large","max-video-preview":"max-video-preview:-1"},"canonical":"https:\/\/wilsonsantosmt.com.br\/index.php\/2025\/10\/01\/wilson-santos-cobra-procon-sobre-alta-do-etanol-em-mato-grosso\/","og_locale":"pt_BR","og_type":"article","og_title":"Wilson Santos cobra Procon sobre alta do etanol em Mato Grosso","og_description":"Devido ao aumento nos pre\u00e7os dos combust\u00edveis em Mato Grosso, principalmente do etanol, o deputado estadual Wilson Santos (PSD) apresentou um requerimento para que a secret\u00e1ria adjunta de Prote\u00e7\u00e3o e Defesa dos Direitos do Consumidor (Procon), Cristiane Vaz dos Santos, preste esclarecimentos sobre a situa\u00e7\u00e3o. A proposi\u00e7\u00e3o foi apresentada nesta quarta-feira (1\u00ba), durante sess\u00e3o plen\u00e1ria [&hellip;]","og_url":"https:\/\/wilsonsantosmt.com.br\/index.php\/2025\/10\/01\/wilson-santos-cobra-procon-sobre-alta-do-etanol-em-mato-grosso\/","og_site_name":"wilsonsantosmt.com.br","article_publisher":"https:\/\/www.facebook.com\/WilsonSantosMT\/","article_published_time":"2025-10-01T21:45:00+00:00","article_modified_time":"2025-10-02T11:46:24+00:00","og_image":[{"width":1600,"height":1067,"url":"http:\/\/wilsonsantosmt.com.br\/wp-content\/uploads\/2025\/10\/41a89cb6e851b88244dc513dcacaba3168dd63b38c372.jpg","type":"image\/jpeg"}],"author":"Samantha dos Anjos","twitter_card":"summary_large_image","twitter_misc":{"Escrito por":"Samantha dos Anjos","Est. tempo de leitura":"2 minutos"},"schema":{"@context":"https:\/\/schema.org","@graph":[{"@type":"Article","@id":"https:\/\/wilsonsantosmt.com.br\/index.php\/2025\/10\/01\/wilson-santos-cobra-procon-sobre-alta-do-etanol-em-mato-grosso\/#article","isPartOf":{"@id":"https:\/\/wilsonsantosmt.com.br\/index.php\/2025\/10\/01\/wilson-santos-cobra-procon-sobre-alta-do-etanol-em-mato-grosso\/"},"author":{"name":"Samantha dos Anjos","@id":"https:\/\/wilsonsantosmt.com.br\/#\/schema\/person\/1d097ee45f526dd0455dbad8c679932c"},"headline":"Wilson Santos cobra Procon sobre alta do etanol em Mato Grosso","datePublished":"2025-10-01T21:45:00+00:00","dateModified":"2025-10-02T11:46:24+00:00","mainEntityOfPage":{"@id":"https:\/\/wilsonsantosmt.com.br\/index.php\/2025\/10\/01\/wilson-santos-cobra-procon-sobre-alta-do-etanol-em-mato-grosso\/"},"wordCount":286,"publisher":{"@id":"https:\/\/wilsonsantosmt.com.br\/#\/schema\/person\/9de3c54961637a9eadb16bcbf895b1ef"},"articleSection":["Not\u00edcias"],"inLanguage":"pt-BR"},{"@type":"WebPage","@id":"https:\/\/wilsonsantosmt.com.br\/index.php\/2025\/10\/01\/wilson-santos-cobra-procon-sobre-alta-do-etanol-em-mato-grosso\/","url":"https:\/\/wilsonsantosmt.com.br\/index.php\/2025\/10\/01\/wilson-santos-cobra-procon-sobre-alta-do-etanol-em-mato-grosso\/","name":"Wilson Santos cobra Procon sobre alta do etanol em Mato Grosso - wilsonsantosmt.com.br","isPartOf":{"@id":"https:\/\/wilsonsantosmt.com.br\/#website"},"datePublished":"2025-10-01T21:45:00+00:00","dateModified":"2025-10-02T11:46:24+00:00","breadcrumb":{"@id":"https:\/\/wilsonsantosmt.com.br\/index.php\/2025\/10\/01\/wilson-santos-cobra-procon-sobre-alta-do-etanol-em-mato-grosso\/#breadcrumb"},"inLanguage":"pt-BR","potentialAction":[{"@type":"ReadAction","target":["https:\/\/wilsonsantosmt.com.br\/index.php\/2025\/10\/01\/wilson-santos-cobra-procon-sobre-alta-do-etanol-em-mato-grosso\/"]}]},{"@type":"BreadcrumbList","@id":"https:\/\/wilsonsantosmt.com.br\/index.php\/2025\/10\/01\/wilson-santos-cobra-procon-sobre-alta-do-etanol-em-mato-grosso\/#breadcrumb","itemListElement":[{"@type":"ListItem","position":1,"name":"In\u00edcio","item":"https:\/\/wilsonsantosmt.com.br\/"},{"@type":"ListItem","position":2,"name":"Not\u00edcias","item":"https:\/\/wilsonsantosmt.com.br\/index.php\/category\/noticias\/"},{"@type":"ListItem","position":3,"name":"Wilson Santos cobra Procon sobre alta do etanol em Mato Grosso"}]},{"@type":"WebSite","@id":"https:\/\/wilsonsantosmt.com.br\/#website","url":"https:\/\/wilsonsantosmt.com.br\/","name":"wilsonsantosmt.com.br","description":"","publisher":{"@id":"https:\/\/wilsonsantosmt.com.br\/#\/schema\/person\/9de3c54961637a9eadb16bcbf895b1ef"},"potentialAction":[{"@type":"SearchAction","target":{"@type":"EntryPoint","urlTemplate":"https:\/\/wilsonsantosmt.com.br\/?s={search_term_string}"},"query-input":"required name=search_term_string"}],"inLanguage":"pt-BR"},{"@type":["Person","Organization"],"@id":"https:\/\/wilsonsantosmt.com.br\/#\/schema\/person\/9de3c54961637a9eadb16bcbf895b1ef","name":"Wilson Santos","image":{"@type":"ImageObject","inLanguage":"pt-BR","@id":"https:\/\/wilsonsantosmt.com.br\/#\/schema\/person\/image\/","url":"https:\/\/wilsonsantosmt.com.br\/wp-content\/uploads\/2023\/11\/310828673_653254583023360_8795459643194608438_n.jpg","contentUrl":"https:\/\/wilsonsantosmt.com.br\/wp-content\/uploads\/2023\/11\/310828673_653254583023360_8795459643194608438_n.jpg","width":1078,"height":1079,"caption":"Wilson Santos"},"logo":{"@id":"https:\/\/wilsonsantosmt.com.br\/#\/schema\/person\/image\/"},"sameAs":["http:\/\/wilsonsantosmt.com.br","https:\/\/www.facebook.com\/WilsonSantosMT\/","https:\/\/www.instagram.com\/wilsonsantosmt\/","https:\/\/www.youtube.com\/@WilsonSantosWS\/videos","https:\/\/pt.wikipedia.org\/wiki\/Wilson_Santos"],"honorificPrefix":"Sr","gender":"masculino","jobTitle":"Deputado Estadual","worksFor":"Assembleia Legislativa de Mato Grosso"},{"@type":"Person","@id":"https:\/\/wilsonsantosmt.com.br\/#\/schema\/person\/1d097ee45f526dd0455dbad8c679932c","name":"Samantha dos Anjos","image":{"@type":"ImageObject","inLanguage":"pt-BR","@id":"https:\/\/wilsonsantosmt.com.br\/#\/schema\/person\/image\/","url":"https:\/\/secure.gravatar.com\/avatar\/7d8d0b6dd67d134a9fa841bee90c57c7?s=96&d=mm&r=g","contentUrl":"https:\/\/secure.gravatar.com\/avatar\/7d8d0b6dd67d134a9fa841bee90c57c7?s=96&d=mm&r=g","caption":"Samantha dos Anjos"},"url":"https:\/\/wilsonsantosmt.com.br\/index.php\/author\/samantha-dos-anjos\/"}]}},"_links":{"self":[{"href":"https:\/\/wilsonsantosmt.com.br\/index.php\/wp-json\/wp\/v2\/posts\/1921"}],"collection":[{"href":"https:\/\/wilsonsantosmt.com.br\/index.php\/wp-json\/wp\/v2\/posts"}],"about":[{"href":"https:\/\/wilsonsantosmt.com.br\/index.php\/wp-json\/wp\/v2\/types\/post"}],"author":[{"embeddable":true,"href":"https:\/\/wilsonsantosmt.com.br\/index.php\/wp-json\/wp\/v2\/users\/4"}],"replies":[{"embeddable":true,"href":"https:\/\/wilsonsantosmt.com.br\/index.php\/wp-json\/wp\/v2\/comments?post=1921"}],"version-history":[{"count":1,"href":"https:\/\/wilsonsantosmt.com.br\/index.php\/wp-json\/wp\/v2\/posts\/1921\/revisions"}],"predecessor-version":[{"id":1923,"href":"https:\/\/wilsonsantosmt.com.br\/index.php\/wp-json\/wp\/v2\/posts\/1921\/revisions\/1923"}],"wp:featuredmedia":[{"embeddable":true,"href":"https:\/\/wilsonsantosmt.com.br\/index.php\/wp-json\/wp\/v2\/media\/1922"}],"wp:attachment":[{"href":"https:\/\/wilsonsantosmt.com.br\/index.php\/wp-json\/wp\/v2\/media?parent=1921"}],"wp:term":[{"taxonomy":"category","embeddable":true,"href":"https:\/\/wilsonsantosmt.com.br\/index.php\/wp-json\/wp\/v2\/categories?post=1921"},{"taxonomy":"post_tag","embeddable":true,"href":"https:\/\/wilsonsantosmt.com.br\/index.php\/wp-json\/wp\/v2\/tags?post=1921"}],"curies":[{"name":"wp","href":"https:\/\/api.w.org\/{rel}","templated":true}]}}