{"id":1930,"date":"2025-10-07T15:08:37","date_gmt":"2025-10-07T19:08:37","guid":{"rendered":"https:\/\/wilsonsantosmt.com.br\/?p=1930"},"modified":"2025-10-08T15:11:30","modified_gmt":"2025-10-08T19:11:30","slug":"wilson-santos-consolida-mato-grosso-como-referencia-nacional-na-causa-da-dislexia","status":"publish","type":"post","link":"https:\/\/wilsonsantosmt.com.br\/index.php\/2025\/10\/07\/wilson-santos-consolida-mato-grosso-como-referencia-nacional-na-causa-da-dislexia\/","title":{"rendered":"Wilson Santos consolida Mato Grosso como refer\u00eancia nacional na causa da dislexia"},"content":{"rendered":"\n<p><\/p>\n\n\n\n<p>H\u00e1 quase uma d\u00e9cada, o tema da dislexia come\u00e7ou a ganhar espa\u00e7o em Mato Grosso e se tornou vis\u00edvel perante a sociedade, inspirando outros estados brasileiros a ampliarem o debate sobre o transtorno e promoverem a inclus\u00e3o social. Esse avan\u00e7o tem a marca do deputado estadual Wilson Santos (PSD), que desde o in\u00edcio apoiou e participou ativamente das a\u00e7\u00f5es em defesa das pessoas com dislexia, ao lado de m\u00e3es e familiares que enfrentam o desafio do transtorno do neurodesenvolvimento.<\/p>\n\n\n\n<p>Com o prop\u00f3sito de fortalecer e consolidar pol\u00edticas p\u00fablicas voltadas \u00e0 causa, o parlamentar realizou, nesta segunda-feira (6), a 10\u00aa edi\u00e7\u00e3o do Simp\u00f3sio sobre Dislexia, no Plen\u00e1rio das Delibera\u00e7\u00f5es \u201cRen\u00ea Barbour\u201d, na Assembleia Legislativa. O evento reuniu especialistas, educadores, fam\u00edlias e representantes de institui\u00e7\u00f5es, promovendo palestras, debates e a atualiza\u00e7\u00e3o de informa\u00e7\u00f5es cient\u00edficas sobre o tema.<\/p>\n\n\n\n<p>Para Wilson Santos, Mato Grosso tornou-se refer\u00eancia nacional na discuss\u00e3o sobre dislexia, resultado de um trabalho cont\u00ednuo de sensibiliza\u00e7\u00e3o e formula\u00e7\u00e3o de leis. \u201cNosso foco \u00e9 a educa\u00e7\u00e3o inclusiva. Precisamos entender que todos os seres humanos s\u00e3o diferentes e merecem um olhar respeitoso e acolhedor. Aqui nasceu a Associa\u00e7\u00e3o de Dislexia de Mato Grosso, que inspirou o pa\u00eds. J\u00e1 conquistamos mais de oito leis estaduais em favor das pessoas com o diagn\u00f3stico e at\u00e9 uma legisla\u00e7\u00e3o nacional foi provocada a partir dessa mobiliza\u00e7\u00e3o. Esse \u00e9 o nosso papel: plantar e regar essa semente\u201d, destacou o deputado.<\/p>\n\n\n\n<p>O parlamentar relembrou que todo esse movimento come\u00e7ou a partir do encontro com um grupo de m\u00e3es mato-grossenses, que buscavam espa\u00e7o para discutir o tema e dar voz \u00e0s fam\u00edlias. Uma delas foi Gabrielle Coury de Andrade, hoje presidente de honra da Associa\u00e7\u00e3o de Dislexia de Mato Grosso. \u201cHouve um tempo em que n\u00e3o t\u00ednhamos voz, pouco se falava em dislexia. Eram muitas perguntas sem respostas. M\u00e3es e professores n\u00e3o sabiam como agir. O deputado Wilson Santos nos acolheu e, com o apoio de muitas m\u00e3os e cora\u00e7\u00f5es, decidimos lutar\u201d, relatou Gabrielle.<\/p>\n\n\n\n<p>Durante o simp\u00f3sio, a neuropsic\u00f3loga e membro da Associa\u00e7\u00e3o Brasileira de Dislexia (ABD), Inez Ocan\u00e3 de Luca, abordou as dificuldades enfrentadas pelos disl\u00e9xicos e os principais comportamentos observados em diferentes fases da vida. \u201cNa alfabetiza\u00e7\u00e3o \u00e9 poss\u00edvel identificar as dificuldades na leitura, escrita, compreens\u00e3o de textos, matem\u00e1tica, mem\u00f3ria e coordena\u00e7\u00e3o motora. \u00c9 um quadro complexo. Essas pessoas, muitas vezes, sofrem bullying e enfrentam desafios sociais, mas tamb\u00e9m, possuem grandes habilidades. A dislexia \u00e9 gen\u00e9tica. \u00c9 preciso que os disl\u00e9xicos acreditem em si mesmo, s\u00e3o capazes e muito inteligentes, o restante se encaixa\u201d, afirmou.<\/p>\n\n\n\n<p>A superintendente de Equidade e Inclus\u00e3o da Secretaria de Estado de Educa\u00e7\u00e3o (Seduc), Paula Cunha, destacou as a\u00e7\u00f5es desenvolvidas pelo governo estadual na consolida\u00e7\u00e3o da educa\u00e7\u00e3o inclusiva. \u201cA educa\u00e7\u00e3o inclusiva \u00e9 hoje uma prioridade. Institu\u00edmos pol\u00edticas voltadas aos transtornos de aprendizagem e nossos professores v\u00eam sendo capacitados para um olhar mais acolhedor. Somos uma rede com mais de 300 mil estudantes e mapear esses casos \u00e9 essencial para consolidar uma pol\u00edtica p\u00fablica s\u00f3lida\u201d, ressaltou.<\/p>\n\n\n\n<p>Wilson Santos refor\u00e7ou que a dislexia ainda \u00e9 uma tem\u00e1tica recente no campo social, mas que come\u00e7a a ganhar o devido espa\u00e7o nas discuss\u00f5es p\u00fablicas. \u201cCom o trabalho realizado no Parlamento Estadual, conseguimos colocar este assunto na mesa de importantes autoridades e institui\u00e7\u00f5es\u201d, concluiu.<\/p>\n\n\n\n<p>Ao final do evento, o parlamentar entregou mo\u00e7\u00f5es de aplauso a todos os envolvidos na constru\u00e7\u00e3o de pol\u00edticas de inclus\u00e3o em Mato Grosso, em especial \u00e0queles que atuam diretamente na causa da dislexia.<\/p>\n","protected":false},"excerpt":{"rendered":"<p>H\u00e1 quase uma d\u00e9cada, o tema da dislexia come\u00e7ou a ganhar espa\u00e7o em Mato Grosso e se tornou vis\u00edvel perante a sociedade, inspirando outros estados brasileiros a ampliarem o debate sobre o transtorno e promoverem a inclus\u00e3o social. Esse avan\u00e7o tem a marca do deputado estadual Wilson Santos (PSD), que desde o in\u00edcio apoiou e [&hellip;]<\/p>\n","protected":false},"author":4,"featured_media":1931,"comment_status":"closed","ping_status":"open","sticky":false,"template":"","format":"standard","meta":{"footnotes":""},"categories":[13],"tags":[],"yoast_head":"<!-- This site is optimized with the Yoast SEO Premium plugin v21.5 (Yoast SEO v21.4) - https:\/\/yoast.com\/wordpress\/plugins\/seo\/ -->\n<title>Wilson Santos consolida Mato Grosso como refer\u00eancia nacional na causa da dislexia - wilsonsantosmt.com.br<\/title>\n<meta name=\"robots\" content=\"index, follow, max-snippet:-1, max-image-preview:large, max-video-preview:-1\" \/>\n<link rel=\"canonical\" href=\"https:\/\/wilsonsantosmt.com.br\/index.php\/2025\/10\/07\/wilson-santos-consolida-mato-grosso-como-referencia-nacional-na-causa-da-dislexia\/\" \/>\n<meta property=\"og:locale\" content=\"pt_BR\" \/>\n<meta property=\"og:type\" content=\"article\" \/>\n<meta property=\"og:title\" content=\"Wilson Santos consolida Mato Grosso como refer\u00eancia nacional na causa da dislexia\" \/>\n<meta property=\"og:description\" content=\"H\u00e1 quase uma d\u00e9cada, o tema da dislexia come\u00e7ou a ganhar espa\u00e7o em Mato Grosso e se tornou vis\u00edvel perante a sociedade, inspirando outros estados brasileiros a ampliarem o debate sobre o transtorno e promoverem a inclus\u00e3o social. Esse avan\u00e7o tem a marca do deputado estadual Wilson Santos (PSD), que desde o in\u00edcio apoiou e [&hellip;]\" \/>\n<meta property=\"og:url\" content=\"https:\/\/wilsonsantosmt.com.br\/index.php\/2025\/10\/07\/wilson-santos-consolida-mato-grosso-como-referencia-nacional-na-causa-da-dislexia\/\" \/>\n<meta property=\"og:site_name\" content=\"wilsonsantosmt.com.br\" \/>\n<meta property=\"article:publisher\" content=\"https:\/\/www.facebook.com\/WilsonSantosMT\/\" \/>\n<meta property=\"article:published_time\" content=\"2025-10-07T19:08:37+00:00\" \/>\n<meta property=\"article:modified_time\" content=\"2025-10-08T19:11:30+00:00\" \/>\n<meta property=\"og:image\" content=\"http:\/\/wilsonsantosmt.com.br\/wp-content\/uploads\/2025\/10\/718b46f3ed85269602d6527def2e8f5268e480cd908ac-scaled.jpg\" \/>\n\t<meta property=\"og:image:width\" content=\"2560\" \/>\n\t<meta property=\"og:image:height\" content=\"1707\" \/>\n\t<meta property=\"og:image:type\" content=\"image\/jpeg\" \/>\n<meta name=\"author\" content=\"Samantha dos Anjos\" \/>\n<meta name=\"twitter:card\" content=\"summary_large_image\" \/>\n<meta name=\"twitter:label1\" content=\"Escrito por\" \/>\n\t<meta name=\"twitter:data1\" content=\"Samantha dos Anjos\" \/>\n\t<meta name=\"twitter:label2\" content=\"Est. tempo de leitura\" \/>\n\t<meta name=\"twitter:data2\" content=\"4 minutos\" \/>\n<script type=\"application\/ld+json\" class=\"yoast-schema-graph\">{\"@context\":\"https:\/\/schema.org\",\"@graph\":[{\"@type\":\"Article\",\"@id\":\"https:\/\/wilsonsantosmt.com.br\/index.php\/2025\/10\/07\/wilson-santos-consolida-mato-grosso-como-referencia-nacional-na-causa-da-dislexia\/#article\",\"isPartOf\":{\"@id\":\"https:\/\/wilsonsantosmt.com.br\/index.php\/2025\/10\/07\/wilson-santos-consolida-mato-grosso-como-referencia-nacional-na-causa-da-dislexia\/\"},\"author\":{\"name\":\"Samantha dos Anjos\",\"@id\":\"https:\/\/wilsonsantosmt.com.br\/#\/schema\/person\/1d097ee45f526dd0455dbad8c679932c\"},\"headline\":\"Wilson Santos consolida Mato Grosso como refer\u00eancia nacional na causa da dislexia\",\"datePublished\":\"2025-10-07T19:08:37+00:00\",\"dateModified\":\"2025-10-08T19:11:30+00:00\",\"mainEntityOfPage\":{\"@id\":\"https:\/\/wilsonsantosmt.com.br\/index.php\/2025\/10\/07\/wilson-santos-consolida-mato-grosso-como-referencia-nacional-na-causa-da-dislexia\/\"},\"wordCount\":648,\"publisher\":{\"@id\":\"https:\/\/wilsonsantosmt.com.br\/#\/schema\/person\/9de3c54961637a9eadb16bcbf895b1ef\"},\"articleSection\":[\"Not\u00edcias\"],\"inLanguage\":\"pt-BR\"},{\"@type\":\"WebPage\",\"@id\":\"https:\/\/wilsonsantosmt.com.br\/index.php\/2025\/10\/07\/wilson-santos-consolida-mato-grosso-como-referencia-nacional-na-causa-da-dislexia\/\",\"url\":\"https:\/\/wilsonsantosmt.com.br\/index.php\/2025\/10\/07\/wilson-santos-consolida-mato-grosso-como-referencia-nacional-na-causa-da-dislexia\/\",\"name\":\"Wilson Santos consolida Mato Grosso como refer\u00eancia nacional na causa da dislexia - wilsonsantosmt.com.br\",\"isPartOf\":{\"@id\":\"https:\/\/wilsonsantosmt.com.br\/#website\"},\"datePublished\":\"2025-10-07T19:08:37+00:00\",\"dateModified\":\"2025-10-08T19:11:30+00:00\",\"breadcrumb\":{\"@id\":\"https:\/\/wilsonsantosmt.com.br\/index.php\/2025\/10\/07\/wilson-santos-consolida-mato-grosso-como-referencia-nacional-na-causa-da-dislexia\/#breadcrumb\"},\"inLanguage\":\"pt-BR\",\"potentialAction\":[{\"@type\":\"ReadAction\",\"target\":[\"https:\/\/wilsonsantosmt.com.br\/index.php\/2025\/10\/07\/wilson-santos-consolida-mato-grosso-como-referencia-nacional-na-causa-da-dislexia\/\"]}]},{\"@type\":\"BreadcrumbList\",\"@id\":\"https:\/\/wilsonsantosmt.com.br\/index.php\/2025\/10\/07\/wilson-santos-consolida-mato-grosso-como-referencia-nacional-na-causa-da-dislexia\/#breadcrumb\",\"itemListElement\":[{\"@type\":\"ListItem\",\"position\":1,\"name\":\"In\u00edcio\",\"item\":\"https:\/\/wilsonsantosmt.com.br\/\"},{\"@type\":\"ListItem\",\"position\":2,\"name\":\"Not\u00edcias\",\"item\":\"https:\/\/wilsonsantosmt.com.br\/index.php\/category\/noticias\/\"},{\"@type\":\"ListItem\",\"position\":3,\"name\":\"Wilson Santos consolida Mato Grosso como refer\u00eancia nacional na causa da dislexia\"}]},{\"@type\":\"WebSite\",\"@id\":\"https:\/\/wilsonsantosmt.com.br\/#website\",\"url\":\"https:\/\/wilsonsantosmt.com.br\/\",\"name\":\"wilsonsantosmt.com.br\",\"description\":\"\",\"publisher\":{\"@id\":\"https:\/\/wilsonsantosmt.com.br\/#\/schema\/person\/9de3c54961637a9eadb16bcbf895b1ef\"},\"potentialAction\":[{\"@type\":\"SearchAction\",\"target\":{\"@type\":\"EntryPoint\",\"urlTemplate\":\"https:\/\/wilsonsantosmt.com.br\/?s={search_term_string}\"},\"query-input\":\"required name=search_term_string\"}],\"inLanguage\":\"pt-BR\"},{\"@type\":[\"Person\",\"Organization\"],\"@id\":\"https:\/\/wilsonsantosmt.com.br\/#\/schema\/person\/9de3c54961637a9eadb16bcbf895b1ef\",\"name\":\"Wilson Santos\",\"image\":{\"@type\":\"ImageObject\",\"inLanguage\":\"pt-BR\",\"@id\":\"https:\/\/wilsonsantosmt.com.br\/#\/schema\/person\/image\/\",\"url\":\"https:\/\/wilsonsantosmt.com.br\/wp-content\/uploads\/2023\/11\/310828673_653254583023360_8795459643194608438_n.jpg\",\"contentUrl\":\"https:\/\/wilsonsantosmt.com.br\/wp-content\/uploads\/2023\/11\/310828673_653254583023360_8795459643194608438_n.jpg\",\"width\":1078,\"height\":1079,\"caption\":\"Wilson Santos\"},\"logo\":{\"@id\":\"https:\/\/wilsonsantosmt.com.br\/#\/schema\/person\/image\/\"},\"sameAs\":[\"http:\/\/wilsonsantosmt.com.br\",\"https:\/\/www.facebook.com\/WilsonSantosMT\/\",\"https:\/\/www.instagram.com\/wilsonsantosmt\/\",\"https:\/\/www.youtube.com\/@WilsonSantosWS\/videos\",\"https:\/\/pt.wikipedia.org\/wiki\/Wilson_Santos\"],\"honorificPrefix\":\"Sr\",\"gender\":\"masculino\",\"jobTitle\":\"Deputado Estadual\",\"worksFor\":\"Assembleia Legislativa de Mato Grosso\"},{\"@type\":\"Person\",\"@id\":\"https:\/\/wilsonsantosmt.com.br\/#\/schema\/person\/1d097ee45f526dd0455dbad8c679932c\",\"name\":\"Samantha dos Anjos\",\"image\":{\"@type\":\"ImageObject\",\"inLanguage\":\"pt-BR\",\"@id\":\"https:\/\/wilsonsantosmt.com.br\/#\/schema\/person\/image\/\",\"url\":\"https:\/\/secure.gravatar.com\/avatar\/7d8d0b6dd67d134a9fa841bee90c57c7?s=96&d=mm&r=g\",\"contentUrl\":\"https:\/\/secure.gravatar.com\/avatar\/7d8d0b6dd67d134a9fa841bee90c57c7?s=96&d=mm&r=g\",\"caption\":\"Samantha dos Anjos\"},\"url\":\"https:\/\/wilsonsantosmt.com.br\/index.php\/author\/samantha-dos-anjos\/\"}]}<\/script>\n<!-- \/ Yoast SEO Premium plugin. -->","yoast_head_json":{"title":"Wilson Santos consolida Mato Grosso como refer\u00eancia nacional na causa da dislexia - wilsonsantosmt.com.br","robots":{"index":"index","follow":"follow","max-snippet":"max-snippet:-1","max-image-preview":"max-image-preview:large","max-video-preview":"max-video-preview:-1"},"canonical":"https:\/\/wilsonsantosmt.com.br\/index.php\/2025\/10\/07\/wilson-santos-consolida-mato-grosso-como-referencia-nacional-na-causa-da-dislexia\/","og_locale":"pt_BR","og_type":"article","og_title":"Wilson Santos consolida Mato Grosso como refer\u00eancia nacional na causa da dislexia","og_description":"H\u00e1 quase uma d\u00e9cada, o tema da dislexia come\u00e7ou a ganhar espa\u00e7o em Mato Grosso e se tornou vis\u00edvel perante a sociedade, inspirando outros estados brasileiros a ampliarem o debate sobre o transtorno e promoverem a inclus\u00e3o social. Esse avan\u00e7o tem a marca do deputado estadual Wilson Santos (PSD), que desde o in\u00edcio apoiou e [&hellip;]","og_url":"https:\/\/wilsonsantosmt.com.br\/index.php\/2025\/10\/07\/wilson-santos-consolida-mato-grosso-como-referencia-nacional-na-causa-da-dislexia\/","og_site_name":"wilsonsantosmt.com.br","article_publisher":"https:\/\/www.facebook.com\/WilsonSantosMT\/","article_published_time":"2025-10-07T19:08:37+00:00","article_modified_time":"2025-10-08T19:11:30+00:00","og_image":[{"width":2560,"height":1707,"url":"http:\/\/wilsonsantosmt.com.br\/wp-content\/uploads\/2025\/10\/718b46f3ed85269602d6527def2e8f5268e480cd908ac-scaled.jpg","type":"image\/jpeg"}],"author":"Samantha dos Anjos","twitter_card":"summary_large_image","twitter_misc":{"Escrito por":"Samantha dos Anjos","Est. tempo de leitura":"4 minutos"},"schema":{"@context":"https:\/\/schema.org","@graph":[{"@type":"Article","@id":"https:\/\/wilsonsantosmt.com.br\/index.php\/2025\/10\/07\/wilson-santos-consolida-mato-grosso-como-referencia-nacional-na-causa-da-dislexia\/#article","isPartOf":{"@id":"https:\/\/wilsonsantosmt.com.br\/index.php\/2025\/10\/07\/wilson-santos-consolida-mato-grosso-como-referencia-nacional-na-causa-da-dislexia\/"},"author":{"name":"Samantha dos Anjos","@id":"https:\/\/wilsonsantosmt.com.br\/#\/schema\/person\/1d097ee45f526dd0455dbad8c679932c"},"headline":"Wilson Santos consolida Mato Grosso como refer\u00eancia nacional na causa da dislexia","datePublished":"2025-10-07T19:08:37+00:00","dateModified":"2025-10-08T19:11:30+00:00","mainEntityOfPage":{"@id":"https:\/\/wilsonsantosmt.com.br\/index.php\/2025\/10\/07\/wilson-santos-consolida-mato-grosso-como-referencia-nacional-na-causa-da-dislexia\/"},"wordCount":648,"publisher":{"@id":"https:\/\/wilsonsantosmt.com.br\/#\/schema\/person\/9de3c54961637a9eadb16bcbf895b1ef"},"articleSection":["Not\u00edcias"],"inLanguage":"pt-BR"},{"@type":"WebPage","@id":"https:\/\/wilsonsantosmt.com.br\/index.php\/2025\/10\/07\/wilson-santos-consolida-mato-grosso-como-referencia-nacional-na-causa-da-dislexia\/","url":"https:\/\/wilsonsantosmt.com.br\/index.php\/2025\/10\/07\/wilson-santos-consolida-mato-grosso-como-referencia-nacional-na-causa-da-dislexia\/","name":"Wilson Santos consolida Mato Grosso como refer\u00eancia nacional na causa da dislexia - wilsonsantosmt.com.br","isPartOf":{"@id":"https:\/\/wilsonsantosmt.com.br\/#website"},"datePublished":"2025-10-07T19:08:37+00:00","dateModified":"2025-10-08T19:11:30+00:00","breadcrumb":{"@id":"https:\/\/wilsonsantosmt.com.br\/index.php\/2025\/10\/07\/wilson-santos-consolida-mato-grosso-como-referencia-nacional-na-causa-da-dislexia\/#breadcrumb"},"inLanguage":"pt-BR","potentialAction":[{"@type":"ReadAction","target":["https:\/\/wilsonsantosmt.com.br\/index.php\/2025\/10\/07\/wilson-santos-consolida-mato-grosso-como-referencia-nacional-na-causa-da-dislexia\/"]}]},{"@type":"BreadcrumbList","@id":"https:\/\/wilsonsantosmt.com.br\/index.php\/2025\/10\/07\/wilson-santos-consolida-mato-grosso-como-referencia-nacional-na-causa-da-dislexia\/#breadcrumb","itemListElement":[{"@type":"ListItem","position":1,"name":"In\u00edcio","item":"https:\/\/wilsonsantosmt.com.br\/"},{"@type":"ListItem","position":2,"name":"Not\u00edcias","item":"https:\/\/wilsonsantosmt.com.br\/index.php\/category\/noticias\/"},{"@type":"ListItem","position":3,"name":"Wilson Santos consolida Mato Grosso como refer\u00eancia nacional na causa da dislexia"}]},{"@type":"WebSite","@id":"https:\/\/wilsonsantosmt.com.br\/#website","url":"https:\/\/wilsonsantosmt.com.br\/","name":"wilsonsantosmt.com.br","description":"","publisher":{"@id":"https:\/\/wilsonsantosmt.com.br\/#\/schema\/person\/9de3c54961637a9eadb16bcbf895b1ef"},"potentialAction":[{"@type":"SearchAction","target":{"@type":"EntryPoint","urlTemplate":"https:\/\/wilsonsantosmt.com.br\/?s={search_term_string}"},"query-input":"required name=search_term_string"}],"inLanguage":"pt-BR"},{"@type":["Person","Organization"],"@id":"https:\/\/wilsonsantosmt.com.br\/#\/schema\/person\/9de3c54961637a9eadb16bcbf895b1ef","name":"Wilson Santos","image":{"@type":"ImageObject","inLanguage":"pt-BR","@id":"https:\/\/wilsonsantosmt.com.br\/#\/schema\/person\/image\/","url":"https:\/\/wilsonsantosmt.com.br\/wp-content\/uploads\/2023\/11\/310828673_653254583023360_8795459643194608438_n.jpg","contentUrl":"https:\/\/wilsonsantosmt.com.br\/wp-content\/uploads\/2023\/11\/310828673_653254583023360_8795459643194608438_n.jpg","width":1078,"height":1079,"caption":"Wilson Santos"},"logo":{"@id":"https:\/\/wilsonsantosmt.com.br\/#\/schema\/person\/image\/"},"sameAs":["http:\/\/wilsonsantosmt.com.br","https:\/\/www.facebook.com\/WilsonSantosMT\/","https:\/\/www.instagram.com\/wilsonsantosmt\/","https:\/\/www.youtube.com\/@WilsonSantosWS\/videos","https:\/\/pt.wikipedia.org\/wiki\/Wilson_Santos"],"honorificPrefix":"Sr","gender":"masculino","jobTitle":"Deputado Estadual","worksFor":"Assembleia Legislativa de Mato Grosso"},{"@type":"Person","@id":"https:\/\/wilsonsantosmt.com.br\/#\/schema\/person\/1d097ee45f526dd0455dbad8c679932c","name":"Samantha dos Anjos","image":{"@type":"ImageObject","inLanguage":"pt-BR","@id":"https:\/\/wilsonsantosmt.com.br\/#\/schema\/person\/image\/","url":"https:\/\/secure.gravatar.com\/avatar\/7d8d0b6dd67d134a9fa841bee90c57c7?s=96&d=mm&r=g","contentUrl":"https:\/\/secure.gravatar.com\/avatar\/7d8d0b6dd67d134a9fa841bee90c57c7?s=96&d=mm&r=g","caption":"Samantha dos Anjos"},"url":"https:\/\/wilsonsantosmt.com.br\/index.php\/author\/samantha-dos-anjos\/"}]}},"_links":{"self":[{"href":"https:\/\/wilsonsantosmt.com.br\/index.php\/wp-json\/wp\/v2\/posts\/1930"}],"collection":[{"href":"https:\/\/wilsonsantosmt.com.br\/index.php\/wp-json\/wp\/v2\/posts"}],"about":[{"href":"https:\/\/wilsonsantosmt.com.br\/index.php\/wp-json\/wp\/v2\/types\/post"}],"author":[{"embeddable":true,"href":"https:\/\/wilsonsantosmt.com.br\/index.php\/wp-json\/wp\/v2\/users\/4"}],"replies":[{"embeddable":true,"href":"https:\/\/wilsonsantosmt.com.br\/index.php\/wp-json\/wp\/v2\/comments?post=1930"}],"version-history":[{"count":1,"href":"https:\/\/wilsonsantosmt.com.br\/index.php\/wp-json\/wp\/v2\/posts\/1930\/revisions"}],"predecessor-version":[{"id":1932,"href":"https:\/\/wilsonsantosmt.com.br\/index.php\/wp-json\/wp\/v2\/posts\/1930\/revisions\/1932"}],"wp:featuredmedia":[{"embeddable":true,"href":"https:\/\/wilsonsantosmt.com.br\/index.php\/wp-json\/wp\/v2\/media\/1931"}],"wp:attachment":[{"href":"https:\/\/wilsonsantosmt.com.br\/index.php\/wp-json\/wp\/v2\/media?parent=1930"}],"wp:term":[{"taxonomy":"category","embeddable":true,"href":"https:\/\/wilsonsantosmt.com.br\/index.php\/wp-json\/wp\/v2\/categories?post=1930"},{"taxonomy":"post_tag","embeddable":true,"href":"https:\/\/wilsonsantosmt.com.br\/index.php\/wp-json\/wp\/v2\/tags?post=1930"}],"curies":[{"name":"wp","href":"https:\/\/api.w.org\/{rel}","templated":true}]}}