{"id":1933,"date":"2025-10-07T15:11:59","date_gmt":"2025-10-07T19:11:59","guid":{"rendered":"https:\/\/wilsonsantosmt.com.br\/?p=1933"},"modified":"2025-10-08T15:12:41","modified_gmt":"2025-10-08T19:12:41","slug":"wilson-santos-assegura-r-2-milhoes-para-fortalecer-a-saude-em-cuiaba","status":"publish","type":"post","link":"https:\/\/wilsonsantosmt.com.br\/index.php\/2025\/10\/07\/wilson-santos-assegura-r-2-milhoes-para-fortalecer-a-saude-em-cuiaba\/","title":{"rendered":"Wilson Santos assegura R$ 2 milh\u00f5es para fortalecer a sa\u00fade em Cuiab\u00e1"},"content":{"rendered":"\n<p><\/p>\n\n\n\n<p>A emenda parlamentar de R$ 2 milh\u00f5es destinada \u00e0 conclus\u00e3o das obras da Unidade B\u00e1sica de Sa\u00fade (UBS) do bairro S\u00e3o Jo\u00e3o Del Rey, em Cuiab\u00e1, foi o principal assunto tratado, nesta segunda-feira (6), entre o deputado estadual Wilson Santos (PSD) &#8211; autor da emenda &#8211; e a secret\u00e1ria municipal de Sa\u00fade, Danielle Carmona.<\/p>\n\n\n\n<p>Durante o encontro, a gestora municipal agradeceu o apoio e destacou a expectativa para a libera\u00e7\u00e3o dos recursos que permitir\u00e3o o in\u00edcio das obras de reforma e conclus\u00e3o da unidade. Segundo ela, a Secretaria de Sa\u00fade est\u00e1 elaborando um plano de a\u00e7\u00e3o voltado \u00e0 retomada e reforma de unidades de sa\u00fade da capital.<\/p>\n\n\n\n<p>Wilson Santos relembrou a visita que realizou junto de Carmona, em setembro de 2023, em que testemunharam a situa\u00e7\u00e3o da estrutura abandonada da UBS do S\u00e3o Jo\u00e3o Del Rey. Neste per\u00edodo, Danielle atuava como interventora estadual da sa\u00fade de Cuiab\u00e1, durante a interven\u00e7\u00e3o do Governo do Estado no sistema municipal.<\/p>\n\n\n\n<p>\u201cNa \u00e9poca, fizemos o convite \u00e0 Danielle, ent\u00e3o interventora, para visitar a unidade que estava completamente abandonada, tomada pelo mato e lixo, onde deveria funcionar o atendimento m\u00e9dico e odontol\u00f3gico. Foi naquela ocasi\u00e3o que constatamos a urg\u00eancia da obra e destinamos R$ 2 milh\u00f5es para a sua reforma. Ficamos satisfeitos em colaborar para que a popula\u00e7\u00e3o daquela regi\u00e3o &#8211; com mais de 10 mil fam\u00edlias &#8211; tenha acesso a uma estrutura de sa\u00fade digna\u201d, afirmou o parlamentar.<\/p>\n\n\n\n<p>Em mar\u00e7o deste ano, Wilson Santos formalizou a destina\u00e7\u00e3o da emenda junto ao prefeito de Cuiab\u00e1, Ab\u00edlio Brunini (PL). A unidade, cujas obras come\u00e7aram em 2017, deve finalmente ser conclu\u00edda com os recursos, permitindo melhorias significativas na estrutura f\u00edsica e garantindo melhor atendimento \u00e0 popula\u00e7\u00e3o do bairro S\u00e3o Jo\u00e3o Del Rey e entorno.<\/p>\n","protected":false},"excerpt":{"rendered":"<p>A emenda parlamentar de R$ 2 milh\u00f5es destinada \u00e0 conclus\u00e3o das obras da Unidade B\u00e1sica de Sa\u00fade (UBS) do bairro S\u00e3o Jo\u00e3o Del Rey, em Cuiab\u00e1, foi o principal assunto tratado, nesta segunda-feira (6), entre o deputado estadual Wilson Santos (PSD) &#8211; autor da emenda &#8211; e a secret\u00e1ria municipal de Sa\u00fade, Danielle Carmona. Durante [&hellip;]<\/p>\n","protected":false},"author":4,"featured_media":1934,"comment_status":"closed","ping_status":"open","sticky":false,"template":"","format":"standard","meta":{"footnotes":""},"categories":[13],"tags":[],"yoast_head":"<!-- This site is optimized with the Yoast SEO Premium plugin v21.5 (Yoast SEO v21.4) - https:\/\/yoast.com\/wordpress\/plugins\/seo\/ -->\n<title>Wilson Santos assegura R$ 2 milh\u00f5es para fortalecer a sa\u00fade em Cuiab\u00e1 - wilsonsantosmt.com.br<\/title>\n<meta name=\"robots\" content=\"index, follow, max-snippet:-1, max-image-preview:large, max-video-preview:-1\" \/>\n<link rel=\"canonical\" href=\"https:\/\/wilsonsantosmt.com.br\/index.php\/2025\/10\/07\/wilson-santos-assegura-r-2-milhoes-para-fortalecer-a-saude-em-cuiaba\/\" \/>\n<meta property=\"og:locale\" content=\"pt_BR\" \/>\n<meta property=\"og:type\" content=\"article\" \/>\n<meta property=\"og:title\" content=\"Wilson Santos assegura R$ 2 milh\u00f5es para fortalecer a sa\u00fade em Cuiab\u00e1\" \/>\n<meta property=\"og:description\" content=\"A emenda parlamentar de R$ 2 milh\u00f5es destinada \u00e0 conclus\u00e3o das obras da Unidade B\u00e1sica de Sa\u00fade (UBS) do bairro S\u00e3o Jo\u00e3o Del Rey, em Cuiab\u00e1, foi o principal assunto tratado, nesta segunda-feira (6), entre o deputado estadual Wilson Santos (PSD) &#8211; autor da emenda &#8211; e a secret\u00e1ria municipal de Sa\u00fade, Danielle Carmona. Durante [&hellip;]\" \/>\n<meta property=\"og:url\" content=\"https:\/\/wilsonsantosmt.com.br\/index.php\/2025\/10\/07\/wilson-santos-assegura-r-2-milhoes-para-fortalecer-a-saude-em-cuiaba\/\" \/>\n<meta property=\"og:site_name\" content=\"wilsonsantosmt.com.br\" \/>\n<meta property=\"article:publisher\" content=\"https:\/\/www.facebook.com\/WilsonSantosMT\/\" \/>\n<meta property=\"article:published_time\" content=\"2025-10-07T19:11:59+00:00\" \/>\n<meta property=\"article:modified_time\" content=\"2025-10-08T19:12:41+00:00\" \/>\n<meta property=\"og:image\" content=\"http:\/\/wilsonsantosmt.com.br\/wp-content\/uploads\/2025\/10\/WhatsApp-Image-2025-10-06-at-15.55.40.jpeg\" \/>\n\t<meta property=\"og:image:width\" content=\"1280\" \/>\n\t<meta property=\"og:image:height\" content=\"720\" \/>\n\t<meta property=\"og:image:type\" content=\"image\/jpeg\" \/>\n<meta name=\"author\" content=\"Samantha dos Anjos\" \/>\n<meta name=\"twitter:card\" content=\"summary_large_image\" \/>\n<meta name=\"twitter:label1\" content=\"Escrito por\" \/>\n\t<meta name=\"twitter:data1\" content=\"Samantha dos Anjos\" \/>\n\t<meta name=\"twitter:label2\" content=\"Est. tempo de leitura\" \/>\n\t<meta name=\"twitter:data2\" content=\"2 minutos\" \/>\n<script type=\"application\/ld+json\" class=\"yoast-schema-graph\">{\"@context\":\"https:\/\/schema.org\",\"@graph\":[{\"@type\":\"Article\",\"@id\":\"https:\/\/wilsonsantosmt.com.br\/index.php\/2025\/10\/07\/wilson-santos-assegura-r-2-milhoes-para-fortalecer-a-saude-em-cuiaba\/#article\",\"isPartOf\":{\"@id\":\"https:\/\/wilsonsantosmt.com.br\/index.php\/2025\/10\/07\/wilson-santos-assegura-r-2-milhoes-para-fortalecer-a-saude-em-cuiaba\/\"},\"author\":{\"name\":\"Samantha dos Anjos\",\"@id\":\"https:\/\/wilsonsantosmt.com.br\/#\/schema\/person\/1d097ee45f526dd0455dbad8c679932c\"},\"headline\":\"Wilson Santos assegura R$ 2 milh\u00f5es para fortalecer a sa\u00fade em Cuiab\u00e1\",\"datePublished\":\"2025-10-07T19:11:59+00:00\",\"dateModified\":\"2025-10-08T19:12:41+00:00\",\"mainEntityOfPage\":{\"@id\":\"https:\/\/wilsonsantosmt.com.br\/index.php\/2025\/10\/07\/wilson-santos-assegura-r-2-milhoes-para-fortalecer-a-saude-em-cuiaba\/\"},\"wordCount\":330,\"publisher\":{\"@id\":\"https:\/\/wilsonsantosmt.com.br\/#\/schema\/person\/9de3c54961637a9eadb16bcbf895b1ef\"},\"articleSection\":[\"Not\u00edcias\"],\"inLanguage\":\"pt-BR\"},{\"@type\":\"WebPage\",\"@id\":\"https:\/\/wilsonsantosmt.com.br\/index.php\/2025\/10\/07\/wilson-santos-assegura-r-2-milhoes-para-fortalecer-a-saude-em-cuiaba\/\",\"url\":\"https:\/\/wilsonsantosmt.com.br\/index.php\/2025\/10\/07\/wilson-santos-assegura-r-2-milhoes-para-fortalecer-a-saude-em-cuiaba\/\",\"name\":\"Wilson Santos assegura R$ 2 milh\u00f5es para fortalecer a sa\u00fade em Cuiab\u00e1 - wilsonsantosmt.com.br\",\"isPartOf\":{\"@id\":\"https:\/\/wilsonsantosmt.com.br\/#website\"},\"datePublished\":\"2025-10-07T19:11:59+00:00\",\"dateModified\":\"2025-10-08T19:12:41+00:00\",\"breadcrumb\":{\"@id\":\"https:\/\/wilsonsantosmt.com.br\/index.php\/2025\/10\/07\/wilson-santos-assegura-r-2-milhoes-para-fortalecer-a-saude-em-cuiaba\/#breadcrumb\"},\"inLanguage\":\"pt-BR\",\"potentialAction\":[{\"@type\":\"ReadAction\",\"target\":[\"https:\/\/wilsonsantosmt.com.br\/index.php\/2025\/10\/07\/wilson-santos-assegura-r-2-milhoes-para-fortalecer-a-saude-em-cuiaba\/\"]}]},{\"@type\":\"BreadcrumbList\",\"@id\":\"https:\/\/wilsonsantosmt.com.br\/index.php\/2025\/10\/07\/wilson-santos-assegura-r-2-milhoes-para-fortalecer-a-saude-em-cuiaba\/#breadcrumb\",\"itemListElement\":[{\"@type\":\"ListItem\",\"position\":1,\"name\":\"In\u00edcio\",\"item\":\"https:\/\/wilsonsantosmt.com.br\/\"},{\"@type\":\"ListItem\",\"position\":2,\"name\":\"Not\u00edcias\",\"item\":\"https:\/\/wilsonsantosmt.com.br\/index.php\/category\/noticias\/\"},{\"@type\":\"ListItem\",\"position\":3,\"name\":\"Wilson Santos assegura R$ 2 milh\u00f5es para fortalecer a sa\u00fade em Cuiab\u00e1\"}]},{\"@type\":\"WebSite\",\"@id\":\"https:\/\/wilsonsantosmt.com.br\/#website\",\"url\":\"https:\/\/wilsonsantosmt.com.br\/\",\"name\":\"wilsonsantosmt.com.br\",\"description\":\"\",\"publisher\":{\"@id\":\"https:\/\/wilsonsantosmt.com.br\/#\/schema\/person\/9de3c54961637a9eadb16bcbf895b1ef\"},\"potentialAction\":[{\"@type\":\"SearchAction\",\"target\":{\"@type\":\"EntryPoint\",\"urlTemplate\":\"https:\/\/wilsonsantosmt.com.br\/?s={search_term_string}\"},\"query-input\":\"required name=search_term_string\"}],\"inLanguage\":\"pt-BR\"},{\"@type\":[\"Person\",\"Organization\"],\"@id\":\"https:\/\/wilsonsantosmt.com.br\/#\/schema\/person\/9de3c54961637a9eadb16bcbf895b1ef\",\"name\":\"Wilson Santos\",\"image\":{\"@type\":\"ImageObject\",\"inLanguage\":\"pt-BR\",\"@id\":\"https:\/\/wilsonsantosmt.com.br\/#\/schema\/person\/image\/\",\"url\":\"https:\/\/wilsonsantosmt.com.br\/wp-content\/uploads\/2023\/11\/310828673_653254583023360_8795459643194608438_n.jpg\",\"contentUrl\":\"https:\/\/wilsonsantosmt.com.br\/wp-content\/uploads\/2023\/11\/310828673_653254583023360_8795459643194608438_n.jpg\",\"width\":1078,\"height\":1079,\"caption\":\"Wilson Santos\"},\"logo\":{\"@id\":\"https:\/\/wilsonsantosmt.com.br\/#\/schema\/person\/image\/\"},\"sameAs\":[\"http:\/\/wilsonsantosmt.com.br\",\"https:\/\/www.facebook.com\/WilsonSantosMT\/\",\"https:\/\/www.instagram.com\/wilsonsantosmt\/\",\"https:\/\/www.youtube.com\/@WilsonSantosWS\/videos\",\"https:\/\/pt.wikipedia.org\/wiki\/Wilson_Santos\"],\"honorificPrefix\":\"Sr\",\"gender\":\"masculino\",\"jobTitle\":\"Deputado Estadual\",\"worksFor\":\"Assembleia Legislativa de Mato Grosso\"},{\"@type\":\"Person\",\"@id\":\"https:\/\/wilsonsantosmt.com.br\/#\/schema\/person\/1d097ee45f526dd0455dbad8c679932c\",\"name\":\"Samantha dos Anjos\",\"image\":{\"@type\":\"ImageObject\",\"inLanguage\":\"pt-BR\",\"@id\":\"https:\/\/wilsonsantosmt.com.br\/#\/schema\/person\/image\/\",\"url\":\"https:\/\/secure.gravatar.com\/avatar\/7d8d0b6dd67d134a9fa841bee90c57c7?s=96&d=mm&r=g\",\"contentUrl\":\"https:\/\/secure.gravatar.com\/avatar\/7d8d0b6dd67d134a9fa841bee90c57c7?s=96&d=mm&r=g\",\"caption\":\"Samantha dos Anjos\"},\"url\":\"https:\/\/wilsonsantosmt.com.br\/index.php\/author\/samantha-dos-anjos\/\"}]}<\/script>\n<!-- \/ Yoast SEO Premium plugin. -->","yoast_head_json":{"title":"Wilson Santos assegura R$ 2 milh\u00f5es para fortalecer a sa\u00fade em Cuiab\u00e1 - wilsonsantosmt.com.br","robots":{"index":"index","follow":"follow","max-snippet":"max-snippet:-1","max-image-preview":"max-image-preview:large","max-video-preview":"max-video-preview:-1"},"canonical":"https:\/\/wilsonsantosmt.com.br\/index.php\/2025\/10\/07\/wilson-santos-assegura-r-2-milhoes-para-fortalecer-a-saude-em-cuiaba\/","og_locale":"pt_BR","og_type":"article","og_title":"Wilson Santos assegura R$ 2 milh\u00f5es para fortalecer a sa\u00fade em Cuiab\u00e1","og_description":"A emenda parlamentar de R$ 2 milh\u00f5es destinada \u00e0 conclus\u00e3o das obras da Unidade B\u00e1sica de Sa\u00fade (UBS) do bairro S\u00e3o Jo\u00e3o Del Rey, em Cuiab\u00e1, foi o principal assunto tratado, nesta segunda-feira (6), entre o deputado estadual Wilson Santos (PSD) &#8211; autor da emenda &#8211; e a secret\u00e1ria municipal de Sa\u00fade, Danielle Carmona. Durante [&hellip;]","og_url":"https:\/\/wilsonsantosmt.com.br\/index.php\/2025\/10\/07\/wilson-santos-assegura-r-2-milhoes-para-fortalecer-a-saude-em-cuiaba\/","og_site_name":"wilsonsantosmt.com.br","article_publisher":"https:\/\/www.facebook.com\/WilsonSantosMT\/","article_published_time":"2025-10-07T19:11:59+00:00","article_modified_time":"2025-10-08T19:12:41+00:00","og_image":[{"width":1280,"height":720,"url":"http:\/\/wilsonsantosmt.com.br\/wp-content\/uploads\/2025\/10\/WhatsApp-Image-2025-10-06-at-15.55.40.jpeg","type":"image\/jpeg"}],"author":"Samantha dos Anjos","twitter_card":"summary_large_image","twitter_misc":{"Escrito por":"Samantha dos Anjos","Est. tempo de leitura":"2 minutos"},"schema":{"@context":"https:\/\/schema.org","@graph":[{"@type":"Article","@id":"https:\/\/wilsonsantosmt.com.br\/index.php\/2025\/10\/07\/wilson-santos-assegura-r-2-milhoes-para-fortalecer-a-saude-em-cuiaba\/#article","isPartOf":{"@id":"https:\/\/wilsonsantosmt.com.br\/index.php\/2025\/10\/07\/wilson-santos-assegura-r-2-milhoes-para-fortalecer-a-saude-em-cuiaba\/"},"author":{"name":"Samantha dos Anjos","@id":"https:\/\/wilsonsantosmt.com.br\/#\/schema\/person\/1d097ee45f526dd0455dbad8c679932c"},"headline":"Wilson Santos assegura R$ 2 milh\u00f5es para fortalecer a sa\u00fade em Cuiab\u00e1","datePublished":"2025-10-07T19:11:59+00:00","dateModified":"2025-10-08T19:12:41+00:00","mainEntityOfPage":{"@id":"https:\/\/wilsonsantosmt.com.br\/index.php\/2025\/10\/07\/wilson-santos-assegura-r-2-milhoes-para-fortalecer-a-saude-em-cuiaba\/"},"wordCount":330,"publisher":{"@id":"https:\/\/wilsonsantosmt.com.br\/#\/schema\/person\/9de3c54961637a9eadb16bcbf895b1ef"},"articleSection":["Not\u00edcias"],"inLanguage":"pt-BR"},{"@type":"WebPage","@id":"https:\/\/wilsonsantosmt.com.br\/index.php\/2025\/10\/07\/wilson-santos-assegura-r-2-milhoes-para-fortalecer-a-saude-em-cuiaba\/","url":"https:\/\/wilsonsantosmt.com.br\/index.php\/2025\/10\/07\/wilson-santos-assegura-r-2-milhoes-para-fortalecer-a-saude-em-cuiaba\/","name":"Wilson Santos assegura R$ 2 milh\u00f5es para fortalecer a sa\u00fade em Cuiab\u00e1 - wilsonsantosmt.com.br","isPartOf":{"@id":"https:\/\/wilsonsantosmt.com.br\/#website"},"datePublished":"2025-10-07T19:11:59+00:00","dateModified":"2025-10-08T19:12:41+00:00","breadcrumb":{"@id":"https:\/\/wilsonsantosmt.com.br\/index.php\/2025\/10\/07\/wilson-santos-assegura-r-2-milhoes-para-fortalecer-a-saude-em-cuiaba\/#breadcrumb"},"inLanguage":"pt-BR","potentialAction":[{"@type":"ReadAction","target":["https:\/\/wilsonsantosmt.com.br\/index.php\/2025\/10\/07\/wilson-santos-assegura-r-2-milhoes-para-fortalecer-a-saude-em-cuiaba\/"]}]},{"@type":"BreadcrumbList","@id":"https:\/\/wilsonsantosmt.com.br\/index.php\/2025\/10\/07\/wilson-santos-assegura-r-2-milhoes-para-fortalecer-a-saude-em-cuiaba\/#breadcrumb","itemListElement":[{"@type":"ListItem","position":1,"name":"In\u00edcio","item":"https:\/\/wilsonsantosmt.com.br\/"},{"@type":"ListItem","position":2,"name":"Not\u00edcias","item":"https:\/\/wilsonsantosmt.com.br\/index.php\/category\/noticias\/"},{"@type":"ListItem","position":3,"name":"Wilson Santos assegura R$ 2 milh\u00f5es para fortalecer a sa\u00fade em Cuiab\u00e1"}]},{"@type":"WebSite","@id":"https:\/\/wilsonsantosmt.com.br\/#website","url":"https:\/\/wilsonsantosmt.com.br\/","name":"wilsonsantosmt.com.br","description":"","publisher":{"@id":"https:\/\/wilsonsantosmt.com.br\/#\/schema\/person\/9de3c54961637a9eadb16bcbf895b1ef"},"potentialAction":[{"@type":"SearchAction","target":{"@type":"EntryPoint","urlTemplate":"https:\/\/wilsonsantosmt.com.br\/?s={search_term_string}"},"query-input":"required name=search_term_string"}],"inLanguage":"pt-BR"},{"@type":["Person","Organization"],"@id":"https:\/\/wilsonsantosmt.com.br\/#\/schema\/person\/9de3c54961637a9eadb16bcbf895b1ef","name":"Wilson Santos","image":{"@type":"ImageObject","inLanguage":"pt-BR","@id":"https:\/\/wilsonsantosmt.com.br\/#\/schema\/person\/image\/","url":"https:\/\/wilsonsantosmt.com.br\/wp-content\/uploads\/2023\/11\/310828673_653254583023360_8795459643194608438_n.jpg","contentUrl":"https:\/\/wilsonsantosmt.com.br\/wp-content\/uploads\/2023\/11\/310828673_653254583023360_8795459643194608438_n.jpg","width":1078,"height":1079,"caption":"Wilson Santos"},"logo":{"@id":"https:\/\/wilsonsantosmt.com.br\/#\/schema\/person\/image\/"},"sameAs":["http:\/\/wilsonsantosmt.com.br","https:\/\/www.facebook.com\/WilsonSantosMT\/","https:\/\/www.instagram.com\/wilsonsantosmt\/","https:\/\/www.youtube.com\/@WilsonSantosWS\/videos","https:\/\/pt.wikipedia.org\/wiki\/Wilson_Santos"],"honorificPrefix":"Sr","gender":"masculino","jobTitle":"Deputado Estadual","worksFor":"Assembleia Legislativa de Mato Grosso"},{"@type":"Person","@id":"https:\/\/wilsonsantosmt.com.br\/#\/schema\/person\/1d097ee45f526dd0455dbad8c679932c","name":"Samantha dos Anjos","image":{"@type":"ImageObject","inLanguage":"pt-BR","@id":"https:\/\/wilsonsantosmt.com.br\/#\/schema\/person\/image\/","url":"https:\/\/secure.gravatar.com\/avatar\/7d8d0b6dd67d134a9fa841bee90c57c7?s=96&d=mm&r=g","contentUrl":"https:\/\/secure.gravatar.com\/avatar\/7d8d0b6dd67d134a9fa841bee90c57c7?s=96&d=mm&r=g","caption":"Samantha dos Anjos"},"url":"https:\/\/wilsonsantosmt.com.br\/index.php\/author\/samantha-dos-anjos\/"}]}},"_links":{"self":[{"href":"https:\/\/wilsonsantosmt.com.br\/index.php\/wp-json\/wp\/v2\/posts\/1933"}],"collection":[{"href":"https:\/\/wilsonsantosmt.com.br\/index.php\/wp-json\/wp\/v2\/posts"}],"about":[{"href":"https:\/\/wilsonsantosmt.com.br\/index.php\/wp-json\/wp\/v2\/types\/post"}],"author":[{"embeddable":true,"href":"https:\/\/wilsonsantosmt.com.br\/index.php\/wp-json\/wp\/v2\/users\/4"}],"replies":[{"embeddable":true,"href":"https:\/\/wilsonsantosmt.com.br\/index.php\/wp-json\/wp\/v2\/comments?post=1933"}],"version-history":[{"count":1,"href":"https:\/\/wilsonsantosmt.com.br\/index.php\/wp-json\/wp\/v2\/posts\/1933\/revisions"}],"predecessor-version":[{"id":1935,"href":"https:\/\/wilsonsantosmt.com.br\/index.php\/wp-json\/wp\/v2\/posts\/1933\/revisions\/1935"}],"wp:featuredmedia":[{"embeddable":true,"href":"https:\/\/wilsonsantosmt.com.br\/index.php\/wp-json\/wp\/v2\/media\/1934"}],"wp:attachment":[{"href":"https:\/\/wilsonsantosmt.com.br\/index.php\/wp-json\/wp\/v2\/media?parent=1933"}],"wp:term":[{"taxonomy":"category","embeddable":true,"href":"https:\/\/wilsonsantosmt.com.br\/index.php\/wp-json\/wp\/v2\/categories?post=1933"},{"taxonomy":"post_tag","embeddable":true,"href":"https:\/\/wilsonsantosmt.com.br\/index.php\/wp-json\/wp\/v2\/tags?post=1933"}],"curies":[{"name":"wp","href":"https:\/\/api.w.org\/{rel}","templated":true}]}}