{"id":1936,"date":"2025-10-07T09:13:00","date_gmt":"2025-10-07T13:13:00","guid":{"rendered":"https:\/\/wilsonsantosmt.com.br\/?p=1936"},"modified":"2025-10-08T15:15:44","modified_gmt":"2025-10-08T19:15:44","slug":"audiencia-publica-debate-uso-do-fundo-previdenciario-em-emprestimos-consignados-nesta-terca-feira-7","status":"publish","type":"post","link":"https:\/\/wilsonsantosmt.com.br\/index.php\/2025\/10\/07\/audiencia-publica-debate-uso-do-fundo-previdenciario-em-emprestimos-consignados-nesta-terca-feira-7\/","title":{"rendered":"Audi\u00eancia p\u00fablica debate uso do Fundo Previdenci\u00e1rio em empr\u00e9stimos consignados nesta ter\u00e7a-feira (7)"},"content":{"rendered":"\n<p><\/p>\n\n\n\n<p>A Assembleia Legislativa de Mato Grosso (ALMT), por meio de requerimento n.\u00b0 616\/2025 do deputado estadual Wilson Santos (PSD), realiza nesta ter\u00e7a-feira (6), \u00e0s 14h, no plen\u00e1rio das Delibera\u00e7\u00f5es \u201cDeputado Ren\u00ea Barbour\u201d, audi\u00eancia p\u00fablica a fim de discutir a utiliza\u00e7\u00e3o de recursos do Fundo Previdenci\u00e1rio (Funprev-MT), vinculado \u00e0 Mato Grosso Previd\u00eancia (MTPREV), em opera\u00e7\u00f5es de empr\u00e9stimos consignados para servidores p\u00fablicos. A reuni\u00e3o contar\u00e1 com a presen\u00e7a do presidente da entidade gestora, Elliton Oliveira de Souza, como, tamb\u00e9m, de lideran\u00e7as sindicais, autoridades pol\u00edticas, representantes de \u00f3rg\u00e3os p\u00fablicos, servidores p\u00fablicos, entre outros.<\/p>\n\n\n\n<p>\u201cPrecisamos discutir a situa\u00e7\u00e3o dos servidores p\u00fablicos que contra\u00edram empr\u00e9stimos consignados ou que foram lesados por este sistema rentista que, muitas vezes, se aproveita da boa-f\u00e9 do servidor, apresenta contratos fantasmas e cobra taxas abusivas. Hoje, h\u00e1 cerca de R$ 2 bilh\u00f5es no fundo previdenci\u00e1rio do estado e a legisla\u00e7\u00e3o permite a utiliza\u00e7\u00e3o de at\u00e9 10% desse montante em opera\u00e7\u00f5es de cr\u00e9dito consignado, at\u00e9 mesmo, com juros menores\u201d, destacou o parlamentar.<\/p>\n\n\n\n<p>De acordo com a proposta, \u00e9 avaliada a viabilidade de destinar R$ 200 milh\u00f5es do fundo previdenci\u00e1rio \u2013 que se refere aos 10% do patrim\u00f4nio l\u00edquido dos recursos formados por aposentados e pensionistas de Mato Grosso, para a cria\u00e7\u00e3o de uma linha de cr\u00e9dito espec\u00edfica para servidores p\u00fablicos estaduais. O Governo de Mato Grosso \u2013 por meio da Secretaria de Estado da Fazenda (Sefaz) \u2013 no dia 17 de setembro, j\u00e1 manifestou interesse em comprar d\u00edvidas de opera\u00e7\u00f5es de cr\u00e9dito consignado de servidores ativos e inativos com o uso deste recurso.<\/p>\n\n\n\n<p>Conforme emenda constitucional n.\u00b0 103\/2019, autoriza que os Regimes Pr\u00f3prios de Previd\u00eancia Social (RPPS) direcionem os seus recursos para a concess\u00e3o de empr\u00e9stimos consignados e a Resolu\u00e7\u00e3o do Conselho Monet\u00e1rio Nacional (CMN) n.\u00b0 4.963\/2021 estabelece regras e condi\u00e7\u00f5es para a mesma finalidade \u2013 institu\u00eddos pela Uni\u00e3o, pelos Estados, Distrito Federal e munic\u00edpios.<\/p>\n\n\n\n<p>Servi\u00e7o:<br>Evento: Audi\u00eancia p\u00fablica a fim de discutir a utiliza\u00e7\u00e3o de recursos do Fundo Previdenci\u00e1rio (Funprev-MT), vinculado \u00e0 Mato Grosso Previd\u00eancia (MTPREV), em opera\u00e7\u00f5es de empr\u00e9stimos consignados para servidores p\u00fablicos<br>Data: 07 de outubro (ter\u00e7a-feira)<br>Hor\u00e1rio: 14h<br>Local: Plen\u00e1rio das Delibera\u00e7\u00f5es \u201cDeputado Ren\u00ea Barbour\u201d \u2013 na Assembleia Legislativa<br>Informa\u00e7\u00f5es: Samantha dos Anjos \u2013 Assessoria de Imprensa<br>Contatos: (65) 98102-7740 (WhatsApp) \/ (65) 99639-9715 (liga\u00e7\u00e3o)<\/p>\n","protected":false},"excerpt":{"rendered":"<p>A Assembleia Legislativa de Mato Grosso (ALMT), por meio de requerimento n.\u00b0 616\/2025 do deputado estadual Wilson Santos (PSD), realiza nesta ter\u00e7a-feira (6), \u00e0s 14h, no plen\u00e1rio das Delibera\u00e7\u00f5es \u201cDeputado Ren\u00ea Barbour\u201d, audi\u00eancia p\u00fablica a fim de discutir a utiliza\u00e7\u00e3o de recursos do Fundo Previdenci\u00e1rio (Funprev-MT), vinculado \u00e0 Mato Grosso Previd\u00eancia (MTPREV), em opera\u00e7\u00f5es de [&hellip;]<\/p>\n","protected":false},"author":4,"featured_media":1941,"comment_status":"closed","ping_status":"open","sticky":false,"template":"","format":"standard","meta":{"footnotes":""},"categories":[13],"tags":[],"yoast_head":"<!-- This site is optimized with the Yoast SEO Premium plugin v21.5 (Yoast SEO v21.4) - https:\/\/yoast.com\/wordpress\/plugins\/seo\/ -->\n<title>Audi\u00eancia p\u00fablica debate uso do Fundo Previdenci\u00e1rio em empr\u00e9stimos consignados nesta ter\u00e7a-feira (7) - wilsonsantosmt.com.br<\/title>\n<meta name=\"robots\" content=\"index, follow, max-snippet:-1, max-image-preview:large, max-video-preview:-1\" \/>\n<link rel=\"canonical\" href=\"https:\/\/wilsonsantosmt.com.br\/index.php\/2025\/10\/07\/audiencia-publica-debate-uso-do-fundo-previdenciario-em-emprestimos-consignados-nesta-terca-feira-7\/\" \/>\n<meta property=\"og:locale\" content=\"pt_BR\" \/>\n<meta property=\"og:type\" content=\"article\" \/>\n<meta property=\"og:title\" content=\"Audi\u00eancia p\u00fablica debate uso do Fundo Previdenci\u00e1rio em empr\u00e9stimos consignados nesta ter\u00e7a-feira (7)\" \/>\n<meta property=\"og:description\" content=\"A Assembleia Legislativa de Mato Grosso (ALMT), por meio de requerimento n.\u00b0 616\/2025 do deputado estadual Wilson Santos (PSD), realiza nesta ter\u00e7a-feira (6), \u00e0s 14h, no plen\u00e1rio das Delibera\u00e7\u00f5es \u201cDeputado Ren\u00ea Barbour\u201d, audi\u00eancia p\u00fablica a fim de discutir a utiliza\u00e7\u00e3o de recursos do Fundo Previdenci\u00e1rio (Funprev-MT), vinculado \u00e0 Mato Grosso Previd\u00eancia (MTPREV), em opera\u00e7\u00f5es de [&hellip;]\" \/>\n<meta property=\"og:url\" content=\"https:\/\/wilsonsantosmt.com.br\/index.php\/2025\/10\/07\/audiencia-publica-debate-uso-do-fundo-previdenciario-em-emprestimos-consignados-nesta-terca-feira-7\/\" \/>\n<meta property=\"og:site_name\" content=\"wilsonsantosmt.com.br\" \/>\n<meta property=\"article:publisher\" content=\"https:\/\/www.facebook.com\/WilsonSantosMT\/\" \/>\n<meta property=\"article:published_time\" content=\"2025-10-07T13:13:00+00:00\" \/>\n<meta property=\"article:modified_time\" content=\"2025-10-08T19:15:44+00:00\" \/>\n<meta property=\"og:image\" content=\"http:\/\/wilsonsantosmt.com.br\/wp-content\/uploads\/2025\/10\/WhatsApp-Image-2025-10-06-at-13.14.30.jpeg\" \/>\n\t<meta property=\"og:image:width\" content=\"1600\" \/>\n\t<meta property=\"og:image:height\" content=\"1066\" \/>\n\t<meta property=\"og:image:type\" content=\"image\/jpeg\" \/>\n<meta name=\"author\" content=\"Samantha dos Anjos\" \/>\n<meta name=\"twitter:card\" content=\"summary_large_image\" \/>\n<meta name=\"twitter:label1\" content=\"Escrito por\" \/>\n\t<meta name=\"twitter:data1\" content=\"Samantha dos Anjos\" \/>\n\t<meta name=\"twitter:label2\" content=\"Est. tempo de leitura\" \/>\n\t<meta name=\"twitter:data2\" content=\"2 minutos\" \/>\n<script type=\"application\/ld+json\" class=\"yoast-schema-graph\">{\"@context\":\"https:\/\/schema.org\",\"@graph\":[{\"@type\":\"Article\",\"@id\":\"https:\/\/wilsonsantosmt.com.br\/index.php\/2025\/10\/07\/audiencia-publica-debate-uso-do-fundo-previdenciario-em-emprestimos-consignados-nesta-terca-feira-7\/#article\",\"isPartOf\":{\"@id\":\"https:\/\/wilsonsantosmt.com.br\/index.php\/2025\/10\/07\/audiencia-publica-debate-uso-do-fundo-previdenciario-em-emprestimos-consignados-nesta-terca-feira-7\/\"},\"author\":{\"name\":\"Samantha dos Anjos\",\"@id\":\"https:\/\/wilsonsantosmt.com.br\/#\/schema\/person\/1d097ee45f526dd0455dbad8c679932c\"},\"headline\":\"Audi\u00eancia p\u00fablica debate uso do Fundo Previdenci\u00e1rio em empr\u00e9stimos consignados nesta ter\u00e7a-feira (7)\",\"datePublished\":\"2025-10-07T13:13:00+00:00\",\"dateModified\":\"2025-10-08T19:15:44+00:00\",\"mainEntityOfPage\":{\"@id\":\"https:\/\/wilsonsantosmt.com.br\/index.php\/2025\/10\/07\/audiencia-publica-debate-uso-do-fundo-previdenciario-em-emprestimos-consignados-nesta-terca-feira-7\/\"},\"wordCount\":424,\"publisher\":{\"@id\":\"https:\/\/wilsonsantosmt.com.br\/#\/schema\/person\/9de3c54961637a9eadb16bcbf895b1ef\"},\"articleSection\":[\"Not\u00edcias\"],\"inLanguage\":\"pt-BR\"},{\"@type\":\"WebPage\",\"@id\":\"https:\/\/wilsonsantosmt.com.br\/index.php\/2025\/10\/07\/audiencia-publica-debate-uso-do-fundo-previdenciario-em-emprestimos-consignados-nesta-terca-feira-7\/\",\"url\":\"https:\/\/wilsonsantosmt.com.br\/index.php\/2025\/10\/07\/audiencia-publica-debate-uso-do-fundo-previdenciario-em-emprestimos-consignados-nesta-terca-feira-7\/\",\"name\":\"Audi\u00eancia p\u00fablica debate uso do Fundo Previdenci\u00e1rio em empr\u00e9stimos consignados nesta ter\u00e7a-feira (7) - wilsonsantosmt.com.br\",\"isPartOf\":{\"@id\":\"https:\/\/wilsonsantosmt.com.br\/#website\"},\"datePublished\":\"2025-10-07T13:13:00+00:00\",\"dateModified\":\"2025-10-08T19:15:44+00:00\",\"breadcrumb\":{\"@id\":\"https:\/\/wilsonsantosmt.com.br\/index.php\/2025\/10\/07\/audiencia-publica-debate-uso-do-fundo-previdenciario-em-emprestimos-consignados-nesta-terca-feira-7\/#breadcrumb\"},\"inLanguage\":\"pt-BR\",\"potentialAction\":[{\"@type\":\"ReadAction\",\"target\":[\"https:\/\/wilsonsantosmt.com.br\/index.php\/2025\/10\/07\/audiencia-publica-debate-uso-do-fundo-previdenciario-em-emprestimos-consignados-nesta-terca-feira-7\/\"]}]},{\"@type\":\"BreadcrumbList\",\"@id\":\"https:\/\/wilsonsantosmt.com.br\/index.php\/2025\/10\/07\/audiencia-publica-debate-uso-do-fundo-previdenciario-em-emprestimos-consignados-nesta-terca-feira-7\/#breadcrumb\",\"itemListElement\":[{\"@type\":\"ListItem\",\"position\":1,\"name\":\"In\u00edcio\",\"item\":\"https:\/\/wilsonsantosmt.com.br\/\"},{\"@type\":\"ListItem\",\"position\":2,\"name\":\"Not\u00edcias\",\"item\":\"https:\/\/wilsonsantosmt.com.br\/index.php\/category\/noticias\/\"},{\"@type\":\"ListItem\",\"position\":3,\"name\":\"Audi\u00eancia p\u00fablica debate uso do Fundo Previdenci\u00e1rio em empr\u00e9stimos consignados nesta ter\u00e7a-feira (7)\"}]},{\"@type\":\"WebSite\",\"@id\":\"https:\/\/wilsonsantosmt.com.br\/#website\",\"url\":\"https:\/\/wilsonsantosmt.com.br\/\",\"name\":\"wilsonsantosmt.com.br\",\"description\":\"\",\"publisher\":{\"@id\":\"https:\/\/wilsonsantosmt.com.br\/#\/schema\/person\/9de3c54961637a9eadb16bcbf895b1ef\"},\"potentialAction\":[{\"@type\":\"SearchAction\",\"target\":{\"@type\":\"EntryPoint\",\"urlTemplate\":\"https:\/\/wilsonsantosmt.com.br\/?s={search_term_string}\"},\"query-input\":\"required name=search_term_string\"}],\"inLanguage\":\"pt-BR\"},{\"@type\":[\"Person\",\"Organization\"],\"@id\":\"https:\/\/wilsonsantosmt.com.br\/#\/schema\/person\/9de3c54961637a9eadb16bcbf895b1ef\",\"name\":\"Wilson Santos\",\"image\":{\"@type\":\"ImageObject\",\"inLanguage\":\"pt-BR\",\"@id\":\"https:\/\/wilsonsantosmt.com.br\/#\/schema\/person\/image\/\",\"url\":\"https:\/\/wilsonsantosmt.com.br\/wp-content\/uploads\/2023\/11\/310828673_653254583023360_8795459643194608438_n.jpg\",\"contentUrl\":\"https:\/\/wilsonsantosmt.com.br\/wp-content\/uploads\/2023\/11\/310828673_653254583023360_8795459643194608438_n.jpg\",\"width\":1078,\"height\":1079,\"caption\":\"Wilson Santos\"},\"logo\":{\"@id\":\"https:\/\/wilsonsantosmt.com.br\/#\/schema\/person\/image\/\"},\"sameAs\":[\"http:\/\/wilsonsantosmt.com.br\",\"https:\/\/www.facebook.com\/WilsonSantosMT\/\",\"https:\/\/www.instagram.com\/wilsonsantosmt\/\",\"https:\/\/www.youtube.com\/@WilsonSantosWS\/videos\",\"https:\/\/pt.wikipedia.org\/wiki\/Wilson_Santos\"],\"honorificPrefix\":\"Sr\",\"gender\":\"masculino\",\"jobTitle\":\"Deputado Estadual\",\"worksFor\":\"Assembleia Legislativa de Mato Grosso\"},{\"@type\":\"Person\",\"@id\":\"https:\/\/wilsonsantosmt.com.br\/#\/schema\/person\/1d097ee45f526dd0455dbad8c679932c\",\"name\":\"Samantha dos Anjos\",\"image\":{\"@type\":\"ImageObject\",\"inLanguage\":\"pt-BR\",\"@id\":\"https:\/\/wilsonsantosmt.com.br\/#\/schema\/person\/image\/\",\"url\":\"https:\/\/secure.gravatar.com\/avatar\/7d8d0b6dd67d134a9fa841bee90c57c7?s=96&d=mm&r=g\",\"contentUrl\":\"https:\/\/secure.gravatar.com\/avatar\/7d8d0b6dd67d134a9fa841bee90c57c7?s=96&d=mm&r=g\",\"caption\":\"Samantha dos Anjos\"},\"url\":\"https:\/\/wilsonsantosmt.com.br\/index.php\/author\/samantha-dos-anjos\/\"}]}<\/script>\n<!-- \/ Yoast SEO Premium plugin. -->","yoast_head_json":{"title":"Audi\u00eancia p\u00fablica debate uso do Fundo Previdenci\u00e1rio em empr\u00e9stimos consignados nesta ter\u00e7a-feira (7) - wilsonsantosmt.com.br","robots":{"index":"index","follow":"follow","max-snippet":"max-snippet:-1","max-image-preview":"max-image-preview:large","max-video-preview":"max-video-preview:-1"},"canonical":"https:\/\/wilsonsantosmt.com.br\/index.php\/2025\/10\/07\/audiencia-publica-debate-uso-do-fundo-previdenciario-em-emprestimos-consignados-nesta-terca-feira-7\/","og_locale":"pt_BR","og_type":"article","og_title":"Audi\u00eancia p\u00fablica debate uso do Fundo Previdenci\u00e1rio em empr\u00e9stimos consignados nesta ter\u00e7a-feira (7)","og_description":"A Assembleia Legislativa de Mato Grosso (ALMT), por meio de requerimento n.\u00b0 616\/2025 do deputado estadual Wilson Santos (PSD), realiza nesta ter\u00e7a-feira (6), \u00e0s 14h, no plen\u00e1rio das Delibera\u00e7\u00f5es \u201cDeputado Ren\u00ea Barbour\u201d, audi\u00eancia p\u00fablica a fim de discutir a utiliza\u00e7\u00e3o de recursos do Fundo Previdenci\u00e1rio (Funprev-MT), vinculado \u00e0 Mato Grosso Previd\u00eancia (MTPREV), em opera\u00e7\u00f5es de [&hellip;]","og_url":"https:\/\/wilsonsantosmt.com.br\/index.php\/2025\/10\/07\/audiencia-publica-debate-uso-do-fundo-previdenciario-em-emprestimos-consignados-nesta-terca-feira-7\/","og_site_name":"wilsonsantosmt.com.br","article_publisher":"https:\/\/www.facebook.com\/WilsonSantosMT\/","article_published_time":"2025-10-07T13:13:00+00:00","article_modified_time":"2025-10-08T19:15:44+00:00","og_image":[{"width":1600,"height":1066,"url":"http:\/\/wilsonsantosmt.com.br\/wp-content\/uploads\/2025\/10\/WhatsApp-Image-2025-10-06-at-13.14.30.jpeg","type":"image\/jpeg"}],"author":"Samantha dos Anjos","twitter_card":"summary_large_image","twitter_misc":{"Escrito por":"Samantha dos Anjos","Est. tempo de leitura":"2 minutos"},"schema":{"@context":"https:\/\/schema.org","@graph":[{"@type":"Article","@id":"https:\/\/wilsonsantosmt.com.br\/index.php\/2025\/10\/07\/audiencia-publica-debate-uso-do-fundo-previdenciario-em-emprestimos-consignados-nesta-terca-feira-7\/#article","isPartOf":{"@id":"https:\/\/wilsonsantosmt.com.br\/index.php\/2025\/10\/07\/audiencia-publica-debate-uso-do-fundo-previdenciario-em-emprestimos-consignados-nesta-terca-feira-7\/"},"author":{"name":"Samantha dos Anjos","@id":"https:\/\/wilsonsantosmt.com.br\/#\/schema\/person\/1d097ee45f526dd0455dbad8c679932c"},"headline":"Audi\u00eancia p\u00fablica debate uso do Fundo Previdenci\u00e1rio em empr\u00e9stimos consignados nesta ter\u00e7a-feira (7)","datePublished":"2025-10-07T13:13:00+00:00","dateModified":"2025-10-08T19:15:44+00:00","mainEntityOfPage":{"@id":"https:\/\/wilsonsantosmt.com.br\/index.php\/2025\/10\/07\/audiencia-publica-debate-uso-do-fundo-previdenciario-em-emprestimos-consignados-nesta-terca-feira-7\/"},"wordCount":424,"publisher":{"@id":"https:\/\/wilsonsantosmt.com.br\/#\/schema\/person\/9de3c54961637a9eadb16bcbf895b1ef"},"articleSection":["Not\u00edcias"],"inLanguage":"pt-BR"},{"@type":"WebPage","@id":"https:\/\/wilsonsantosmt.com.br\/index.php\/2025\/10\/07\/audiencia-publica-debate-uso-do-fundo-previdenciario-em-emprestimos-consignados-nesta-terca-feira-7\/","url":"https:\/\/wilsonsantosmt.com.br\/index.php\/2025\/10\/07\/audiencia-publica-debate-uso-do-fundo-previdenciario-em-emprestimos-consignados-nesta-terca-feira-7\/","name":"Audi\u00eancia p\u00fablica debate uso do Fundo Previdenci\u00e1rio em empr\u00e9stimos consignados nesta ter\u00e7a-feira (7) - wilsonsantosmt.com.br","isPartOf":{"@id":"https:\/\/wilsonsantosmt.com.br\/#website"},"datePublished":"2025-10-07T13:13:00+00:00","dateModified":"2025-10-08T19:15:44+00:00","breadcrumb":{"@id":"https:\/\/wilsonsantosmt.com.br\/index.php\/2025\/10\/07\/audiencia-publica-debate-uso-do-fundo-previdenciario-em-emprestimos-consignados-nesta-terca-feira-7\/#breadcrumb"},"inLanguage":"pt-BR","potentialAction":[{"@type":"ReadAction","target":["https:\/\/wilsonsantosmt.com.br\/index.php\/2025\/10\/07\/audiencia-publica-debate-uso-do-fundo-previdenciario-em-emprestimos-consignados-nesta-terca-feira-7\/"]}]},{"@type":"BreadcrumbList","@id":"https:\/\/wilsonsantosmt.com.br\/index.php\/2025\/10\/07\/audiencia-publica-debate-uso-do-fundo-previdenciario-em-emprestimos-consignados-nesta-terca-feira-7\/#breadcrumb","itemListElement":[{"@type":"ListItem","position":1,"name":"In\u00edcio","item":"https:\/\/wilsonsantosmt.com.br\/"},{"@type":"ListItem","position":2,"name":"Not\u00edcias","item":"https:\/\/wilsonsantosmt.com.br\/index.php\/category\/noticias\/"},{"@type":"ListItem","position":3,"name":"Audi\u00eancia p\u00fablica debate uso do Fundo Previdenci\u00e1rio em empr\u00e9stimos consignados nesta ter\u00e7a-feira (7)"}]},{"@type":"WebSite","@id":"https:\/\/wilsonsantosmt.com.br\/#website","url":"https:\/\/wilsonsantosmt.com.br\/","name":"wilsonsantosmt.com.br","description":"","publisher":{"@id":"https:\/\/wilsonsantosmt.com.br\/#\/schema\/person\/9de3c54961637a9eadb16bcbf895b1ef"},"potentialAction":[{"@type":"SearchAction","target":{"@type":"EntryPoint","urlTemplate":"https:\/\/wilsonsantosmt.com.br\/?s={search_term_string}"},"query-input":"required name=search_term_string"}],"inLanguage":"pt-BR"},{"@type":["Person","Organization"],"@id":"https:\/\/wilsonsantosmt.com.br\/#\/schema\/person\/9de3c54961637a9eadb16bcbf895b1ef","name":"Wilson Santos","image":{"@type":"ImageObject","inLanguage":"pt-BR","@id":"https:\/\/wilsonsantosmt.com.br\/#\/schema\/person\/image\/","url":"https:\/\/wilsonsantosmt.com.br\/wp-content\/uploads\/2023\/11\/310828673_653254583023360_8795459643194608438_n.jpg","contentUrl":"https:\/\/wilsonsantosmt.com.br\/wp-content\/uploads\/2023\/11\/310828673_653254583023360_8795459643194608438_n.jpg","width":1078,"height":1079,"caption":"Wilson Santos"},"logo":{"@id":"https:\/\/wilsonsantosmt.com.br\/#\/schema\/person\/image\/"},"sameAs":["http:\/\/wilsonsantosmt.com.br","https:\/\/www.facebook.com\/WilsonSantosMT\/","https:\/\/www.instagram.com\/wilsonsantosmt\/","https:\/\/www.youtube.com\/@WilsonSantosWS\/videos","https:\/\/pt.wikipedia.org\/wiki\/Wilson_Santos"],"honorificPrefix":"Sr","gender":"masculino","jobTitle":"Deputado Estadual","worksFor":"Assembleia Legislativa de Mato Grosso"},{"@type":"Person","@id":"https:\/\/wilsonsantosmt.com.br\/#\/schema\/person\/1d097ee45f526dd0455dbad8c679932c","name":"Samantha dos Anjos","image":{"@type":"ImageObject","inLanguage":"pt-BR","@id":"https:\/\/wilsonsantosmt.com.br\/#\/schema\/person\/image\/","url":"https:\/\/secure.gravatar.com\/avatar\/7d8d0b6dd67d134a9fa841bee90c57c7?s=96&d=mm&r=g","contentUrl":"https:\/\/secure.gravatar.com\/avatar\/7d8d0b6dd67d134a9fa841bee90c57c7?s=96&d=mm&r=g","caption":"Samantha dos Anjos"},"url":"https:\/\/wilsonsantosmt.com.br\/index.php\/author\/samantha-dos-anjos\/"}]}},"_links":{"self":[{"href":"https:\/\/wilsonsantosmt.com.br\/index.php\/wp-json\/wp\/v2\/posts\/1936"}],"collection":[{"href":"https:\/\/wilsonsantosmt.com.br\/index.php\/wp-json\/wp\/v2\/posts"}],"about":[{"href":"https:\/\/wilsonsantosmt.com.br\/index.php\/wp-json\/wp\/v2\/types\/post"}],"author":[{"embeddable":true,"href":"https:\/\/wilsonsantosmt.com.br\/index.php\/wp-json\/wp\/v2\/users\/4"}],"replies":[{"embeddable":true,"href":"https:\/\/wilsonsantosmt.com.br\/index.php\/wp-json\/wp\/v2\/comments?post=1936"}],"version-history":[{"count":1,"href":"https:\/\/wilsonsantosmt.com.br\/index.php\/wp-json\/wp\/v2\/posts\/1936\/revisions"}],"predecessor-version":[{"id":1937,"href":"https:\/\/wilsonsantosmt.com.br\/index.php\/wp-json\/wp\/v2\/posts\/1936\/revisions\/1937"}],"wp:featuredmedia":[{"embeddable":true,"href":"https:\/\/wilsonsantosmt.com.br\/index.php\/wp-json\/wp\/v2\/media\/1941"}],"wp:attachment":[{"href":"https:\/\/wilsonsantosmt.com.br\/index.php\/wp-json\/wp\/v2\/media?parent=1936"}],"wp:term":[{"taxonomy":"category","embeddable":true,"href":"https:\/\/wilsonsantosmt.com.br\/index.php\/wp-json\/wp\/v2\/categories?post=1936"},{"taxonomy":"post_tag","embeddable":true,"href":"https:\/\/wilsonsantosmt.com.br\/index.php\/wp-json\/wp\/v2\/tags?post=1936"}],"curies":[{"name":"wp","href":"https:\/\/api.w.org\/{rel}","templated":true}]}}