{"id":1938,"date":"2025-10-04T15:13:52","date_gmt":"2025-10-04T19:13:52","guid":{"rendered":"https:\/\/wilsonsantosmt.com.br\/?p=1938"},"modified":"2025-10-08T15:14:45","modified_gmt":"2025-10-08T19:14:45","slug":"tangara-da-serra-recebe-primeira-audiencia-publica-da-almt-que-trata-da-concessao-da-energisa","status":"publish","type":"post","link":"https:\/\/wilsonsantosmt.com.br\/index.php\/2025\/10\/04\/tangara-da-serra-recebe-primeira-audiencia-publica-da-almt-que-trata-da-concessao-da-energisa\/","title":{"rendered":"Tangar\u00e1 da Serra recebe primeira audi\u00eancia p\u00fablica da ALMT que trata da concess\u00e3o da Energisa"},"content":{"rendered":"\n<p><\/p>\n\n\n\n<p>Com a forma\u00e7\u00e3o da comiss\u00e3o especial na Assembleia Legislativa para tratar sobre a renova\u00e7\u00e3o ou revers\u00e3o da concess\u00e3o de distribui\u00e7\u00e3o de energia el\u00e9trica em Mato Grosso, foi realizada nesta quinta-feira (2), a primeira audi\u00eancia regional para levantar as principais demandas da popula\u00e7\u00e3o de Tangar\u00e1 da Serra. O vice-presidente do grupo de trabalho, deputado estadual Wilson Santos (PSD), exp\u00f4s os pontos cr\u00edticos das cl\u00e1usulas contratuais n\u00e3o cumpridas pela Energisa e debateu com os presentes, principalmente com o assessor institucional da concession\u00e1ria, Lu\u00eds Carlos Moreira, as reclama\u00e7\u00f5es assinaladas por moradores na reuni\u00e3o.<\/p>\n\n\n\n<p>\u201cMontamos uma comiss\u00e3o especial para acompanhar de perto como est\u00e1 a presta\u00e7\u00e3o de servi\u00e7o da Energisa, para que n\u00e3o passe batido. S\u00e3o muitas reclama\u00e7\u00f5es, muitas interrup\u00e7\u00f5es e oscila\u00e7\u00f5es no fornecimento de energia e falta de ag\u00eancias f\u00edsicas no interior do estado. Precisamos avaliar a presta\u00e7\u00e3o de servi\u00e7os e ver se realmente a concession\u00e1ria merece ter mais 30 anos para explorar os servi\u00e7os de distribui\u00e7\u00e3o. Este encontro \u00e9 fundamental para ouvir, pessoalmente, as demandas dos setores industriais e comerciais, nas propriedades das \u00e1reas urbanas e rurais, entre outros estabelecimentos. E vamos construir um dossi\u00ea para encaminhar para a Aneel (Ag\u00eancia Nacional de Energia El\u00e9trica) e Minist\u00e9rio de Minas e Energia\u201d, posicionou o parlamentar.<\/p>\n\n\n\n<p>O requerente da audi\u00eancia, o deputado estadual Chico Guarnieri (PRD), informou que recebeu j\u00e1 muitas reclama\u00e7\u00f5es de consumidores de energia, principalmente pela falta de rede trif\u00e1sica \u2013 em que preside a Comiss\u00e3o de Ind\u00fastria, Com\u00e9rcio e Turismo da Assembleia Legislativa. Como membro da comiss\u00e3o especial, ele ressaltou que Mato Grosso precisa da agroind\u00fastria \u2013 mas, acompanhada de uma energia trif\u00e1sica, que \u00e9 usada em ind\u00fastrias e com\u00e9rcios com aparelhos de alta pot\u00eancia \u2013 sendo necess\u00e1rio para contribuir com o trabalho dos produtores.<\/p>\n\n\n\n<p>O deputado estadual Eduardo Botelho (Uni\u00e3o), que \u00e9 o relator da comiss\u00e3o especial e atuou por muitos anos na \u00e1rea de engenharia el\u00e9trica, ressaltou a import\u00e2ncia de parlamentares representarem os polos regionais de Mato Grosso, como \u00e9 o caso do 1\u00b0 secret\u00e1rio da Assembleia Legislativa, Dr. Jo\u00e3o (MDB), que \u00e9 co-autor do requerimento, pois conhece de perto as reivindica\u00e7\u00f5es dos moradores. Ele relatou que fez parte do processo de privatiza\u00e7\u00e3o da antiga Centrais El\u00e9tricas Matogrossenses S.A. (Cemat), em que foi um processo que n\u00e3o tinha mais condi\u00e7\u00f5es de continuar com o poder p\u00fablico.<\/p>\n\n\n\n<p>Dr. Jo\u00e3o demonstrou a satisfa\u00e7\u00e3o da primeira audi\u00eancia p\u00fablica da comiss\u00e3o acontecer em Tangar\u00e1 da Serra, sendo a sua cidade base. \u201cQuero dizer que Mato Grosso tem que se preparar para o futuro, campe\u00e3o de situa\u00e7\u00f5es excepcionais. Temos uma popula\u00e7\u00e3o crescente e economia em expans\u00e3o. Por tanto, esperamos fazer uma reuni\u00e3o produtiva, respeitosa e construtiva para que daqui saiam propostas reais, capazes de garantir para a nossa gente, aquilo que \u00e9 b\u00e1sico e essencial \u2013 com uma energia el\u00e9trica confi\u00e1vel e acess\u00edvel para todos\u201d, explanou o deputado.<\/p>\n\n\n\n<p>O prefeito de Tangar\u00e1 da Serra, Vander Masson, falou sobre a import\u00e2ncia da renova\u00e7\u00e3o da concess\u00e3o para poder ajudar a resolver as necessidades da popula\u00e7\u00e3o e fazer os investimentos que precisam ser feitos no munic\u00edpio. \u201cNo mundo a fora, demais pa\u00edses, as concess\u00f5es s\u00e3o existentes tamb\u00e9m. \u00c9 importante que a Energisa cumpra algumas normas impostas nestes 30 anos e acredito que est\u00e1 a tempo para agradar os nossos consumidores. E \u00e9 necess\u00e1rio. Se n\u00e3o cumprir o que foi pactuado e o que est\u00e1 na concess\u00e3o, o ideal \u00e9 que se cumpra e, at\u00e9 mesmo, se fa\u00e7a mais por Tangar\u00e1 e todo o estado de Mato Grosso\u201d, discursou.<\/p>\n\n\n\n<p>Dentre as reclama\u00e7\u00f5es apontadas pelos participantes da audi\u00eancia, foram os preju\u00edzos causados nas produ\u00e7\u00f5es agr\u00edcolas e da pecu\u00e1ria com as quedas e falta de energia no campo, falta de rede trif\u00e1sica para contribuir com as ind\u00fastrias e com\u00e9rcios, instabilidade e oscila\u00e7\u00f5es de energia, eletrodom\u00e9sticos e equipamentos estragados com as quedas de energia, postes e fios desgastados, falta de ilumina\u00e7\u00e3o nas \u00e1reas rurais, entre outras. A maioria se posicionou a favor da continuidade dos servi\u00e7os prestados pela Energisa, mas esperam que esses problemas sejam solucionados.<\/p>\n\n\n\n<p>O assessor institucional da Energisa, Lu\u00eds Carlos, considerou relevante a realiza\u00e7\u00e3o das audi\u00eancias p\u00fablicas para sentir de perto as dificuldades enfrentadas pela popula\u00e7\u00e3o. \u201cEstamos aqui para trabalhar e poder aprender, para podermos sempre fazer diferente e melhor para os consumidores. J\u00e1 constru\u00edmos muito, mas reconhecemos que tamb\u00e9m temos muitos a melhorar. Energisa \u00e9 uma empresa que investe mais do que o lucro. Queremos estar em todas as audi\u00eancias e n\u00e3o perder a oportunidade de ouvir a sociedade. Todo o di\u00e1logo precisar, para que possa esclarecer. E a popula\u00e7\u00e3o pode contar conosco\u201d, posicionou.<\/p>\n\n\n\n<p>Ele aproveitou para responder alguns posicionamentos feitos pelos participantes, como a falta de implanta\u00e7\u00e3o da rede trif\u00e1sica em todos os munic\u00edpios de Mato Grosso. \u201cA Energisa tem prud\u00eancia na distribui\u00e7\u00e3o e todas as obras s\u00e3o fiscalizadas. A rede trif\u00e1sica, isso gera um aumento de carga, sendo preciso uma cautela na distribui\u00e7\u00e3o. J\u00e1 est\u00e1 sendo conversado com o governo do estado para que seja feita de forma conjunta e n\u00e3o impacta na tarifa. Estamos investindo muito para melhorar os canais digitais, humanizar os atendimentos nas ag\u00eancias f\u00edsicas\u201d, disse o assessor da concession\u00e1ria.<\/p>\n\n\n\n<p>Wilson Santos aproveitou para informar que as pr\u00f3ximas audi\u00eancias acontecer\u00e3o em Sinop, Rondon\u00f3polis e Cuiab\u00e1, sendo que na capital ser\u00e1 com a presen\u00e7a do diretor da Aneel, Fernando Mosna, relator do processo de renova\u00e7\u00e3o da concess\u00e3o em Mato Grosso, no dia 23 de outubro, na Assembleia Legislativa.<\/p>\n\n\n\n<p>Energisa em Mato Grosso \u2013 A concess\u00e3o tem validade at\u00e9 11 de dezembro de 2027. A Aneel aprovou um termo que possibilita a renova\u00e7\u00e3o dos contratos de distribui\u00e7\u00e3o por mais 30 anos, abrangendo 19 empresas cujos contratos vencem entre 2025 e 2031.<\/p>\n","protected":false},"excerpt":{"rendered":"<p>Com a forma\u00e7\u00e3o da comiss\u00e3o especial na Assembleia Legislativa para tratar sobre a renova\u00e7\u00e3o ou revers\u00e3o da concess\u00e3o de distribui\u00e7\u00e3o de energia el\u00e9trica em Mato Grosso, foi realizada nesta quinta-feira (2), a primeira audi\u00eancia regional para levantar as principais demandas da popula\u00e7\u00e3o de Tangar\u00e1 da Serra. O vice-presidente do grupo de trabalho, deputado estadual Wilson [&hellip;]<\/p>\n","protected":false},"author":4,"featured_media":1939,"comment_status":"closed","ping_status":"open","sticky":false,"template":"","format":"standard","meta":{"footnotes":""},"categories":[13],"tags":[],"yoast_head":"<!-- This site is optimized with the Yoast SEO Premium plugin v21.5 (Yoast SEO v21.4) - https:\/\/yoast.com\/wordpress\/plugins\/seo\/ -->\n<title>Tangar\u00e1 da Serra recebe primeira audi\u00eancia p\u00fablica da ALMT que trata da concess\u00e3o da Energisa - wilsonsantosmt.com.br<\/title>\n<meta name=\"robots\" content=\"index, follow, max-snippet:-1, max-image-preview:large, max-video-preview:-1\" \/>\n<link rel=\"canonical\" href=\"https:\/\/wilsonsantosmt.com.br\/index.php\/2025\/10\/04\/tangara-da-serra-recebe-primeira-audiencia-publica-da-almt-que-trata-da-concessao-da-energisa\/\" \/>\n<meta property=\"og:locale\" content=\"pt_BR\" \/>\n<meta property=\"og:type\" content=\"article\" \/>\n<meta property=\"og:title\" content=\"Tangar\u00e1 da Serra recebe primeira audi\u00eancia p\u00fablica da ALMT que trata da concess\u00e3o da Energisa\" \/>\n<meta property=\"og:description\" content=\"Com a forma\u00e7\u00e3o da comiss\u00e3o especial na Assembleia Legislativa para tratar sobre a renova\u00e7\u00e3o ou revers\u00e3o da concess\u00e3o de distribui\u00e7\u00e3o de energia el\u00e9trica em Mato Grosso, foi realizada nesta quinta-feira (2), a primeira audi\u00eancia regional para levantar as principais demandas da popula\u00e7\u00e3o de Tangar\u00e1 da Serra. O vice-presidente do grupo de trabalho, deputado estadual Wilson [&hellip;]\" \/>\n<meta property=\"og:url\" content=\"https:\/\/wilsonsantosmt.com.br\/index.php\/2025\/10\/04\/tangara-da-serra-recebe-primeira-audiencia-publica-da-almt-que-trata-da-concessao-da-energisa\/\" \/>\n<meta property=\"og:site_name\" content=\"wilsonsantosmt.com.br\" \/>\n<meta property=\"article:publisher\" content=\"https:\/\/www.facebook.com\/WilsonSantosMT\/\" \/>\n<meta property=\"article:published_time\" content=\"2025-10-04T19:13:52+00:00\" \/>\n<meta property=\"article:modified_time\" content=\"2025-10-08T19:14:45+00:00\" \/>\n<meta property=\"og:image\" content=\"http:\/\/wilsonsantosmt.com.br\/wp-content\/uploads\/2025\/10\/WhatsApp-Image-2025-10-03-at-15.31.09.jpeg\" \/>\n\t<meta property=\"og:image:width\" content=\"1600\" \/>\n\t<meta property=\"og:image:height\" content=\"1067\" \/>\n\t<meta property=\"og:image:type\" content=\"image\/jpeg\" \/>\n<meta name=\"author\" content=\"Samantha dos Anjos\" \/>\n<meta name=\"twitter:card\" content=\"summary_large_image\" \/>\n<meta name=\"twitter:label1\" content=\"Escrito por\" \/>\n\t<meta name=\"twitter:data1\" content=\"Samantha dos Anjos\" \/>\n\t<meta name=\"twitter:label2\" content=\"Est. tempo de leitura\" \/>\n\t<meta name=\"twitter:data2\" content=\"6 minutos\" \/>\n<script type=\"application\/ld+json\" class=\"yoast-schema-graph\">{\"@context\":\"https:\/\/schema.org\",\"@graph\":[{\"@type\":\"Article\",\"@id\":\"https:\/\/wilsonsantosmt.com.br\/index.php\/2025\/10\/04\/tangara-da-serra-recebe-primeira-audiencia-publica-da-almt-que-trata-da-concessao-da-energisa\/#article\",\"isPartOf\":{\"@id\":\"https:\/\/wilsonsantosmt.com.br\/index.php\/2025\/10\/04\/tangara-da-serra-recebe-primeira-audiencia-publica-da-almt-que-trata-da-concessao-da-energisa\/\"},\"author\":{\"name\":\"Samantha dos Anjos\",\"@id\":\"https:\/\/wilsonsantosmt.com.br\/#\/schema\/person\/1d097ee45f526dd0455dbad8c679932c\"},\"headline\":\"Tangar\u00e1 da Serra recebe primeira audi\u00eancia p\u00fablica da ALMT que trata da concess\u00e3o da Energisa\",\"datePublished\":\"2025-10-04T19:13:52+00:00\",\"dateModified\":\"2025-10-08T19:14:45+00:00\",\"mainEntityOfPage\":{\"@id\":\"https:\/\/wilsonsantosmt.com.br\/index.php\/2025\/10\/04\/tangara-da-serra-recebe-primeira-audiencia-publica-da-almt-que-trata-da-concessao-da-energisa\/\"},\"wordCount\":1053,\"publisher\":{\"@id\":\"https:\/\/wilsonsantosmt.com.br\/#\/schema\/person\/9de3c54961637a9eadb16bcbf895b1ef\"},\"articleSection\":[\"Not\u00edcias\"],\"inLanguage\":\"pt-BR\"},{\"@type\":\"WebPage\",\"@id\":\"https:\/\/wilsonsantosmt.com.br\/index.php\/2025\/10\/04\/tangara-da-serra-recebe-primeira-audiencia-publica-da-almt-que-trata-da-concessao-da-energisa\/\",\"url\":\"https:\/\/wilsonsantosmt.com.br\/index.php\/2025\/10\/04\/tangara-da-serra-recebe-primeira-audiencia-publica-da-almt-que-trata-da-concessao-da-energisa\/\",\"name\":\"Tangar\u00e1 da Serra recebe primeira audi\u00eancia p\u00fablica da ALMT que trata da concess\u00e3o da Energisa - wilsonsantosmt.com.br\",\"isPartOf\":{\"@id\":\"https:\/\/wilsonsantosmt.com.br\/#website\"},\"datePublished\":\"2025-10-04T19:13:52+00:00\",\"dateModified\":\"2025-10-08T19:14:45+00:00\",\"breadcrumb\":{\"@id\":\"https:\/\/wilsonsantosmt.com.br\/index.php\/2025\/10\/04\/tangara-da-serra-recebe-primeira-audiencia-publica-da-almt-que-trata-da-concessao-da-energisa\/#breadcrumb\"},\"inLanguage\":\"pt-BR\",\"potentialAction\":[{\"@type\":\"ReadAction\",\"target\":[\"https:\/\/wilsonsantosmt.com.br\/index.php\/2025\/10\/04\/tangara-da-serra-recebe-primeira-audiencia-publica-da-almt-que-trata-da-concessao-da-energisa\/\"]}]},{\"@type\":\"BreadcrumbList\",\"@id\":\"https:\/\/wilsonsantosmt.com.br\/index.php\/2025\/10\/04\/tangara-da-serra-recebe-primeira-audiencia-publica-da-almt-que-trata-da-concessao-da-energisa\/#breadcrumb\",\"itemListElement\":[{\"@type\":\"ListItem\",\"position\":1,\"name\":\"In\u00edcio\",\"item\":\"https:\/\/wilsonsantosmt.com.br\/\"},{\"@type\":\"ListItem\",\"position\":2,\"name\":\"Not\u00edcias\",\"item\":\"https:\/\/wilsonsantosmt.com.br\/index.php\/category\/noticias\/\"},{\"@type\":\"ListItem\",\"position\":3,\"name\":\"Tangar\u00e1 da Serra recebe primeira audi\u00eancia p\u00fablica da ALMT que trata da concess\u00e3o da Energisa\"}]},{\"@type\":\"WebSite\",\"@id\":\"https:\/\/wilsonsantosmt.com.br\/#website\",\"url\":\"https:\/\/wilsonsantosmt.com.br\/\",\"name\":\"wilsonsantosmt.com.br\",\"description\":\"\",\"publisher\":{\"@id\":\"https:\/\/wilsonsantosmt.com.br\/#\/schema\/person\/9de3c54961637a9eadb16bcbf895b1ef\"},\"potentialAction\":[{\"@type\":\"SearchAction\",\"target\":{\"@type\":\"EntryPoint\",\"urlTemplate\":\"https:\/\/wilsonsantosmt.com.br\/?s={search_term_string}\"},\"query-input\":\"required name=search_term_string\"}],\"inLanguage\":\"pt-BR\"},{\"@type\":[\"Person\",\"Organization\"],\"@id\":\"https:\/\/wilsonsantosmt.com.br\/#\/schema\/person\/9de3c54961637a9eadb16bcbf895b1ef\",\"name\":\"Wilson Santos\",\"image\":{\"@type\":\"ImageObject\",\"inLanguage\":\"pt-BR\",\"@id\":\"https:\/\/wilsonsantosmt.com.br\/#\/schema\/person\/image\/\",\"url\":\"https:\/\/wilsonsantosmt.com.br\/wp-content\/uploads\/2023\/11\/310828673_653254583023360_8795459643194608438_n.jpg\",\"contentUrl\":\"https:\/\/wilsonsantosmt.com.br\/wp-content\/uploads\/2023\/11\/310828673_653254583023360_8795459643194608438_n.jpg\",\"width\":1078,\"height\":1079,\"caption\":\"Wilson Santos\"},\"logo\":{\"@id\":\"https:\/\/wilsonsantosmt.com.br\/#\/schema\/person\/image\/\"},\"sameAs\":[\"http:\/\/wilsonsantosmt.com.br\",\"https:\/\/www.facebook.com\/WilsonSantosMT\/\",\"https:\/\/www.instagram.com\/wilsonsantosmt\/\",\"https:\/\/www.youtube.com\/@WilsonSantosWS\/videos\",\"https:\/\/pt.wikipedia.org\/wiki\/Wilson_Santos\"],\"honorificPrefix\":\"Sr\",\"gender\":\"masculino\",\"jobTitle\":\"Deputado Estadual\",\"worksFor\":\"Assembleia Legislativa de Mato Grosso\"},{\"@type\":\"Person\",\"@id\":\"https:\/\/wilsonsantosmt.com.br\/#\/schema\/person\/1d097ee45f526dd0455dbad8c679932c\",\"name\":\"Samantha dos Anjos\",\"image\":{\"@type\":\"ImageObject\",\"inLanguage\":\"pt-BR\",\"@id\":\"https:\/\/wilsonsantosmt.com.br\/#\/schema\/person\/image\/\",\"url\":\"https:\/\/secure.gravatar.com\/avatar\/7d8d0b6dd67d134a9fa841bee90c57c7?s=96&d=mm&r=g\",\"contentUrl\":\"https:\/\/secure.gravatar.com\/avatar\/7d8d0b6dd67d134a9fa841bee90c57c7?s=96&d=mm&r=g\",\"caption\":\"Samantha dos Anjos\"},\"url\":\"https:\/\/wilsonsantosmt.com.br\/index.php\/author\/samantha-dos-anjos\/\"}]}<\/script>\n<!-- \/ Yoast SEO Premium plugin. -->","yoast_head_json":{"title":"Tangar\u00e1 da Serra recebe primeira audi\u00eancia p\u00fablica da ALMT que trata da concess\u00e3o da Energisa - wilsonsantosmt.com.br","robots":{"index":"index","follow":"follow","max-snippet":"max-snippet:-1","max-image-preview":"max-image-preview:large","max-video-preview":"max-video-preview:-1"},"canonical":"https:\/\/wilsonsantosmt.com.br\/index.php\/2025\/10\/04\/tangara-da-serra-recebe-primeira-audiencia-publica-da-almt-que-trata-da-concessao-da-energisa\/","og_locale":"pt_BR","og_type":"article","og_title":"Tangar\u00e1 da Serra recebe primeira audi\u00eancia p\u00fablica da ALMT que trata da concess\u00e3o da Energisa","og_description":"Com a forma\u00e7\u00e3o da comiss\u00e3o especial na Assembleia Legislativa para tratar sobre a renova\u00e7\u00e3o ou revers\u00e3o da concess\u00e3o de distribui\u00e7\u00e3o de energia el\u00e9trica em Mato Grosso, foi realizada nesta quinta-feira (2), a primeira audi\u00eancia regional para levantar as principais demandas da popula\u00e7\u00e3o de Tangar\u00e1 da Serra. O vice-presidente do grupo de trabalho, deputado estadual Wilson [&hellip;]","og_url":"https:\/\/wilsonsantosmt.com.br\/index.php\/2025\/10\/04\/tangara-da-serra-recebe-primeira-audiencia-publica-da-almt-que-trata-da-concessao-da-energisa\/","og_site_name":"wilsonsantosmt.com.br","article_publisher":"https:\/\/www.facebook.com\/WilsonSantosMT\/","article_published_time":"2025-10-04T19:13:52+00:00","article_modified_time":"2025-10-08T19:14:45+00:00","og_image":[{"width":1600,"height":1067,"url":"http:\/\/wilsonsantosmt.com.br\/wp-content\/uploads\/2025\/10\/WhatsApp-Image-2025-10-03-at-15.31.09.jpeg","type":"image\/jpeg"}],"author":"Samantha dos Anjos","twitter_card":"summary_large_image","twitter_misc":{"Escrito por":"Samantha dos Anjos","Est. tempo de leitura":"6 minutos"},"schema":{"@context":"https:\/\/schema.org","@graph":[{"@type":"Article","@id":"https:\/\/wilsonsantosmt.com.br\/index.php\/2025\/10\/04\/tangara-da-serra-recebe-primeira-audiencia-publica-da-almt-que-trata-da-concessao-da-energisa\/#article","isPartOf":{"@id":"https:\/\/wilsonsantosmt.com.br\/index.php\/2025\/10\/04\/tangara-da-serra-recebe-primeira-audiencia-publica-da-almt-que-trata-da-concessao-da-energisa\/"},"author":{"name":"Samantha dos Anjos","@id":"https:\/\/wilsonsantosmt.com.br\/#\/schema\/person\/1d097ee45f526dd0455dbad8c679932c"},"headline":"Tangar\u00e1 da Serra recebe primeira audi\u00eancia p\u00fablica da ALMT que trata da concess\u00e3o da Energisa","datePublished":"2025-10-04T19:13:52+00:00","dateModified":"2025-10-08T19:14:45+00:00","mainEntityOfPage":{"@id":"https:\/\/wilsonsantosmt.com.br\/index.php\/2025\/10\/04\/tangara-da-serra-recebe-primeira-audiencia-publica-da-almt-que-trata-da-concessao-da-energisa\/"},"wordCount":1053,"publisher":{"@id":"https:\/\/wilsonsantosmt.com.br\/#\/schema\/person\/9de3c54961637a9eadb16bcbf895b1ef"},"articleSection":["Not\u00edcias"],"inLanguage":"pt-BR"},{"@type":"WebPage","@id":"https:\/\/wilsonsantosmt.com.br\/index.php\/2025\/10\/04\/tangara-da-serra-recebe-primeira-audiencia-publica-da-almt-que-trata-da-concessao-da-energisa\/","url":"https:\/\/wilsonsantosmt.com.br\/index.php\/2025\/10\/04\/tangara-da-serra-recebe-primeira-audiencia-publica-da-almt-que-trata-da-concessao-da-energisa\/","name":"Tangar\u00e1 da Serra recebe primeira audi\u00eancia p\u00fablica da ALMT que trata da concess\u00e3o da Energisa - wilsonsantosmt.com.br","isPartOf":{"@id":"https:\/\/wilsonsantosmt.com.br\/#website"},"datePublished":"2025-10-04T19:13:52+00:00","dateModified":"2025-10-08T19:14:45+00:00","breadcrumb":{"@id":"https:\/\/wilsonsantosmt.com.br\/index.php\/2025\/10\/04\/tangara-da-serra-recebe-primeira-audiencia-publica-da-almt-que-trata-da-concessao-da-energisa\/#breadcrumb"},"inLanguage":"pt-BR","potentialAction":[{"@type":"ReadAction","target":["https:\/\/wilsonsantosmt.com.br\/index.php\/2025\/10\/04\/tangara-da-serra-recebe-primeira-audiencia-publica-da-almt-que-trata-da-concessao-da-energisa\/"]}]},{"@type":"BreadcrumbList","@id":"https:\/\/wilsonsantosmt.com.br\/index.php\/2025\/10\/04\/tangara-da-serra-recebe-primeira-audiencia-publica-da-almt-que-trata-da-concessao-da-energisa\/#breadcrumb","itemListElement":[{"@type":"ListItem","position":1,"name":"In\u00edcio","item":"https:\/\/wilsonsantosmt.com.br\/"},{"@type":"ListItem","position":2,"name":"Not\u00edcias","item":"https:\/\/wilsonsantosmt.com.br\/index.php\/category\/noticias\/"},{"@type":"ListItem","position":3,"name":"Tangar\u00e1 da Serra recebe primeira audi\u00eancia p\u00fablica da ALMT que trata da concess\u00e3o da Energisa"}]},{"@type":"WebSite","@id":"https:\/\/wilsonsantosmt.com.br\/#website","url":"https:\/\/wilsonsantosmt.com.br\/","name":"wilsonsantosmt.com.br","description":"","publisher":{"@id":"https:\/\/wilsonsantosmt.com.br\/#\/schema\/person\/9de3c54961637a9eadb16bcbf895b1ef"},"potentialAction":[{"@type":"SearchAction","target":{"@type":"EntryPoint","urlTemplate":"https:\/\/wilsonsantosmt.com.br\/?s={search_term_string}"},"query-input":"required name=search_term_string"}],"inLanguage":"pt-BR"},{"@type":["Person","Organization"],"@id":"https:\/\/wilsonsantosmt.com.br\/#\/schema\/person\/9de3c54961637a9eadb16bcbf895b1ef","name":"Wilson Santos","image":{"@type":"ImageObject","inLanguage":"pt-BR","@id":"https:\/\/wilsonsantosmt.com.br\/#\/schema\/person\/image\/","url":"https:\/\/wilsonsantosmt.com.br\/wp-content\/uploads\/2023\/11\/310828673_653254583023360_8795459643194608438_n.jpg","contentUrl":"https:\/\/wilsonsantosmt.com.br\/wp-content\/uploads\/2023\/11\/310828673_653254583023360_8795459643194608438_n.jpg","width":1078,"height":1079,"caption":"Wilson Santos"},"logo":{"@id":"https:\/\/wilsonsantosmt.com.br\/#\/schema\/person\/image\/"},"sameAs":["http:\/\/wilsonsantosmt.com.br","https:\/\/www.facebook.com\/WilsonSantosMT\/","https:\/\/www.instagram.com\/wilsonsantosmt\/","https:\/\/www.youtube.com\/@WilsonSantosWS\/videos","https:\/\/pt.wikipedia.org\/wiki\/Wilson_Santos"],"honorificPrefix":"Sr","gender":"masculino","jobTitle":"Deputado Estadual","worksFor":"Assembleia Legislativa de Mato Grosso"},{"@type":"Person","@id":"https:\/\/wilsonsantosmt.com.br\/#\/schema\/person\/1d097ee45f526dd0455dbad8c679932c","name":"Samantha dos Anjos","image":{"@type":"ImageObject","inLanguage":"pt-BR","@id":"https:\/\/wilsonsantosmt.com.br\/#\/schema\/person\/image\/","url":"https:\/\/secure.gravatar.com\/avatar\/7d8d0b6dd67d134a9fa841bee90c57c7?s=96&d=mm&r=g","contentUrl":"https:\/\/secure.gravatar.com\/avatar\/7d8d0b6dd67d134a9fa841bee90c57c7?s=96&d=mm&r=g","caption":"Samantha dos Anjos"},"url":"https:\/\/wilsonsantosmt.com.br\/index.php\/author\/samantha-dos-anjos\/"}]}},"_links":{"self":[{"href":"https:\/\/wilsonsantosmt.com.br\/index.php\/wp-json\/wp\/v2\/posts\/1938"}],"collection":[{"href":"https:\/\/wilsonsantosmt.com.br\/index.php\/wp-json\/wp\/v2\/posts"}],"about":[{"href":"https:\/\/wilsonsantosmt.com.br\/index.php\/wp-json\/wp\/v2\/types\/post"}],"author":[{"embeddable":true,"href":"https:\/\/wilsonsantosmt.com.br\/index.php\/wp-json\/wp\/v2\/users\/4"}],"replies":[{"embeddable":true,"href":"https:\/\/wilsonsantosmt.com.br\/index.php\/wp-json\/wp\/v2\/comments?post=1938"}],"version-history":[{"count":1,"href":"https:\/\/wilsonsantosmt.com.br\/index.php\/wp-json\/wp\/v2\/posts\/1938\/revisions"}],"predecessor-version":[{"id":1940,"href":"https:\/\/wilsonsantosmt.com.br\/index.php\/wp-json\/wp\/v2\/posts\/1938\/revisions\/1940"}],"wp:featuredmedia":[{"embeddable":true,"href":"https:\/\/wilsonsantosmt.com.br\/index.php\/wp-json\/wp\/v2\/media\/1939"}],"wp:attachment":[{"href":"https:\/\/wilsonsantosmt.com.br\/index.php\/wp-json\/wp\/v2\/media?parent=1938"}],"wp:term":[{"taxonomy":"category","embeddable":true,"href":"https:\/\/wilsonsantosmt.com.br\/index.php\/wp-json\/wp\/v2\/categories?post=1938"},{"taxonomy":"post_tag","embeddable":true,"href":"https:\/\/wilsonsantosmt.com.br\/index.php\/wp-json\/wp\/v2\/tags?post=1938"}],"curies":[{"name":"wp","href":"https:\/\/api.w.org\/{rel}","templated":true}]}}