{"id":1949,"date":"2025-10-13T07:18:00","date_gmt":"2025-10-13T11:18:00","guid":{"rendered":"https:\/\/wilsonsantosmt.com.br\/?p=1949"},"modified":"2025-10-14T16:19:15","modified_gmt":"2025-10-14T20:19:15","slug":"uti-movel-inedita-chega-a-caceres-com-emenda-de-wilson-santos-e-parceria-da-prefeitura","status":"publish","type":"post","link":"https:\/\/wilsonsantosmt.com.br\/index.php\/2025\/10\/13\/uti-movel-inedita-chega-a-caceres-com-emenda-de-wilson-santos-e-parceria-da-prefeitura\/","title":{"rendered":"UTI M\u00f3vel in\u00e9dita chega a C\u00e1ceres com emenda de Wilson Santos e parceria da prefeitura"},"content":{"rendered":"\n<p><\/p>\n\n\n\n<p>C\u00e1ceres alcan\u00e7a um importante marco in\u00e9dito com a entrega da primeira ambul\u00e2ncia UTI M\u00f3vel, por meio de emenda parlamentar no valor de R$ 400 mil do deputado estadual Wilson Santos (PSD) e a contrapartida da prefeitura municipal com cerca de R$ 120 mil. A a\u00e7\u00e3o solene ocorreu na \u00faltima sexta-feira (10), em frente a Unidade de Pronto Atendimento (UPA) do munic\u00edpio, com a presen\u00e7a da prefeita Eliene Liberato (PSB), autoridades pol\u00edticas e lideran\u00e7as locais, profissionais da sa\u00fade, entre outros convidados.<\/p>\n\n\n\n<p>Esse benef\u00edcio foi uma indica\u00e7\u00e3o da vereadora Elis Enfermeira (PL) feita ao deputado, em que ela apontou a necessidade de um ve\u00edculo com estrutura completa para o atendimento de alta complexidade e transporte de pacientes que necessitam de cuidados intensivos devido emerg\u00eancias cr\u00edticas, como infarto, AVC e acidentes graves. A estrutura da ambul\u00e2ncia tamb\u00e9m possui uma UTI Neonatal para atender beb\u00eas rec\u00e9m-nascidos.<\/p>\n\n\n\n<p>\u201cPassa um filme em minha cabe\u00e7a com a vereadora, enfermeira e ex-secret\u00e1ria municipal de sa\u00fade da import\u00e2ncia em termos condi\u00e7\u00f5es de salvar vidas e garantir um transporte com seguran\u00e7a. \u00c9 a primeira vez que C\u00e1ceres faz a aquisi\u00e7\u00e3o de uma ambul\u00e2ncia completa, com suporte de UTI Neonatal. Temos uma profunda gratid\u00e3o e o deputado Wilson atendeu esse pedido, na minha primeira ida ao gabinete dele, na Assembleia Legislativa. Na primeira conversa, ele j\u00e1 assinou o documento e quem ganha com isso, \u00e9 toda a popula\u00e7\u00e3o cacerense. Seguran\u00e7a \u00e9 dignidade, aos nossos profissionais da sa\u00fade e pacientes. Agrade\u00e7o o empenho de todos os envolvidos\u201d, declarou Elis.<\/p>\n\n\n\n<p>Wilson Santos adiantou que vai destinar outra emenda para o munic\u00edpio, cuja demanda ser\u00e1 indicada pela vereadora. \u201cUma grande satisfa\u00e7\u00e3o entregar uma ambul\u00e2ncia com essa qualidade para o munic\u00edpio. Este resultado \u00e9 para o povo. A Prefeitura de C\u00e1ceres teve agilidade com a documenta\u00e7\u00e3o para a libera\u00e7\u00e3o da emenda, por meio da Secretaria Municipal de Sa\u00fade. Essa ambul\u00e2ncia mitiga sofrimento e traz esperan\u00e7a para todos\u201d, pronunciou.<\/p>\n\n\n\n<p>A prefeita Eliene exp\u00f4s os investimentos realizados pelo munic\u00edpio na \u00e1rea da sa\u00fade. \u201cEu costumo dizer que sempre quando algu\u00e9m passa por situa\u00e7\u00f5es na sa\u00fade, parente ou algu\u00e9m pr\u00f3ximo, que precisa de um atendimento de emerg\u00eancia que sabe do valor que \u00e9 uma UTI M\u00f3vel. Quero agradecer ao nosso deputado que aportou recursos para que fiz\u00e9ssemos essa aquisi\u00e7\u00e3o e quem ganha \u00e9 a popula\u00e7\u00e3o. N\u00e3o \u00e9 s\u00f3 um ve\u00edculo, \u00e9 trazer esperan\u00e7a, humaniza\u00e7\u00e3o, qualidade e seguran\u00e7a para os nossos pacientes. E, assim, oferecer um atendimento r\u00e1pido para salvar vidas\u201d, discursou.<\/p>\n\n\n\n<p>Sa\u00fade bucal &#8211; O deputado aproveitou a visita em C\u00e1ceres para prestigiar a entrega de Unidade Odontol\u00f3gica M\u00f3vel (UOM), no Centro de Especialidade Odontol\u00f3gicas (CEO), que faz parte do PAC da Sa\u00fade do Governo Federal \u2013 que vai garantir ao cidad\u00e3o mais acesso, cuidado e equidade para a aten\u00e7\u00e3o da sa\u00fade bucal, principalmente nas nossas comunidades rurais, ribeirinhas, pantaneiras e os bairros perif\u00e9ricos de C\u00e1ceres.<\/p>\n\n\n\n<p>A Coordenadora Estadual de Sa\u00fade Bucal da Secretaria Estadual de Sa\u00fade (SES), Andr\u00e9ia Coelho, marcou presen\u00e7a e ressaltou que at\u00e9 o final do ano, ser\u00e1 entregue um raio-x panor\u00e2mico ao munic\u00edpio. Ela informou que j\u00e1 s\u00e3o nove unidades odontol\u00f3gicas e chegar\u00e1 a um total de 12 no \u00e2mbito de Mato Grosso. \u201cN\u00e3o \u00e9 s\u00f3 um consult\u00f3rio odontol\u00f3gico m\u00f3vel, \u00e9 a esperan\u00e7a de muita gente que ser\u00e1 atendido. Quero agradecer a essa equipe de C\u00e1ceres que n\u00e3o mede esfor\u00e7os. N\u00f3s trouxemos todos os projetos para o munic\u00edpio, realizamos os cursos e, atualmente, tudo se faz aqui. Assim, houve a redu\u00e7\u00e3o de encaminhamentos para Cuiab\u00e1. Tudo isso, gra\u00e7as a todo o trabalho feito pelos profissionais de C\u00e1ceres. N\u00f3s estamos \u00e0 disposi\u00e7\u00e3o da cidade\u201d, pronunciou.<\/p>\n\n\n\n<p>Al\u00e9m da UTI M\u00f3vel, Wilson Santos considerou que a Unidade Odontol\u00f3gica M\u00f3vel \u00e9 outro importante benef\u00edcio in\u00e9dito para C\u00e1ceres \u2013 o que comprova os avan\u00e7os alcan\u00e7ados pelo munic\u00edpio. \u201cParabenizo o governo federal por trazer essa unidade m\u00f3vel de sa\u00fade, cujo investimento \u00e9 de 100% &#8211; sem nenhuma contrapartida do estado ou munic\u00edpio. \u00c9 a primeira vez que presencio este tipo de entrega. Isso \u00e9 outro fato in\u00e9dito para a hist\u00f3ria de C\u00e1ceres\u201d, explanou.<\/p>\n\n\n\n<p>A prefeita Eliene Liberato e vereadora Elis Enfermeira marcaram presen\u00e7a no ato da entrega, como, tamb\u00e9m, o vice-prefeito Luiz Laudo Paz Landim, demais parlamentares da C\u00e2mara Municipal de C\u00e1ceres, secret\u00e1rios da gest\u00e3o municipal, representante do Conselho Regional de Odontologia, entre outros convidados.<\/p>\n","protected":false},"excerpt":{"rendered":"<p>C\u00e1ceres alcan\u00e7a um importante marco in\u00e9dito com a entrega da primeira ambul\u00e2ncia UTI M\u00f3vel, por meio de emenda parlamentar no valor de R$ 400 mil do deputado estadual Wilson Santos (PSD) e a contrapartida da prefeitura municipal com cerca de R$ 120 mil. A a\u00e7\u00e3o solene ocorreu na \u00faltima sexta-feira (10), em frente a Unidade [&hellip;]<\/p>\n","protected":false},"author":4,"featured_media":1950,"comment_status":"closed","ping_status":"open","sticky":false,"template":"","format":"standard","meta":{"footnotes":""},"categories":[13],"tags":[],"yoast_head":"<!-- This site is optimized with the Yoast SEO Premium plugin v21.5 (Yoast SEO v21.4) - https:\/\/yoast.com\/wordpress\/plugins\/seo\/ -->\n<title>UTI M\u00f3vel in\u00e9dita chega a C\u00e1ceres com emenda de Wilson Santos e parceria da prefeitura - wilsonsantosmt.com.br<\/title>\n<meta name=\"robots\" content=\"index, follow, max-snippet:-1, max-image-preview:large, max-video-preview:-1\" \/>\n<link rel=\"canonical\" href=\"https:\/\/wilsonsantosmt.com.br\/index.php\/2025\/10\/13\/uti-movel-inedita-chega-a-caceres-com-emenda-de-wilson-santos-e-parceria-da-prefeitura\/\" \/>\n<meta property=\"og:locale\" content=\"pt_BR\" \/>\n<meta property=\"og:type\" content=\"article\" \/>\n<meta property=\"og:title\" content=\"UTI M\u00f3vel in\u00e9dita chega a C\u00e1ceres com emenda de Wilson Santos e parceria da prefeitura\" \/>\n<meta property=\"og:description\" content=\"C\u00e1ceres alcan\u00e7a um importante marco in\u00e9dito com a entrega da primeira ambul\u00e2ncia UTI M\u00f3vel, por meio de emenda parlamentar no valor de R$ 400 mil do deputado estadual Wilson Santos (PSD) e a contrapartida da prefeitura municipal com cerca de R$ 120 mil. A a\u00e7\u00e3o solene ocorreu na \u00faltima sexta-feira (10), em frente a Unidade [&hellip;]\" \/>\n<meta property=\"og:url\" content=\"https:\/\/wilsonsantosmt.com.br\/index.php\/2025\/10\/13\/uti-movel-inedita-chega-a-caceres-com-emenda-de-wilson-santos-e-parceria-da-prefeitura\/\" \/>\n<meta property=\"og:site_name\" content=\"wilsonsantosmt.com.br\" \/>\n<meta property=\"article:publisher\" content=\"https:\/\/www.facebook.com\/WilsonSantosMT\/\" \/>\n<meta property=\"article:published_time\" content=\"2025-10-13T11:18:00+00:00\" \/>\n<meta property=\"article:modified_time\" content=\"2025-10-14T20:19:15+00:00\" \/>\n<meta property=\"og:image\" content=\"http:\/\/wilsonsantosmt.com.br\/wp-content\/uploads\/2025\/10\/WhatsApp-Image-2025-10-13-at-07.47.00-1.jpeg\" \/>\n\t<meta property=\"og:image:width\" content=\"1280\" \/>\n\t<meta property=\"og:image:height\" content=\"720\" \/>\n\t<meta property=\"og:image:type\" content=\"image\/jpeg\" \/>\n<meta name=\"author\" content=\"Samantha dos Anjos\" \/>\n<meta name=\"twitter:card\" content=\"summary_large_image\" \/>\n<meta name=\"twitter:label1\" content=\"Escrito por\" \/>\n\t<meta name=\"twitter:data1\" content=\"Samantha dos Anjos\" \/>\n\t<meta name=\"twitter:label2\" content=\"Est. tempo de leitura\" \/>\n\t<meta name=\"twitter:data2\" content=\"4 minutos\" \/>\n<script type=\"application\/ld+json\" class=\"yoast-schema-graph\">{\"@context\":\"https:\/\/schema.org\",\"@graph\":[{\"@type\":\"Article\",\"@id\":\"https:\/\/wilsonsantosmt.com.br\/index.php\/2025\/10\/13\/uti-movel-inedita-chega-a-caceres-com-emenda-de-wilson-santos-e-parceria-da-prefeitura\/#article\",\"isPartOf\":{\"@id\":\"https:\/\/wilsonsantosmt.com.br\/index.php\/2025\/10\/13\/uti-movel-inedita-chega-a-caceres-com-emenda-de-wilson-santos-e-parceria-da-prefeitura\/\"},\"author\":{\"name\":\"Samantha dos Anjos\",\"@id\":\"https:\/\/wilsonsantosmt.com.br\/#\/schema\/person\/1d097ee45f526dd0455dbad8c679932c\"},\"headline\":\"UTI M\u00f3vel in\u00e9dita chega a C\u00e1ceres com emenda de Wilson Santos e parceria da prefeitura\",\"datePublished\":\"2025-10-13T11:18:00+00:00\",\"dateModified\":\"2025-10-14T20:19:15+00:00\",\"mainEntityOfPage\":{\"@id\":\"https:\/\/wilsonsantosmt.com.br\/index.php\/2025\/10\/13\/uti-movel-inedita-chega-a-caceres-com-emenda-de-wilson-santos-e-parceria-da-prefeitura\/\"},\"wordCount\":820,\"publisher\":{\"@id\":\"https:\/\/wilsonsantosmt.com.br\/#\/schema\/person\/9de3c54961637a9eadb16bcbf895b1ef\"},\"articleSection\":[\"Not\u00edcias\"],\"inLanguage\":\"pt-BR\"},{\"@type\":\"WebPage\",\"@id\":\"https:\/\/wilsonsantosmt.com.br\/index.php\/2025\/10\/13\/uti-movel-inedita-chega-a-caceres-com-emenda-de-wilson-santos-e-parceria-da-prefeitura\/\",\"url\":\"https:\/\/wilsonsantosmt.com.br\/index.php\/2025\/10\/13\/uti-movel-inedita-chega-a-caceres-com-emenda-de-wilson-santos-e-parceria-da-prefeitura\/\",\"name\":\"UTI M\u00f3vel in\u00e9dita chega a C\u00e1ceres com emenda de Wilson Santos e parceria da prefeitura - wilsonsantosmt.com.br\",\"isPartOf\":{\"@id\":\"https:\/\/wilsonsantosmt.com.br\/#website\"},\"datePublished\":\"2025-10-13T11:18:00+00:00\",\"dateModified\":\"2025-10-14T20:19:15+00:00\",\"breadcrumb\":{\"@id\":\"https:\/\/wilsonsantosmt.com.br\/index.php\/2025\/10\/13\/uti-movel-inedita-chega-a-caceres-com-emenda-de-wilson-santos-e-parceria-da-prefeitura\/#breadcrumb\"},\"inLanguage\":\"pt-BR\",\"potentialAction\":[{\"@type\":\"ReadAction\",\"target\":[\"https:\/\/wilsonsantosmt.com.br\/index.php\/2025\/10\/13\/uti-movel-inedita-chega-a-caceres-com-emenda-de-wilson-santos-e-parceria-da-prefeitura\/\"]}]},{\"@type\":\"BreadcrumbList\",\"@id\":\"https:\/\/wilsonsantosmt.com.br\/index.php\/2025\/10\/13\/uti-movel-inedita-chega-a-caceres-com-emenda-de-wilson-santos-e-parceria-da-prefeitura\/#breadcrumb\",\"itemListElement\":[{\"@type\":\"ListItem\",\"position\":1,\"name\":\"In\u00edcio\",\"item\":\"https:\/\/wilsonsantosmt.com.br\/\"},{\"@type\":\"ListItem\",\"position\":2,\"name\":\"Not\u00edcias\",\"item\":\"https:\/\/wilsonsantosmt.com.br\/index.php\/category\/noticias\/\"},{\"@type\":\"ListItem\",\"position\":3,\"name\":\"UTI M\u00f3vel in\u00e9dita chega a C\u00e1ceres com emenda de Wilson Santos e parceria da prefeitura\"}]},{\"@type\":\"WebSite\",\"@id\":\"https:\/\/wilsonsantosmt.com.br\/#website\",\"url\":\"https:\/\/wilsonsantosmt.com.br\/\",\"name\":\"wilsonsantosmt.com.br\",\"description\":\"\",\"publisher\":{\"@id\":\"https:\/\/wilsonsantosmt.com.br\/#\/schema\/person\/9de3c54961637a9eadb16bcbf895b1ef\"},\"potentialAction\":[{\"@type\":\"SearchAction\",\"target\":{\"@type\":\"EntryPoint\",\"urlTemplate\":\"https:\/\/wilsonsantosmt.com.br\/?s={search_term_string}\"},\"query-input\":\"required name=search_term_string\"}],\"inLanguage\":\"pt-BR\"},{\"@type\":[\"Person\",\"Organization\"],\"@id\":\"https:\/\/wilsonsantosmt.com.br\/#\/schema\/person\/9de3c54961637a9eadb16bcbf895b1ef\",\"name\":\"Wilson Santos\",\"image\":{\"@type\":\"ImageObject\",\"inLanguage\":\"pt-BR\",\"@id\":\"https:\/\/wilsonsantosmt.com.br\/#\/schema\/person\/image\/\",\"url\":\"https:\/\/wilsonsantosmt.com.br\/wp-content\/uploads\/2023\/11\/310828673_653254583023360_8795459643194608438_n.jpg\",\"contentUrl\":\"https:\/\/wilsonsantosmt.com.br\/wp-content\/uploads\/2023\/11\/310828673_653254583023360_8795459643194608438_n.jpg\",\"width\":1078,\"height\":1079,\"caption\":\"Wilson Santos\"},\"logo\":{\"@id\":\"https:\/\/wilsonsantosmt.com.br\/#\/schema\/person\/image\/\"},\"sameAs\":[\"http:\/\/wilsonsantosmt.com.br\",\"https:\/\/www.facebook.com\/WilsonSantosMT\/\",\"https:\/\/www.instagram.com\/wilsonsantosmt\/\",\"https:\/\/www.youtube.com\/@WilsonSantosWS\/videos\",\"https:\/\/pt.wikipedia.org\/wiki\/Wilson_Santos\"],\"honorificPrefix\":\"Sr\",\"gender\":\"masculino\",\"jobTitle\":\"Deputado Estadual\",\"worksFor\":\"Assembleia Legislativa de Mato Grosso\"},{\"@type\":\"Person\",\"@id\":\"https:\/\/wilsonsantosmt.com.br\/#\/schema\/person\/1d097ee45f526dd0455dbad8c679932c\",\"name\":\"Samantha dos Anjos\",\"image\":{\"@type\":\"ImageObject\",\"inLanguage\":\"pt-BR\",\"@id\":\"https:\/\/wilsonsantosmt.com.br\/#\/schema\/person\/image\/\",\"url\":\"https:\/\/secure.gravatar.com\/avatar\/7d8d0b6dd67d134a9fa841bee90c57c7?s=96&d=mm&r=g\",\"contentUrl\":\"https:\/\/secure.gravatar.com\/avatar\/7d8d0b6dd67d134a9fa841bee90c57c7?s=96&d=mm&r=g\",\"caption\":\"Samantha dos Anjos\"},\"url\":\"https:\/\/wilsonsantosmt.com.br\/index.php\/author\/samantha-dos-anjos\/\"}]}<\/script>\n<!-- \/ Yoast SEO Premium plugin. -->","yoast_head_json":{"title":"UTI M\u00f3vel in\u00e9dita chega a C\u00e1ceres com emenda de Wilson Santos e parceria da prefeitura - wilsonsantosmt.com.br","robots":{"index":"index","follow":"follow","max-snippet":"max-snippet:-1","max-image-preview":"max-image-preview:large","max-video-preview":"max-video-preview:-1"},"canonical":"https:\/\/wilsonsantosmt.com.br\/index.php\/2025\/10\/13\/uti-movel-inedita-chega-a-caceres-com-emenda-de-wilson-santos-e-parceria-da-prefeitura\/","og_locale":"pt_BR","og_type":"article","og_title":"UTI M\u00f3vel in\u00e9dita chega a C\u00e1ceres com emenda de Wilson Santos e parceria da prefeitura","og_description":"C\u00e1ceres alcan\u00e7a um importante marco in\u00e9dito com a entrega da primeira ambul\u00e2ncia UTI M\u00f3vel, por meio de emenda parlamentar no valor de R$ 400 mil do deputado estadual Wilson Santos (PSD) e a contrapartida da prefeitura municipal com cerca de R$ 120 mil. A a\u00e7\u00e3o solene ocorreu na \u00faltima sexta-feira (10), em frente a Unidade [&hellip;]","og_url":"https:\/\/wilsonsantosmt.com.br\/index.php\/2025\/10\/13\/uti-movel-inedita-chega-a-caceres-com-emenda-de-wilson-santos-e-parceria-da-prefeitura\/","og_site_name":"wilsonsantosmt.com.br","article_publisher":"https:\/\/www.facebook.com\/WilsonSantosMT\/","article_published_time":"2025-10-13T11:18:00+00:00","article_modified_time":"2025-10-14T20:19:15+00:00","og_image":[{"width":1280,"height":720,"url":"http:\/\/wilsonsantosmt.com.br\/wp-content\/uploads\/2025\/10\/WhatsApp-Image-2025-10-13-at-07.47.00-1.jpeg","type":"image\/jpeg"}],"author":"Samantha dos Anjos","twitter_card":"summary_large_image","twitter_misc":{"Escrito por":"Samantha dos Anjos","Est. tempo de leitura":"4 minutos"},"schema":{"@context":"https:\/\/schema.org","@graph":[{"@type":"Article","@id":"https:\/\/wilsonsantosmt.com.br\/index.php\/2025\/10\/13\/uti-movel-inedita-chega-a-caceres-com-emenda-de-wilson-santos-e-parceria-da-prefeitura\/#article","isPartOf":{"@id":"https:\/\/wilsonsantosmt.com.br\/index.php\/2025\/10\/13\/uti-movel-inedita-chega-a-caceres-com-emenda-de-wilson-santos-e-parceria-da-prefeitura\/"},"author":{"name":"Samantha dos Anjos","@id":"https:\/\/wilsonsantosmt.com.br\/#\/schema\/person\/1d097ee45f526dd0455dbad8c679932c"},"headline":"UTI M\u00f3vel in\u00e9dita chega a C\u00e1ceres com emenda de Wilson Santos e parceria da prefeitura","datePublished":"2025-10-13T11:18:00+00:00","dateModified":"2025-10-14T20:19:15+00:00","mainEntityOfPage":{"@id":"https:\/\/wilsonsantosmt.com.br\/index.php\/2025\/10\/13\/uti-movel-inedita-chega-a-caceres-com-emenda-de-wilson-santos-e-parceria-da-prefeitura\/"},"wordCount":820,"publisher":{"@id":"https:\/\/wilsonsantosmt.com.br\/#\/schema\/person\/9de3c54961637a9eadb16bcbf895b1ef"},"articleSection":["Not\u00edcias"],"inLanguage":"pt-BR"},{"@type":"WebPage","@id":"https:\/\/wilsonsantosmt.com.br\/index.php\/2025\/10\/13\/uti-movel-inedita-chega-a-caceres-com-emenda-de-wilson-santos-e-parceria-da-prefeitura\/","url":"https:\/\/wilsonsantosmt.com.br\/index.php\/2025\/10\/13\/uti-movel-inedita-chega-a-caceres-com-emenda-de-wilson-santos-e-parceria-da-prefeitura\/","name":"UTI M\u00f3vel in\u00e9dita chega a C\u00e1ceres com emenda de Wilson Santos e parceria da prefeitura - wilsonsantosmt.com.br","isPartOf":{"@id":"https:\/\/wilsonsantosmt.com.br\/#website"},"datePublished":"2025-10-13T11:18:00+00:00","dateModified":"2025-10-14T20:19:15+00:00","breadcrumb":{"@id":"https:\/\/wilsonsantosmt.com.br\/index.php\/2025\/10\/13\/uti-movel-inedita-chega-a-caceres-com-emenda-de-wilson-santos-e-parceria-da-prefeitura\/#breadcrumb"},"inLanguage":"pt-BR","potentialAction":[{"@type":"ReadAction","target":["https:\/\/wilsonsantosmt.com.br\/index.php\/2025\/10\/13\/uti-movel-inedita-chega-a-caceres-com-emenda-de-wilson-santos-e-parceria-da-prefeitura\/"]}]},{"@type":"BreadcrumbList","@id":"https:\/\/wilsonsantosmt.com.br\/index.php\/2025\/10\/13\/uti-movel-inedita-chega-a-caceres-com-emenda-de-wilson-santos-e-parceria-da-prefeitura\/#breadcrumb","itemListElement":[{"@type":"ListItem","position":1,"name":"In\u00edcio","item":"https:\/\/wilsonsantosmt.com.br\/"},{"@type":"ListItem","position":2,"name":"Not\u00edcias","item":"https:\/\/wilsonsantosmt.com.br\/index.php\/category\/noticias\/"},{"@type":"ListItem","position":3,"name":"UTI M\u00f3vel in\u00e9dita chega a C\u00e1ceres com emenda de Wilson Santos e parceria da prefeitura"}]},{"@type":"WebSite","@id":"https:\/\/wilsonsantosmt.com.br\/#website","url":"https:\/\/wilsonsantosmt.com.br\/","name":"wilsonsantosmt.com.br","description":"","publisher":{"@id":"https:\/\/wilsonsantosmt.com.br\/#\/schema\/person\/9de3c54961637a9eadb16bcbf895b1ef"},"potentialAction":[{"@type":"SearchAction","target":{"@type":"EntryPoint","urlTemplate":"https:\/\/wilsonsantosmt.com.br\/?s={search_term_string}"},"query-input":"required name=search_term_string"}],"inLanguage":"pt-BR"},{"@type":["Person","Organization"],"@id":"https:\/\/wilsonsantosmt.com.br\/#\/schema\/person\/9de3c54961637a9eadb16bcbf895b1ef","name":"Wilson Santos","image":{"@type":"ImageObject","inLanguage":"pt-BR","@id":"https:\/\/wilsonsantosmt.com.br\/#\/schema\/person\/image\/","url":"https:\/\/wilsonsantosmt.com.br\/wp-content\/uploads\/2023\/11\/310828673_653254583023360_8795459643194608438_n.jpg","contentUrl":"https:\/\/wilsonsantosmt.com.br\/wp-content\/uploads\/2023\/11\/310828673_653254583023360_8795459643194608438_n.jpg","width":1078,"height":1079,"caption":"Wilson Santos"},"logo":{"@id":"https:\/\/wilsonsantosmt.com.br\/#\/schema\/person\/image\/"},"sameAs":["http:\/\/wilsonsantosmt.com.br","https:\/\/www.facebook.com\/WilsonSantosMT\/","https:\/\/www.instagram.com\/wilsonsantosmt\/","https:\/\/www.youtube.com\/@WilsonSantosWS\/videos","https:\/\/pt.wikipedia.org\/wiki\/Wilson_Santos"],"honorificPrefix":"Sr","gender":"masculino","jobTitle":"Deputado Estadual","worksFor":"Assembleia Legislativa de Mato Grosso"},{"@type":"Person","@id":"https:\/\/wilsonsantosmt.com.br\/#\/schema\/person\/1d097ee45f526dd0455dbad8c679932c","name":"Samantha dos Anjos","image":{"@type":"ImageObject","inLanguage":"pt-BR","@id":"https:\/\/wilsonsantosmt.com.br\/#\/schema\/person\/image\/","url":"https:\/\/secure.gravatar.com\/avatar\/7d8d0b6dd67d134a9fa841bee90c57c7?s=96&d=mm&r=g","contentUrl":"https:\/\/secure.gravatar.com\/avatar\/7d8d0b6dd67d134a9fa841bee90c57c7?s=96&d=mm&r=g","caption":"Samantha dos Anjos"},"url":"https:\/\/wilsonsantosmt.com.br\/index.php\/author\/samantha-dos-anjos\/"}]}},"_links":{"self":[{"href":"https:\/\/wilsonsantosmt.com.br\/index.php\/wp-json\/wp\/v2\/posts\/1949"}],"collection":[{"href":"https:\/\/wilsonsantosmt.com.br\/index.php\/wp-json\/wp\/v2\/posts"}],"about":[{"href":"https:\/\/wilsonsantosmt.com.br\/index.php\/wp-json\/wp\/v2\/types\/post"}],"author":[{"embeddable":true,"href":"https:\/\/wilsonsantosmt.com.br\/index.php\/wp-json\/wp\/v2\/users\/4"}],"replies":[{"embeddable":true,"href":"https:\/\/wilsonsantosmt.com.br\/index.php\/wp-json\/wp\/v2\/comments?post=1949"}],"version-history":[{"count":1,"href":"https:\/\/wilsonsantosmt.com.br\/index.php\/wp-json\/wp\/v2\/posts\/1949\/revisions"}],"predecessor-version":[{"id":1951,"href":"https:\/\/wilsonsantosmt.com.br\/index.php\/wp-json\/wp\/v2\/posts\/1949\/revisions\/1951"}],"wp:featuredmedia":[{"embeddable":true,"href":"https:\/\/wilsonsantosmt.com.br\/index.php\/wp-json\/wp\/v2\/media\/1950"}],"wp:attachment":[{"href":"https:\/\/wilsonsantosmt.com.br\/index.php\/wp-json\/wp\/v2\/media?parent=1949"}],"wp:term":[{"taxonomy":"category","embeddable":true,"href":"https:\/\/wilsonsantosmt.com.br\/index.php\/wp-json\/wp\/v2\/categories?post=1949"},{"taxonomy":"post_tag","embeddable":true,"href":"https:\/\/wilsonsantosmt.com.br\/index.php\/wp-json\/wp\/v2\/tags?post=1949"}],"curies":[{"name":"wp","href":"https:\/\/api.w.org\/{rel}","templated":true}]}}