{"id":1963,"date":"2025-10-15T09:27:08","date_gmt":"2025-10-15T13:27:08","guid":{"rendered":"https:\/\/wilsonsantosmt.com.br\/?p=1963"},"modified":"2025-10-22T16:20:34","modified_gmt":"2025-10-22T20:20:34","slug":"rondonopolis-recebe-comissao-especial-da-almt-que-vai-debater-o-futuro-da-concessao-da-energisa","status":"publish","type":"post","link":"https:\/\/wilsonsantosmt.com.br\/index.php\/2025\/10\/15\/rondonopolis-recebe-comissao-especial-da-almt-que-vai-debater-o-futuro-da-concessao-da-energisa\/","title":{"rendered":"Rondon\u00f3polis recebe Comiss\u00e3o Especial da ALMT que vai debater o futuro da concess\u00e3o da Energisa"},"content":{"rendered":"\n<p><\/p>\n\n\n\n<p>Os membros da comiss\u00e3o especial da Assembleia Legislativa que avalia os servi\u00e7os prestados pela Energisa em Mato Grosso estar\u00e3o em Rondon\u00f3polis, nesta quinta-feira (16), para realizar audi\u00eancia p\u00fablica para levantar o grau de satisfa\u00e7\u00e3o dos moradores com a distribui\u00e7\u00e3o de energia no munic\u00edpio. A reuni\u00e3o ocorrer\u00e1 na C\u00e2mara Municipal de Vereadores, \u00e0s 19h, com a presen\u00e7a de deputados estaduais, autoridades pol\u00edticas e lideran\u00e7as locais, comerciantes, moradores e entidades representativas.<\/p>\n\n\n\n<p>\u201cEssa \u00e9 a nossa segunda reuni\u00e3o com a popula\u00e7\u00e3o, agora no polo regional de Rondon\u00f3polis, para identificarmos as dificuldades enfrentadas pelos consumidores com a Energisa. Precisamos fazer um diagn\u00f3stico para que a concession\u00e1ria cumpra todas as cl\u00e1usulas impostas no contrato junto \u00e0 Aneel (Ag\u00eancia Nacional de Energia El\u00e9trica), antes da possibilidade de uma renova\u00e7\u00e3o. Essa audi\u00eancia \u00e9 a oportunidade de dar voz para a popula\u00e7\u00e3o e entendermos com clareza, como est\u00e1 sendo a distribui\u00e7\u00e3o de energia, satisfat\u00f3ria ou ruim\u201d, justificou o vice-presidente da comiss\u00e3o, deputado estadual Wilson Santos (PSD).<\/p>\n\n\n\n<p>O parlamentar lembrou que a concess\u00e3o foi outorgada \u00e0 iniciativa privada em 1997, inicialmente ao Grupo Rede e, posteriormente, repassada ao Grupo Energisa, que hoje atua em 12 estados. Com o contrato em vigor at\u00e9 junho de 2026, caber\u00e1 \u00e0 Aneel e ao Minist\u00e9rio de Minas e Energia decidir sobre a renova\u00e7\u00e3o da concess\u00e3o por mais 30 anos ou sua revers\u00e3o.<\/p>\n\n\n\n<p>A audi\u00eancia p\u00fablica de Rondon\u00f3polis foi requerida pelo membro titular da comiss\u00e3o, o deputado estadual Chico Guarnieri (PRD), e, tamb\u00e9m, contar\u00e1 com a presen\u00e7a dos deputados que representam o munic\u00edpio e que s\u00e3o co-autores do requerimento: Thiago Silva (MDB), Nininho (Republicanos) e Sebasti\u00e3o Rezende (Uni\u00e3o).<\/p>\n\n\n\n<p>A comiss\u00e3o especial \u00e9 presidida pelo presidente da Assembleia Legislativa e deputado estadual Max Russi (PSB). Al\u00e9m de Wilson Santos e Chico Guarnieri, tamb\u00e9m integram os parlamentares Janaina Riva (MDB), Valdir Barranco (PT), Faissal Calil (Cidadania), J\u00falio Campos e Eduardo Botelho, ambos do Uni\u00e3o Brasil.<\/p>\n\n\n\n<p><strong>Servi\u00e7o<\/strong>:<\/p>\n\n\n\n<p><strong>Evento:<\/strong> Audi\u00eancia p\u00fablica para tratar da renova\u00e7\u00e3o ou poss\u00edvel revers\u00e3o da concess\u00e3o de distribui\u00e7\u00e3o de energia el\u00e9trica em Mato Grosso<br><strong>Local:<\/strong> C\u00e2mara de Vereadores de Rondon\u00f3polis<br><strong>Data:<\/strong> 15 de outubro (Quinta-feira)<br><strong>Hor\u00e1rio: <\/strong>19h<br><strong>Informa\u00e7\u00f5es: Samantha dos Anjos \u2013 Assessoria de Imprensa<br><\/strong>065 99639 9715<\/p>\n","protected":false},"excerpt":{"rendered":"<p>Os membros da comiss\u00e3o especial da Assembleia Legislativa que avalia os servi\u00e7os prestados pela Energisa em Mato Grosso estar\u00e3o em Rondon\u00f3polis, nesta quinta-feira (16), para realizar audi\u00eancia p\u00fablica para levantar o grau de satisfa\u00e7\u00e3o dos moradores com a distribui\u00e7\u00e3o de energia no munic\u00edpio. A reuni\u00e3o ocorrer\u00e1 na C\u00e2mara Municipal de Vereadores, \u00e0s 19h, com a [&hellip;]<\/p>\n","protected":false},"author":4,"featured_media":1965,"comment_status":"closed","ping_status":"open","sticky":false,"template":"","format":"standard","meta":{"footnotes":""},"categories":[13],"tags":[],"yoast_head":"<!-- This site is optimized with the Yoast SEO Premium plugin v21.5 (Yoast SEO v21.4) - https:\/\/yoast.com\/wordpress\/plugins\/seo\/ -->\n<title>Rondon\u00f3polis recebe Comiss\u00e3o Especial da ALMT que vai debater o futuro da concess\u00e3o da Energisa - wilsonsantosmt.com.br<\/title>\n<meta name=\"robots\" content=\"index, follow, max-snippet:-1, max-image-preview:large, max-video-preview:-1\" \/>\n<link rel=\"canonical\" href=\"https:\/\/wilsonsantosmt.com.br\/index.php\/2025\/10\/15\/rondonopolis-recebe-comissao-especial-da-almt-que-vai-debater-o-futuro-da-concessao-da-energisa\/\" \/>\n<meta property=\"og:locale\" content=\"pt_BR\" \/>\n<meta property=\"og:type\" content=\"article\" \/>\n<meta property=\"og:title\" content=\"Rondon\u00f3polis recebe Comiss\u00e3o Especial da ALMT que vai debater o futuro da concess\u00e3o da Energisa\" \/>\n<meta property=\"og:description\" content=\"Os membros da comiss\u00e3o especial da Assembleia Legislativa que avalia os servi\u00e7os prestados pela Energisa em Mato Grosso estar\u00e3o em Rondon\u00f3polis, nesta quinta-feira (16), para realizar audi\u00eancia p\u00fablica para levantar o grau de satisfa\u00e7\u00e3o dos moradores com a distribui\u00e7\u00e3o de energia no munic\u00edpio. A reuni\u00e3o ocorrer\u00e1 na C\u00e2mara Municipal de Vereadores, \u00e0s 19h, com a [&hellip;]\" \/>\n<meta property=\"og:url\" content=\"https:\/\/wilsonsantosmt.com.br\/index.php\/2025\/10\/15\/rondonopolis-recebe-comissao-especial-da-almt-que-vai-debater-o-futuro-da-concessao-da-energisa\/\" \/>\n<meta property=\"og:site_name\" content=\"wilsonsantosmt.com.br\" \/>\n<meta property=\"article:publisher\" content=\"https:\/\/www.facebook.com\/WilsonSantosMT\/\" \/>\n<meta property=\"article:published_time\" content=\"2025-10-15T13:27:08+00:00\" \/>\n<meta property=\"article:modified_time\" content=\"2025-10-22T20:20:34+00:00\" \/>\n<meta property=\"og:image\" content=\"http:\/\/wilsonsantosmt.com.br\/wp-content\/uploads\/2025\/10\/WhatsApp-Image-2025-10-15-at-10.20.47.jpeg\" \/>\n\t<meta property=\"og:image:width\" content=\"1600\" \/>\n\t<meta property=\"og:image:height\" content=\"1067\" \/>\n\t<meta property=\"og:image:type\" content=\"image\/jpeg\" \/>\n<meta name=\"author\" content=\"Samantha dos Anjos\" \/>\n<meta name=\"twitter:card\" content=\"summary_large_image\" \/>\n<meta name=\"twitter:label1\" content=\"Escrito por\" \/>\n\t<meta name=\"twitter:data1\" content=\"Samantha dos Anjos\" \/>\n\t<meta name=\"twitter:label2\" content=\"Est. tempo de leitura\" \/>\n\t<meta name=\"twitter:data2\" content=\"2 minutos\" \/>\n<script type=\"application\/ld+json\" class=\"yoast-schema-graph\">{\"@context\":\"https:\/\/schema.org\",\"@graph\":[{\"@type\":\"Article\",\"@id\":\"https:\/\/wilsonsantosmt.com.br\/index.php\/2025\/10\/15\/rondonopolis-recebe-comissao-especial-da-almt-que-vai-debater-o-futuro-da-concessao-da-energisa\/#article\",\"isPartOf\":{\"@id\":\"https:\/\/wilsonsantosmt.com.br\/index.php\/2025\/10\/15\/rondonopolis-recebe-comissao-especial-da-almt-que-vai-debater-o-futuro-da-concessao-da-energisa\/\"},\"author\":{\"name\":\"Samantha dos Anjos\",\"@id\":\"https:\/\/wilsonsantosmt.com.br\/#\/schema\/person\/1d097ee45f526dd0455dbad8c679932c\"},\"headline\":\"Rondon\u00f3polis recebe Comiss\u00e3o Especial da ALMT que vai debater o futuro da concess\u00e3o da Energisa\",\"datePublished\":\"2025-10-15T13:27:08+00:00\",\"dateModified\":\"2025-10-22T20:20:34+00:00\",\"mainEntityOfPage\":{\"@id\":\"https:\/\/wilsonsantosmt.com.br\/index.php\/2025\/10\/15\/rondonopolis-recebe-comissao-especial-da-almt-que-vai-debater-o-futuro-da-concessao-da-energisa\/\"},\"wordCount\":417,\"publisher\":{\"@id\":\"https:\/\/wilsonsantosmt.com.br\/#\/schema\/person\/9de3c54961637a9eadb16bcbf895b1ef\"},\"articleSection\":[\"Not\u00edcias\"],\"inLanguage\":\"pt-BR\"},{\"@type\":\"WebPage\",\"@id\":\"https:\/\/wilsonsantosmt.com.br\/index.php\/2025\/10\/15\/rondonopolis-recebe-comissao-especial-da-almt-que-vai-debater-o-futuro-da-concessao-da-energisa\/\",\"url\":\"https:\/\/wilsonsantosmt.com.br\/index.php\/2025\/10\/15\/rondonopolis-recebe-comissao-especial-da-almt-que-vai-debater-o-futuro-da-concessao-da-energisa\/\",\"name\":\"Rondon\u00f3polis recebe Comiss\u00e3o Especial da ALMT que vai debater o futuro da concess\u00e3o da Energisa - wilsonsantosmt.com.br\",\"isPartOf\":{\"@id\":\"https:\/\/wilsonsantosmt.com.br\/#website\"},\"datePublished\":\"2025-10-15T13:27:08+00:00\",\"dateModified\":\"2025-10-22T20:20:34+00:00\",\"breadcrumb\":{\"@id\":\"https:\/\/wilsonsantosmt.com.br\/index.php\/2025\/10\/15\/rondonopolis-recebe-comissao-especial-da-almt-que-vai-debater-o-futuro-da-concessao-da-energisa\/#breadcrumb\"},\"inLanguage\":\"pt-BR\",\"potentialAction\":[{\"@type\":\"ReadAction\",\"target\":[\"https:\/\/wilsonsantosmt.com.br\/index.php\/2025\/10\/15\/rondonopolis-recebe-comissao-especial-da-almt-que-vai-debater-o-futuro-da-concessao-da-energisa\/\"]}]},{\"@type\":\"BreadcrumbList\",\"@id\":\"https:\/\/wilsonsantosmt.com.br\/index.php\/2025\/10\/15\/rondonopolis-recebe-comissao-especial-da-almt-que-vai-debater-o-futuro-da-concessao-da-energisa\/#breadcrumb\",\"itemListElement\":[{\"@type\":\"ListItem\",\"position\":1,\"name\":\"In\u00edcio\",\"item\":\"https:\/\/wilsonsantosmt.com.br\/\"},{\"@type\":\"ListItem\",\"position\":2,\"name\":\"Not\u00edcias\",\"item\":\"https:\/\/wilsonsantosmt.com.br\/index.php\/category\/noticias\/\"},{\"@type\":\"ListItem\",\"position\":3,\"name\":\"Rondon\u00f3polis recebe Comiss\u00e3o Especial da ALMT que vai debater o futuro da concess\u00e3o da Energisa\"}]},{\"@type\":\"WebSite\",\"@id\":\"https:\/\/wilsonsantosmt.com.br\/#website\",\"url\":\"https:\/\/wilsonsantosmt.com.br\/\",\"name\":\"wilsonsantosmt.com.br\",\"description\":\"\",\"publisher\":{\"@id\":\"https:\/\/wilsonsantosmt.com.br\/#\/schema\/person\/9de3c54961637a9eadb16bcbf895b1ef\"},\"potentialAction\":[{\"@type\":\"SearchAction\",\"target\":{\"@type\":\"EntryPoint\",\"urlTemplate\":\"https:\/\/wilsonsantosmt.com.br\/?s={search_term_string}\"},\"query-input\":\"required name=search_term_string\"}],\"inLanguage\":\"pt-BR\"},{\"@type\":[\"Person\",\"Organization\"],\"@id\":\"https:\/\/wilsonsantosmt.com.br\/#\/schema\/person\/9de3c54961637a9eadb16bcbf895b1ef\",\"name\":\"Wilson Santos\",\"image\":{\"@type\":\"ImageObject\",\"inLanguage\":\"pt-BR\",\"@id\":\"https:\/\/wilsonsantosmt.com.br\/#\/schema\/person\/image\/\",\"url\":\"https:\/\/wilsonsantosmt.com.br\/wp-content\/uploads\/2023\/11\/310828673_653254583023360_8795459643194608438_n.jpg\",\"contentUrl\":\"https:\/\/wilsonsantosmt.com.br\/wp-content\/uploads\/2023\/11\/310828673_653254583023360_8795459643194608438_n.jpg\",\"width\":1078,\"height\":1079,\"caption\":\"Wilson Santos\"},\"logo\":{\"@id\":\"https:\/\/wilsonsantosmt.com.br\/#\/schema\/person\/image\/\"},\"sameAs\":[\"http:\/\/wilsonsantosmt.com.br\",\"https:\/\/www.facebook.com\/WilsonSantosMT\/\",\"https:\/\/www.instagram.com\/wilsonsantosmt\/\",\"https:\/\/www.youtube.com\/@WilsonSantosWS\/videos\",\"https:\/\/pt.wikipedia.org\/wiki\/Wilson_Santos\"],\"honorificPrefix\":\"Sr\",\"gender\":\"masculino\",\"jobTitle\":\"Deputado Estadual\",\"worksFor\":\"Assembleia Legislativa de Mato Grosso\"},{\"@type\":\"Person\",\"@id\":\"https:\/\/wilsonsantosmt.com.br\/#\/schema\/person\/1d097ee45f526dd0455dbad8c679932c\",\"name\":\"Samantha dos Anjos\",\"image\":{\"@type\":\"ImageObject\",\"inLanguage\":\"pt-BR\",\"@id\":\"https:\/\/wilsonsantosmt.com.br\/#\/schema\/person\/image\/\",\"url\":\"https:\/\/secure.gravatar.com\/avatar\/7d8d0b6dd67d134a9fa841bee90c57c7?s=96&d=mm&r=g\",\"contentUrl\":\"https:\/\/secure.gravatar.com\/avatar\/7d8d0b6dd67d134a9fa841bee90c57c7?s=96&d=mm&r=g\",\"caption\":\"Samantha dos Anjos\"},\"url\":\"https:\/\/wilsonsantosmt.com.br\/index.php\/author\/samantha-dos-anjos\/\"}]}<\/script>\n<!-- \/ Yoast SEO Premium plugin. -->","yoast_head_json":{"title":"Rondon\u00f3polis recebe Comiss\u00e3o Especial da ALMT que vai debater o futuro da concess\u00e3o da Energisa - wilsonsantosmt.com.br","robots":{"index":"index","follow":"follow","max-snippet":"max-snippet:-1","max-image-preview":"max-image-preview:large","max-video-preview":"max-video-preview:-1"},"canonical":"https:\/\/wilsonsantosmt.com.br\/index.php\/2025\/10\/15\/rondonopolis-recebe-comissao-especial-da-almt-que-vai-debater-o-futuro-da-concessao-da-energisa\/","og_locale":"pt_BR","og_type":"article","og_title":"Rondon\u00f3polis recebe Comiss\u00e3o Especial da ALMT que vai debater o futuro da concess\u00e3o da Energisa","og_description":"Os membros da comiss\u00e3o especial da Assembleia Legislativa que avalia os servi\u00e7os prestados pela Energisa em Mato Grosso estar\u00e3o em Rondon\u00f3polis, nesta quinta-feira (16), para realizar audi\u00eancia p\u00fablica para levantar o grau de satisfa\u00e7\u00e3o dos moradores com a distribui\u00e7\u00e3o de energia no munic\u00edpio. A reuni\u00e3o ocorrer\u00e1 na C\u00e2mara Municipal de Vereadores, \u00e0s 19h, com a [&hellip;]","og_url":"https:\/\/wilsonsantosmt.com.br\/index.php\/2025\/10\/15\/rondonopolis-recebe-comissao-especial-da-almt-que-vai-debater-o-futuro-da-concessao-da-energisa\/","og_site_name":"wilsonsantosmt.com.br","article_publisher":"https:\/\/www.facebook.com\/WilsonSantosMT\/","article_published_time":"2025-10-15T13:27:08+00:00","article_modified_time":"2025-10-22T20:20:34+00:00","og_image":[{"width":1600,"height":1067,"url":"http:\/\/wilsonsantosmt.com.br\/wp-content\/uploads\/2025\/10\/WhatsApp-Image-2025-10-15-at-10.20.47.jpeg","type":"image\/jpeg"}],"author":"Samantha dos Anjos","twitter_card":"summary_large_image","twitter_misc":{"Escrito por":"Samantha dos Anjos","Est. tempo de leitura":"2 minutos"},"schema":{"@context":"https:\/\/schema.org","@graph":[{"@type":"Article","@id":"https:\/\/wilsonsantosmt.com.br\/index.php\/2025\/10\/15\/rondonopolis-recebe-comissao-especial-da-almt-que-vai-debater-o-futuro-da-concessao-da-energisa\/#article","isPartOf":{"@id":"https:\/\/wilsonsantosmt.com.br\/index.php\/2025\/10\/15\/rondonopolis-recebe-comissao-especial-da-almt-que-vai-debater-o-futuro-da-concessao-da-energisa\/"},"author":{"name":"Samantha dos Anjos","@id":"https:\/\/wilsonsantosmt.com.br\/#\/schema\/person\/1d097ee45f526dd0455dbad8c679932c"},"headline":"Rondon\u00f3polis recebe Comiss\u00e3o Especial da ALMT que vai debater o futuro da concess\u00e3o da Energisa","datePublished":"2025-10-15T13:27:08+00:00","dateModified":"2025-10-22T20:20:34+00:00","mainEntityOfPage":{"@id":"https:\/\/wilsonsantosmt.com.br\/index.php\/2025\/10\/15\/rondonopolis-recebe-comissao-especial-da-almt-que-vai-debater-o-futuro-da-concessao-da-energisa\/"},"wordCount":417,"publisher":{"@id":"https:\/\/wilsonsantosmt.com.br\/#\/schema\/person\/9de3c54961637a9eadb16bcbf895b1ef"},"articleSection":["Not\u00edcias"],"inLanguage":"pt-BR"},{"@type":"WebPage","@id":"https:\/\/wilsonsantosmt.com.br\/index.php\/2025\/10\/15\/rondonopolis-recebe-comissao-especial-da-almt-que-vai-debater-o-futuro-da-concessao-da-energisa\/","url":"https:\/\/wilsonsantosmt.com.br\/index.php\/2025\/10\/15\/rondonopolis-recebe-comissao-especial-da-almt-que-vai-debater-o-futuro-da-concessao-da-energisa\/","name":"Rondon\u00f3polis recebe Comiss\u00e3o Especial da ALMT que vai debater o futuro da concess\u00e3o da Energisa - wilsonsantosmt.com.br","isPartOf":{"@id":"https:\/\/wilsonsantosmt.com.br\/#website"},"datePublished":"2025-10-15T13:27:08+00:00","dateModified":"2025-10-22T20:20:34+00:00","breadcrumb":{"@id":"https:\/\/wilsonsantosmt.com.br\/index.php\/2025\/10\/15\/rondonopolis-recebe-comissao-especial-da-almt-que-vai-debater-o-futuro-da-concessao-da-energisa\/#breadcrumb"},"inLanguage":"pt-BR","potentialAction":[{"@type":"ReadAction","target":["https:\/\/wilsonsantosmt.com.br\/index.php\/2025\/10\/15\/rondonopolis-recebe-comissao-especial-da-almt-que-vai-debater-o-futuro-da-concessao-da-energisa\/"]}]},{"@type":"BreadcrumbList","@id":"https:\/\/wilsonsantosmt.com.br\/index.php\/2025\/10\/15\/rondonopolis-recebe-comissao-especial-da-almt-que-vai-debater-o-futuro-da-concessao-da-energisa\/#breadcrumb","itemListElement":[{"@type":"ListItem","position":1,"name":"In\u00edcio","item":"https:\/\/wilsonsantosmt.com.br\/"},{"@type":"ListItem","position":2,"name":"Not\u00edcias","item":"https:\/\/wilsonsantosmt.com.br\/index.php\/category\/noticias\/"},{"@type":"ListItem","position":3,"name":"Rondon\u00f3polis recebe Comiss\u00e3o Especial da ALMT que vai debater o futuro da concess\u00e3o da Energisa"}]},{"@type":"WebSite","@id":"https:\/\/wilsonsantosmt.com.br\/#website","url":"https:\/\/wilsonsantosmt.com.br\/","name":"wilsonsantosmt.com.br","description":"","publisher":{"@id":"https:\/\/wilsonsantosmt.com.br\/#\/schema\/person\/9de3c54961637a9eadb16bcbf895b1ef"},"potentialAction":[{"@type":"SearchAction","target":{"@type":"EntryPoint","urlTemplate":"https:\/\/wilsonsantosmt.com.br\/?s={search_term_string}"},"query-input":"required name=search_term_string"}],"inLanguage":"pt-BR"},{"@type":["Person","Organization"],"@id":"https:\/\/wilsonsantosmt.com.br\/#\/schema\/person\/9de3c54961637a9eadb16bcbf895b1ef","name":"Wilson Santos","image":{"@type":"ImageObject","inLanguage":"pt-BR","@id":"https:\/\/wilsonsantosmt.com.br\/#\/schema\/person\/image\/","url":"https:\/\/wilsonsantosmt.com.br\/wp-content\/uploads\/2023\/11\/310828673_653254583023360_8795459643194608438_n.jpg","contentUrl":"https:\/\/wilsonsantosmt.com.br\/wp-content\/uploads\/2023\/11\/310828673_653254583023360_8795459643194608438_n.jpg","width":1078,"height":1079,"caption":"Wilson Santos"},"logo":{"@id":"https:\/\/wilsonsantosmt.com.br\/#\/schema\/person\/image\/"},"sameAs":["http:\/\/wilsonsantosmt.com.br","https:\/\/www.facebook.com\/WilsonSantosMT\/","https:\/\/www.instagram.com\/wilsonsantosmt\/","https:\/\/www.youtube.com\/@WilsonSantosWS\/videos","https:\/\/pt.wikipedia.org\/wiki\/Wilson_Santos"],"honorificPrefix":"Sr","gender":"masculino","jobTitle":"Deputado Estadual","worksFor":"Assembleia Legislativa de Mato Grosso"},{"@type":"Person","@id":"https:\/\/wilsonsantosmt.com.br\/#\/schema\/person\/1d097ee45f526dd0455dbad8c679932c","name":"Samantha dos Anjos","image":{"@type":"ImageObject","inLanguage":"pt-BR","@id":"https:\/\/wilsonsantosmt.com.br\/#\/schema\/person\/image\/","url":"https:\/\/secure.gravatar.com\/avatar\/7d8d0b6dd67d134a9fa841bee90c57c7?s=96&d=mm&r=g","contentUrl":"https:\/\/secure.gravatar.com\/avatar\/7d8d0b6dd67d134a9fa841bee90c57c7?s=96&d=mm&r=g","caption":"Samantha dos Anjos"},"url":"https:\/\/wilsonsantosmt.com.br\/index.php\/author\/samantha-dos-anjos\/"}]}},"_links":{"self":[{"href":"https:\/\/wilsonsantosmt.com.br\/index.php\/wp-json\/wp\/v2\/posts\/1963"}],"collection":[{"href":"https:\/\/wilsonsantosmt.com.br\/index.php\/wp-json\/wp\/v2\/posts"}],"about":[{"href":"https:\/\/wilsonsantosmt.com.br\/index.php\/wp-json\/wp\/v2\/types\/post"}],"author":[{"embeddable":true,"href":"https:\/\/wilsonsantosmt.com.br\/index.php\/wp-json\/wp\/v2\/users\/4"}],"replies":[{"embeddable":true,"href":"https:\/\/wilsonsantosmt.com.br\/index.php\/wp-json\/wp\/v2\/comments?post=1963"}],"version-history":[{"count":1,"href":"https:\/\/wilsonsantosmt.com.br\/index.php\/wp-json\/wp\/v2\/posts\/1963\/revisions"}],"predecessor-version":[{"id":1964,"href":"https:\/\/wilsonsantosmt.com.br\/index.php\/wp-json\/wp\/v2\/posts\/1963\/revisions\/1964"}],"wp:featuredmedia":[{"embeddable":true,"href":"https:\/\/wilsonsantosmt.com.br\/index.php\/wp-json\/wp\/v2\/media\/1965"}],"wp:attachment":[{"href":"https:\/\/wilsonsantosmt.com.br\/index.php\/wp-json\/wp\/v2\/media?parent=1963"}],"wp:term":[{"taxonomy":"category","embeddable":true,"href":"https:\/\/wilsonsantosmt.com.br\/index.php\/wp-json\/wp\/v2\/categories?post=1963"},{"taxonomy":"post_tag","embeddable":true,"href":"https:\/\/wilsonsantosmt.com.br\/index.php\/wp-json\/wp\/v2\/tags?post=1963"}],"curies":[{"name":"wp","href":"https:\/\/api.w.org\/{rel}","templated":true}]}}