{"id":1976,"date":"2025-10-21T05:26:00","date_gmt":"2025-10-21T09:26:00","guid":{"rendered":"https:\/\/wilsonsantosmt.com.br\/?p=1976"},"modified":"2025-10-22T16:32:27","modified_gmt":"2025-10-22T20:32:27","slug":"emenda-de-wilson-santos-reforca-estoque-de-medicamentos-para-a-saude-de-varzea-grande","status":"publish","type":"post","link":"https:\/\/wilsonsantosmt.com.br\/index.php\/2025\/10\/21\/emenda-de-wilson-santos-reforca-estoque-de-medicamentos-para-a-saude-de-varzea-grande\/","title":{"rendered":"Emenda de Wilson Santos refor\u00e7a estoque de medicamentos para a sa\u00fade de V\u00e1rzea Grande"},"content":{"rendered":"\n<p><\/p>\n\n\n\n<p>O deputado estadual Wilson Santos (PSD) conferiu de perto, nesta sexta-feira (17), a quantidade de medicamentos adquiridos com emenda parlamentar de R$ 500 mil destinada \u00e0 Prefeitura de V\u00e1rzea Grande, por meio da Secretaria Municipal de Sa\u00fade. A visita ocorreu no Centro de Abastecimento e Distribui\u00e7\u00e3o de Insumos e Medicamentos (Cadim), onde ele esteve acompanhado da prefeita Fl\u00e1via Moretti (PL) e do vereador Charles da Educa\u00e7\u00e3o (Uni\u00e3o), respons\u00e1vel pela indica\u00e7\u00e3o da demanda.<\/p>\n\n\n\n<p>\u201cFiquei impressionado positivamente com a quantidade de caixas e rem\u00e9dios comprados com a nossa emenda. As prateleiras do Cadim est\u00e3o cheias e bem organizadas. \u00c9 gratificante ver que a Prefeitura de V\u00e1rzea Grande est\u00e1 aplicando corretamente os recursos p\u00fablicos, o que nos motiva a seguir fortalecendo essa parceria baseada na responsabilidade e seriedade. Com recursos p\u00fablicos n\u00e3o se brinca. E ver o bom uso das emendas comprova o compromisso da gest\u00e3o municipal com o bem-estar da popula\u00e7\u00e3o\u201d, destacou o parlamentar.<\/p>\n\n\n\n<p>De acordo com a secret\u00e1ria municipal de Sa\u00fade, Deisi Bocalon, a aquisi\u00e7\u00e3o dos medicamentos foi realizada por meio do Cons\u00f3rcio Intermunicipal de Sa\u00fade do Vale do Rio Cuiab\u00e1 (Cisvarc), o que garantiu mais agilidade ao processo. \u201cPrecisamos manter nossa rede sempre abastecida e essa emenda vem ao encontro das necessidades da popula\u00e7\u00e3o. Ela permite que n\u00e3o faltem medicamentos e que os tratamentos cont\u00ednuos sigam sem interrup\u00e7\u00f5es. \u00c9 um avan\u00e7o importante para V\u00e1rzea Grande\u201d, pontuou.<\/p>\n\n\n\n<p>A prefeita Fl\u00e1via Moretti ressaltou que o munic\u00edpio tem um gasto mensal de aproximadamente R$ 3 milh\u00f5es com a compra de medicamentos. \u201cEsse meio milh\u00e3o destinado pelo deputado Wilson Santos ajuda, e muito, no atendimento \u00e0 popula\u00e7\u00e3o. Agradecemos por ele acreditar em V\u00e1rzea Grande. Al\u00e9m disso, temos a parceria para a reforma da Unidade de Sa\u00fade do Cap\u00e3o Grande, tamb\u00e9m no valor de R$ 500 mil. S\u00e3o recursos que chegaram em boa hora para atender uma cidade grande e com maioria da popula\u00e7\u00e3o dependente do SUS\u201d, frisou.<\/p>\n\n\n\n<p>O vereador Charles da Educa\u00e7\u00e3o destacou o compromisso do parlamentar com as demandas do munic\u00edpio. \u201cQuando apresentamos as necessidades de V\u00e1rzea Grande, o deputado Wilson Santos prontamente nos atendeu. Ele destinou R$ 500 mil para a reforma e amplia\u00e7\u00e3o da unidade do Cap\u00e3o Grande, que atender\u00e1 mais de 8 mil pessoas, al\u00e9m de garantir o investimento na compra de medicamentos essenciais. \u00c9 uma parceria que tem dado resultados reais para a popula\u00e7\u00e3o\u201d, afirmou.<\/p>\n\n\n\n<p>As a\u00e7\u00f5es de Wilson Santos em V\u00e1rzea Grande refor\u00e7am sua atua\u00e7\u00e3o voltada \u00e0 sa\u00fade p\u00fablica e \u00e0 boa aplica\u00e7\u00e3o dos recursos p\u00fablicos. Com as emendas destinadas ao munic\u00edpio, o parlamentar contribui para garantir o abastecimento das unidades de sa\u00fade, fortalecer o atendimento \u00e0 popula\u00e7\u00e3o e ampliar a estrutura dos servi\u00e7os do SUS. \u201cInvestir em sa\u00fade \u00e9 investir na dignidade das pessoas\u201d, resume o deputado.<\/p>\n","protected":false},"excerpt":{"rendered":"<p>O deputado estadual Wilson Santos (PSD) conferiu de perto, nesta sexta-feira (17), a quantidade de medicamentos adquiridos com emenda parlamentar de R$ 500 mil destinada \u00e0 Prefeitura de V\u00e1rzea Grande, por meio da Secretaria Municipal de Sa\u00fade. A visita ocorreu no Centro de Abastecimento e Distribui\u00e7\u00e3o de Insumos e Medicamentos (Cadim), onde ele esteve acompanhado [&hellip;]<\/p>\n","protected":false},"author":4,"featured_media":1977,"comment_status":"closed","ping_status":"open","sticky":false,"template":"","format":"standard","meta":{"footnotes":""},"categories":[13],"tags":[],"yoast_head":"<!-- This site is optimized with the Yoast SEO Premium plugin v21.5 (Yoast SEO v21.4) - https:\/\/yoast.com\/wordpress\/plugins\/seo\/ -->\n<title>Emenda de Wilson Santos refor\u00e7a estoque de medicamentos para a sa\u00fade de V\u00e1rzea Grande - wilsonsantosmt.com.br<\/title>\n<meta name=\"robots\" content=\"index, follow, max-snippet:-1, max-image-preview:large, max-video-preview:-1\" \/>\n<link rel=\"canonical\" href=\"https:\/\/wilsonsantosmt.com.br\/index.php\/2025\/10\/21\/emenda-de-wilson-santos-reforca-estoque-de-medicamentos-para-a-saude-de-varzea-grande\/\" \/>\n<meta property=\"og:locale\" content=\"pt_BR\" \/>\n<meta property=\"og:type\" content=\"article\" \/>\n<meta property=\"og:title\" content=\"Emenda de Wilson Santos refor\u00e7a estoque de medicamentos para a sa\u00fade de V\u00e1rzea Grande\" \/>\n<meta property=\"og:description\" content=\"O deputado estadual Wilson Santos (PSD) conferiu de perto, nesta sexta-feira (17), a quantidade de medicamentos adquiridos com emenda parlamentar de R$ 500 mil destinada \u00e0 Prefeitura de V\u00e1rzea Grande, por meio da Secretaria Municipal de Sa\u00fade. A visita ocorreu no Centro de Abastecimento e Distribui\u00e7\u00e3o de Insumos e Medicamentos (Cadim), onde ele esteve acompanhado [&hellip;]\" \/>\n<meta property=\"og:url\" content=\"https:\/\/wilsonsantosmt.com.br\/index.php\/2025\/10\/21\/emenda-de-wilson-santos-reforca-estoque-de-medicamentos-para-a-saude-de-varzea-grande\/\" \/>\n<meta property=\"og:site_name\" content=\"wilsonsantosmt.com.br\" \/>\n<meta property=\"article:publisher\" content=\"https:\/\/www.facebook.com\/WilsonSantosMT\/\" \/>\n<meta property=\"article:published_time\" content=\"2025-10-21T09:26:00+00:00\" \/>\n<meta property=\"article:modified_time\" content=\"2025-10-22T20:32:27+00:00\" \/>\n<meta property=\"og:image\" content=\"http:\/\/wilsonsantosmt.com.br\/wp-content\/uploads\/2025\/10\/WhatsApp-Image-2025-10-17-at-18.33.48.jpeg\" \/>\n\t<meta property=\"og:image:width\" content=\"1280\" \/>\n\t<meta property=\"og:image:height\" content=\"720\" \/>\n\t<meta property=\"og:image:type\" content=\"image\/jpeg\" \/>\n<meta name=\"author\" content=\"Samantha dos Anjos\" \/>\n<meta name=\"twitter:card\" content=\"summary_large_image\" \/>\n<meta name=\"twitter:label1\" content=\"Escrito por\" \/>\n\t<meta name=\"twitter:data1\" content=\"Samantha dos Anjos\" \/>\n\t<meta name=\"twitter:label2\" content=\"Est. tempo de leitura\" \/>\n\t<meta name=\"twitter:data2\" content=\"3 minutos\" \/>\n<script type=\"application\/ld+json\" class=\"yoast-schema-graph\">{\"@context\":\"https:\/\/schema.org\",\"@graph\":[{\"@type\":\"Article\",\"@id\":\"https:\/\/wilsonsantosmt.com.br\/index.php\/2025\/10\/21\/emenda-de-wilson-santos-reforca-estoque-de-medicamentos-para-a-saude-de-varzea-grande\/#article\",\"isPartOf\":{\"@id\":\"https:\/\/wilsonsantosmt.com.br\/index.php\/2025\/10\/21\/emenda-de-wilson-santos-reforca-estoque-de-medicamentos-para-a-saude-de-varzea-grande\/\"},\"author\":{\"name\":\"Samantha dos Anjos\",\"@id\":\"https:\/\/wilsonsantosmt.com.br\/#\/schema\/person\/1d097ee45f526dd0455dbad8c679932c\"},\"headline\":\"Emenda de Wilson Santos refor\u00e7a estoque de medicamentos para a sa\u00fade de V\u00e1rzea Grande\",\"datePublished\":\"2025-10-21T09:26:00+00:00\",\"dateModified\":\"2025-10-22T20:32:27+00:00\",\"mainEntityOfPage\":{\"@id\":\"https:\/\/wilsonsantosmt.com.br\/index.php\/2025\/10\/21\/emenda-de-wilson-santos-reforca-estoque-de-medicamentos-para-a-saude-de-varzea-grande\/\"},\"wordCount\":511,\"publisher\":{\"@id\":\"https:\/\/wilsonsantosmt.com.br\/#\/schema\/person\/9de3c54961637a9eadb16bcbf895b1ef\"},\"articleSection\":[\"Not\u00edcias\"],\"inLanguage\":\"pt-BR\"},{\"@type\":\"WebPage\",\"@id\":\"https:\/\/wilsonsantosmt.com.br\/index.php\/2025\/10\/21\/emenda-de-wilson-santos-reforca-estoque-de-medicamentos-para-a-saude-de-varzea-grande\/\",\"url\":\"https:\/\/wilsonsantosmt.com.br\/index.php\/2025\/10\/21\/emenda-de-wilson-santos-reforca-estoque-de-medicamentos-para-a-saude-de-varzea-grande\/\",\"name\":\"Emenda de Wilson Santos refor\u00e7a estoque de medicamentos para a sa\u00fade de V\u00e1rzea Grande - wilsonsantosmt.com.br\",\"isPartOf\":{\"@id\":\"https:\/\/wilsonsantosmt.com.br\/#website\"},\"datePublished\":\"2025-10-21T09:26:00+00:00\",\"dateModified\":\"2025-10-22T20:32:27+00:00\",\"breadcrumb\":{\"@id\":\"https:\/\/wilsonsantosmt.com.br\/index.php\/2025\/10\/21\/emenda-de-wilson-santos-reforca-estoque-de-medicamentos-para-a-saude-de-varzea-grande\/#breadcrumb\"},\"inLanguage\":\"pt-BR\",\"potentialAction\":[{\"@type\":\"ReadAction\",\"target\":[\"https:\/\/wilsonsantosmt.com.br\/index.php\/2025\/10\/21\/emenda-de-wilson-santos-reforca-estoque-de-medicamentos-para-a-saude-de-varzea-grande\/\"]}]},{\"@type\":\"BreadcrumbList\",\"@id\":\"https:\/\/wilsonsantosmt.com.br\/index.php\/2025\/10\/21\/emenda-de-wilson-santos-reforca-estoque-de-medicamentos-para-a-saude-de-varzea-grande\/#breadcrumb\",\"itemListElement\":[{\"@type\":\"ListItem\",\"position\":1,\"name\":\"In\u00edcio\",\"item\":\"https:\/\/wilsonsantosmt.com.br\/\"},{\"@type\":\"ListItem\",\"position\":2,\"name\":\"Not\u00edcias\",\"item\":\"https:\/\/wilsonsantosmt.com.br\/index.php\/category\/noticias\/\"},{\"@type\":\"ListItem\",\"position\":3,\"name\":\"Emenda de Wilson Santos refor\u00e7a estoque de medicamentos para a sa\u00fade de V\u00e1rzea Grande\"}]},{\"@type\":\"WebSite\",\"@id\":\"https:\/\/wilsonsantosmt.com.br\/#website\",\"url\":\"https:\/\/wilsonsantosmt.com.br\/\",\"name\":\"wilsonsantosmt.com.br\",\"description\":\"\",\"publisher\":{\"@id\":\"https:\/\/wilsonsantosmt.com.br\/#\/schema\/person\/9de3c54961637a9eadb16bcbf895b1ef\"},\"potentialAction\":[{\"@type\":\"SearchAction\",\"target\":{\"@type\":\"EntryPoint\",\"urlTemplate\":\"https:\/\/wilsonsantosmt.com.br\/?s={search_term_string}\"},\"query-input\":\"required name=search_term_string\"}],\"inLanguage\":\"pt-BR\"},{\"@type\":[\"Person\",\"Organization\"],\"@id\":\"https:\/\/wilsonsantosmt.com.br\/#\/schema\/person\/9de3c54961637a9eadb16bcbf895b1ef\",\"name\":\"Wilson Santos\",\"image\":{\"@type\":\"ImageObject\",\"inLanguage\":\"pt-BR\",\"@id\":\"https:\/\/wilsonsantosmt.com.br\/#\/schema\/person\/image\/\",\"url\":\"https:\/\/wilsonsantosmt.com.br\/wp-content\/uploads\/2023\/11\/310828673_653254583023360_8795459643194608438_n.jpg\",\"contentUrl\":\"https:\/\/wilsonsantosmt.com.br\/wp-content\/uploads\/2023\/11\/310828673_653254583023360_8795459643194608438_n.jpg\",\"width\":1078,\"height\":1079,\"caption\":\"Wilson Santos\"},\"logo\":{\"@id\":\"https:\/\/wilsonsantosmt.com.br\/#\/schema\/person\/image\/\"},\"sameAs\":[\"http:\/\/wilsonsantosmt.com.br\",\"https:\/\/www.facebook.com\/WilsonSantosMT\/\",\"https:\/\/www.instagram.com\/wilsonsantosmt\/\",\"https:\/\/www.youtube.com\/@WilsonSantosWS\/videos\",\"https:\/\/pt.wikipedia.org\/wiki\/Wilson_Santos\"],\"honorificPrefix\":\"Sr\",\"gender\":\"masculino\",\"jobTitle\":\"Deputado Estadual\",\"worksFor\":\"Assembleia Legislativa de Mato Grosso\"},{\"@type\":\"Person\",\"@id\":\"https:\/\/wilsonsantosmt.com.br\/#\/schema\/person\/1d097ee45f526dd0455dbad8c679932c\",\"name\":\"Samantha dos Anjos\",\"image\":{\"@type\":\"ImageObject\",\"inLanguage\":\"pt-BR\",\"@id\":\"https:\/\/wilsonsantosmt.com.br\/#\/schema\/person\/image\/\",\"url\":\"https:\/\/secure.gravatar.com\/avatar\/7d8d0b6dd67d134a9fa841bee90c57c7?s=96&d=mm&r=g\",\"contentUrl\":\"https:\/\/secure.gravatar.com\/avatar\/7d8d0b6dd67d134a9fa841bee90c57c7?s=96&d=mm&r=g\",\"caption\":\"Samantha dos Anjos\"},\"url\":\"https:\/\/wilsonsantosmt.com.br\/index.php\/author\/samantha-dos-anjos\/\"}]}<\/script>\n<!-- \/ Yoast SEO Premium plugin. -->","yoast_head_json":{"title":"Emenda de Wilson Santos refor\u00e7a estoque de medicamentos para a sa\u00fade de V\u00e1rzea Grande - wilsonsantosmt.com.br","robots":{"index":"index","follow":"follow","max-snippet":"max-snippet:-1","max-image-preview":"max-image-preview:large","max-video-preview":"max-video-preview:-1"},"canonical":"https:\/\/wilsonsantosmt.com.br\/index.php\/2025\/10\/21\/emenda-de-wilson-santos-reforca-estoque-de-medicamentos-para-a-saude-de-varzea-grande\/","og_locale":"pt_BR","og_type":"article","og_title":"Emenda de Wilson Santos refor\u00e7a estoque de medicamentos para a sa\u00fade de V\u00e1rzea Grande","og_description":"O deputado estadual Wilson Santos (PSD) conferiu de perto, nesta sexta-feira (17), a quantidade de medicamentos adquiridos com emenda parlamentar de R$ 500 mil destinada \u00e0 Prefeitura de V\u00e1rzea Grande, por meio da Secretaria Municipal de Sa\u00fade. A visita ocorreu no Centro de Abastecimento e Distribui\u00e7\u00e3o de Insumos e Medicamentos (Cadim), onde ele esteve acompanhado [&hellip;]","og_url":"https:\/\/wilsonsantosmt.com.br\/index.php\/2025\/10\/21\/emenda-de-wilson-santos-reforca-estoque-de-medicamentos-para-a-saude-de-varzea-grande\/","og_site_name":"wilsonsantosmt.com.br","article_publisher":"https:\/\/www.facebook.com\/WilsonSantosMT\/","article_published_time":"2025-10-21T09:26:00+00:00","article_modified_time":"2025-10-22T20:32:27+00:00","og_image":[{"width":1280,"height":720,"url":"http:\/\/wilsonsantosmt.com.br\/wp-content\/uploads\/2025\/10\/WhatsApp-Image-2025-10-17-at-18.33.48.jpeg","type":"image\/jpeg"}],"author":"Samantha dos Anjos","twitter_card":"summary_large_image","twitter_misc":{"Escrito por":"Samantha dos Anjos","Est. tempo de leitura":"3 minutos"},"schema":{"@context":"https:\/\/schema.org","@graph":[{"@type":"Article","@id":"https:\/\/wilsonsantosmt.com.br\/index.php\/2025\/10\/21\/emenda-de-wilson-santos-reforca-estoque-de-medicamentos-para-a-saude-de-varzea-grande\/#article","isPartOf":{"@id":"https:\/\/wilsonsantosmt.com.br\/index.php\/2025\/10\/21\/emenda-de-wilson-santos-reforca-estoque-de-medicamentos-para-a-saude-de-varzea-grande\/"},"author":{"name":"Samantha dos Anjos","@id":"https:\/\/wilsonsantosmt.com.br\/#\/schema\/person\/1d097ee45f526dd0455dbad8c679932c"},"headline":"Emenda de Wilson Santos refor\u00e7a estoque de medicamentos para a sa\u00fade de V\u00e1rzea Grande","datePublished":"2025-10-21T09:26:00+00:00","dateModified":"2025-10-22T20:32:27+00:00","mainEntityOfPage":{"@id":"https:\/\/wilsonsantosmt.com.br\/index.php\/2025\/10\/21\/emenda-de-wilson-santos-reforca-estoque-de-medicamentos-para-a-saude-de-varzea-grande\/"},"wordCount":511,"publisher":{"@id":"https:\/\/wilsonsantosmt.com.br\/#\/schema\/person\/9de3c54961637a9eadb16bcbf895b1ef"},"articleSection":["Not\u00edcias"],"inLanguage":"pt-BR"},{"@type":"WebPage","@id":"https:\/\/wilsonsantosmt.com.br\/index.php\/2025\/10\/21\/emenda-de-wilson-santos-reforca-estoque-de-medicamentos-para-a-saude-de-varzea-grande\/","url":"https:\/\/wilsonsantosmt.com.br\/index.php\/2025\/10\/21\/emenda-de-wilson-santos-reforca-estoque-de-medicamentos-para-a-saude-de-varzea-grande\/","name":"Emenda de Wilson Santos refor\u00e7a estoque de medicamentos para a sa\u00fade de V\u00e1rzea Grande - wilsonsantosmt.com.br","isPartOf":{"@id":"https:\/\/wilsonsantosmt.com.br\/#website"},"datePublished":"2025-10-21T09:26:00+00:00","dateModified":"2025-10-22T20:32:27+00:00","breadcrumb":{"@id":"https:\/\/wilsonsantosmt.com.br\/index.php\/2025\/10\/21\/emenda-de-wilson-santos-reforca-estoque-de-medicamentos-para-a-saude-de-varzea-grande\/#breadcrumb"},"inLanguage":"pt-BR","potentialAction":[{"@type":"ReadAction","target":["https:\/\/wilsonsantosmt.com.br\/index.php\/2025\/10\/21\/emenda-de-wilson-santos-reforca-estoque-de-medicamentos-para-a-saude-de-varzea-grande\/"]}]},{"@type":"BreadcrumbList","@id":"https:\/\/wilsonsantosmt.com.br\/index.php\/2025\/10\/21\/emenda-de-wilson-santos-reforca-estoque-de-medicamentos-para-a-saude-de-varzea-grande\/#breadcrumb","itemListElement":[{"@type":"ListItem","position":1,"name":"In\u00edcio","item":"https:\/\/wilsonsantosmt.com.br\/"},{"@type":"ListItem","position":2,"name":"Not\u00edcias","item":"https:\/\/wilsonsantosmt.com.br\/index.php\/category\/noticias\/"},{"@type":"ListItem","position":3,"name":"Emenda de Wilson Santos refor\u00e7a estoque de medicamentos para a sa\u00fade de V\u00e1rzea Grande"}]},{"@type":"WebSite","@id":"https:\/\/wilsonsantosmt.com.br\/#website","url":"https:\/\/wilsonsantosmt.com.br\/","name":"wilsonsantosmt.com.br","description":"","publisher":{"@id":"https:\/\/wilsonsantosmt.com.br\/#\/schema\/person\/9de3c54961637a9eadb16bcbf895b1ef"},"potentialAction":[{"@type":"SearchAction","target":{"@type":"EntryPoint","urlTemplate":"https:\/\/wilsonsantosmt.com.br\/?s={search_term_string}"},"query-input":"required name=search_term_string"}],"inLanguage":"pt-BR"},{"@type":["Person","Organization"],"@id":"https:\/\/wilsonsantosmt.com.br\/#\/schema\/person\/9de3c54961637a9eadb16bcbf895b1ef","name":"Wilson Santos","image":{"@type":"ImageObject","inLanguage":"pt-BR","@id":"https:\/\/wilsonsantosmt.com.br\/#\/schema\/person\/image\/","url":"https:\/\/wilsonsantosmt.com.br\/wp-content\/uploads\/2023\/11\/310828673_653254583023360_8795459643194608438_n.jpg","contentUrl":"https:\/\/wilsonsantosmt.com.br\/wp-content\/uploads\/2023\/11\/310828673_653254583023360_8795459643194608438_n.jpg","width":1078,"height":1079,"caption":"Wilson Santos"},"logo":{"@id":"https:\/\/wilsonsantosmt.com.br\/#\/schema\/person\/image\/"},"sameAs":["http:\/\/wilsonsantosmt.com.br","https:\/\/www.facebook.com\/WilsonSantosMT\/","https:\/\/www.instagram.com\/wilsonsantosmt\/","https:\/\/www.youtube.com\/@WilsonSantosWS\/videos","https:\/\/pt.wikipedia.org\/wiki\/Wilson_Santos"],"honorificPrefix":"Sr","gender":"masculino","jobTitle":"Deputado Estadual","worksFor":"Assembleia Legislativa de Mato Grosso"},{"@type":"Person","@id":"https:\/\/wilsonsantosmt.com.br\/#\/schema\/person\/1d097ee45f526dd0455dbad8c679932c","name":"Samantha dos Anjos","image":{"@type":"ImageObject","inLanguage":"pt-BR","@id":"https:\/\/wilsonsantosmt.com.br\/#\/schema\/person\/image\/","url":"https:\/\/secure.gravatar.com\/avatar\/7d8d0b6dd67d134a9fa841bee90c57c7?s=96&d=mm&r=g","contentUrl":"https:\/\/secure.gravatar.com\/avatar\/7d8d0b6dd67d134a9fa841bee90c57c7?s=96&d=mm&r=g","caption":"Samantha dos Anjos"},"url":"https:\/\/wilsonsantosmt.com.br\/index.php\/author\/samantha-dos-anjos\/"}]}},"_links":{"self":[{"href":"https:\/\/wilsonsantosmt.com.br\/index.php\/wp-json\/wp\/v2\/posts\/1976"}],"collection":[{"href":"https:\/\/wilsonsantosmt.com.br\/index.php\/wp-json\/wp\/v2\/posts"}],"about":[{"href":"https:\/\/wilsonsantosmt.com.br\/index.php\/wp-json\/wp\/v2\/types\/post"}],"author":[{"embeddable":true,"href":"https:\/\/wilsonsantosmt.com.br\/index.php\/wp-json\/wp\/v2\/users\/4"}],"replies":[{"embeddable":true,"href":"https:\/\/wilsonsantosmt.com.br\/index.php\/wp-json\/wp\/v2\/comments?post=1976"}],"version-history":[{"count":1,"href":"https:\/\/wilsonsantosmt.com.br\/index.php\/wp-json\/wp\/v2\/posts\/1976\/revisions"}],"predecessor-version":[{"id":1978,"href":"https:\/\/wilsonsantosmt.com.br\/index.php\/wp-json\/wp\/v2\/posts\/1976\/revisions\/1978"}],"wp:featuredmedia":[{"embeddable":true,"href":"https:\/\/wilsonsantosmt.com.br\/index.php\/wp-json\/wp\/v2\/media\/1977"}],"wp:attachment":[{"href":"https:\/\/wilsonsantosmt.com.br\/index.php\/wp-json\/wp\/v2\/media?parent=1976"}],"wp:term":[{"taxonomy":"category","embeddable":true,"href":"https:\/\/wilsonsantosmt.com.br\/index.php\/wp-json\/wp\/v2\/categories?post=1976"},{"taxonomy":"post_tag","embeddable":true,"href":"https:\/\/wilsonsantosmt.com.br\/index.php\/wp-json\/wp\/v2\/tags?post=1976"}],"curies":[{"name":"wp","href":"https:\/\/api.w.org\/{rel}","templated":true}]}}