{"id":1979,"date":"2025-10-20T16:32:40","date_gmt":"2025-10-20T20:32:40","guid":{"rendered":"https:\/\/wilsonsantosmt.com.br\/?p=1979"},"modified":"2025-10-22T16:33:20","modified_gmt":"2025-10-22T20:33:20","slug":"wilson-santos-confirma-ida-a-cop30-e-vai-denunciar-crimes-ambientais-e-defender-os-pescadores-de-mt","status":"publish","type":"post","link":"https:\/\/wilsonsantosmt.com.br\/index.php\/2025\/10\/20\/wilson-santos-confirma-ida-a-cop30-e-vai-denunciar-crimes-ambientais-e-defender-os-pescadores-de-mt\/","title":{"rendered":"Wilson Santos confirma ida \u00e0 COP30 e vai denunciar crimes ambientais e defender os pescadores de MT"},"content":{"rendered":"\n<p><\/p>\n\n\n\n<p>O deputado estadual Wilson Santos (PSD) confirmou a sua participa\u00e7\u00e3o na Confer\u00eancia da ONU sobre Mudan\u00e7as Clim\u00e1ticas &#8211; COP30, que acontecer\u00e1 entre os dias 10 a 21 de novembro, em Bel\u00e9m (PA), como integrante da comitiva da Assembleia Legislativa de Mato Grosso (ALMT). Durante a sess\u00e3o plen\u00e1ria desta quarta-feira (16), ele anunciou que levar\u00e1 ao encontro mundial uma s\u00e9rie de pautas que considera priorit\u00e1rias ao meio ambiente e para o desenvolvimento sustent\u00e1vel do estado.<\/p>\n\n\n\n<p>O parlamentar destacou que a delega\u00e7\u00e3o mato-grossense vai levar ao evento, documentos e den\u00fancias sobre temas que afetam diretamente o equil\u00edbrio ecol\u00f3gico e as comunidades tradicionais de Mato Grosso. Entre as principais pautas est\u00e1 a situa\u00e7\u00e3o da Terra Ind\u00edgena Sarar\u00e9, em Pontes e Lacerda, onde imagens a\u00e9reas divulgadas pela ONG Greenpeace Brasil mostram o avan\u00e7o do garimpo ilegal com uso de maquin\u00e1rio pesado. \u201cO que acontece na regi\u00e3o \u00e9 um absurdo e precisa ser exposto internacionalmente, j\u00e1 que o garimpo coloca em risco a vida dos povos ind\u00edgenas e o equil\u00edbrio ambiental de uma das \u00e1reas mais sens\u00edveis do estado\u201d, posicionou.<\/p>\n\n\n\n<p>O deputado tamb\u00e9m levar\u00e1 \u00e0 COP30 uma den\u00fancia sobre o projeto de constru\u00e7\u00e3o de seis Pequenas Centrais Hidrel\u00e9tricas (PCHs) no rio Cuiab\u00e1, tema que vem sendo amplamente debatido por ele, na Assembleia Legislativa. Segundo o parlamentar, estudos da Ag\u00eancia Nacional de \u00c1guas (ANA) j\u00e1 apontam que a bacia do Cuiab\u00e1 \u00e9 uma zona vermelha para empreendimentos hidrel\u00e9tricos. \u201cVamos denunciar mundialmente esses projetos, porque o rio Cuiab\u00e1 \u00e9 fonte de vida e n\u00e3o pode ser tratado apenas como um ativo econ\u00f4mico\u201d, disse.<\/p>\n\n\n\n<p>Outra preocupa\u00e7\u00e3o que ser\u00e1 levada \u00e0 confer\u00eancia \u00e9 o caso da Usina Hidrel\u00e9trica (UHE) de Col\u00edder, em que Wilson Santos destacou a audi\u00eancia p\u00fablica realizada no munic\u00edpio, onde foram apresentadas cr\u00edticas sobre a falta de transpar\u00eancia do empreendimento e os impactos sociais, econ\u00f4micos e ambientais. \u201cAs grandes obras precisam de responsabilidade social, n\u00e3o apenas de licen\u00e7as ambientais. A comunidade foi prejudicada e n\u00e3o recebeu as compensa\u00e7\u00f5es devidas\u201d, destacou.<\/p>\n\n\n\n<p>O parlamentar tamb\u00e9m pretende apresentar na COP30 os efeitos da chamada \u201cLei da Pesca\u201d, que, segundo ele, precarizou a qualidade de vida de mais de 16 mil fam\u00edlias de pescadores e extrativistas de Mato Grosso. Ele lembrou que o texto foi aprovado sem di\u00e1logo com as col\u00f4nias de pescadores, o Minist\u00e9rio do Meio Ambiente (MMA) e demais \u00f3rg\u00e3os representativos. \u201cEssa lei foi imposta sem ouvir quem vive da pesca e feriu o sustento de milhares de fam\u00edlias. Vamos dar visibilidade internacional a essa injusti\u00e7a\u201d, enfatizou Wilson que tem aguardado a aprecia\u00e7\u00e3o de tr\u00eas A\u00e7\u00f5es Diretas de Inconstitucionalidades (ADIs), h\u00e1 dois anos, que est\u00e3o paradas no Supremo Tribunal Federal (STF).<\/p>\n\n\n\n<p>Ao encerrar a sua fala, o deputado afirmou que a participa\u00e7\u00e3o de Mato Grosso na COP30 ser\u00e1 uma oportunidade para mostrar ao mundo que o estado busca conciliar a prote\u00e7\u00e3o ambiental com o desenvolvimento sustent\u00e1vel. \u201cEstarei l\u00e1 para levar toda essa documenta\u00e7\u00e3o e mostrar que Mato Grosso quer ser parte da solu\u00e7\u00e3o com responsabilidade, justi\u00e7a ambiental e respeito \u00e0s comunidades locais\u201d, concluiu.<\/p>\n","protected":false},"excerpt":{"rendered":"<p>O deputado estadual Wilson Santos (PSD) confirmou a sua participa\u00e7\u00e3o na Confer\u00eancia da ONU sobre Mudan\u00e7as Clim\u00e1ticas &#8211; COP30, que acontecer\u00e1 entre os dias 10 a 21 de novembro, em Bel\u00e9m (PA), como integrante da comitiva da Assembleia Legislativa de Mato Grosso (ALMT). Durante a sess\u00e3o plen\u00e1ria desta quarta-feira (16), ele anunciou que levar\u00e1 ao [&hellip;]<\/p>\n","protected":false},"author":4,"featured_media":1980,"comment_status":"closed","ping_status":"open","sticky":false,"template":"","format":"standard","meta":{"footnotes":""},"categories":[13],"tags":[],"yoast_head":"<!-- This site is optimized with the Yoast SEO Premium plugin v21.5 (Yoast SEO v21.4) - https:\/\/yoast.com\/wordpress\/plugins\/seo\/ -->\n<title>Wilson Santos confirma ida \u00e0 COP30 e vai denunciar crimes ambientais e defender os pescadores de MT - wilsonsantosmt.com.br<\/title>\n<meta name=\"robots\" content=\"index, follow, max-snippet:-1, max-image-preview:large, max-video-preview:-1\" \/>\n<link rel=\"canonical\" href=\"https:\/\/wilsonsantosmt.com.br\/index.php\/2025\/10\/20\/wilson-santos-confirma-ida-a-cop30-e-vai-denunciar-crimes-ambientais-e-defender-os-pescadores-de-mt\/\" \/>\n<meta property=\"og:locale\" content=\"pt_BR\" \/>\n<meta property=\"og:type\" content=\"article\" \/>\n<meta property=\"og:title\" content=\"Wilson Santos confirma ida \u00e0 COP30 e vai denunciar crimes ambientais e defender os pescadores de MT\" \/>\n<meta property=\"og:description\" content=\"O deputado estadual Wilson Santos (PSD) confirmou a sua participa\u00e7\u00e3o na Confer\u00eancia da ONU sobre Mudan\u00e7as Clim\u00e1ticas &#8211; COP30, que acontecer\u00e1 entre os dias 10 a 21 de novembro, em Bel\u00e9m (PA), como integrante da comitiva da Assembleia Legislativa de Mato Grosso (ALMT). Durante a sess\u00e3o plen\u00e1ria desta quarta-feira (16), ele anunciou que levar\u00e1 ao [&hellip;]\" \/>\n<meta property=\"og:url\" content=\"https:\/\/wilsonsantosmt.com.br\/index.php\/2025\/10\/20\/wilson-santos-confirma-ida-a-cop30-e-vai-denunciar-crimes-ambientais-e-defender-os-pescadores-de-mt\/\" \/>\n<meta property=\"og:site_name\" content=\"wilsonsantosmt.com.br\" \/>\n<meta property=\"article:publisher\" content=\"https:\/\/www.facebook.com\/WilsonSantosMT\/\" \/>\n<meta property=\"article:published_time\" content=\"2025-10-20T20:32:40+00:00\" \/>\n<meta property=\"article:modified_time\" content=\"2025-10-22T20:33:20+00:00\" \/>\n<meta property=\"og:image\" content=\"http:\/\/wilsonsantosmt.com.br\/wp-content\/uploads\/2025\/10\/WhatsApp-Image-2025-10-17-at-13.47.31.jpeg\" \/>\n\t<meta property=\"og:image:width\" content=\"1600\" \/>\n\t<meta property=\"og:image:height\" content=\"1066\" \/>\n\t<meta property=\"og:image:type\" content=\"image\/jpeg\" \/>\n<meta name=\"author\" content=\"Samantha dos Anjos\" \/>\n<meta name=\"twitter:card\" content=\"summary_large_image\" \/>\n<meta name=\"twitter:label1\" content=\"Escrito por\" \/>\n\t<meta name=\"twitter:data1\" content=\"Samantha dos Anjos\" \/>\n\t<meta name=\"twitter:label2\" content=\"Est. tempo de leitura\" \/>\n\t<meta name=\"twitter:data2\" content=\"3 minutos\" \/>\n<script type=\"application\/ld+json\" class=\"yoast-schema-graph\">{\"@context\":\"https:\/\/schema.org\",\"@graph\":[{\"@type\":\"Article\",\"@id\":\"https:\/\/wilsonsantosmt.com.br\/index.php\/2025\/10\/20\/wilson-santos-confirma-ida-a-cop30-e-vai-denunciar-crimes-ambientais-e-defender-os-pescadores-de-mt\/#article\",\"isPartOf\":{\"@id\":\"https:\/\/wilsonsantosmt.com.br\/index.php\/2025\/10\/20\/wilson-santos-confirma-ida-a-cop30-e-vai-denunciar-crimes-ambientais-e-defender-os-pescadores-de-mt\/\"},\"author\":{\"name\":\"Samantha dos Anjos\",\"@id\":\"https:\/\/wilsonsantosmt.com.br\/#\/schema\/person\/1d097ee45f526dd0455dbad8c679932c\"},\"headline\":\"Wilson Santos confirma ida \u00e0 COP30 e vai denunciar crimes ambientais e defender os pescadores de MT\",\"datePublished\":\"2025-10-20T20:32:40+00:00\",\"dateModified\":\"2025-10-22T20:33:20+00:00\",\"mainEntityOfPage\":{\"@id\":\"https:\/\/wilsonsantosmt.com.br\/index.php\/2025\/10\/20\/wilson-santos-confirma-ida-a-cop30-e-vai-denunciar-crimes-ambientais-e-defender-os-pescadores-de-mt\/\"},\"wordCount\":564,\"publisher\":{\"@id\":\"https:\/\/wilsonsantosmt.com.br\/#\/schema\/person\/9de3c54961637a9eadb16bcbf895b1ef\"},\"articleSection\":[\"Not\u00edcias\"],\"inLanguage\":\"pt-BR\"},{\"@type\":\"WebPage\",\"@id\":\"https:\/\/wilsonsantosmt.com.br\/index.php\/2025\/10\/20\/wilson-santos-confirma-ida-a-cop30-e-vai-denunciar-crimes-ambientais-e-defender-os-pescadores-de-mt\/\",\"url\":\"https:\/\/wilsonsantosmt.com.br\/index.php\/2025\/10\/20\/wilson-santos-confirma-ida-a-cop30-e-vai-denunciar-crimes-ambientais-e-defender-os-pescadores-de-mt\/\",\"name\":\"Wilson Santos confirma ida \u00e0 COP30 e vai denunciar crimes ambientais e defender os pescadores de MT - wilsonsantosmt.com.br\",\"isPartOf\":{\"@id\":\"https:\/\/wilsonsantosmt.com.br\/#website\"},\"datePublished\":\"2025-10-20T20:32:40+00:00\",\"dateModified\":\"2025-10-22T20:33:20+00:00\",\"breadcrumb\":{\"@id\":\"https:\/\/wilsonsantosmt.com.br\/index.php\/2025\/10\/20\/wilson-santos-confirma-ida-a-cop30-e-vai-denunciar-crimes-ambientais-e-defender-os-pescadores-de-mt\/#breadcrumb\"},\"inLanguage\":\"pt-BR\",\"potentialAction\":[{\"@type\":\"ReadAction\",\"target\":[\"https:\/\/wilsonsantosmt.com.br\/index.php\/2025\/10\/20\/wilson-santos-confirma-ida-a-cop30-e-vai-denunciar-crimes-ambientais-e-defender-os-pescadores-de-mt\/\"]}]},{\"@type\":\"BreadcrumbList\",\"@id\":\"https:\/\/wilsonsantosmt.com.br\/index.php\/2025\/10\/20\/wilson-santos-confirma-ida-a-cop30-e-vai-denunciar-crimes-ambientais-e-defender-os-pescadores-de-mt\/#breadcrumb\",\"itemListElement\":[{\"@type\":\"ListItem\",\"position\":1,\"name\":\"In\u00edcio\",\"item\":\"https:\/\/wilsonsantosmt.com.br\/\"},{\"@type\":\"ListItem\",\"position\":2,\"name\":\"Not\u00edcias\",\"item\":\"https:\/\/wilsonsantosmt.com.br\/index.php\/category\/noticias\/\"},{\"@type\":\"ListItem\",\"position\":3,\"name\":\"Wilson Santos confirma ida \u00e0 COP30 e vai denunciar crimes ambientais e defender os pescadores de MT\"}]},{\"@type\":\"WebSite\",\"@id\":\"https:\/\/wilsonsantosmt.com.br\/#website\",\"url\":\"https:\/\/wilsonsantosmt.com.br\/\",\"name\":\"wilsonsantosmt.com.br\",\"description\":\"\",\"publisher\":{\"@id\":\"https:\/\/wilsonsantosmt.com.br\/#\/schema\/person\/9de3c54961637a9eadb16bcbf895b1ef\"},\"potentialAction\":[{\"@type\":\"SearchAction\",\"target\":{\"@type\":\"EntryPoint\",\"urlTemplate\":\"https:\/\/wilsonsantosmt.com.br\/?s={search_term_string}\"},\"query-input\":\"required name=search_term_string\"}],\"inLanguage\":\"pt-BR\"},{\"@type\":[\"Person\",\"Organization\"],\"@id\":\"https:\/\/wilsonsantosmt.com.br\/#\/schema\/person\/9de3c54961637a9eadb16bcbf895b1ef\",\"name\":\"Wilson Santos\",\"image\":{\"@type\":\"ImageObject\",\"inLanguage\":\"pt-BR\",\"@id\":\"https:\/\/wilsonsantosmt.com.br\/#\/schema\/person\/image\/\",\"url\":\"https:\/\/wilsonsantosmt.com.br\/wp-content\/uploads\/2023\/11\/310828673_653254583023360_8795459643194608438_n.jpg\",\"contentUrl\":\"https:\/\/wilsonsantosmt.com.br\/wp-content\/uploads\/2023\/11\/310828673_653254583023360_8795459643194608438_n.jpg\",\"width\":1078,\"height\":1079,\"caption\":\"Wilson Santos\"},\"logo\":{\"@id\":\"https:\/\/wilsonsantosmt.com.br\/#\/schema\/person\/image\/\"},\"sameAs\":[\"http:\/\/wilsonsantosmt.com.br\",\"https:\/\/www.facebook.com\/WilsonSantosMT\/\",\"https:\/\/www.instagram.com\/wilsonsantosmt\/\",\"https:\/\/www.youtube.com\/@WilsonSantosWS\/videos\",\"https:\/\/pt.wikipedia.org\/wiki\/Wilson_Santos\"],\"honorificPrefix\":\"Sr\",\"gender\":\"masculino\",\"jobTitle\":\"Deputado Estadual\",\"worksFor\":\"Assembleia Legislativa de Mato Grosso\"},{\"@type\":\"Person\",\"@id\":\"https:\/\/wilsonsantosmt.com.br\/#\/schema\/person\/1d097ee45f526dd0455dbad8c679932c\",\"name\":\"Samantha dos Anjos\",\"image\":{\"@type\":\"ImageObject\",\"inLanguage\":\"pt-BR\",\"@id\":\"https:\/\/wilsonsantosmt.com.br\/#\/schema\/person\/image\/\",\"url\":\"https:\/\/secure.gravatar.com\/avatar\/7d8d0b6dd67d134a9fa841bee90c57c7?s=96&d=mm&r=g\",\"contentUrl\":\"https:\/\/secure.gravatar.com\/avatar\/7d8d0b6dd67d134a9fa841bee90c57c7?s=96&d=mm&r=g\",\"caption\":\"Samantha dos Anjos\"},\"url\":\"https:\/\/wilsonsantosmt.com.br\/index.php\/author\/samantha-dos-anjos\/\"}]}<\/script>\n<!-- \/ Yoast SEO Premium plugin. -->","yoast_head_json":{"title":"Wilson Santos confirma ida \u00e0 COP30 e vai denunciar crimes ambientais e defender os pescadores de MT - wilsonsantosmt.com.br","robots":{"index":"index","follow":"follow","max-snippet":"max-snippet:-1","max-image-preview":"max-image-preview:large","max-video-preview":"max-video-preview:-1"},"canonical":"https:\/\/wilsonsantosmt.com.br\/index.php\/2025\/10\/20\/wilson-santos-confirma-ida-a-cop30-e-vai-denunciar-crimes-ambientais-e-defender-os-pescadores-de-mt\/","og_locale":"pt_BR","og_type":"article","og_title":"Wilson Santos confirma ida \u00e0 COP30 e vai denunciar crimes ambientais e defender os pescadores de MT","og_description":"O deputado estadual Wilson Santos (PSD) confirmou a sua participa\u00e7\u00e3o na Confer\u00eancia da ONU sobre Mudan\u00e7as Clim\u00e1ticas &#8211; COP30, que acontecer\u00e1 entre os dias 10 a 21 de novembro, em Bel\u00e9m (PA), como integrante da comitiva da Assembleia Legislativa de Mato Grosso (ALMT). Durante a sess\u00e3o plen\u00e1ria desta quarta-feira (16), ele anunciou que levar\u00e1 ao [&hellip;]","og_url":"https:\/\/wilsonsantosmt.com.br\/index.php\/2025\/10\/20\/wilson-santos-confirma-ida-a-cop30-e-vai-denunciar-crimes-ambientais-e-defender-os-pescadores-de-mt\/","og_site_name":"wilsonsantosmt.com.br","article_publisher":"https:\/\/www.facebook.com\/WilsonSantosMT\/","article_published_time":"2025-10-20T20:32:40+00:00","article_modified_time":"2025-10-22T20:33:20+00:00","og_image":[{"width":1600,"height":1066,"url":"http:\/\/wilsonsantosmt.com.br\/wp-content\/uploads\/2025\/10\/WhatsApp-Image-2025-10-17-at-13.47.31.jpeg","type":"image\/jpeg"}],"author":"Samantha dos Anjos","twitter_card":"summary_large_image","twitter_misc":{"Escrito por":"Samantha dos Anjos","Est. tempo de leitura":"3 minutos"},"schema":{"@context":"https:\/\/schema.org","@graph":[{"@type":"Article","@id":"https:\/\/wilsonsantosmt.com.br\/index.php\/2025\/10\/20\/wilson-santos-confirma-ida-a-cop30-e-vai-denunciar-crimes-ambientais-e-defender-os-pescadores-de-mt\/#article","isPartOf":{"@id":"https:\/\/wilsonsantosmt.com.br\/index.php\/2025\/10\/20\/wilson-santos-confirma-ida-a-cop30-e-vai-denunciar-crimes-ambientais-e-defender-os-pescadores-de-mt\/"},"author":{"name":"Samantha dos Anjos","@id":"https:\/\/wilsonsantosmt.com.br\/#\/schema\/person\/1d097ee45f526dd0455dbad8c679932c"},"headline":"Wilson Santos confirma ida \u00e0 COP30 e vai denunciar crimes ambientais e defender os pescadores de MT","datePublished":"2025-10-20T20:32:40+00:00","dateModified":"2025-10-22T20:33:20+00:00","mainEntityOfPage":{"@id":"https:\/\/wilsonsantosmt.com.br\/index.php\/2025\/10\/20\/wilson-santos-confirma-ida-a-cop30-e-vai-denunciar-crimes-ambientais-e-defender-os-pescadores-de-mt\/"},"wordCount":564,"publisher":{"@id":"https:\/\/wilsonsantosmt.com.br\/#\/schema\/person\/9de3c54961637a9eadb16bcbf895b1ef"},"articleSection":["Not\u00edcias"],"inLanguage":"pt-BR"},{"@type":"WebPage","@id":"https:\/\/wilsonsantosmt.com.br\/index.php\/2025\/10\/20\/wilson-santos-confirma-ida-a-cop30-e-vai-denunciar-crimes-ambientais-e-defender-os-pescadores-de-mt\/","url":"https:\/\/wilsonsantosmt.com.br\/index.php\/2025\/10\/20\/wilson-santos-confirma-ida-a-cop30-e-vai-denunciar-crimes-ambientais-e-defender-os-pescadores-de-mt\/","name":"Wilson Santos confirma ida \u00e0 COP30 e vai denunciar crimes ambientais e defender os pescadores de MT - wilsonsantosmt.com.br","isPartOf":{"@id":"https:\/\/wilsonsantosmt.com.br\/#website"},"datePublished":"2025-10-20T20:32:40+00:00","dateModified":"2025-10-22T20:33:20+00:00","breadcrumb":{"@id":"https:\/\/wilsonsantosmt.com.br\/index.php\/2025\/10\/20\/wilson-santos-confirma-ida-a-cop30-e-vai-denunciar-crimes-ambientais-e-defender-os-pescadores-de-mt\/#breadcrumb"},"inLanguage":"pt-BR","potentialAction":[{"@type":"ReadAction","target":["https:\/\/wilsonsantosmt.com.br\/index.php\/2025\/10\/20\/wilson-santos-confirma-ida-a-cop30-e-vai-denunciar-crimes-ambientais-e-defender-os-pescadores-de-mt\/"]}]},{"@type":"BreadcrumbList","@id":"https:\/\/wilsonsantosmt.com.br\/index.php\/2025\/10\/20\/wilson-santos-confirma-ida-a-cop30-e-vai-denunciar-crimes-ambientais-e-defender-os-pescadores-de-mt\/#breadcrumb","itemListElement":[{"@type":"ListItem","position":1,"name":"In\u00edcio","item":"https:\/\/wilsonsantosmt.com.br\/"},{"@type":"ListItem","position":2,"name":"Not\u00edcias","item":"https:\/\/wilsonsantosmt.com.br\/index.php\/category\/noticias\/"},{"@type":"ListItem","position":3,"name":"Wilson Santos confirma ida \u00e0 COP30 e vai denunciar crimes ambientais e defender os pescadores de MT"}]},{"@type":"WebSite","@id":"https:\/\/wilsonsantosmt.com.br\/#website","url":"https:\/\/wilsonsantosmt.com.br\/","name":"wilsonsantosmt.com.br","description":"","publisher":{"@id":"https:\/\/wilsonsantosmt.com.br\/#\/schema\/person\/9de3c54961637a9eadb16bcbf895b1ef"},"potentialAction":[{"@type":"SearchAction","target":{"@type":"EntryPoint","urlTemplate":"https:\/\/wilsonsantosmt.com.br\/?s={search_term_string}"},"query-input":"required name=search_term_string"}],"inLanguage":"pt-BR"},{"@type":["Person","Organization"],"@id":"https:\/\/wilsonsantosmt.com.br\/#\/schema\/person\/9de3c54961637a9eadb16bcbf895b1ef","name":"Wilson Santos","image":{"@type":"ImageObject","inLanguage":"pt-BR","@id":"https:\/\/wilsonsantosmt.com.br\/#\/schema\/person\/image\/","url":"https:\/\/wilsonsantosmt.com.br\/wp-content\/uploads\/2023\/11\/310828673_653254583023360_8795459643194608438_n.jpg","contentUrl":"https:\/\/wilsonsantosmt.com.br\/wp-content\/uploads\/2023\/11\/310828673_653254583023360_8795459643194608438_n.jpg","width":1078,"height":1079,"caption":"Wilson Santos"},"logo":{"@id":"https:\/\/wilsonsantosmt.com.br\/#\/schema\/person\/image\/"},"sameAs":["http:\/\/wilsonsantosmt.com.br","https:\/\/www.facebook.com\/WilsonSantosMT\/","https:\/\/www.instagram.com\/wilsonsantosmt\/","https:\/\/www.youtube.com\/@WilsonSantosWS\/videos","https:\/\/pt.wikipedia.org\/wiki\/Wilson_Santos"],"honorificPrefix":"Sr","gender":"masculino","jobTitle":"Deputado Estadual","worksFor":"Assembleia Legislativa de Mato Grosso"},{"@type":"Person","@id":"https:\/\/wilsonsantosmt.com.br\/#\/schema\/person\/1d097ee45f526dd0455dbad8c679932c","name":"Samantha dos Anjos","image":{"@type":"ImageObject","inLanguage":"pt-BR","@id":"https:\/\/wilsonsantosmt.com.br\/#\/schema\/person\/image\/","url":"https:\/\/secure.gravatar.com\/avatar\/7d8d0b6dd67d134a9fa841bee90c57c7?s=96&d=mm&r=g","contentUrl":"https:\/\/secure.gravatar.com\/avatar\/7d8d0b6dd67d134a9fa841bee90c57c7?s=96&d=mm&r=g","caption":"Samantha dos Anjos"},"url":"https:\/\/wilsonsantosmt.com.br\/index.php\/author\/samantha-dos-anjos\/"}]}},"_links":{"self":[{"href":"https:\/\/wilsonsantosmt.com.br\/index.php\/wp-json\/wp\/v2\/posts\/1979"}],"collection":[{"href":"https:\/\/wilsonsantosmt.com.br\/index.php\/wp-json\/wp\/v2\/posts"}],"about":[{"href":"https:\/\/wilsonsantosmt.com.br\/index.php\/wp-json\/wp\/v2\/types\/post"}],"author":[{"embeddable":true,"href":"https:\/\/wilsonsantosmt.com.br\/index.php\/wp-json\/wp\/v2\/users\/4"}],"replies":[{"embeddable":true,"href":"https:\/\/wilsonsantosmt.com.br\/index.php\/wp-json\/wp\/v2\/comments?post=1979"}],"version-history":[{"count":1,"href":"https:\/\/wilsonsantosmt.com.br\/index.php\/wp-json\/wp\/v2\/posts\/1979\/revisions"}],"predecessor-version":[{"id":1981,"href":"https:\/\/wilsonsantosmt.com.br\/index.php\/wp-json\/wp\/v2\/posts\/1979\/revisions\/1981"}],"wp:featuredmedia":[{"embeddable":true,"href":"https:\/\/wilsonsantosmt.com.br\/index.php\/wp-json\/wp\/v2\/media\/1980"}],"wp:attachment":[{"href":"https:\/\/wilsonsantosmt.com.br\/index.php\/wp-json\/wp\/v2\/media?parent=1979"}],"wp:term":[{"taxonomy":"category","embeddable":true,"href":"https:\/\/wilsonsantosmt.com.br\/index.php\/wp-json\/wp\/v2\/categories?post=1979"},{"taxonomy":"post_tag","embeddable":true,"href":"https:\/\/wilsonsantosmt.com.br\/index.php\/wp-json\/wp\/v2\/tags?post=1979"}],"curies":[{"name":"wp","href":"https:\/\/api.w.org\/{rel}","templated":true}]}}