{"id":1982,"date":"2025-10-17T16:33:35","date_gmt":"2025-10-17T20:33:35","guid":{"rendered":"https:\/\/wilsonsantosmt.com.br\/?p=1982"},"modified":"2025-10-22T16:34:12","modified_gmt":"2025-10-22T20:34:12","slug":"wilson-santos-visita-o-primeiro-centro-de-referencia-paralimpico-de-mt","status":"publish","type":"post","link":"https:\/\/wilsonsantosmt.com.br\/index.php\/2025\/10\/17\/wilson-santos-visita-o-primeiro-centro-de-referencia-paralimpico-de-mt\/","title":{"rendered":"Wilson Santos visita o primeiro Centro de Refer\u00eancia Paral\u00edmpico de MT"},"content":{"rendered":"\n<p><\/p>\n\n\n\n<p>A vereadora Elis Enfermeira (PL) levou o deputado estadual Wilson Santos (PSD), na \u00faltima sexta-feira (10), para conhecer os projetos de esporte executados pela Universidade do Estado de Mato Grosso (Unemat) de C\u00e1ceres. Eles foram recebidos pela diretora de Pol\u00edtica Pedag\u00f3gica e Financeira e pelo supervisor do Centro de Refer\u00eancia Paral\u00edmpico da institui\u00e7\u00e3o de ensino, Rinalda Bezerra Carlos e Emanuel Carvalho, com o diretor da Faculdade de Ci\u00eancias Sociais e Aplicadas (Facisa), Cesar Davi Mendo.<\/p>\n\n\n\n<p>\u201cEsses tipos de projetos sociais na \u00e1rea do esporte, mexe com a auto-estima, no desenvolvimento e proporciona qualidade de vida e melhora as rela\u00e7\u00f5es interpessoais destes jovens atendidos. Sem contar que eles podem se tornar grandes desportistas j\u00e1 que t\u00eam a oportunidade de participar de competi\u00e7\u00f5es regionais, estaduais e nacional. A inclus\u00e3o social \u00e9 uma das nossas principais bandeiras. J\u00e1 adianto que a vereadora Elis j\u00e1 tem uma emenda parlamentar conosco para o pr\u00f3ximo ano. A gente se organiza e farei o poss\u00edvel para contribuir com o esporte de C\u00e1ceres\u201d, comentou o deputado.<\/p>\n\n\n\n<p>A vereadora relatou aos presentes que por acompanhar o trabalho realizado por Wilson Santos na Assembleia Legislativa, principalmente no campo da inclus\u00e3o social, com diferentes p\u00fablicos diagnosticados com autismo, dislexia e surdez, notou a import\u00e2ncia de apresent\u00e1-lo \u00e0s a\u00e7\u00f5es desenvolvidas pelo Centro de Refer\u00eancia Paral\u00edmpico da Unemat de C\u00e1ceres, que \u00e9 o primeiro espa\u00e7o criado no estado de Mato Grosso, para atendimento \u00e0 pessoa com defici\u00eancia no esporte paral\u00edmpico. \u201cEu tinha que traz\u00ea-lo aqui, para conhecer este importante projeto de perto e ver a principal necessidade da Unemat para atender os projetos sociais. Desde j\u00e1 agradecemos toda a aten\u00e7\u00e3o dele conosco\u201d, pontuou Elis.<\/p>\n\n\n\n<p>De acordo com o supervisor do Centro de Refer\u00eancia Paral\u00edmpico, Emanuel Carvalho, os projetos desenvolvidos atendem 390 crian\u00e7as e adolescentes, sendo que 60 possuem defici\u00eancias f\u00edsica ou intelectual e com Transtorno do Espectro Autista (TEA). Todos contam com acompanhamento multidisciplinar de profissionais das \u00e1reas de educa\u00e7\u00e3o f\u00edsica, enfermagem e medicina, como, tamb\u00e9m, de estudantes de gradua\u00e7\u00e3o, bolsistas e volunt\u00e1rios.<br>\u201cNosso trabalho envolve o atendimento de pessoas em situa\u00e7\u00e3o de vulnerabilidade, forma\u00e7\u00e3o de professores e aux\u00edlio na constru\u00e7\u00e3o de pol\u00edticas p\u00fablicas. Temos importantes parceiros envolvidos em todos os projetos de esporte desenvolvidos pela Unemat \u2013 sendo um deles o Governo de Mato Grosso, a Assembleia Legislativa, o Comit\u00ea Paral\u00edmpico Brasileiro (CPB), o Minist\u00e9rio do Esporte (MESP), entre outras entidades e \u00f3rg\u00e3os governamentais\u201d, explica Emanuel.<\/p>\n\n\n\n<p>Ele acrescenta que h\u00e1 um conjunto de atividades para o p\u00fablico atendido que tem acesso para a pr\u00e1tica esportiva nas modalidades de nata\u00e7\u00e3o, futebol, badminton, bocha paraol\u00edmpica, handebol e atletismo. \u201cNossa preocupa\u00e7\u00e3o tamb\u00e9m \u00e9 levar informa\u00e7\u00e3o para a fam\u00edlia e dar transpar\u00eancia nas atividades realizadas. A gente acompanha estes alunos sistematicamente. Uma das nossas expectativas \u00e9 ampliar o atendimento \u00e0 comunidade, especialmente voltada para crian\u00e7as e adolescentes\u201d, relata o supervisor.<\/p>\n\n\n\n<p>Com a visita dos parlamentares, os representantes da Unemat aproveitaram para reivindicar a aquisi\u00e7\u00e3o de um micro-\u00f4nibus para permitir o deslocamento e participa\u00e7\u00e3o de mais crian\u00e7as e adolescentes nos projetos. \u201cTemos interesse por dois micro-\u00f4nibus ou vans adaptadas para cadeirantes, de forma a garantir a amplia\u00e7\u00e3o e a acessibilidade do atendimento. Tamb\u00e9m, queremos aumentar o atendimento \u00e0s pessoas com TEA nos n\u00edveis 2 e 3, s\u00f3 que \u00e9 preciso recursos financeiros para a contrata\u00e7\u00e3o de profissionais especializados\u201d, cita Carvalho.<\/p>\n\n\n\n<p>Durante o encontro, Wilson Santos confirmou a destina\u00e7\u00e3o de emenda parlamentar no pr\u00f3ximo ano para C\u00e1ceres e que ser\u00e1 sob a indica\u00e7\u00e3o da vereadora Elis Enfermeira e est\u00e1 \u00e0 disposi\u00e7\u00e3o para somar for\u00e7as no fortalecimento de projetos sociais na \u00e1rea do esporte, como o j\u00e1 realizado pelo Centro de Refer\u00eancia Paral\u00edmpico da Unemat.<\/p>\n","protected":false},"excerpt":{"rendered":"<p>A vereadora Elis Enfermeira (PL) levou o deputado estadual Wilson Santos (PSD), na \u00faltima sexta-feira (10), para conhecer os projetos de esporte executados pela Universidade do Estado de Mato Grosso (Unemat) de C\u00e1ceres. Eles foram recebidos pela diretora de Pol\u00edtica Pedag\u00f3gica e Financeira e pelo supervisor do Centro de Refer\u00eancia Paral\u00edmpico da institui\u00e7\u00e3o de ensino, [&hellip;]<\/p>\n","protected":false},"author":4,"featured_media":1983,"comment_status":"closed","ping_status":"open","sticky":false,"template":"","format":"standard","meta":{"footnotes":""},"categories":[13],"tags":[],"yoast_head":"<!-- This site is optimized with the Yoast SEO Premium plugin v21.5 (Yoast SEO v21.4) - https:\/\/yoast.com\/wordpress\/plugins\/seo\/ -->\n<title>Wilson Santos visita o primeiro Centro de Refer\u00eancia Paral\u00edmpico de MT - wilsonsantosmt.com.br<\/title>\n<meta name=\"robots\" content=\"index, follow, max-snippet:-1, max-image-preview:large, max-video-preview:-1\" \/>\n<link rel=\"canonical\" href=\"https:\/\/wilsonsantosmt.com.br\/index.php\/2025\/10\/17\/wilson-santos-visita-o-primeiro-centro-de-referencia-paralimpico-de-mt\/\" \/>\n<meta property=\"og:locale\" content=\"pt_BR\" \/>\n<meta property=\"og:type\" content=\"article\" \/>\n<meta property=\"og:title\" content=\"Wilson Santos visita o primeiro Centro de Refer\u00eancia Paral\u00edmpico de MT\" \/>\n<meta property=\"og:description\" content=\"A vereadora Elis Enfermeira (PL) levou o deputado estadual Wilson Santos (PSD), na \u00faltima sexta-feira (10), para conhecer os projetos de esporte executados pela Universidade do Estado de Mato Grosso (Unemat) de C\u00e1ceres. Eles foram recebidos pela diretora de Pol\u00edtica Pedag\u00f3gica e Financeira e pelo supervisor do Centro de Refer\u00eancia Paral\u00edmpico da institui\u00e7\u00e3o de ensino, [&hellip;]\" \/>\n<meta property=\"og:url\" content=\"https:\/\/wilsonsantosmt.com.br\/index.php\/2025\/10\/17\/wilson-santos-visita-o-primeiro-centro-de-referencia-paralimpico-de-mt\/\" \/>\n<meta property=\"og:site_name\" content=\"wilsonsantosmt.com.br\" \/>\n<meta property=\"article:publisher\" content=\"https:\/\/www.facebook.com\/WilsonSantosMT\/\" \/>\n<meta property=\"article:published_time\" content=\"2025-10-17T20:33:35+00:00\" \/>\n<meta property=\"article:modified_time\" content=\"2025-10-22T20:34:12+00:00\" \/>\n<meta property=\"og:image\" content=\"http:\/\/wilsonsantosmt.com.br\/wp-content\/uploads\/2025\/10\/WhatsApp-Image-2025-10-16-at-15.00.24.jpeg\" \/>\n\t<meta property=\"og:image:width\" content=\"1280\" \/>\n\t<meta property=\"og:image:height\" content=\"720\" \/>\n\t<meta property=\"og:image:type\" content=\"image\/jpeg\" \/>\n<meta name=\"author\" content=\"Samantha dos Anjos\" \/>\n<meta name=\"twitter:card\" content=\"summary_large_image\" \/>\n<meta name=\"twitter:label1\" content=\"Escrito por\" \/>\n\t<meta name=\"twitter:data1\" content=\"Samantha dos Anjos\" \/>\n\t<meta name=\"twitter:label2\" content=\"Est. tempo de leitura\" \/>\n\t<meta name=\"twitter:data2\" content=\"4 minutos\" \/>\n<script type=\"application\/ld+json\" class=\"yoast-schema-graph\">{\"@context\":\"https:\/\/schema.org\",\"@graph\":[{\"@type\":\"Article\",\"@id\":\"https:\/\/wilsonsantosmt.com.br\/index.php\/2025\/10\/17\/wilson-santos-visita-o-primeiro-centro-de-referencia-paralimpico-de-mt\/#article\",\"isPartOf\":{\"@id\":\"https:\/\/wilsonsantosmt.com.br\/index.php\/2025\/10\/17\/wilson-santos-visita-o-primeiro-centro-de-referencia-paralimpico-de-mt\/\"},\"author\":{\"name\":\"Samantha dos Anjos\",\"@id\":\"https:\/\/wilsonsantosmt.com.br\/#\/schema\/person\/1d097ee45f526dd0455dbad8c679932c\"},\"headline\":\"Wilson Santos visita o primeiro Centro de Refer\u00eancia Paral\u00edmpico de MT\",\"datePublished\":\"2025-10-17T20:33:35+00:00\",\"dateModified\":\"2025-10-22T20:34:12+00:00\",\"mainEntityOfPage\":{\"@id\":\"https:\/\/wilsonsantosmt.com.br\/index.php\/2025\/10\/17\/wilson-santos-visita-o-primeiro-centro-de-referencia-paralimpico-de-mt\/\"},\"wordCount\":668,\"publisher\":{\"@id\":\"https:\/\/wilsonsantosmt.com.br\/#\/schema\/person\/9de3c54961637a9eadb16bcbf895b1ef\"},\"articleSection\":[\"Not\u00edcias\"],\"inLanguage\":\"pt-BR\"},{\"@type\":\"WebPage\",\"@id\":\"https:\/\/wilsonsantosmt.com.br\/index.php\/2025\/10\/17\/wilson-santos-visita-o-primeiro-centro-de-referencia-paralimpico-de-mt\/\",\"url\":\"https:\/\/wilsonsantosmt.com.br\/index.php\/2025\/10\/17\/wilson-santos-visita-o-primeiro-centro-de-referencia-paralimpico-de-mt\/\",\"name\":\"Wilson Santos visita o primeiro Centro de Refer\u00eancia Paral\u00edmpico de MT - wilsonsantosmt.com.br\",\"isPartOf\":{\"@id\":\"https:\/\/wilsonsantosmt.com.br\/#website\"},\"datePublished\":\"2025-10-17T20:33:35+00:00\",\"dateModified\":\"2025-10-22T20:34:12+00:00\",\"breadcrumb\":{\"@id\":\"https:\/\/wilsonsantosmt.com.br\/index.php\/2025\/10\/17\/wilson-santos-visita-o-primeiro-centro-de-referencia-paralimpico-de-mt\/#breadcrumb\"},\"inLanguage\":\"pt-BR\",\"potentialAction\":[{\"@type\":\"ReadAction\",\"target\":[\"https:\/\/wilsonsantosmt.com.br\/index.php\/2025\/10\/17\/wilson-santos-visita-o-primeiro-centro-de-referencia-paralimpico-de-mt\/\"]}]},{\"@type\":\"BreadcrumbList\",\"@id\":\"https:\/\/wilsonsantosmt.com.br\/index.php\/2025\/10\/17\/wilson-santos-visita-o-primeiro-centro-de-referencia-paralimpico-de-mt\/#breadcrumb\",\"itemListElement\":[{\"@type\":\"ListItem\",\"position\":1,\"name\":\"In\u00edcio\",\"item\":\"https:\/\/wilsonsantosmt.com.br\/\"},{\"@type\":\"ListItem\",\"position\":2,\"name\":\"Not\u00edcias\",\"item\":\"https:\/\/wilsonsantosmt.com.br\/index.php\/category\/noticias\/\"},{\"@type\":\"ListItem\",\"position\":3,\"name\":\"Wilson Santos visita o primeiro Centro de Refer\u00eancia Paral\u00edmpico de MT\"}]},{\"@type\":\"WebSite\",\"@id\":\"https:\/\/wilsonsantosmt.com.br\/#website\",\"url\":\"https:\/\/wilsonsantosmt.com.br\/\",\"name\":\"wilsonsantosmt.com.br\",\"description\":\"\",\"publisher\":{\"@id\":\"https:\/\/wilsonsantosmt.com.br\/#\/schema\/person\/9de3c54961637a9eadb16bcbf895b1ef\"},\"potentialAction\":[{\"@type\":\"SearchAction\",\"target\":{\"@type\":\"EntryPoint\",\"urlTemplate\":\"https:\/\/wilsonsantosmt.com.br\/?s={search_term_string}\"},\"query-input\":\"required name=search_term_string\"}],\"inLanguage\":\"pt-BR\"},{\"@type\":[\"Person\",\"Organization\"],\"@id\":\"https:\/\/wilsonsantosmt.com.br\/#\/schema\/person\/9de3c54961637a9eadb16bcbf895b1ef\",\"name\":\"Wilson Santos\",\"image\":{\"@type\":\"ImageObject\",\"inLanguage\":\"pt-BR\",\"@id\":\"https:\/\/wilsonsantosmt.com.br\/#\/schema\/person\/image\/\",\"url\":\"https:\/\/wilsonsantosmt.com.br\/wp-content\/uploads\/2023\/11\/310828673_653254583023360_8795459643194608438_n.jpg\",\"contentUrl\":\"https:\/\/wilsonsantosmt.com.br\/wp-content\/uploads\/2023\/11\/310828673_653254583023360_8795459643194608438_n.jpg\",\"width\":1078,\"height\":1079,\"caption\":\"Wilson Santos\"},\"logo\":{\"@id\":\"https:\/\/wilsonsantosmt.com.br\/#\/schema\/person\/image\/\"},\"sameAs\":[\"http:\/\/wilsonsantosmt.com.br\",\"https:\/\/www.facebook.com\/WilsonSantosMT\/\",\"https:\/\/www.instagram.com\/wilsonsantosmt\/\",\"https:\/\/www.youtube.com\/@WilsonSantosWS\/videos\",\"https:\/\/pt.wikipedia.org\/wiki\/Wilson_Santos\"],\"honorificPrefix\":\"Sr\",\"gender\":\"masculino\",\"jobTitle\":\"Deputado Estadual\",\"worksFor\":\"Assembleia Legislativa de Mato Grosso\"},{\"@type\":\"Person\",\"@id\":\"https:\/\/wilsonsantosmt.com.br\/#\/schema\/person\/1d097ee45f526dd0455dbad8c679932c\",\"name\":\"Samantha dos Anjos\",\"image\":{\"@type\":\"ImageObject\",\"inLanguage\":\"pt-BR\",\"@id\":\"https:\/\/wilsonsantosmt.com.br\/#\/schema\/person\/image\/\",\"url\":\"https:\/\/secure.gravatar.com\/avatar\/7d8d0b6dd67d134a9fa841bee90c57c7?s=96&d=mm&r=g\",\"contentUrl\":\"https:\/\/secure.gravatar.com\/avatar\/7d8d0b6dd67d134a9fa841bee90c57c7?s=96&d=mm&r=g\",\"caption\":\"Samantha dos Anjos\"},\"url\":\"https:\/\/wilsonsantosmt.com.br\/index.php\/author\/samantha-dos-anjos\/\"}]}<\/script>\n<!-- \/ Yoast SEO Premium plugin. -->","yoast_head_json":{"title":"Wilson Santos visita o primeiro Centro de Refer\u00eancia Paral\u00edmpico de MT - wilsonsantosmt.com.br","robots":{"index":"index","follow":"follow","max-snippet":"max-snippet:-1","max-image-preview":"max-image-preview:large","max-video-preview":"max-video-preview:-1"},"canonical":"https:\/\/wilsonsantosmt.com.br\/index.php\/2025\/10\/17\/wilson-santos-visita-o-primeiro-centro-de-referencia-paralimpico-de-mt\/","og_locale":"pt_BR","og_type":"article","og_title":"Wilson Santos visita o primeiro Centro de Refer\u00eancia Paral\u00edmpico de MT","og_description":"A vereadora Elis Enfermeira (PL) levou o deputado estadual Wilson Santos (PSD), na \u00faltima sexta-feira (10), para conhecer os projetos de esporte executados pela Universidade do Estado de Mato Grosso (Unemat) de C\u00e1ceres. Eles foram recebidos pela diretora de Pol\u00edtica Pedag\u00f3gica e Financeira e pelo supervisor do Centro de Refer\u00eancia Paral\u00edmpico da institui\u00e7\u00e3o de ensino, [&hellip;]","og_url":"https:\/\/wilsonsantosmt.com.br\/index.php\/2025\/10\/17\/wilson-santos-visita-o-primeiro-centro-de-referencia-paralimpico-de-mt\/","og_site_name":"wilsonsantosmt.com.br","article_publisher":"https:\/\/www.facebook.com\/WilsonSantosMT\/","article_published_time":"2025-10-17T20:33:35+00:00","article_modified_time":"2025-10-22T20:34:12+00:00","og_image":[{"width":1280,"height":720,"url":"http:\/\/wilsonsantosmt.com.br\/wp-content\/uploads\/2025\/10\/WhatsApp-Image-2025-10-16-at-15.00.24.jpeg","type":"image\/jpeg"}],"author":"Samantha dos Anjos","twitter_card":"summary_large_image","twitter_misc":{"Escrito por":"Samantha dos Anjos","Est. tempo de leitura":"4 minutos"},"schema":{"@context":"https:\/\/schema.org","@graph":[{"@type":"Article","@id":"https:\/\/wilsonsantosmt.com.br\/index.php\/2025\/10\/17\/wilson-santos-visita-o-primeiro-centro-de-referencia-paralimpico-de-mt\/#article","isPartOf":{"@id":"https:\/\/wilsonsantosmt.com.br\/index.php\/2025\/10\/17\/wilson-santos-visita-o-primeiro-centro-de-referencia-paralimpico-de-mt\/"},"author":{"name":"Samantha dos Anjos","@id":"https:\/\/wilsonsantosmt.com.br\/#\/schema\/person\/1d097ee45f526dd0455dbad8c679932c"},"headline":"Wilson Santos visita o primeiro Centro de Refer\u00eancia Paral\u00edmpico de MT","datePublished":"2025-10-17T20:33:35+00:00","dateModified":"2025-10-22T20:34:12+00:00","mainEntityOfPage":{"@id":"https:\/\/wilsonsantosmt.com.br\/index.php\/2025\/10\/17\/wilson-santos-visita-o-primeiro-centro-de-referencia-paralimpico-de-mt\/"},"wordCount":668,"publisher":{"@id":"https:\/\/wilsonsantosmt.com.br\/#\/schema\/person\/9de3c54961637a9eadb16bcbf895b1ef"},"articleSection":["Not\u00edcias"],"inLanguage":"pt-BR"},{"@type":"WebPage","@id":"https:\/\/wilsonsantosmt.com.br\/index.php\/2025\/10\/17\/wilson-santos-visita-o-primeiro-centro-de-referencia-paralimpico-de-mt\/","url":"https:\/\/wilsonsantosmt.com.br\/index.php\/2025\/10\/17\/wilson-santos-visita-o-primeiro-centro-de-referencia-paralimpico-de-mt\/","name":"Wilson Santos visita o primeiro Centro de Refer\u00eancia Paral\u00edmpico de MT - wilsonsantosmt.com.br","isPartOf":{"@id":"https:\/\/wilsonsantosmt.com.br\/#website"},"datePublished":"2025-10-17T20:33:35+00:00","dateModified":"2025-10-22T20:34:12+00:00","breadcrumb":{"@id":"https:\/\/wilsonsantosmt.com.br\/index.php\/2025\/10\/17\/wilson-santos-visita-o-primeiro-centro-de-referencia-paralimpico-de-mt\/#breadcrumb"},"inLanguage":"pt-BR","potentialAction":[{"@type":"ReadAction","target":["https:\/\/wilsonsantosmt.com.br\/index.php\/2025\/10\/17\/wilson-santos-visita-o-primeiro-centro-de-referencia-paralimpico-de-mt\/"]}]},{"@type":"BreadcrumbList","@id":"https:\/\/wilsonsantosmt.com.br\/index.php\/2025\/10\/17\/wilson-santos-visita-o-primeiro-centro-de-referencia-paralimpico-de-mt\/#breadcrumb","itemListElement":[{"@type":"ListItem","position":1,"name":"In\u00edcio","item":"https:\/\/wilsonsantosmt.com.br\/"},{"@type":"ListItem","position":2,"name":"Not\u00edcias","item":"https:\/\/wilsonsantosmt.com.br\/index.php\/category\/noticias\/"},{"@type":"ListItem","position":3,"name":"Wilson Santos visita o primeiro Centro de Refer\u00eancia Paral\u00edmpico de MT"}]},{"@type":"WebSite","@id":"https:\/\/wilsonsantosmt.com.br\/#website","url":"https:\/\/wilsonsantosmt.com.br\/","name":"wilsonsantosmt.com.br","description":"","publisher":{"@id":"https:\/\/wilsonsantosmt.com.br\/#\/schema\/person\/9de3c54961637a9eadb16bcbf895b1ef"},"potentialAction":[{"@type":"SearchAction","target":{"@type":"EntryPoint","urlTemplate":"https:\/\/wilsonsantosmt.com.br\/?s={search_term_string}"},"query-input":"required name=search_term_string"}],"inLanguage":"pt-BR"},{"@type":["Person","Organization"],"@id":"https:\/\/wilsonsantosmt.com.br\/#\/schema\/person\/9de3c54961637a9eadb16bcbf895b1ef","name":"Wilson Santos","image":{"@type":"ImageObject","inLanguage":"pt-BR","@id":"https:\/\/wilsonsantosmt.com.br\/#\/schema\/person\/image\/","url":"https:\/\/wilsonsantosmt.com.br\/wp-content\/uploads\/2023\/11\/310828673_653254583023360_8795459643194608438_n.jpg","contentUrl":"https:\/\/wilsonsantosmt.com.br\/wp-content\/uploads\/2023\/11\/310828673_653254583023360_8795459643194608438_n.jpg","width":1078,"height":1079,"caption":"Wilson Santos"},"logo":{"@id":"https:\/\/wilsonsantosmt.com.br\/#\/schema\/person\/image\/"},"sameAs":["http:\/\/wilsonsantosmt.com.br","https:\/\/www.facebook.com\/WilsonSantosMT\/","https:\/\/www.instagram.com\/wilsonsantosmt\/","https:\/\/www.youtube.com\/@WilsonSantosWS\/videos","https:\/\/pt.wikipedia.org\/wiki\/Wilson_Santos"],"honorificPrefix":"Sr","gender":"masculino","jobTitle":"Deputado Estadual","worksFor":"Assembleia Legislativa de Mato Grosso"},{"@type":"Person","@id":"https:\/\/wilsonsantosmt.com.br\/#\/schema\/person\/1d097ee45f526dd0455dbad8c679932c","name":"Samantha dos Anjos","image":{"@type":"ImageObject","inLanguage":"pt-BR","@id":"https:\/\/wilsonsantosmt.com.br\/#\/schema\/person\/image\/","url":"https:\/\/secure.gravatar.com\/avatar\/7d8d0b6dd67d134a9fa841bee90c57c7?s=96&d=mm&r=g","contentUrl":"https:\/\/secure.gravatar.com\/avatar\/7d8d0b6dd67d134a9fa841bee90c57c7?s=96&d=mm&r=g","caption":"Samantha dos Anjos"},"url":"https:\/\/wilsonsantosmt.com.br\/index.php\/author\/samantha-dos-anjos\/"}]}},"_links":{"self":[{"href":"https:\/\/wilsonsantosmt.com.br\/index.php\/wp-json\/wp\/v2\/posts\/1982"}],"collection":[{"href":"https:\/\/wilsonsantosmt.com.br\/index.php\/wp-json\/wp\/v2\/posts"}],"about":[{"href":"https:\/\/wilsonsantosmt.com.br\/index.php\/wp-json\/wp\/v2\/types\/post"}],"author":[{"embeddable":true,"href":"https:\/\/wilsonsantosmt.com.br\/index.php\/wp-json\/wp\/v2\/users\/4"}],"replies":[{"embeddable":true,"href":"https:\/\/wilsonsantosmt.com.br\/index.php\/wp-json\/wp\/v2\/comments?post=1982"}],"version-history":[{"count":1,"href":"https:\/\/wilsonsantosmt.com.br\/index.php\/wp-json\/wp\/v2\/posts\/1982\/revisions"}],"predecessor-version":[{"id":1984,"href":"https:\/\/wilsonsantosmt.com.br\/index.php\/wp-json\/wp\/v2\/posts\/1982\/revisions\/1984"}],"wp:featuredmedia":[{"embeddable":true,"href":"https:\/\/wilsonsantosmt.com.br\/index.php\/wp-json\/wp\/v2\/media\/1983"}],"wp:attachment":[{"href":"https:\/\/wilsonsantosmt.com.br\/index.php\/wp-json\/wp\/v2\/media?parent=1982"}],"wp:term":[{"taxonomy":"category","embeddable":true,"href":"https:\/\/wilsonsantosmt.com.br\/index.php\/wp-json\/wp\/v2\/categories?post=1982"},{"taxonomy":"post_tag","embeddable":true,"href":"https:\/\/wilsonsantosmt.com.br\/index.php\/wp-json\/wp\/v2\/tags?post=1982"}],"curies":[{"name":"wp","href":"https:\/\/api.w.org\/{rel}","templated":true}]}}