{"id":2066,"date":"2025-12-26T14:43:26","date_gmt":"2025-12-26T18:43:26","guid":{"rendered":"https:\/\/wilsonsantosmt.com.br\/?p=2066"},"modified":"2025-12-26T14:43:27","modified_gmt":"2025-12-26T18:43:27","slug":"wilson-santos-anuncia-entrega-ao-mme-de-relatorio-final-sobre-servicos-da-energisa-em-mt","status":"publish","type":"post","link":"https:\/\/wilsonsantosmt.com.br\/index.php\/2025\/12\/26\/wilson-santos-anuncia-entrega-ao-mme-de-relatorio-final-sobre-servicos-da-energisa-em-mt\/","title":{"rendered":"Wilson Santos anuncia entrega ao MME de relat\u00f3rio final sobre servi\u00e7os da Energisa em MT"},"content":{"rendered":"\n<p><\/p>\n\n\n\n<p>Durante reuni\u00e3o da Comiss\u00e3o de Constitui\u00e7\u00e3o, Reda\u00e7\u00e3o e Justi\u00e7a (CCRJ), realizada na \u00faltima segunda-feira (22), o deputado estadual Wilson Santos (PSD) defendeu uma atua\u00e7\u00e3o firme e unificada da Assembleia Legislativa de Mato Grosso (ALMT) diante do processo de renova\u00e7\u00e3o da concess\u00e3o da Energisa. Ele destacou a import\u00e2ncia da entrega, em Bras\u00edlia (DF), do dossi\u00ea que re\u00fane todos os levantamentos realizados ao longo de oito audi\u00eancias p\u00fablicas, em que analisa a qualidade dos servi\u00e7os de distribui\u00e7\u00e3o de energia el\u00e9trica no estado.<\/p>\n\n\n\n<p>Segundo o parlamentar, o relat\u00f3rio final est\u00e1 em fase de conclus\u00e3o e dever\u00e1 ser entregue pessoalmente ao ministro de Minas e Energia (MME), Alexandre Silveira, com a presen\u00e7a dos deputados estaduais, como forma de demonstrar unidade institucional e o peso pol\u00edtico do parlamento mato-grossense. Ele alertou que h\u00e1 uma sinaliza\u00e7\u00e3o clara de que o governo federal caminha para renovar a concess\u00e3o da Energisa por mais 30 anos, respaldado por parecer un\u00e2nime da Ag\u00eancia Nacional de Energia El\u00e9trica (Aneel), mas ponderou que a mobiliza\u00e7\u00e3o da Casa de Leis pode influenciar essa decis\u00e3o.<\/p>\n\n\n\n<p>O deputado defendeu que a alternativa mais adequada para Mato Grosso \u00e9 a realiza\u00e7\u00e3o de uma nova licita\u00e7\u00e3o da concess\u00e3o, com a participa\u00e7\u00e3o de uma empresa ou cons\u00f3rcio com capacidade financeira e t\u00e9cnica para acompanhar o acelerado crescimento econ\u00f4mico e populacional do estado. Embora reconhe\u00e7a que a Energisa realizou investimentos ao longo dos \u00faltimos anos, Wilson Santos avaliou que os avan\u00e7os foram insuficientes para garantir energia firme em todos os munic\u00edpios. Entre os principais problemas apontados est\u00e3o a aus\u00eancia do sistema trif\u00e1sico &#8211; essencial para ind\u00fastrias e com\u00e9rcios com equipamentos de maior pot\u00eancia &#8211; em cerca de um ter\u00e7o das cidades, al\u00e9m da falta de ag\u00eancias f\u00edsicas de atendimento em diversas regi\u00f5es do interior, o que dificulta o acesso da popula\u00e7\u00e3o, especialmente daqueles que n\u00e3o utilizam meios digitais.<\/p>\n\n\n\n<p>Hist\u00f3rico &#8211; A distribui\u00e7\u00e3o de energia el\u00e9trica em Mato Grosso foi concedida pela Uni\u00e3o, em 1997, ao grupo privado Rede de S\u00e3o Paulo que, posteriormente, suspendeu a presta\u00e7\u00e3o dos servi\u00e7os, sendo substitu\u00eddo pela Energisa. &#8221; As cl\u00e1usulas contratuais relevantes n\u00e3o foram plenamente cumpridas, tanto pelo grupo anterior quanto pela atual concession\u00e1ria. N\u00e3o \u00e9 poss\u00edvel discutir a renova\u00e7\u00e3o de um contrato firmado h\u00e1 quase tr\u00eas d\u00e9cadas sem uma avalia\u00e7\u00e3o rigorosa da qualidade dos servi\u00e7os e dos investimentos realizados&#8221;, justificou.<\/p>\n\n\n\n<p>As audi\u00eancias p\u00fablicas promovidas pela comiss\u00e3o especial da Assembleia Legislativa ocorreram em Cuiab\u00e1, Tangar\u00e1 da Serra, Rondon\u00f3polis, Sapezal, C\u00e1ceres, Pontes e Lacerda, V\u00e1rzea Grande e Chapada dos Guimar\u00e3es, e contaram com a participa\u00e7\u00e3o de representantes de \u00f3rg\u00e3os reguladores e entidades da sociedade civil e do setor produtivo, como Aneel, Ager, Procon, Minist\u00e9rio P\u00fablico Estadual, Fiemt, Fecom\u00e9rcio, Famato, Aprosoja, AMM, FCDL e Sindenergia. O grupo de trabalho foi criado no in\u00edcio de setembro de 2025 e \u00e9 presidida pelo deputado Max Russi (PSB), tendo Wilson Santos como vice-presidente, al\u00e9m da participa\u00e7\u00e3o dos deputados Valdir Barranco (PT), Chico Guarnieri (PRD), Faissal Calil (Cidadania), J\u00falio Campos (Uni\u00e3o) e Eduardo Botelho (Uni\u00e3o).<\/p>\n\n\n\n<p>O parlamentar destacou ainda que, conforme a Lei Federal n\u00ba 9.074\/1995, a concession\u00e1ria pode solicitar a prorroga\u00e7\u00e3o do contrato at\u00e9 36 meses antes do seu t\u00e9rmino, cabendo \u00e0 Aneel a an\u00e1lise t\u00e9cnica e a emiss\u00e3o de parecer, enquanto o Minist\u00e9rio de Minas e Energia \u00e9 respons\u00e1vel pela decis\u00e3o final, que poder\u00e1 resultar na renova\u00e7\u00e3o da concess\u00e3o ou na abertura de nova licita\u00e7\u00e3o. A defini\u00e7\u00e3o deve ocorrer at\u00e9 junho de 2026.<\/p>\n","protected":false},"excerpt":{"rendered":"<p>Durante reuni\u00e3o da Comiss\u00e3o de Constitui\u00e7\u00e3o, Reda\u00e7\u00e3o e Justi\u00e7a (CCRJ), realizada na \u00faltima segunda-feira (22), o deputado estadual Wilson Santos (PSD) defendeu uma atua\u00e7\u00e3o firme e unificada da Assembleia Legislativa de Mato Grosso (ALMT) diante do processo de renova\u00e7\u00e3o da concess\u00e3o da Energisa. Ele destacou a import\u00e2ncia da entrega, em Bras\u00edlia (DF), do dossi\u00ea que [&hellip;]<\/p>\n","protected":false},"author":4,"featured_media":2067,"comment_status":"closed","ping_status":"open","sticky":false,"template":"","format":"standard","meta":{"footnotes":""},"categories":[13],"tags":[],"yoast_head":"<!-- This site is optimized with the Yoast SEO Premium plugin v21.5 (Yoast SEO v21.4) - https:\/\/yoast.com\/wordpress\/plugins\/seo\/ -->\n<title>Wilson Santos anuncia entrega ao MME de relat\u00f3rio final sobre servi\u00e7os da Energisa em MT - wilsonsantosmt.com.br<\/title>\n<meta name=\"robots\" content=\"index, follow, max-snippet:-1, max-image-preview:large, max-video-preview:-1\" \/>\n<link rel=\"canonical\" href=\"https:\/\/wilsonsantosmt.com.br\/index.php\/2025\/12\/26\/wilson-santos-anuncia-entrega-ao-mme-de-relatorio-final-sobre-servicos-da-energisa-em-mt\/\" \/>\n<meta property=\"og:locale\" content=\"pt_BR\" \/>\n<meta property=\"og:type\" content=\"article\" \/>\n<meta property=\"og:title\" content=\"Wilson Santos anuncia entrega ao MME de relat\u00f3rio final sobre servi\u00e7os da Energisa em MT\" \/>\n<meta property=\"og:description\" content=\"Durante reuni\u00e3o da Comiss\u00e3o de Constitui\u00e7\u00e3o, Reda\u00e7\u00e3o e Justi\u00e7a (CCRJ), realizada na \u00faltima segunda-feira (22), o deputado estadual Wilson Santos (PSD) defendeu uma atua\u00e7\u00e3o firme e unificada da Assembleia Legislativa de Mato Grosso (ALMT) diante do processo de renova\u00e7\u00e3o da concess\u00e3o da Energisa. Ele destacou a import\u00e2ncia da entrega, em Bras\u00edlia (DF), do dossi\u00ea que [&hellip;]\" \/>\n<meta property=\"og:url\" content=\"https:\/\/wilsonsantosmt.com.br\/index.php\/2025\/12\/26\/wilson-santos-anuncia-entrega-ao-mme-de-relatorio-final-sobre-servicos-da-energisa-em-mt\/\" \/>\n<meta property=\"og:site_name\" content=\"wilsonsantosmt.com.br\" \/>\n<meta property=\"article:publisher\" content=\"https:\/\/www.facebook.com\/WilsonSantosMT\/\" \/>\n<meta property=\"article:published_time\" content=\"2025-12-26T18:43:26+00:00\" \/>\n<meta property=\"article:modified_time\" content=\"2025-12-26T18:43:27+00:00\" \/>\n<meta property=\"og:image\" content=\"http:\/\/wilsonsantosmt.com.br\/wp-content\/uploads\/2025\/12\/WhatsApp-Image-2025-12-26-at-14.46.22.jpeg\" \/>\n\t<meta property=\"og:image:width\" content=\"1600\" \/>\n\t<meta property=\"og:image:height\" content=\"1066\" \/>\n\t<meta property=\"og:image:type\" content=\"image\/jpeg\" \/>\n<meta name=\"author\" content=\"Samantha dos Anjos\" \/>\n<meta name=\"twitter:card\" content=\"summary_large_image\" \/>\n<meta name=\"twitter:label1\" content=\"Escrito por\" \/>\n\t<meta name=\"twitter:data1\" content=\"Samantha dos Anjos\" \/>\n\t<meta name=\"twitter:label2\" content=\"Est. tempo de leitura\" \/>\n\t<meta name=\"twitter:data2\" content=\"4 minutos\" \/>\n<script type=\"application\/ld+json\" class=\"yoast-schema-graph\">{\"@context\":\"https:\/\/schema.org\",\"@graph\":[{\"@type\":\"Article\",\"@id\":\"https:\/\/wilsonsantosmt.com.br\/index.php\/2025\/12\/26\/wilson-santos-anuncia-entrega-ao-mme-de-relatorio-final-sobre-servicos-da-energisa-em-mt\/#article\",\"isPartOf\":{\"@id\":\"https:\/\/wilsonsantosmt.com.br\/index.php\/2025\/12\/26\/wilson-santos-anuncia-entrega-ao-mme-de-relatorio-final-sobre-servicos-da-energisa-em-mt\/\"},\"author\":{\"name\":\"Samantha dos Anjos\",\"@id\":\"https:\/\/wilsonsantosmt.com.br\/#\/schema\/person\/1d097ee45f526dd0455dbad8c679932c\"},\"headline\":\"Wilson Santos anuncia entrega ao MME de relat\u00f3rio final sobre servi\u00e7os da Energisa em MT\",\"datePublished\":\"2025-12-26T18:43:26+00:00\",\"dateModified\":\"2025-12-26T18:43:27+00:00\",\"mainEntityOfPage\":{\"@id\":\"https:\/\/wilsonsantosmt.com.br\/index.php\/2025\/12\/26\/wilson-santos-anuncia-entrega-ao-mme-de-relatorio-final-sobre-servicos-da-energisa-em-mt\/\"},\"wordCount\":658,\"publisher\":{\"@id\":\"https:\/\/wilsonsantosmt.com.br\/#\/schema\/person\/9de3c54961637a9eadb16bcbf895b1ef\"},\"articleSection\":[\"Not\u00edcias\"],\"inLanguage\":\"pt-BR\"},{\"@type\":\"WebPage\",\"@id\":\"https:\/\/wilsonsantosmt.com.br\/index.php\/2025\/12\/26\/wilson-santos-anuncia-entrega-ao-mme-de-relatorio-final-sobre-servicos-da-energisa-em-mt\/\",\"url\":\"https:\/\/wilsonsantosmt.com.br\/index.php\/2025\/12\/26\/wilson-santos-anuncia-entrega-ao-mme-de-relatorio-final-sobre-servicos-da-energisa-em-mt\/\",\"name\":\"Wilson Santos anuncia entrega ao MME de relat\u00f3rio final sobre servi\u00e7os da Energisa em MT - wilsonsantosmt.com.br\",\"isPartOf\":{\"@id\":\"https:\/\/wilsonsantosmt.com.br\/#website\"},\"datePublished\":\"2025-12-26T18:43:26+00:00\",\"dateModified\":\"2025-12-26T18:43:27+00:00\",\"breadcrumb\":{\"@id\":\"https:\/\/wilsonsantosmt.com.br\/index.php\/2025\/12\/26\/wilson-santos-anuncia-entrega-ao-mme-de-relatorio-final-sobre-servicos-da-energisa-em-mt\/#breadcrumb\"},\"inLanguage\":\"pt-BR\",\"potentialAction\":[{\"@type\":\"ReadAction\",\"target\":[\"https:\/\/wilsonsantosmt.com.br\/index.php\/2025\/12\/26\/wilson-santos-anuncia-entrega-ao-mme-de-relatorio-final-sobre-servicos-da-energisa-em-mt\/\"]}]},{\"@type\":\"BreadcrumbList\",\"@id\":\"https:\/\/wilsonsantosmt.com.br\/index.php\/2025\/12\/26\/wilson-santos-anuncia-entrega-ao-mme-de-relatorio-final-sobre-servicos-da-energisa-em-mt\/#breadcrumb\",\"itemListElement\":[{\"@type\":\"ListItem\",\"position\":1,\"name\":\"In\u00edcio\",\"item\":\"https:\/\/wilsonsantosmt.com.br\/\"},{\"@type\":\"ListItem\",\"position\":2,\"name\":\"Not\u00edcias\",\"item\":\"https:\/\/wilsonsantosmt.com.br\/index.php\/category\/noticias\/\"},{\"@type\":\"ListItem\",\"position\":3,\"name\":\"Wilson Santos anuncia entrega ao MME de relat\u00f3rio final sobre servi\u00e7os da Energisa em MT\"}]},{\"@type\":\"WebSite\",\"@id\":\"https:\/\/wilsonsantosmt.com.br\/#website\",\"url\":\"https:\/\/wilsonsantosmt.com.br\/\",\"name\":\"wilsonsantosmt.com.br\",\"description\":\"\",\"publisher\":{\"@id\":\"https:\/\/wilsonsantosmt.com.br\/#\/schema\/person\/9de3c54961637a9eadb16bcbf895b1ef\"},\"potentialAction\":[{\"@type\":\"SearchAction\",\"target\":{\"@type\":\"EntryPoint\",\"urlTemplate\":\"https:\/\/wilsonsantosmt.com.br\/?s={search_term_string}\"},\"query-input\":\"required name=search_term_string\"}],\"inLanguage\":\"pt-BR\"},{\"@type\":[\"Person\",\"Organization\"],\"@id\":\"https:\/\/wilsonsantosmt.com.br\/#\/schema\/person\/9de3c54961637a9eadb16bcbf895b1ef\",\"name\":\"Wilson Santos\",\"image\":{\"@type\":\"ImageObject\",\"inLanguage\":\"pt-BR\",\"@id\":\"https:\/\/wilsonsantosmt.com.br\/#\/schema\/person\/image\/\",\"url\":\"https:\/\/wilsonsantosmt.com.br\/wp-content\/uploads\/2023\/11\/310828673_653254583023360_8795459643194608438_n.jpg\",\"contentUrl\":\"https:\/\/wilsonsantosmt.com.br\/wp-content\/uploads\/2023\/11\/310828673_653254583023360_8795459643194608438_n.jpg\",\"width\":1078,\"height\":1079,\"caption\":\"Wilson Santos\"},\"logo\":{\"@id\":\"https:\/\/wilsonsantosmt.com.br\/#\/schema\/person\/image\/\"},\"sameAs\":[\"http:\/\/wilsonsantosmt.com.br\",\"https:\/\/www.facebook.com\/WilsonSantosMT\/\",\"https:\/\/www.instagram.com\/wilsonsantosmt\/\",\"https:\/\/www.youtube.com\/@WilsonSantosWS\/videos\",\"https:\/\/pt.wikipedia.org\/wiki\/Wilson_Santos\"],\"honorificPrefix\":\"Sr\",\"gender\":\"masculino\",\"jobTitle\":\"Deputado Estadual\",\"worksFor\":\"Assembleia Legislativa de Mato Grosso\"},{\"@type\":\"Person\",\"@id\":\"https:\/\/wilsonsantosmt.com.br\/#\/schema\/person\/1d097ee45f526dd0455dbad8c679932c\",\"name\":\"Samantha dos Anjos\",\"image\":{\"@type\":\"ImageObject\",\"inLanguage\":\"pt-BR\",\"@id\":\"https:\/\/wilsonsantosmt.com.br\/#\/schema\/person\/image\/\",\"url\":\"https:\/\/secure.gravatar.com\/avatar\/7d8d0b6dd67d134a9fa841bee90c57c7?s=96&d=mm&r=g\",\"contentUrl\":\"https:\/\/secure.gravatar.com\/avatar\/7d8d0b6dd67d134a9fa841bee90c57c7?s=96&d=mm&r=g\",\"caption\":\"Samantha dos Anjos\"},\"url\":\"https:\/\/wilsonsantosmt.com.br\/index.php\/author\/samantha-dos-anjos\/\"}]}<\/script>\n<!-- \/ Yoast SEO Premium plugin. -->","yoast_head_json":{"title":"Wilson Santos anuncia entrega ao MME de relat\u00f3rio final sobre servi\u00e7os da Energisa em MT - wilsonsantosmt.com.br","robots":{"index":"index","follow":"follow","max-snippet":"max-snippet:-1","max-image-preview":"max-image-preview:large","max-video-preview":"max-video-preview:-1"},"canonical":"https:\/\/wilsonsantosmt.com.br\/index.php\/2025\/12\/26\/wilson-santos-anuncia-entrega-ao-mme-de-relatorio-final-sobre-servicos-da-energisa-em-mt\/","og_locale":"pt_BR","og_type":"article","og_title":"Wilson Santos anuncia entrega ao MME de relat\u00f3rio final sobre servi\u00e7os da Energisa em MT","og_description":"Durante reuni\u00e3o da Comiss\u00e3o de Constitui\u00e7\u00e3o, Reda\u00e7\u00e3o e Justi\u00e7a (CCRJ), realizada na \u00faltima segunda-feira (22), o deputado estadual Wilson Santos (PSD) defendeu uma atua\u00e7\u00e3o firme e unificada da Assembleia Legislativa de Mato Grosso (ALMT) diante do processo de renova\u00e7\u00e3o da concess\u00e3o da Energisa. Ele destacou a import\u00e2ncia da entrega, em Bras\u00edlia (DF), do dossi\u00ea que [&hellip;]","og_url":"https:\/\/wilsonsantosmt.com.br\/index.php\/2025\/12\/26\/wilson-santos-anuncia-entrega-ao-mme-de-relatorio-final-sobre-servicos-da-energisa-em-mt\/","og_site_name":"wilsonsantosmt.com.br","article_publisher":"https:\/\/www.facebook.com\/WilsonSantosMT\/","article_published_time":"2025-12-26T18:43:26+00:00","article_modified_time":"2025-12-26T18:43:27+00:00","og_image":[{"width":1600,"height":1066,"url":"http:\/\/wilsonsantosmt.com.br\/wp-content\/uploads\/2025\/12\/WhatsApp-Image-2025-12-26-at-14.46.22.jpeg","type":"image\/jpeg"}],"author":"Samantha dos Anjos","twitter_card":"summary_large_image","twitter_misc":{"Escrito por":"Samantha dos Anjos","Est. tempo de leitura":"4 minutos"},"schema":{"@context":"https:\/\/schema.org","@graph":[{"@type":"Article","@id":"https:\/\/wilsonsantosmt.com.br\/index.php\/2025\/12\/26\/wilson-santos-anuncia-entrega-ao-mme-de-relatorio-final-sobre-servicos-da-energisa-em-mt\/#article","isPartOf":{"@id":"https:\/\/wilsonsantosmt.com.br\/index.php\/2025\/12\/26\/wilson-santos-anuncia-entrega-ao-mme-de-relatorio-final-sobre-servicos-da-energisa-em-mt\/"},"author":{"name":"Samantha dos Anjos","@id":"https:\/\/wilsonsantosmt.com.br\/#\/schema\/person\/1d097ee45f526dd0455dbad8c679932c"},"headline":"Wilson Santos anuncia entrega ao MME de relat\u00f3rio final sobre servi\u00e7os da Energisa em MT","datePublished":"2025-12-26T18:43:26+00:00","dateModified":"2025-12-26T18:43:27+00:00","mainEntityOfPage":{"@id":"https:\/\/wilsonsantosmt.com.br\/index.php\/2025\/12\/26\/wilson-santos-anuncia-entrega-ao-mme-de-relatorio-final-sobre-servicos-da-energisa-em-mt\/"},"wordCount":658,"publisher":{"@id":"https:\/\/wilsonsantosmt.com.br\/#\/schema\/person\/9de3c54961637a9eadb16bcbf895b1ef"},"articleSection":["Not\u00edcias"],"inLanguage":"pt-BR"},{"@type":"WebPage","@id":"https:\/\/wilsonsantosmt.com.br\/index.php\/2025\/12\/26\/wilson-santos-anuncia-entrega-ao-mme-de-relatorio-final-sobre-servicos-da-energisa-em-mt\/","url":"https:\/\/wilsonsantosmt.com.br\/index.php\/2025\/12\/26\/wilson-santos-anuncia-entrega-ao-mme-de-relatorio-final-sobre-servicos-da-energisa-em-mt\/","name":"Wilson Santos anuncia entrega ao MME de relat\u00f3rio final sobre servi\u00e7os da Energisa em MT - wilsonsantosmt.com.br","isPartOf":{"@id":"https:\/\/wilsonsantosmt.com.br\/#website"},"datePublished":"2025-12-26T18:43:26+00:00","dateModified":"2025-12-26T18:43:27+00:00","breadcrumb":{"@id":"https:\/\/wilsonsantosmt.com.br\/index.php\/2025\/12\/26\/wilson-santos-anuncia-entrega-ao-mme-de-relatorio-final-sobre-servicos-da-energisa-em-mt\/#breadcrumb"},"inLanguage":"pt-BR","potentialAction":[{"@type":"ReadAction","target":["https:\/\/wilsonsantosmt.com.br\/index.php\/2025\/12\/26\/wilson-santos-anuncia-entrega-ao-mme-de-relatorio-final-sobre-servicos-da-energisa-em-mt\/"]}]},{"@type":"BreadcrumbList","@id":"https:\/\/wilsonsantosmt.com.br\/index.php\/2025\/12\/26\/wilson-santos-anuncia-entrega-ao-mme-de-relatorio-final-sobre-servicos-da-energisa-em-mt\/#breadcrumb","itemListElement":[{"@type":"ListItem","position":1,"name":"In\u00edcio","item":"https:\/\/wilsonsantosmt.com.br\/"},{"@type":"ListItem","position":2,"name":"Not\u00edcias","item":"https:\/\/wilsonsantosmt.com.br\/index.php\/category\/noticias\/"},{"@type":"ListItem","position":3,"name":"Wilson Santos anuncia entrega ao MME de relat\u00f3rio final sobre servi\u00e7os da Energisa em MT"}]},{"@type":"WebSite","@id":"https:\/\/wilsonsantosmt.com.br\/#website","url":"https:\/\/wilsonsantosmt.com.br\/","name":"wilsonsantosmt.com.br","description":"","publisher":{"@id":"https:\/\/wilsonsantosmt.com.br\/#\/schema\/person\/9de3c54961637a9eadb16bcbf895b1ef"},"potentialAction":[{"@type":"SearchAction","target":{"@type":"EntryPoint","urlTemplate":"https:\/\/wilsonsantosmt.com.br\/?s={search_term_string}"},"query-input":"required name=search_term_string"}],"inLanguage":"pt-BR"},{"@type":["Person","Organization"],"@id":"https:\/\/wilsonsantosmt.com.br\/#\/schema\/person\/9de3c54961637a9eadb16bcbf895b1ef","name":"Wilson Santos","image":{"@type":"ImageObject","inLanguage":"pt-BR","@id":"https:\/\/wilsonsantosmt.com.br\/#\/schema\/person\/image\/","url":"https:\/\/wilsonsantosmt.com.br\/wp-content\/uploads\/2023\/11\/310828673_653254583023360_8795459643194608438_n.jpg","contentUrl":"https:\/\/wilsonsantosmt.com.br\/wp-content\/uploads\/2023\/11\/310828673_653254583023360_8795459643194608438_n.jpg","width":1078,"height":1079,"caption":"Wilson Santos"},"logo":{"@id":"https:\/\/wilsonsantosmt.com.br\/#\/schema\/person\/image\/"},"sameAs":["http:\/\/wilsonsantosmt.com.br","https:\/\/www.facebook.com\/WilsonSantosMT\/","https:\/\/www.instagram.com\/wilsonsantosmt\/","https:\/\/www.youtube.com\/@WilsonSantosWS\/videos","https:\/\/pt.wikipedia.org\/wiki\/Wilson_Santos"],"honorificPrefix":"Sr","gender":"masculino","jobTitle":"Deputado Estadual","worksFor":"Assembleia Legislativa de Mato Grosso"},{"@type":"Person","@id":"https:\/\/wilsonsantosmt.com.br\/#\/schema\/person\/1d097ee45f526dd0455dbad8c679932c","name":"Samantha dos Anjos","image":{"@type":"ImageObject","inLanguage":"pt-BR","@id":"https:\/\/wilsonsantosmt.com.br\/#\/schema\/person\/image\/","url":"https:\/\/secure.gravatar.com\/avatar\/7d8d0b6dd67d134a9fa841bee90c57c7?s=96&d=mm&r=g","contentUrl":"https:\/\/secure.gravatar.com\/avatar\/7d8d0b6dd67d134a9fa841bee90c57c7?s=96&d=mm&r=g","caption":"Samantha dos Anjos"},"url":"https:\/\/wilsonsantosmt.com.br\/index.php\/author\/samantha-dos-anjos\/"}]}},"_links":{"self":[{"href":"https:\/\/wilsonsantosmt.com.br\/index.php\/wp-json\/wp\/v2\/posts\/2066"}],"collection":[{"href":"https:\/\/wilsonsantosmt.com.br\/index.php\/wp-json\/wp\/v2\/posts"}],"about":[{"href":"https:\/\/wilsonsantosmt.com.br\/index.php\/wp-json\/wp\/v2\/types\/post"}],"author":[{"embeddable":true,"href":"https:\/\/wilsonsantosmt.com.br\/index.php\/wp-json\/wp\/v2\/users\/4"}],"replies":[{"embeddable":true,"href":"https:\/\/wilsonsantosmt.com.br\/index.php\/wp-json\/wp\/v2\/comments?post=2066"}],"version-history":[{"count":1,"href":"https:\/\/wilsonsantosmt.com.br\/index.php\/wp-json\/wp\/v2\/posts\/2066\/revisions"}],"predecessor-version":[{"id":2068,"href":"https:\/\/wilsonsantosmt.com.br\/index.php\/wp-json\/wp\/v2\/posts\/2066\/revisions\/2068"}],"wp:featuredmedia":[{"embeddable":true,"href":"https:\/\/wilsonsantosmt.com.br\/index.php\/wp-json\/wp\/v2\/media\/2067"}],"wp:attachment":[{"href":"https:\/\/wilsonsantosmt.com.br\/index.php\/wp-json\/wp\/v2\/media?parent=2066"}],"wp:term":[{"taxonomy":"category","embeddable":true,"href":"https:\/\/wilsonsantosmt.com.br\/index.php\/wp-json\/wp\/v2\/categories?post=2066"},{"taxonomy":"post_tag","embeddable":true,"href":"https:\/\/wilsonsantosmt.com.br\/index.php\/wp-json\/wp\/v2\/tags?post=2066"}],"curies":[{"name":"wp","href":"https:\/\/api.w.org\/{rel}","templated":true}]}}