{"id":2075,"date":"2025-12-18T14:46:06","date_gmt":"2025-12-18T18:46:06","guid":{"rendered":"https:\/\/wilsonsantosmt.com.br\/?p=2075"},"modified":"2025-12-26T14:46:35","modified_gmt":"2025-12-26T18:46:35","slug":"wilson-santos-vai-ao-inss-de-cuiaba-cobrar-explicacoes-sobre-atraso-no-seguro-defeso","status":"publish","type":"post","link":"https:\/\/wilsonsantosmt.com.br\/index.php\/2025\/12\/18\/wilson-santos-vai-ao-inss-de-cuiaba-cobrar-explicacoes-sobre-atraso-no-seguro-defeso\/","title":{"rendered":"Wilson Santos vai ao INSS de Cuiab\u00e1 cobrar explica\u00e7\u00f5es sobre atraso no Seguro-Defeso"},"content":{"rendered":"\n<p><\/p>\n\n\n\n<p>Diante do atraso no pagamento do Seguro-Defeso aos pescadores profissionais artesanais de Mato Grosso, o deputado estadual Wilson Santos (PSD) esteve reunido, na \u00faltima ter\u00e7a-feira (16), com o gerente-executivo do Instituto Nacional do Seguro Social (INSS) em Cuiab\u00e1, Odair Egues, para cobrar esclarecimentos sobre a demora na libera\u00e7\u00e3o do benef\u00edcio. Na ocasi\u00e3o, ele exp\u00f4s a situa\u00e7\u00e3o cr\u00edtica vivida por milhares de fam\u00edlias que dependem exclusivamente da pesca e que, em respeito ao per\u00edodo da piracema, suspenderam a atividade \u2014 sua principal fonte de renda.<\/p>\n\n\n\n<p>O parlamentar destacou que j\u00e1 levou a demanda aos ministros da Pesca e Aquicultura e da Agricultura e Pecu\u00e1ria, Andr\u00e9 de Paula e Carlos F\u00e1varo, respectivamente. Segundo ele, ambos se comprometeram a tratar do assunto com o presidente da Rep\u00fablica, Luiz In\u00e1cio Lula da Silva, ainda nesta semana, durante reuni\u00e3o ministerial.<\/p>\n\n\n\n<p>\u201cO que estamos enfrentando \u00e9 uma situa\u00e7\u00e3o extremamente preocupante. S\u00e3o cerca de 16 mil fam\u00edlias que dependem diretamente da atividade pesqueira em Mato Grosso. Os pescadores est\u00e3o h\u00e1 mais de dois meses sem receber o Seguro-Defeso. Sem sal\u00e1rio, sem renda. Mato Grosso \u00e9 o primeiro estado a entrar no per\u00edodo da piracema, em 1\u00ba de outubro, e esse recurso j\u00e1 deveria ter sido pago\u201d, afirmou o parlamentar.<\/p>\n\n\n\n<p>De acordo com Odair Egues, o INSS aguarda o repasse financeiro para efetuar o pagamento do benef\u00edcio aos pescadores. Ele explicou que, com a edi\u00e7\u00e3o da Medida Provis\u00f3ria n\u00ba 1.323\/2025, a gest\u00e3o do Seguro-Defeso passou a ser de responsabilidade do Minist\u00e9rio do Trabalho e Emprego (MTE), \u00f3rg\u00e3o encarregado do recebimento, an\u00e1lise e habilita\u00e7\u00e3o dos requerimentos.<\/p>\n\n\n\n<p>\u201cNo ano passado, foram pagos 6.418 seguros. Neste ano, j\u00e1 contabilizamos 5.215 cadastros, todos devidamente requeridos. O repasse financeiro ser\u00e1 feito pelo INSS aos benefici\u00e1rios. Com os recursos dispon\u00edveis, em um prazo de 15 a 20 dias, \u00e9 poss\u00edvel processar cerca de 4 mil requerimentos, pois todo o procedimento ocorre de forma autom\u00e1tica\u201d, explicou o gerente-executivo.<\/p>\n\n\n\n<p>A reuni\u00e3o contou ainda com a participa\u00e7\u00e3o das presidentes das Col\u00f4nias de Pescadores Z-1 de Cuiab\u00e1 e Z-8 de Santo Ant\u00f4nio de Leverger, Sandra Maria de Oliveira e Roseli T\u00e2nia Souza, que refor\u00e7aram o impacto social do atraso do benef\u00edcio sobre as comunidades pesqueiras<\/p>\n","protected":false},"excerpt":{"rendered":"<p>Diante do atraso no pagamento do Seguro-Defeso aos pescadores profissionais artesanais de Mato Grosso, o deputado estadual Wilson Santos (PSD) esteve reunido, na \u00faltima ter\u00e7a-feira (16), com o gerente-executivo do Instituto Nacional do Seguro Social (INSS) em Cuiab\u00e1, Odair Egues, para cobrar esclarecimentos sobre a demora na libera\u00e7\u00e3o do benef\u00edcio. Na ocasi\u00e3o, ele exp\u00f4s a [&hellip;]<\/p>\n","protected":false},"author":4,"featured_media":2076,"comment_status":"closed","ping_status":"open","sticky":false,"template":"","format":"standard","meta":{"footnotes":""},"categories":[13],"tags":[],"yoast_head":"<!-- This site is optimized with the Yoast SEO Premium plugin v21.5 (Yoast SEO v21.4) - https:\/\/yoast.com\/wordpress\/plugins\/seo\/ -->\n<title>Wilson Santos vai ao INSS de Cuiab\u00e1 cobrar explica\u00e7\u00f5es sobre atraso no Seguro-Defeso - wilsonsantosmt.com.br<\/title>\n<meta name=\"robots\" content=\"index, follow, max-snippet:-1, max-image-preview:large, max-video-preview:-1\" \/>\n<link rel=\"canonical\" href=\"https:\/\/wilsonsantosmt.com.br\/index.php\/2025\/12\/18\/wilson-santos-vai-ao-inss-de-cuiaba-cobrar-explicacoes-sobre-atraso-no-seguro-defeso\/\" \/>\n<meta property=\"og:locale\" content=\"pt_BR\" \/>\n<meta property=\"og:type\" content=\"article\" \/>\n<meta property=\"og:title\" content=\"Wilson Santos vai ao INSS de Cuiab\u00e1 cobrar explica\u00e7\u00f5es sobre atraso no Seguro-Defeso\" \/>\n<meta property=\"og:description\" content=\"Diante do atraso no pagamento do Seguro-Defeso aos pescadores profissionais artesanais de Mato Grosso, o deputado estadual Wilson Santos (PSD) esteve reunido, na \u00faltima ter\u00e7a-feira (16), com o gerente-executivo do Instituto Nacional do Seguro Social (INSS) em Cuiab\u00e1, Odair Egues, para cobrar esclarecimentos sobre a demora na libera\u00e7\u00e3o do benef\u00edcio. Na ocasi\u00e3o, ele exp\u00f4s a [&hellip;]\" \/>\n<meta property=\"og:url\" content=\"https:\/\/wilsonsantosmt.com.br\/index.php\/2025\/12\/18\/wilson-santos-vai-ao-inss-de-cuiaba-cobrar-explicacoes-sobre-atraso-no-seguro-defeso\/\" \/>\n<meta property=\"og:site_name\" content=\"wilsonsantosmt.com.br\" \/>\n<meta property=\"article:publisher\" content=\"https:\/\/www.facebook.com\/WilsonSantosMT\/\" \/>\n<meta property=\"article:published_time\" content=\"2025-12-18T18:46:06+00:00\" \/>\n<meta property=\"article:modified_time\" content=\"2025-12-26T18:46:35+00:00\" \/>\n<meta property=\"og:image\" content=\"http:\/\/wilsonsantosmt.com.br\/wp-content\/uploads\/2025\/12\/WhatsApp-Image-2025-12-18-at-18.46.28.jpeg\" \/>\n\t<meta property=\"og:image:width\" content=\"1280\" \/>\n\t<meta property=\"og:image:height\" content=\"720\" \/>\n\t<meta property=\"og:image:type\" content=\"image\/jpeg\" \/>\n<meta name=\"author\" content=\"Samantha dos Anjos\" \/>\n<meta name=\"twitter:card\" content=\"summary_large_image\" \/>\n<meta name=\"twitter:label1\" content=\"Escrito por\" \/>\n\t<meta name=\"twitter:data1\" content=\"Samantha dos Anjos\" \/>\n\t<meta name=\"twitter:label2\" content=\"Est. tempo de leitura\" \/>\n\t<meta name=\"twitter:data2\" content=\"2 minutos\" \/>\n<script type=\"application\/ld+json\" class=\"yoast-schema-graph\">{\"@context\":\"https:\/\/schema.org\",\"@graph\":[{\"@type\":\"Article\",\"@id\":\"https:\/\/wilsonsantosmt.com.br\/index.php\/2025\/12\/18\/wilson-santos-vai-ao-inss-de-cuiaba-cobrar-explicacoes-sobre-atraso-no-seguro-defeso\/#article\",\"isPartOf\":{\"@id\":\"https:\/\/wilsonsantosmt.com.br\/index.php\/2025\/12\/18\/wilson-santos-vai-ao-inss-de-cuiaba-cobrar-explicacoes-sobre-atraso-no-seguro-defeso\/\"},\"author\":{\"name\":\"Samantha dos Anjos\",\"@id\":\"https:\/\/wilsonsantosmt.com.br\/#\/schema\/person\/1d097ee45f526dd0455dbad8c679932c\"},\"headline\":\"Wilson Santos vai ao INSS de Cuiab\u00e1 cobrar explica\u00e7\u00f5es sobre atraso no Seguro-Defeso\",\"datePublished\":\"2025-12-18T18:46:06+00:00\",\"dateModified\":\"2025-12-26T18:46:35+00:00\",\"mainEntityOfPage\":{\"@id\":\"https:\/\/wilsonsantosmt.com.br\/index.php\/2025\/12\/18\/wilson-santos-vai-ao-inss-de-cuiaba-cobrar-explicacoes-sobre-atraso-no-seguro-defeso\/\"},\"wordCount\":397,\"publisher\":{\"@id\":\"https:\/\/wilsonsantosmt.com.br\/#\/schema\/person\/9de3c54961637a9eadb16bcbf895b1ef\"},\"articleSection\":[\"Not\u00edcias\"],\"inLanguage\":\"pt-BR\"},{\"@type\":\"WebPage\",\"@id\":\"https:\/\/wilsonsantosmt.com.br\/index.php\/2025\/12\/18\/wilson-santos-vai-ao-inss-de-cuiaba-cobrar-explicacoes-sobre-atraso-no-seguro-defeso\/\",\"url\":\"https:\/\/wilsonsantosmt.com.br\/index.php\/2025\/12\/18\/wilson-santos-vai-ao-inss-de-cuiaba-cobrar-explicacoes-sobre-atraso-no-seguro-defeso\/\",\"name\":\"Wilson Santos vai ao INSS de Cuiab\u00e1 cobrar explica\u00e7\u00f5es sobre atraso no Seguro-Defeso - wilsonsantosmt.com.br\",\"isPartOf\":{\"@id\":\"https:\/\/wilsonsantosmt.com.br\/#website\"},\"datePublished\":\"2025-12-18T18:46:06+00:00\",\"dateModified\":\"2025-12-26T18:46:35+00:00\",\"breadcrumb\":{\"@id\":\"https:\/\/wilsonsantosmt.com.br\/index.php\/2025\/12\/18\/wilson-santos-vai-ao-inss-de-cuiaba-cobrar-explicacoes-sobre-atraso-no-seguro-defeso\/#breadcrumb\"},\"inLanguage\":\"pt-BR\",\"potentialAction\":[{\"@type\":\"ReadAction\",\"target\":[\"https:\/\/wilsonsantosmt.com.br\/index.php\/2025\/12\/18\/wilson-santos-vai-ao-inss-de-cuiaba-cobrar-explicacoes-sobre-atraso-no-seguro-defeso\/\"]}]},{\"@type\":\"BreadcrumbList\",\"@id\":\"https:\/\/wilsonsantosmt.com.br\/index.php\/2025\/12\/18\/wilson-santos-vai-ao-inss-de-cuiaba-cobrar-explicacoes-sobre-atraso-no-seguro-defeso\/#breadcrumb\",\"itemListElement\":[{\"@type\":\"ListItem\",\"position\":1,\"name\":\"In\u00edcio\",\"item\":\"https:\/\/wilsonsantosmt.com.br\/\"},{\"@type\":\"ListItem\",\"position\":2,\"name\":\"Not\u00edcias\",\"item\":\"https:\/\/wilsonsantosmt.com.br\/index.php\/category\/noticias\/\"},{\"@type\":\"ListItem\",\"position\":3,\"name\":\"Wilson Santos vai ao INSS de Cuiab\u00e1 cobrar explica\u00e7\u00f5es sobre atraso no Seguro-Defeso\"}]},{\"@type\":\"WebSite\",\"@id\":\"https:\/\/wilsonsantosmt.com.br\/#website\",\"url\":\"https:\/\/wilsonsantosmt.com.br\/\",\"name\":\"wilsonsantosmt.com.br\",\"description\":\"\",\"publisher\":{\"@id\":\"https:\/\/wilsonsantosmt.com.br\/#\/schema\/person\/9de3c54961637a9eadb16bcbf895b1ef\"},\"potentialAction\":[{\"@type\":\"SearchAction\",\"target\":{\"@type\":\"EntryPoint\",\"urlTemplate\":\"https:\/\/wilsonsantosmt.com.br\/?s={search_term_string}\"},\"query-input\":\"required name=search_term_string\"}],\"inLanguage\":\"pt-BR\"},{\"@type\":[\"Person\",\"Organization\"],\"@id\":\"https:\/\/wilsonsantosmt.com.br\/#\/schema\/person\/9de3c54961637a9eadb16bcbf895b1ef\",\"name\":\"Wilson Santos\",\"image\":{\"@type\":\"ImageObject\",\"inLanguage\":\"pt-BR\",\"@id\":\"https:\/\/wilsonsantosmt.com.br\/#\/schema\/person\/image\/\",\"url\":\"https:\/\/wilsonsantosmt.com.br\/wp-content\/uploads\/2023\/11\/310828673_653254583023360_8795459643194608438_n.jpg\",\"contentUrl\":\"https:\/\/wilsonsantosmt.com.br\/wp-content\/uploads\/2023\/11\/310828673_653254583023360_8795459643194608438_n.jpg\",\"width\":1078,\"height\":1079,\"caption\":\"Wilson Santos\"},\"logo\":{\"@id\":\"https:\/\/wilsonsantosmt.com.br\/#\/schema\/person\/image\/\"},\"sameAs\":[\"http:\/\/wilsonsantosmt.com.br\",\"https:\/\/www.facebook.com\/WilsonSantosMT\/\",\"https:\/\/www.instagram.com\/wilsonsantosmt\/\",\"https:\/\/www.youtube.com\/@WilsonSantosWS\/videos\",\"https:\/\/pt.wikipedia.org\/wiki\/Wilson_Santos\"],\"honorificPrefix\":\"Sr\",\"gender\":\"masculino\",\"jobTitle\":\"Deputado Estadual\",\"worksFor\":\"Assembleia Legislativa de Mato Grosso\"},{\"@type\":\"Person\",\"@id\":\"https:\/\/wilsonsantosmt.com.br\/#\/schema\/person\/1d097ee45f526dd0455dbad8c679932c\",\"name\":\"Samantha dos Anjos\",\"image\":{\"@type\":\"ImageObject\",\"inLanguage\":\"pt-BR\",\"@id\":\"https:\/\/wilsonsantosmt.com.br\/#\/schema\/person\/image\/\",\"url\":\"https:\/\/secure.gravatar.com\/avatar\/7d8d0b6dd67d134a9fa841bee90c57c7?s=96&d=mm&r=g\",\"contentUrl\":\"https:\/\/secure.gravatar.com\/avatar\/7d8d0b6dd67d134a9fa841bee90c57c7?s=96&d=mm&r=g\",\"caption\":\"Samantha dos Anjos\"},\"url\":\"https:\/\/wilsonsantosmt.com.br\/index.php\/author\/samantha-dos-anjos\/\"}]}<\/script>\n<!-- \/ Yoast SEO Premium plugin. -->","yoast_head_json":{"title":"Wilson Santos vai ao INSS de Cuiab\u00e1 cobrar explica\u00e7\u00f5es sobre atraso no Seguro-Defeso - wilsonsantosmt.com.br","robots":{"index":"index","follow":"follow","max-snippet":"max-snippet:-1","max-image-preview":"max-image-preview:large","max-video-preview":"max-video-preview:-1"},"canonical":"https:\/\/wilsonsantosmt.com.br\/index.php\/2025\/12\/18\/wilson-santos-vai-ao-inss-de-cuiaba-cobrar-explicacoes-sobre-atraso-no-seguro-defeso\/","og_locale":"pt_BR","og_type":"article","og_title":"Wilson Santos vai ao INSS de Cuiab\u00e1 cobrar explica\u00e7\u00f5es sobre atraso no Seguro-Defeso","og_description":"Diante do atraso no pagamento do Seguro-Defeso aos pescadores profissionais artesanais de Mato Grosso, o deputado estadual Wilson Santos (PSD) esteve reunido, na \u00faltima ter\u00e7a-feira (16), com o gerente-executivo do Instituto Nacional do Seguro Social (INSS) em Cuiab\u00e1, Odair Egues, para cobrar esclarecimentos sobre a demora na libera\u00e7\u00e3o do benef\u00edcio. Na ocasi\u00e3o, ele exp\u00f4s a [&hellip;]","og_url":"https:\/\/wilsonsantosmt.com.br\/index.php\/2025\/12\/18\/wilson-santos-vai-ao-inss-de-cuiaba-cobrar-explicacoes-sobre-atraso-no-seguro-defeso\/","og_site_name":"wilsonsantosmt.com.br","article_publisher":"https:\/\/www.facebook.com\/WilsonSantosMT\/","article_published_time":"2025-12-18T18:46:06+00:00","article_modified_time":"2025-12-26T18:46:35+00:00","og_image":[{"width":1280,"height":720,"url":"http:\/\/wilsonsantosmt.com.br\/wp-content\/uploads\/2025\/12\/WhatsApp-Image-2025-12-18-at-18.46.28.jpeg","type":"image\/jpeg"}],"author":"Samantha dos Anjos","twitter_card":"summary_large_image","twitter_misc":{"Escrito por":"Samantha dos Anjos","Est. tempo de leitura":"2 minutos"},"schema":{"@context":"https:\/\/schema.org","@graph":[{"@type":"Article","@id":"https:\/\/wilsonsantosmt.com.br\/index.php\/2025\/12\/18\/wilson-santos-vai-ao-inss-de-cuiaba-cobrar-explicacoes-sobre-atraso-no-seguro-defeso\/#article","isPartOf":{"@id":"https:\/\/wilsonsantosmt.com.br\/index.php\/2025\/12\/18\/wilson-santos-vai-ao-inss-de-cuiaba-cobrar-explicacoes-sobre-atraso-no-seguro-defeso\/"},"author":{"name":"Samantha dos Anjos","@id":"https:\/\/wilsonsantosmt.com.br\/#\/schema\/person\/1d097ee45f526dd0455dbad8c679932c"},"headline":"Wilson Santos vai ao INSS de Cuiab\u00e1 cobrar explica\u00e7\u00f5es sobre atraso no Seguro-Defeso","datePublished":"2025-12-18T18:46:06+00:00","dateModified":"2025-12-26T18:46:35+00:00","mainEntityOfPage":{"@id":"https:\/\/wilsonsantosmt.com.br\/index.php\/2025\/12\/18\/wilson-santos-vai-ao-inss-de-cuiaba-cobrar-explicacoes-sobre-atraso-no-seguro-defeso\/"},"wordCount":397,"publisher":{"@id":"https:\/\/wilsonsantosmt.com.br\/#\/schema\/person\/9de3c54961637a9eadb16bcbf895b1ef"},"articleSection":["Not\u00edcias"],"inLanguage":"pt-BR"},{"@type":"WebPage","@id":"https:\/\/wilsonsantosmt.com.br\/index.php\/2025\/12\/18\/wilson-santos-vai-ao-inss-de-cuiaba-cobrar-explicacoes-sobre-atraso-no-seguro-defeso\/","url":"https:\/\/wilsonsantosmt.com.br\/index.php\/2025\/12\/18\/wilson-santos-vai-ao-inss-de-cuiaba-cobrar-explicacoes-sobre-atraso-no-seguro-defeso\/","name":"Wilson Santos vai ao INSS de Cuiab\u00e1 cobrar explica\u00e7\u00f5es sobre atraso no Seguro-Defeso - wilsonsantosmt.com.br","isPartOf":{"@id":"https:\/\/wilsonsantosmt.com.br\/#website"},"datePublished":"2025-12-18T18:46:06+00:00","dateModified":"2025-12-26T18:46:35+00:00","breadcrumb":{"@id":"https:\/\/wilsonsantosmt.com.br\/index.php\/2025\/12\/18\/wilson-santos-vai-ao-inss-de-cuiaba-cobrar-explicacoes-sobre-atraso-no-seguro-defeso\/#breadcrumb"},"inLanguage":"pt-BR","potentialAction":[{"@type":"ReadAction","target":["https:\/\/wilsonsantosmt.com.br\/index.php\/2025\/12\/18\/wilson-santos-vai-ao-inss-de-cuiaba-cobrar-explicacoes-sobre-atraso-no-seguro-defeso\/"]}]},{"@type":"BreadcrumbList","@id":"https:\/\/wilsonsantosmt.com.br\/index.php\/2025\/12\/18\/wilson-santos-vai-ao-inss-de-cuiaba-cobrar-explicacoes-sobre-atraso-no-seguro-defeso\/#breadcrumb","itemListElement":[{"@type":"ListItem","position":1,"name":"In\u00edcio","item":"https:\/\/wilsonsantosmt.com.br\/"},{"@type":"ListItem","position":2,"name":"Not\u00edcias","item":"https:\/\/wilsonsantosmt.com.br\/index.php\/category\/noticias\/"},{"@type":"ListItem","position":3,"name":"Wilson Santos vai ao INSS de Cuiab\u00e1 cobrar explica\u00e7\u00f5es sobre atraso no Seguro-Defeso"}]},{"@type":"WebSite","@id":"https:\/\/wilsonsantosmt.com.br\/#website","url":"https:\/\/wilsonsantosmt.com.br\/","name":"wilsonsantosmt.com.br","description":"","publisher":{"@id":"https:\/\/wilsonsantosmt.com.br\/#\/schema\/person\/9de3c54961637a9eadb16bcbf895b1ef"},"potentialAction":[{"@type":"SearchAction","target":{"@type":"EntryPoint","urlTemplate":"https:\/\/wilsonsantosmt.com.br\/?s={search_term_string}"},"query-input":"required name=search_term_string"}],"inLanguage":"pt-BR"},{"@type":["Person","Organization"],"@id":"https:\/\/wilsonsantosmt.com.br\/#\/schema\/person\/9de3c54961637a9eadb16bcbf895b1ef","name":"Wilson Santos","image":{"@type":"ImageObject","inLanguage":"pt-BR","@id":"https:\/\/wilsonsantosmt.com.br\/#\/schema\/person\/image\/","url":"https:\/\/wilsonsantosmt.com.br\/wp-content\/uploads\/2023\/11\/310828673_653254583023360_8795459643194608438_n.jpg","contentUrl":"https:\/\/wilsonsantosmt.com.br\/wp-content\/uploads\/2023\/11\/310828673_653254583023360_8795459643194608438_n.jpg","width":1078,"height":1079,"caption":"Wilson Santos"},"logo":{"@id":"https:\/\/wilsonsantosmt.com.br\/#\/schema\/person\/image\/"},"sameAs":["http:\/\/wilsonsantosmt.com.br","https:\/\/www.facebook.com\/WilsonSantosMT\/","https:\/\/www.instagram.com\/wilsonsantosmt\/","https:\/\/www.youtube.com\/@WilsonSantosWS\/videos","https:\/\/pt.wikipedia.org\/wiki\/Wilson_Santos"],"honorificPrefix":"Sr","gender":"masculino","jobTitle":"Deputado Estadual","worksFor":"Assembleia Legislativa de Mato Grosso"},{"@type":"Person","@id":"https:\/\/wilsonsantosmt.com.br\/#\/schema\/person\/1d097ee45f526dd0455dbad8c679932c","name":"Samantha dos Anjos","image":{"@type":"ImageObject","inLanguage":"pt-BR","@id":"https:\/\/wilsonsantosmt.com.br\/#\/schema\/person\/image\/","url":"https:\/\/secure.gravatar.com\/avatar\/7d8d0b6dd67d134a9fa841bee90c57c7?s=96&d=mm&r=g","contentUrl":"https:\/\/secure.gravatar.com\/avatar\/7d8d0b6dd67d134a9fa841bee90c57c7?s=96&d=mm&r=g","caption":"Samantha dos Anjos"},"url":"https:\/\/wilsonsantosmt.com.br\/index.php\/author\/samantha-dos-anjos\/"}]}},"_links":{"self":[{"href":"https:\/\/wilsonsantosmt.com.br\/index.php\/wp-json\/wp\/v2\/posts\/2075"}],"collection":[{"href":"https:\/\/wilsonsantosmt.com.br\/index.php\/wp-json\/wp\/v2\/posts"}],"about":[{"href":"https:\/\/wilsonsantosmt.com.br\/index.php\/wp-json\/wp\/v2\/types\/post"}],"author":[{"embeddable":true,"href":"https:\/\/wilsonsantosmt.com.br\/index.php\/wp-json\/wp\/v2\/users\/4"}],"replies":[{"embeddable":true,"href":"https:\/\/wilsonsantosmt.com.br\/index.php\/wp-json\/wp\/v2\/comments?post=2075"}],"version-history":[{"count":1,"href":"https:\/\/wilsonsantosmt.com.br\/index.php\/wp-json\/wp\/v2\/posts\/2075\/revisions"}],"predecessor-version":[{"id":2077,"href":"https:\/\/wilsonsantosmt.com.br\/index.php\/wp-json\/wp\/v2\/posts\/2075\/revisions\/2077"}],"wp:featuredmedia":[{"embeddable":true,"href":"https:\/\/wilsonsantosmt.com.br\/index.php\/wp-json\/wp\/v2\/media\/2076"}],"wp:attachment":[{"href":"https:\/\/wilsonsantosmt.com.br\/index.php\/wp-json\/wp\/v2\/media?parent=2075"}],"wp:term":[{"taxonomy":"category","embeddable":true,"href":"https:\/\/wilsonsantosmt.com.br\/index.php\/wp-json\/wp\/v2\/categories?post=2075"},{"taxonomy":"post_tag","embeddable":true,"href":"https:\/\/wilsonsantosmt.com.br\/index.php\/wp-json\/wp\/v2\/tags?post=2075"}],"curies":[{"name":"wp","href":"https:\/\/api.w.org\/{rel}","templated":true}]}}