{"id":2078,"date":"2025-12-17T14:47:38","date_gmt":"2025-12-17T18:47:38","guid":{"rendered":"https:\/\/wilsonsantosmt.com.br\/?p=2078"},"modified":"2025-12-26T14:48:30","modified_gmt":"2025-12-26T18:48:30","slug":"audiencias-sobre-atuacao-da-energisa-em-mt-sao-encerradas-e-relatorio-sera-enviado-ao-ministerio-de-minas-e-energia","status":"publish","type":"post","link":"https:\/\/wilsonsantosmt.com.br\/index.php\/2025\/12\/17\/audiencias-sobre-atuacao-da-energisa-em-mt-sao-encerradas-e-relatorio-sera-enviado-ao-ministerio-de-minas-e-energia\/","title":{"rendered":"Audi\u00eancias sobre atua\u00e7\u00e3o da Energisa em MT s\u00e3o encerradas e relat\u00f3rio ser\u00e1 enviado ao Minist\u00e9rio de Minas e Energia"},"content":{"rendered":"\n<p><\/p>\n\n\n\n<p>O ciclo de audi\u00eancias p\u00fablicas para discutir a presta\u00e7\u00e3o de servi\u00e7os da concession\u00e1ria Energisa nos principais polos regionais de Mato Grosso foi encerrado nesta ter\u00e7a-feira (16), na C\u00e2mara Municipal de Chapada dos Guimar\u00e3es. O encontro foi conduzido pelo deputado estadual Wilson Santos (PSD), vice-presidente da Comiss\u00e3o Especial da Assembleia Legislativa que acompanha o tema. O pr\u00f3ximo passo ser\u00e1 a elabora\u00e7\u00e3o de um dossi\u00ea com todas as informa\u00e7\u00f5es levantadas, que ser\u00e1 encaminhado ao Minist\u00e9rio de Minas e Energia (MME) para avalia\u00e7\u00e3o.<\/p>\n\n\n\n<p>No in\u00edcio da reuni\u00e3o, o parlamentar destacou o primeiro empreendimento hidrel\u00e9trico constru\u00eddo no estado. \u201cA primeira usina hidrel\u00e9trica de Mato Grosso foi a Usina Hidrel\u00e9trica C\u00e2ndido Rondon, tamb\u00e9m conhecida como Usina Casca I, inaugurada em 1926, no rio da Casca, aqui em Chapada dos Guimar\u00e3es, respons\u00e1vel por fornecer energia el\u00e9trica a Cuiab\u00e1. Esse foi um marco hist\u00f3rico. Tanto que, na sede da Energisa, em Cuiab\u00e1, h\u00e1 uma refer\u00eancia a esse importante empreendimento que deu in\u00edcio \u00e0 eletrifica\u00e7\u00e3o da capital mato-grossense, constru\u00edda durante a gest\u00e3o do ex-governador e m\u00e9dico M\u00e1rio Corr\u00eaa da Costa\u201d, afirmou.<\/p>\n\n\n\n<p>Wilson Santos tamb\u00e9m citou a Usina Hidrel\u00e9trica de Manso, a \u00fanica constru\u00edda no rio Manso, localizada entre os munic\u00edpios de Chapada dos Guimar\u00e3es e Nova Brasil\u00e2ndia. O empreendimento possui pot\u00eancia instalada de 212 megawatts (MW) e capacidade para abastecer uma cidade com cerca de 300 mil habitantes. \u201cVeja a liga\u00e7\u00e3o que Chapada tem com a quest\u00e3o energ\u00e9tica. \u00c9 um munic\u00edpio diretamente relacionado \u00e0 produ\u00e7\u00e3o de energia. No entanto, infelizmente, ainda enfrenta problemas no fornecimento de energia el\u00e9trica com qualidade e efici\u00eancia por parte da Energisa, o que impacta negativamente o potencial tur\u00edstico, uma das principais fontes de desenvolvimento econ\u00f4mico da regi\u00e3o\u201d, explicou.<\/p>\n\n\n\n<p>O prefeito de Chapada dos Guimar\u00e3es, Osmar Froner (Uni\u00e3o), ressaltou que o munic\u00edpio conta com subesta\u00e7\u00f5es que contribuem para o abastecimento de energia n\u00e3o apenas da cidade, mas tamb\u00e9m de outros munic\u00edpios da regi\u00e3o. \u201cTemos uma extens\u00e3o de rede bastante significativa. Ouvimos muitas reclama\u00e7\u00f5es sobre o alto valor das faturas. H\u00e1 diversas demandas que precisam ser resolvidas para facilitar a amplia\u00e7\u00e3o dos neg\u00f3cios e n\u00e3o atrasar o desenvolvimento da cidade. Estamos trabalhando, em conjunto com a C\u00e2mara Municipal, em um projeto de energia solar para captar energia e melhorar diversas situa\u00e7\u00f5es\u201d, adiantou.<\/p>\n\n\n\n<p>A analista reguladora da Ag\u00eancia Estadual de Regula\u00e7\u00e3o dos Servi\u00e7os P\u00fablicos Delegados (Ager), Gisele Rios, apresentou um panorama da atua\u00e7\u00e3o da Energisa em Chapada dos Guimar\u00e3es nos \u00faltimos anos. Segundo ela, a Ager mant\u00e9m conv\u00eanio com a Ag\u00eancia Nacional de Energia El\u00e9trica (Aneel), que permite o acompanhamento e a fiscaliza\u00e7\u00e3o dos servi\u00e7os de distribui\u00e7\u00e3o de energia el\u00e9trica. \u201cIncentivamos os consumidores a registrarem suas demandas, pois as reclama\u00e7\u00f5es s\u00e3o fundamentais para que a fiscaliza\u00e7\u00e3o possa atuar e buscar solu\u00e7\u00f5es da melhor forma poss\u00edvel\u201d, destacou.<\/p>\n\n\n\n<p>Rios informou que, entre 2020 e 2021, a Energisa acumulou mais de R$ 40 milh\u00f5es em multas. Diante dessas penalidades, a concession\u00e1ria promoveu ajustes e apresentou evolu\u00e7\u00e3o positiva no cumprimento das metas estabelecidas. \u201cAinda assim, os problemas s\u00e3o mais acentuados na zona rural em compara\u00e7\u00e3o \u00e0 \u00e1rea urbana. H\u00e1 falhas recorrentes no fornecimento de energia e demora excessiva para o restabelecimento do servi\u00e7o. Tamb\u00e9m persistem erros de faturamento, o que exige maior aten\u00e7\u00e3o para garantir a cobran\u00e7a correta ao consumidor\u201d, pontuou.<\/p>\n\n\n\n<p>O assessor institucional da Energisa, Luiz Carlos Moreira J\u00fanior, afirmou que mant\u00e9m contato direto com a prefeitura e que busca, sempre que poss\u00edvel, atender \u00e0s demandas do munic\u00edpio relacionadas \u00e0 infraestrutura e ao fornecimento de energia. \u201cEssa parceria \u00e9 fundamental. Estamos trabalhando fortemente na melhoria dos conjuntos el\u00e9tricos para levar avan\u00e7os a todo o estado. Ao longo desses 11 anos, realizamos investimentos significativos e seguimos extremamente comprometidos\u201d, declarou.<\/p>\n\n\n\n<p>Com o encerramento das audi\u00eancias, Wilson Santos informou que ser\u00e1 elaborado um relat\u00f3rio consolidado com os depoimentos colhidos nas reuni\u00f5es realizadas em Cuiab\u00e1, Rondon\u00f3polis, C\u00e1ceres, Pontes e Lacerda, Sapezal, Tangar\u00e1 da Serra e V\u00e1rzea Grande. O documento ir\u00e1 subsidiar a an\u00e1lise da poss\u00edvel renova\u00e7\u00e3o da concess\u00e3o do servi\u00e7o de distribui\u00e7\u00e3o de energia el\u00e9trica em Mato Grosso pelos pr\u00f3ximos 30 anos, avaliando o cumprimento das cl\u00e1usulas contratuais pela Energisa.<\/p>\n\n\n\n<p>O dossi\u00ea ser\u00e1 encaminhado ao Minist\u00e9rio de Minas e Energia, sob a responsabilidade do ministro Alexandre Silveira, ainda neste m\u00eas de dezembro, que dever\u00e1 considerar os apontamentos antes de qualquer decis\u00e3o sobre a prorroga\u00e7\u00e3o do contrato.<\/p>\n\n\n\n<p>Al\u00e9m do p\u00fablico presente, tamb\u00e9m participaram da audi\u00eancia p\u00fablica \u2013 o secret\u00e1rio municipal de Planejamento e Or\u00e7amento, Aislan Sebasti\u00e3o Cunha Galv\u00e3o, o presidente da C\u00e2mara de Vereadores, Jos\u00e9 Ot\u00e1vio Freitas (PL) e a vereadora Cida Maria Dias Lessa (PSD).<\/p>\n","protected":false},"excerpt":{"rendered":"<p>O ciclo de audi\u00eancias p\u00fablicas para discutir a presta\u00e7\u00e3o de servi\u00e7os da concession\u00e1ria Energisa nos principais polos regionais de Mato Grosso foi encerrado nesta ter\u00e7a-feira (16), na C\u00e2mara Municipal de Chapada dos Guimar\u00e3es. O encontro foi conduzido pelo deputado estadual Wilson Santos (PSD), vice-presidente da Comiss\u00e3o Especial da Assembleia Legislativa que acompanha o tema. O [&hellip;]<\/p>\n","protected":false},"author":4,"featured_media":2079,"comment_status":"closed","ping_status":"open","sticky":false,"template":"","format":"standard","meta":{"footnotes":""},"categories":[13],"tags":[],"yoast_head":"<!-- This site is optimized with the Yoast SEO Premium plugin v21.5 (Yoast SEO v21.4) - https:\/\/yoast.com\/wordpress\/plugins\/seo\/ -->\n<title>Audi\u00eancias sobre atua\u00e7\u00e3o da Energisa em MT s\u00e3o encerradas e relat\u00f3rio ser\u00e1 enviado ao Minist\u00e9rio de Minas e Energia - wilsonsantosmt.com.br<\/title>\n<meta name=\"robots\" content=\"index, follow, max-snippet:-1, max-image-preview:large, max-video-preview:-1\" \/>\n<link rel=\"canonical\" href=\"https:\/\/wilsonsantosmt.com.br\/index.php\/2025\/12\/17\/audiencias-sobre-atuacao-da-energisa-em-mt-sao-encerradas-e-relatorio-sera-enviado-ao-ministerio-de-minas-e-energia\/\" \/>\n<meta property=\"og:locale\" content=\"pt_BR\" \/>\n<meta property=\"og:type\" content=\"article\" \/>\n<meta property=\"og:title\" content=\"Audi\u00eancias sobre atua\u00e7\u00e3o da Energisa em MT s\u00e3o encerradas e relat\u00f3rio ser\u00e1 enviado ao Minist\u00e9rio de Minas e Energia\" \/>\n<meta property=\"og:description\" content=\"O ciclo de audi\u00eancias p\u00fablicas para discutir a presta\u00e7\u00e3o de servi\u00e7os da concession\u00e1ria Energisa nos principais polos regionais de Mato Grosso foi encerrado nesta ter\u00e7a-feira (16), na C\u00e2mara Municipal de Chapada dos Guimar\u00e3es. O encontro foi conduzido pelo deputado estadual Wilson Santos (PSD), vice-presidente da Comiss\u00e3o Especial da Assembleia Legislativa que acompanha o tema. O [&hellip;]\" \/>\n<meta property=\"og:url\" content=\"https:\/\/wilsonsantosmt.com.br\/index.php\/2025\/12\/17\/audiencias-sobre-atuacao-da-energisa-em-mt-sao-encerradas-e-relatorio-sera-enviado-ao-ministerio-de-minas-e-energia\/\" \/>\n<meta property=\"og:site_name\" content=\"wilsonsantosmt.com.br\" \/>\n<meta property=\"article:publisher\" content=\"https:\/\/www.facebook.com\/WilsonSantosMT\/\" \/>\n<meta property=\"article:published_time\" content=\"2025-12-17T18:47:38+00:00\" \/>\n<meta property=\"article:modified_time\" content=\"2025-12-26T18:48:30+00:00\" \/>\n<meta property=\"og:image\" content=\"http:\/\/wilsonsantosmt.com.br\/wp-content\/uploads\/2025\/12\/WhatsApp-Image-2025-12-17-at-13.35.47.jpeg\" \/>\n\t<meta property=\"og:image:width\" content=\"1600\" \/>\n\t<meta property=\"og:image:height\" content=\"1066\" \/>\n\t<meta property=\"og:image:type\" content=\"image\/jpeg\" \/>\n<meta name=\"author\" content=\"Samantha dos Anjos\" \/>\n<meta name=\"twitter:card\" content=\"summary_large_image\" \/>\n<meta name=\"twitter:label1\" content=\"Escrito por\" \/>\n\t<meta name=\"twitter:data1\" content=\"Samantha dos Anjos\" \/>\n\t<meta name=\"twitter:label2\" content=\"Est. tempo de leitura\" \/>\n\t<meta name=\"twitter:data2\" content=\"5 minutos\" \/>\n<script type=\"application\/ld+json\" class=\"yoast-schema-graph\">{\"@context\":\"https:\/\/schema.org\",\"@graph\":[{\"@type\":\"Article\",\"@id\":\"https:\/\/wilsonsantosmt.com.br\/index.php\/2025\/12\/17\/audiencias-sobre-atuacao-da-energisa-em-mt-sao-encerradas-e-relatorio-sera-enviado-ao-ministerio-de-minas-e-energia\/#article\",\"isPartOf\":{\"@id\":\"https:\/\/wilsonsantosmt.com.br\/index.php\/2025\/12\/17\/audiencias-sobre-atuacao-da-energisa-em-mt-sao-encerradas-e-relatorio-sera-enviado-ao-ministerio-de-minas-e-energia\/\"},\"author\":{\"name\":\"Samantha dos Anjos\",\"@id\":\"https:\/\/wilsonsantosmt.com.br\/#\/schema\/person\/1d097ee45f526dd0455dbad8c679932c\"},\"headline\":\"Audi\u00eancias sobre atua\u00e7\u00e3o da Energisa em MT s\u00e3o encerradas e relat\u00f3rio ser\u00e1 enviado ao Minist\u00e9rio de Minas e Energia\",\"datePublished\":\"2025-12-17T18:47:38+00:00\",\"dateModified\":\"2025-12-26T18:48:30+00:00\",\"mainEntityOfPage\":{\"@id\":\"https:\/\/wilsonsantosmt.com.br\/index.php\/2025\/12\/17\/audiencias-sobre-atuacao-da-energisa-em-mt-sao-encerradas-e-relatorio-sera-enviado-ao-ministerio-de-minas-e-energia\/\"},\"wordCount\":880,\"publisher\":{\"@id\":\"https:\/\/wilsonsantosmt.com.br\/#\/schema\/person\/9de3c54961637a9eadb16bcbf895b1ef\"},\"articleSection\":[\"Not\u00edcias\"],\"inLanguage\":\"pt-BR\"},{\"@type\":\"WebPage\",\"@id\":\"https:\/\/wilsonsantosmt.com.br\/index.php\/2025\/12\/17\/audiencias-sobre-atuacao-da-energisa-em-mt-sao-encerradas-e-relatorio-sera-enviado-ao-ministerio-de-minas-e-energia\/\",\"url\":\"https:\/\/wilsonsantosmt.com.br\/index.php\/2025\/12\/17\/audiencias-sobre-atuacao-da-energisa-em-mt-sao-encerradas-e-relatorio-sera-enviado-ao-ministerio-de-minas-e-energia\/\",\"name\":\"Audi\u00eancias sobre atua\u00e7\u00e3o da Energisa em MT s\u00e3o encerradas e relat\u00f3rio ser\u00e1 enviado ao Minist\u00e9rio de Minas e Energia - wilsonsantosmt.com.br\",\"isPartOf\":{\"@id\":\"https:\/\/wilsonsantosmt.com.br\/#website\"},\"datePublished\":\"2025-12-17T18:47:38+00:00\",\"dateModified\":\"2025-12-26T18:48:30+00:00\",\"breadcrumb\":{\"@id\":\"https:\/\/wilsonsantosmt.com.br\/index.php\/2025\/12\/17\/audiencias-sobre-atuacao-da-energisa-em-mt-sao-encerradas-e-relatorio-sera-enviado-ao-ministerio-de-minas-e-energia\/#breadcrumb\"},\"inLanguage\":\"pt-BR\",\"potentialAction\":[{\"@type\":\"ReadAction\",\"target\":[\"https:\/\/wilsonsantosmt.com.br\/index.php\/2025\/12\/17\/audiencias-sobre-atuacao-da-energisa-em-mt-sao-encerradas-e-relatorio-sera-enviado-ao-ministerio-de-minas-e-energia\/\"]}]},{\"@type\":\"BreadcrumbList\",\"@id\":\"https:\/\/wilsonsantosmt.com.br\/index.php\/2025\/12\/17\/audiencias-sobre-atuacao-da-energisa-em-mt-sao-encerradas-e-relatorio-sera-enviado-ao-ministerio-de-minas-e-energia\/#breadcrumb\",\"itemListElement\":[{\"@type\":\"ListItem\",\"position\":1,\"name\":\"In\u00edcio\",\"item\":\"https:\/\/wilsonsantosmt.com.br\/\"},{\"@type\":\"ListItem\",\"position\":2,\"name\":\"Not\u00edcias\",\"item\":\"https:\/\/wilsonsantosmt.com.br\/index.php\/category\/noticias\/\"},{\"@type\":\"ListItem\",\"position\":3,\"name\":\"Audi\u00eancias sobre atua\u00e7\u00e3o da Energisa em MT s\u00e3o encerradas e relat\u00f3rio ser\u00e1 enviado ao Minist\u00e9rio de Minas e Energia\"}]},{\"@type\":\"WebSite\",\"@id\":\"https:\/\/wilsonsantosmt.com.br\/#website\",\"url\":\"https:\/\/wilsonsantosmt.com.br\/\",\"name\":\"wilsonsantosmt.com.br\",\"description\":\"\",\"publisher\":{\"@id\":\"https:\/\/wilsonsantosmt.com.br\/#\/schema\/person\/9de3c54961637a9eadb16bcbf895b1ef\"},\"potentialAction\":[{\"@type\":\"SearchAction\",\"target\":{\"@type\":\"EntryPoint\",\"urlTemplate\":\"https:\/\/wilsonsantosmt.com.br\/?s={search_term_string}\"},\"query-input\":\"required name=search_term_string\"}],\"inLanguage\":\"pt-BR\"},{\"@type\":[\"Person\",\"Organization\"],\"@id\":\"https:\/\/wilsonsantosmt.com.br\/#\/schema\/person\/9de3c54961637a9eadb16bcbf895b1ef\",\"name\":\"Wilson Santos\",\"image\":{\"@type\":\"ImageObject\",\"inLanguage\":\"pt-BR\",\"@id\":\"https:\/\/wilsonsantosmt.com.br\/#\/schema\/person\/image\/\",\"url\":\"https:\/\/wilsonsantosmt.com.br\/wp-content\/uploads\/2023\/11\/310828673_653254583023360_8795459643194608438_n.jpg\",\"contentUrl\":\"https:\/\/wilsonsantosmt.com.br\/wp-content\/uploads\/2023\/11\/310828673_653254583023360_8795459643194608438_n.jpg\",\"width\":1078,\"height\":1079,\"caption\":\"Wilson Santos\"},\"logo\":{\"@id\":\"https:\/\/wilsonsantosmt.com.br\/#\/schema\/person\/image\/\"},\"sameAs\":[\"http:\/\/wilsonsantosmt.com.br\",\"https:\/\/www.facebook.com\/WilsonSantosMT\/\",\"https:\/\/www.instagram.com\/wilsonsantosmt\/\",\"https:\/\/www.youtube.com\/@WilsonSantosWS\/videos\",\"https:\/\/pt.wikipedia.org\/wiki\/Wilson_Santos\"],\"honorificPrefix\":\"Sr\",\"gender\":\"masculino\",\"jobTitle\":\"Deputado Estadual\",\"worksFor\":\"Assembleia Legislativa de Mato Grosso\"},{\"@type\":\"Person\",\"@id\":\"https:\/\/wilsonsantosmt.com.br\/#\/schema\/person\/1d097ee45f526dd0455dbad8c679932c\",\"name\":\"Samantha dos Anjos\",\"image\":{\"@type\":\"ImageObject\",\"inLanguage\":\"pt-BR\",\"@id\":\"https:\/\/wilsonsantosmt.com.br\/#\/schema\/person\/image\/\",\"url\":\"https:\/\/secure.gravatar.com\/avatar\/7d8d0b6dd67d134a9fa841bee90c57c7?s=96&d=mm&r=g\",\"contentUrl\":\"https:\/\/secure.gravatar.com\/avatar\/7d8d0b6dd67d134a9fa841bee90c57c7?s=96&d=mm&r=g\",\"caption\":\"Samantha dos Anjos\"},\"url\":\"https:\/\/wilsonsantosmt.com.br\/index.php\/author\/samantha-dos-anjos\/\"}]}<\/script>\n<!-- \/ Yoast SEO Premium plugin. -->","yoast_head_json":{"title":"Audi\u00eancias sobre atua\u00e7\u00e3o da Energisa em MT s\u00e3o encerradas e relat\u00f3rio ser\u00e1 enviado ao Minist\u00e9rio de Minas e Energia - wilsonsantosmt.com.br","robots":{"index":"index","follow":"follow","max-snippet":"max-snippet:-1","max-image-preview":"max-image-preview:large","max-video-preview":"max-video-preview:-1"},"canonical":"https:\/\/wilsonsantosmt.com.br\/index.php\/2025\/12\/17\/audiencias-sobre-atuacao-da-energisa-em-mt-sao-encerradas-e-relatorio-sera-enviado-ao-ministerio-de-minas-e-energia\/","og_locale":"pt_BR","og_type":"article","og_title":"Audi\u00eancias sobre atua\u00e7\u00e3o da Energisa em MT s\u00e3o encerradas e relat\u00f3rio ser\u00e1 enviado ao Minist\u00e9rio de Minas e Energia","og_description":"O ciclo de audi\u00eancias p\u00fablicas para discutir a presta\u00e7\u00e3o de servi\u00e7os da concession\u00e1ria Energisa nos principais polos regionais de Mato Grosso foi encerrado nesta ter\u00e7a-feira (16), na C\u00e2mara Municipal de Chapada dos Guimar\u00e3es. O encontro foi conduzido pelo deputado estadual Wilson Santos (PSD), vice-presidente da Comiss\u00e3o Especial da Assembleia Legislativa que acompanha o tema. O [&hellip;]","og_url":"https:\/\/wilsonsantosmt.com.br\/index.php\/2025\/12\/17\/audiencias-sobre-atuacao-da-energisa-em-mt-sao-encerradas-e-relatorio-sera-enviado-ao-ministerio-de-minas-e-energia\/","og_site_name":"wilsonsantosmt.com.br","article_publisher":"https:\/\/www.facebook.com\/WilsonSantosMT\/","article_published_time":"2025-12-17T18:47:38+00:00","article_modified_time":"2025-12-26T18:48:30+00:00","og_image":[{"width":1600,"height":1066,"url":"http:\/\/wilsonsantosmt.com.br\/wp-content\/uploads\/2025\/12\/WhatsApp-Image-2025-12-17-at-13.35.47.jpeg","type":"image\/jpeg"}],"author":"Samantha dos Anjos","twitter_card":"summary_large_image","twitter_misc":{"Escrito por":"Samantha dos Anjos","Est. tempo de leitura":"5 minutos"},"schema":{"@context":"https:\/\/schema.org","@graph":[{"@type":"Article","@id":"https:\/\/wilsonsantosmt.com.br\/index.php\/2025\/12\/17\/audiencias-sobre-atuacao-da-energisa-em-mt-sao-encerradas-e-relatorio-sera-enviado-ao-ministerio-de-minas-e-energia\/#article","isPartOf":{"@id":"https:\/\/wilsonsantosmt.com.br\/index.php\/2025\/12\/17\/audiencias-sobre-atuacao-da-energisa-em-mt-sao-encerradas-e-relatorio-sera-enviado-ao-ministerio-de-minas-e-energia\/"},"author":{"name":"Samantha dos Anjos","@id":"https:\/\/wilsonsantosmt.com.br\/#\/schema\/person\/1d097ee45f526dd0455dbad8c679932c"},"headline":"Audi\u00eancias sobre atua\u00e7\u00e3o da Energisa em MT s\u00e3o encerradas e relat\u00f3rio ser\u00e1 enviado ao Minist\u00e9rio de Minas e Energia","datePublished":"2025-12-17T18:47:38+00:00","dateModified":"2025-12-26T18:48:30+00:00","mainEntityOfPage":{"@id":"https:\/\/wilsonsantosmt.com.br\/index.php\/2025\/12\/17\/audiencias-sobre-atuacao-da-energisa-em-mt-sao-encerradas-e-relatorio-sera-enviado-ao-ministerio-de-minas-e-energia\/"},"wordCount":880,"publisher":{"@id":"https:\/\/wilsonsantosmt.com.br\/#\/schema\/person\/9de3c54961637a9eadb16bcbf895b1ef"},"articleSection":["Not\u00edcias"],"inLanguage":"pt-BR"},{"@type":"WebPage","@id":"https:\/\/wilsonsantosmt.com.br\/index.php\/2025\/12\/17\/audiencias-sobre-atuacao-da-energisa-em-mt-sao-encerradas-e-relatorio-sera-enviado-ao-ministerio-de-minas-e-energia\/","url":"https:\/\/wilsonsantosmt.com.br\/index.php\/2025\/12\/17\/audiencias-sobre-atuacao-da-energisa-em-mt-sao-encerradas-e-relatorio-sera-enviado-ao-ministerio-de-minas-e-energia\/","name":"Audi\u00eancias sobre atua\u00e7\u00e3o da Energisa em MT s\u00e3o encerradas e relat\u00f3rio ser\u00e1 enviado ao Minist\u00e9rio de Minas e Energia - wilsonsantosmt.com.br","isPartOf":{"@id":"https:\/\/wilsonsantosmt.com.br\/#website"},"datePublished":"2025-12-17T18:47:38+00:00","dateModified":"2025-12-26T18:48:30+00:00","breadcrumb":{"@id":"https:\/\/wilsonsantosmt.com.br\/index.php\/2025\/12\/17\/audiencias-sobre-atuacao-da-energisa-em-mt-sao-encerradas-e-relatorio-sera-enviado-ao-ministerio-de-minas-e-energia\/#breadcrumb"},"inLanguage":"pt-BR","potentialAction":[{"@type":"ReadAction","target":["https:\/\/wilsonsantosmt.com.br\/index.php\/2025\/12\/17\/audiencias-sobre-atuacao-da-energisa-em-mt-sao-encerradas-e-relatorio-sera-enviado-ao-ministerio-de-minas-e-energia\/"]}]},{"@type":"BreadcrumbList","@id":"https:\/\/wilsonsantosmt.com.br\/index.php\/2025\/12\/17\/audiencias-sobre-atuacao-da-energisa-em-mt-sao-encerradas-e-relatorio-sera-enviado-ao-ministerio-de-minas-e-energia\/#breadcrumb","itemListElement":[{"@type":"ListItem","position":1,"name":"In\u00edcio","item":"https:\/\/wilsonsantosmt.com.br\/"},{"@type":"ListItem","position":2,"name":"Not\u00edcias","item":"https:\/\/wilsonsantosmt.com.br\/index.php\/category\/noticias\/"},{"@type":"ListItem","position":3,"name":"Audi\u00eancias sobre atua\u00e7\u00e3o da Energisa em MT s\u00e3o encerradas e relat\u00f3rio ser\u00e1 enviado ao Minist\u00e9rio de Minas e Energia"}]},{"@type":"WebSite","@id":"https:\/\/wilsonsantosmt.com.br\/#website","url":"https:\/\/wilsonsantosmt.com.br\/","name":"wilsonsantosmt.com.br","description":"","publisher":{"@id":"https:\/\/wilsonsantosmt.com.br\/#\/schema\/person\/9de3c54961637a9eadb16bcbf895b1ef"},"potentialAction":[{"@type":"SearchAction","target":{"@type":"EntryPoint","urlTemplate":"https:\/\/wilsonsantosmt.com.br\/?s={search_term_string}"},"query-input":"required name=search_term_string"}],"inLanguage":"pt-BR"},{"@type":["Person","Organization"],"@id":"https:\/\/wilsonsantosmt.com.br\/#\/schema\/person\/9de3c54961637a9eadb16bcbf895b1ef","name":"Wilson Santos","image":{"@type":"ImageObject","inLanguage":"pt-BR","@id":"https:\/\/wilsonsantosmt.com.br\/#\/schema\/person\/image\/","url":"https:\/\/wilsonsantosmt.com.br\/wp-content\/uploads\/2023\/11\/310828673_653254583023360_8795459643194608438_n.jpg","contentUrl":"https:\/\/wilsonsantosmt.com.br\/wp-content\/uploads\/2023\/11\/310828673_653254583023360_8795459643194608438_n.jpg","width":1078,"height":1079,"caption":"Wilson Santos"},"logo":{"@id":"https:\/\/wilsonsantosmt.com.br\/#\/schema\/person\/image\/"},"sameAs":["http:\/\/wilsonsantosmt.com.br","https:\/\/www.facebook.com\/WilsonSantosMT\/","https:\/\/www.instagram.com\/wilsonsantosmt\/","https:\/\/www.youtube.com\/@WilsonSantosWS\/videos","https:\/\/pt.wikipedia.org\/wiki\/Wilson_Santos"],"honorificPrefix":"Sr","gender":"masculino","jobTitle":"Deputado Estadual","worksFor":"Assembleia Legislativa de Mato Grosso"},{"@type":"Person","@id":"https:\/\/wilsonsantosmt.com.br\/#\/schema\/person\/1d097ee45f526dd0455dbad8c679932c","name":"Samantha dos Anjos","image":{"@type":"ImageObject","inLanguage":"pt-BR","@id":"https:\/\/wilsonsantosmt.com.br\/#\/schema\/person\/image\/","url":"https:\/\/secure.gravatar.com\/avatar\/7d8d0b6dd67d134a9fa841bee90c57c7?s=96&d=mm&r=g","contentUrl":"https:\/\/secure.gravatar.com\/avatar\/7d8d0b6dd67d134a9fa841bee90c57c7?s=96&d=mm&r=g","caption":"Samantha dos Anjos"},"url":"https:\/\/wilsonsantosmt.com.br\/index.php\/author\/samantha-dos-anjos\/"}]}},"_links":{"self":[{"href":"https:\/\/wilsonsantosmt.com.br\/index.php\/wp-json\/wp\/v2\/posts\/2078"}],"collection":[{"href":"https:\/\/wilsonsantosmt.com.br\/index.php\/wp-json\/wp\/v2\/posts"}],"about":[{"href":"https:\/\/wilsonsantosmt.com.br\/index.php\/wp-json\/wp\/v2\/types\/post"}],"author":[{"embeddable":true,"href":"https:\/\/wilsonsantosmt.com.br\/index.php\/wp-json\/wp\/v2\/users\/4"}],"replies":[{"embeddable":true,"href":"https:\/\/wilsonsantosmt.com.br\/index.php\/wp-json\/wp\/v2\/comments?post=2078"}],"version-history":[{"count":1,"href":"https:\/\/wilsonsantosmt.com.br\/index.php\/wp-json\/wp\/v2\/posts\/2078\/revisions"}],"predecessor-version":[{"id":2080,"href":"https:\/\/wilsonsantosmt.com.br\/index.php\/wp-json\/wp\/v2\/posts\/2078\/revisions\/2080"}],"wp:featuredmedia":[{"embeddable":true,"href":"https:\/\/wilsonsantosmt.com.br\/index.php\/wp-json\/wp\/v2\/media\/2079"}],"wp:attachment":[{"href":"https:\/\/wilsonsantosmt.com.br\/index.php\/wp-json\/wp\/v2\/media?parent=2078"}],"wp:term":[{"taxonomy":"category","embeddable":true,"href":"https:\/\/wilsonsantosmt.com.br\/index.php\/wp-json\/wp\/v2\/categories?post=2078"},{"taxonomy":"post_tag","embeddable":true,"href":"https:\/\/wilsonsantosmt.com.br\/index.php\/wp-json\/wp\/v2\/tags?post=2078"}],"curies":[{"name":"wp","href":"https:\/\/api.w.org\/{rel}","templated":true}]}}