{"id":2087,"date":"2025-12-11T14:51:04","date_gmt":"2025-12-11T18:51:04","guid":{"rendered":"https:\/\/wilsonsantosmt.com.br\/?p=2087"},"modified":"2025-12-26T14:51:32","modified_gmt":"2025-12-26T18:51:32","slug":"wilson-santos-reage-ao-parecer-da-aneel-sobre-a-energisa-e-leva-debate-a-varzea-grande-e-chapada-dos-guimaraes","status":"publish","type":"post","link":"https:\/\/wilsonsantosmt.com.br\/index.php\/2025\/12\/11\/wilson-santos-reage-ao-parecer-da-aneel-sobre-a-energisa-e-leva-debate-a-varzea-grande-e-chapada-dos-guimaraes\/","title":{"rendered":"Wilson Santos reage ao parecer da Aneel sobre a Energisa e leva debate a V\u00e1rzea Grande e Chapada dos Guimar\u00e3es"},"content":{"rendered":"\n<p><\/p>\n\n\n\n<p>Ap\u00f3s tomar conhecimento do parecer favor\u00e1vel da Ag\u00eancia Nacional de Energia El\u00e9trica (Aneel), relatado por Fernando Mosna, que recomenda ao Minist\u00e9rio de Minas e Energia (MME) a renova\u00e7\u00e3o da concess\u00e3o da Energisa Mato Grosso por mais 30 anos, o deputado estadual Wilson Santos (PSD) demonstrou preocupa\u00e7\u00e3o, nesta quarta-feira (10), em sess\u00e3o plen\u00e1ria, devido ainda ser preciso que a concession\u00e1ria cumpra as cl\u00e1usulas contratuais para dar continuidade na presta\u00e7\u00e3o de servi\u00e7o.<\/p>\n\n\n\n<p>O parlamentar alertou para a dimens\u00e3o financeira envolvida com a poss\u00edvel prorroga\u00e7\u00e3o do contrato que ter\u00e1 o parecer final pelo MME. \u201cN\u00f3s estamos assistindo um neg\u00f3cio acontecer debaixo dos nossos narizes e n\u00f3s fazendo muito pouco. A Energisa fatura cerca de R$ 15 bilh\u00f5es por ano. \u00c9 um neg\u00f3cio de R$ 450 bilh\u00f5es em 30 anos. E n\u00f3s assistindo isso tudo acontecer. Tivemos audi\u00eancia em Bras\u00edlia e fomos recebidos pelo ministro de Minas e Energia, Alexandre Silveira, que garantiu que at\u00e9 o dia 31 de dezembro n\u00e3o vai autorizar mais 30 anos da Energisa\u201d, afirmou.<\/p>\n\n\n\n<p>Durante o pronunciamento, Wilson Santos anunciou ainda a apresenta\u00e7\u00e3o de dois requerimentos para realiza\u00e7\u00e3o de audi\u00eancias p\u00fablicas sobre o tema, que ocorrer\u00e3o em V\u00e1rzea Grande, no dia 15 de dezembro de 2025, \u00e0s 08h, e Chapada dos Guimar\u00e3es, dia 16 de dezembro de 2025, \u00e0s 19h, nas C\u00e2maras Municipais de Vereadores, sendo que s\u00e3o munic\u00edpios que h\u00e1 consumidores insatisfeitos com o fornecimento de energia.<\/p>\n\n\n\n<p>Logo, ele citou ainda o exemplo de Chapada dos Guimar\u00e3es, onde moradores sofrem com quedas constantes de energia. \u201cEm Chapada \u00e9 um Deus nos acuda. Quando vem um vento, um trov\u00e3o, n\u00f3s da zona rural ficamos dias sem restabelecimento de energia. Bombas queimadas, produ\u00e7\u00e3o agr\u00edcola perdida, pousadas que t\u00eam que mandar h\u00f3spedes embora, com\u00e9rcio sofrendo &#8211; e o parecer da Aneel \u00e9 dando mais 30 anos para a Energisa\u201d, criticou.<\/p>\n\n\n\n<p>O parlamentar destacou que cerca de 70% dos munic\u00edpios de Mato Grosso n\u00e3o contam com energia trif\u00e1sica, deixando produtores, empres\u00e1rios e moradores vulner\u00e1veis a quedas constantes, interrup\u00e7\u00f5es prolongadas e incapacidade de expans\u00e3o produtiva. \u201cN\u00e3o tem sistema seguro que garanta energia de qualidade. E isso est\u00e1 no contrato. Sem contar o fechamento das ag\u00eancias f\u00edsicas da Energisa no interior. O empres\u00e1rio que quer ampliar o neg\u00f3cio ou instalar um novo polo industrial, se n\u00e3o tirar do pr\u00f3prio bolso, n\u00e3o consegue a energia necess\u00e1ria para industrializar o estado\u201d, relatou.<\/p>\n\n\n\n<p>Ao final do discurso, Wilson Santos informou que est\u00e1 em fase de elabora\u00e7\u00e3o um dossi\u00ea para ser encaminhado ao Minist\u00e9rio de Minas e Energia, ainda este m\u00eas, sendo que j\u00e1 foram realizadas audi\u00eancias p\u00fablicas em Cuiab\u00e1, Tangar\u00e1 da Serra, Rondon\u00f3polis, Sapezal, C\u00e1ceres e Pontes e Lacerda. \u201cSe algum deputado ainda quiser incluir informa\u00e7\u00f5es de mais munic\u00edpios de Mato Grosso, vamos enviar tudo ao ministro. A Energisa vem deixando muito a desejar. Nem sequer cumpre as cl\u00e1usulas contratuais. E querem dar concess\u00e3o at\u00e9 2057! N\u00e3o d\u00e1!\u201d, concluiu.<\/p>\n","protected":false},"excerpt":{"rendered":"<p>Ap\u00f3s tomar conhecimento do parecer favor\u00e1vel da Ag\u00eancia Nacional de Energia El\u00e9trica (Aneel), relatado por Fernando Mosna, que recomenda ao Minist\u00e9rio de Minas e Energia (MME) a renova\u00e7\u00e3o da concess\u00e3o da Energisa Mato Grosso por mais 30 anos, o deputado estadual Wilson Santos (PSD) demonstrou preocupa\u00e7\u00e3o, nesta quarta-feira (10), em sess\u00e3o plen\u00e1ria, devido ainda ser [&hellip;]<\/p>\n","protected":false},"author":4,"featured_media":2088,"comment_status":"closed","ping_status":"open","sticky":false,"template":"","format":"standard","meta":{"footnotes":""},"categories":[13],"tags":[],"yoast_head":"<!-- This site is optimized with the Yoast SEO Premium plugin v21.5 (Yoast SEO v21.4) - https:\/\/yoast.com\/wordpress\/plugins\/seo\/ -->\n<title>Wilson Santos reage ao parecer da Aneel sobre a Energisa e leva debate a V\u00e1rzea Grande e Chapada dos Guimar\u00e3es - wilsonsantosmt.com.br<\/title>\n<meta name=\"robots\" content=\"index, follow, max-snippet:-1, max-image-preview:large, max-video-preview:-1\" \/>\n<link rel=\"canonical\" href=\"https:\/\/wilsonsantosmt.com.br\/index.php\/2025\/12\/11\/wilson-santos-reage-ao-parecer-da-aneel-sobre-a-energisa-e-leva-debate-a-varzea-grande-e-chapada-dos-guimaraes\/\" \/>\n<meta property=\"og:locale\" content=\"pt_BR\" \/>\n<meta property=\"og:type\" content=\"article\" \/>\n<meta property=\"og:title\" content=\"Wilson Santos reage ao parecer da Aneel sobre a Energisa e leva debate a V\u00e1rzea Grande e Chapada dos Guimar\u00e3es\" \/>\n<meta property=\"og:description\" content=\"Ap\u00f3s tomar conhecimento do parecer favor\u00e1vel da Ag\u00eancia Nacional de Energia El\u00e9trica (Aneel), relatado por Fernando Mosna, que recomenda ao Minist\u00e9rio de Minas e Energia (MME) a renova\u00e7\u00e3o da concess\u00e3o da Energisa Mato Grosso por mais 30 anos, o deputado estadual Wilson Santos (PSD) demonstrou preocupa\u00e7\u00e3o, nesta quarta-feira (10), em sess\u00e3o plen\u00e1ria, devido ainda ser [&hellip;]\" \/>\n<meta property=\"og:url\" content=\"https:\/\/wilsonsantosmt.com.br\/index.php\/2025\/12\/11\/wilson-santos-reage-ao-parecer-da-aneel-sobre-a-energisa-e-leva-debate-a-varzea-grande-e-chapada-dos-guimaraes\/\" \/>\n<meta property=\"og:site_name\" content=\"wilsonsantosmt.com.br\" \/>\n<meta property=\"article:publisher\" content=\"https:\/\/www.facebook.com\/WilsonSantosMT\/\" \/>\n<meta property=\"article:published_time\" content=\"2025-12-11T18:51:04+00:00\" \/>\n<meta property=\"article:modified_time\" content=\"2025-12-26T18:51:32+00:00\" \/>\n<meta property=\"og:image\" content=\"http:\/\/wilsonsantosmt.com.br\/wp-content\/uploads\/2025\/12\/WhatsApp-Image-2025-12-10-at-16.02.50.jpeg\" \/>\n\t<meta property=\"og:image:width\" content=\"1600\" \/>\n\t<meta property=\"og:image:height\" content=\"1066\" \/>\n\t<meta property=\"og:image:type\" content=\"image\/jpeg\" \/>\n<meta name=\"author\" content=\"Samantha dos Anjos\" \/>\n<meta name=\"twitter:card\" content=\"summary_large_image\" \/>\n<meta name=\"twitter:label1\" content=\"Escrito por\" \/>\n\t<meta name=\"twitter:data1\" content=\"Samantha dos Anjos\" \/>\n\t<meta name=\"twitter:label2\" content=\"Est. tempo de leitura\" \/>\n\t<meta name=\"twitter:data2\" content=\"3 minutos\" \/>\n<script type=\"application\/ld+json\" class=\"yoast-schema-graph\">{\"@context\":\"https:\/\/schema.org\",\"@graph\":[{\"@type\":\"Article\",\"@id\":\"https:\/\/wilsonsantosmt.com.br\/index.php\/2025\/12\/11\/wilson-santos-reage-ao-parecer-da-aneel-sobre-a-energisa-e-leva-debate-a-varzea-grande-e-chapada-dos-guimaraes\/#article\",\"isPartOf\":{\"@id\":\"https:\/\/wilsonsantosmt.com.br\/index.php\/2025\/12\/11\/wilson-santos-reage-ao-parecer-da-aneel-sobre-a-energisa-e-leva-debate-a-varzea-grande-e-chapada-dos-guimaraes\/\"},\"author\":{\"name\":\"Samantha dos Anjos\",\"@id\":\"https:\/\/wilsonsantosmt.com.br\/#\/schema\/person\/1d097ee45f526dd0455dbad8c679932c\"},\"headline\":\"Wilson Santos reage ao parecer da Aneel sobre a Energisa e leva debate a V\u00e1rzea Grande e Chapada dos Guimar\u00e3es\",\"datePublished\":\"2025-12-11T18:51:04+00:00\",\"dateModified\":\"2025-12-26T18:51:32+00:00\",\"mainEntityOfPage\":{\"@id\":\"https:\/\/wilsonsantosmt.com.br\/index.php\/2025\/12\/11\/wilson-santos-reage-ao-parecer-da-aneel-sobre-a-energisa-e-leva-debate-a-varzea-grande-e-chapada-dos-guimaraes\/\"},\"wordCount\":550,\"publisher\":{\"@id\":\"https:\/\/wilsonsantosmt.com.br\/#\/schema\/person\/9de3c54961637a9eadb16bcbf895b1ef\"},\"articleSection\":[\"Not\u00edcias\"],\"inLanguage\":\"pt-BR\"},{\"@type\":\"WebPage\",\"@id\":\"https:\/\/wilsonsantosmt.com.br\/index.php\/2025\/12\/11\/wilson-santos-reage-ao-parecer-da-aneel-sobre-a-energisa-e-leva-debate-a-varzea-grande-e-chapada-dos-guimaraes\/\",\"url\":\"https:\/\/wilsonsantosmt.com.br\/index.php\/2025\/12\/11\/wilson-santos-reage-ao-parecer-da-aneel-sobre-a-energisa-e-leva-debate-a-varzea-grande-e-chapada-dos-guimaraes\/\",\"name\":\"Wilson Santos reage ao parecer da Aneel sobre a Energisa e leva debate a V\u00e1rzea Grande e Chapada dos Guimar\u00e3es - wilsonsantosmt.com.br\",\"isPartOf\":{\"@id\":\"https:\/\/wilsonsantosmt.com.br\/#website\"},\"datePublished\":\"2025-12-11T18:51:04+00:00\",\"dateModified\":\"2025-12-26T18:51:32+00:00\",\"breadcrumb\":{\"@id\":\"https:\/\/wilsonsantosmt.com.br\/index.php\/2025\/12\/11\/wilson-santos-reage-ao-parecer-da-aneel-sobre-a-energisa-e-leva-debate-a-varzea-grande-e-chapada-dos-guimaraes\/#breadcrumb\"},\"inLanguage\":\"pt-BR\",\"potentialAction\":[{\"@type\":\"ReadAction\",\"target\":[\"https:\/\/wilsonsantosmt.com.br\/index.php\/2025\/12\/11\/wilson-santos-reage-ao-parecer-da-aneel-sobre-a-energisa-e-leva-debate-a-varzea-grande-e-chapada-dos-guimaraes\/\"]}]},{\"@type\":\"BreadcrumbList\",\"@id\":\"https:\/\/wilsonsantosmt.com.br\/index.php\/2025\/12\/11\/wilson-santos-reage-ao-parecer-da-aneel-sobre-a-energisa-e-leva-debate-a-varzea-grande-e-chapada-dos-guimaraes\/#breadcrumb\",\"itemListElement\":[{\"@type\":\"ListItem\",\"position\":1,\"name\":\"In\u00edcio\",\"item\":\"https:\/\/wilsonsantosmt.com.br\/\"},{\"@type\":\"ListItem\",\"position\":2,\"name\":\"Not\u00edcias\",\"item\":\"https:\/\/wilsonsantosmt.com.br\/index.php\/category\/noticias\/\"},{\"@type\":\"ListItem\",\"position\":3,\"name\":\"Wilson Santos reage ao parecer da Aneel sobre a Energisa e leva debate a V\u00e1rzea Grande e Chapada dos Guimar\u00e3es\"}]},{\"@type\":\"WebSite\",\"@id\":\"https:\/\/wilsonsantosmt.com.br\/#website\",\"url\":\"https:\/\/wilsonsantosmt.com.br\/\",\"name\":\"wilsonsantosmt.com.br\",\"description\":\"\",\"publisher\":{\"@id\":\"https:\/\/wilsonsantosmt.com.br\/#\/schema\/person\/9de3c54961637a9eadb16bcbf895b1ef\"},\"potentialAction\":[{\"@type\":\"SearchAction\",\"target\":{\"@type\":\"EntryPoint\",\"urlTemplate\":\"https:\/\/wilsonsantosmt.com.br\/?s={search_term_string}\"},\"query-input\":\"required name=search_term_string\"}],\"inLanguage\":\"pt-BR\"},{\"@type\":[\"Person\",\"Organization\"],\"@id\":\"https:\/\/wilsonsantosmt.com.br\/#\/schema\/person\/9de3c54961637a9eadb16bcbf895b1ef\",\"name\":\"Wilson Santos\",\"image\":{\"@type\":\"ImageObject\",\"inLanguage\":\"pt-BR\",\"@id\":\"https:\/\/wilsonsantosmt.com.br\/#\/schema\/person\/image\/\",\"url\":\"https:\/\/wilsonsantosmt.com.br\/wp-content\/uploads\/2023\/11\/310828673_653254583023360_8795459643194608438_n.jpg\",\"contentUrl\":\"https:\/\/wilsonsantosmt.com.br\/wp-content\/uploads\/2023\/11\/310828673_653254583023360_8795459643194608438_n.jpg\",\"width\":1078,\"height\":1079,\"caption\":\"Wilson Santos\"},\"logo\":{\"@id\":\"https:\/\/wilsonsantosmt.com.br\/#\/schema\/person\/image\/\"},\"sameAs\":[\"http:\/\/wilsonsantosmt.com.br\",\"https:\/\/www.facebook.com\/WilsonSantosMT\/\",\"https:\/\/www.instagram.com\/wilsonsantosmt\/\",\"https:\/\/www.youtube.com\/@WilsonSantosWS\/videos\",\"https:\/\/pt.wikipedia.org\/wiki\/Wilson_Santos\"],\"honorificPrefix\":\"Sr\",\"gender\":\"masculino\",\"jobTitle\":\"Deputado Estadual\",\"worksFor\":\"Assembleia Legislativa de Mato Grosso\"},{\"@type\":\"Person\",\"@id\":\"https:\/\/wilsonsantosmt.com.br\/#\/schema\/person\/1d097ee45f526dd0455dbad8c679932c\",\"name\":\"Samantha dos Anjos\",\"image\":{\"@type\":\"ImageObject\",\"inLanguage\":\"pt-BR\",\"@id\":\"https:\/\/wilsonsantosmt.com.br\/#\/schema\/person\/image\/\",\"url\":\"https:\/\/secure.gravatar.com\/avatar\/7d8d0b6dd67d134a9fa841bee90c57c7?s=96&d=mm&r=g\",\"contentUrl\":\"https:\/\/secure.gravatar.com\/avatar\/7d8d0b6dd67d134a9fa841bee90c57c7?s=96&d=mm&r=g\",\"caption\":\"Samantha dos Anjos\"},\"url\":\"https:\/\/wilsonsantosmt.com.br\/index.php\/author\/samantha-dos-anjos\/\"}]}<\/script>\n<!-- \/ Yoast SEO Premium plugin. -->","yoast_head_json":{"title":"Wilson Santos reage ao parecer da Aneel sobre a Energisa e leva debate a V\u00e1rzea Grande e Chapada dos Guimar\u00e3es - wilsonsantosmt.com.br","robots":{"index":"index","follow":"follow","max-snippet":"max-snippet:-1","max-image-preview":"max-image-preview:large","max-video-preview":"max-video-preview:-1"},"canonical":"https:\/\/wilsonsantosmt.com.br\/index.php\/2025\/12\/11\/wilson-santos-reage-ao-parecer-da-aneel-sobre-a-energisa-e-leva-debate-a-varzea-grande-e-chapada-dos-guimaraes\/","og_locale":"pt_BR","og_type":"article","og_title":"Wilson Santos reage ao parecer da Aneel sobre a Energisa e leva debate a V\u00e1rzea Grande e Chapada dos Guimar\u00e3es","og_description":"Ap\u00f3s tomar conhecimento do parecer favor\u00e1vel da Ag\u00eancia Nacional de Energia El\u00e9trica (Aneel), relatado por Fernando Mosna, que recomenda ao Minist\u00e9rio de Minas e Energia (MME) a renova\u00e7\u00e3o da concess\u00e3o da Energisa Mato Grosso por mais 30 anos, o deputado estadual Wilson Santos (PSD) demonstrou preocupa\u00e7\u00e3o, nesta quarta-feira (10), em sess\u00e3o plen\u00e1ria, devido ainda ser [&hellip;]","og_url":"https:\/\/wilsonsantosmt.com.br\/index.php\/2025\/12\/11\/wilson-santos-reage-ao-parecer-da-aneel-sobre-a-energisa-e-leva-debate-a-varzea-grande-e-chapada-dos-guimaraes\/","og_site_name":"wilsonsantosmt.com.br","article_publisher":"https:\/\/www.facebook.com\/WilsonSantosMT\/","article_published_time":"2025-12-11T18:51:04+00:00","article_modified_time":"2025-12-26T18:51:32+00:00","og_image":[{"width":1600,"height":1066,"url":"http:\/\/wilsonsantosmt.com.br\/wp-content\/uploads\/2025\/12\/WhatsApp-Image-2025-12-10-at-16.02.50.jpeg","type":"image\/jpeg"}],"author":"Samantha dos Anjos","twitter_card":"summary_large_image","twitter_misc":{"Escrito por":"Samantha dos Anjos","Est. tempo de leitura":"3 minutos"},"schema":{"@context":"https:\/\/schema.org","@graph":[{"@type":"Article","@id":"https:\/\/wilsonsantosmt.com.br\/index.php\/2025\/12\/11\/wilson-santos-reage-ao-parecer-da-aneel-sobre-a-energisa-e-leva-debate-a-varzea-grande-e-chapada-dos-guimaraes\/#article","isPartOf":{"@id":"https:\/\/wilsonsantosmt.com.br\/index.php\/2025\/12\/11\/wilson-santos-reage-ao-parecer-da-aneel-sobre-a-energisa-e-leva-debate-a-varzea-grande-e-chapada-dos-guimaraes\/"},"author":{"name":"Samantha dos Anjos","@id":"https:\/\/wilsonsantosmt.com.br\/#\/schema\/person\/1d097ee45f526dd0455dbad8c679932c"},"headline":"Wilson Santos reage ao parecer da Aneel sobre a Energisa e leva debate a V\u00e1rzea Grande e Chapada dos Guimar\u00e3es","datePublished":"2025-12-11T18:51:04+00:00","dateModified":"2025-12-26T18:51:32+00:00","mainEntityOfPage":{"@id":"https:\/\/wilsonsantosmt.com.br\/index.php\/2025\/12\/11\/wilson-santos-reage-ao-parecer-da-aneel-sobre-a-energisa-e-leva-debate-a-varzea-grande-e-chapada-dos-guimaraes\/"},"wordCount":550,"publisher":{"@id":"https:\/\/wilsonsantosmt.com.br\/#\/schema\/person\/9de3c54961637a9eadb16bcbf895b1ef"},"articleSection":["Not\u00edcias"],"inLanguage":"pt-BR"},{"@type":"WebPage","@id":"https:\/\/wilsonsantosmt.com.br\/index.php\/2025\/12\/11\/wilson-santos-reage-ao-parecer-da-aneel-sobre-a-energisa-e-leva-debate-a-varzea-grande-e-chapada-dos-guimaraes\/","url":"https:\/\/wilsonsantosmt.com.br\/index.php\/2025\/12\/11\/wilson-santos-reage-ao-parecer-da-aneel-sobre-a-energisa-e-leva-debate-a-varzea-grande-e-chapada-dos-guimaraes\/","name":"Wilson Santos reage ao parecer da Aneel sobre a Energisa e leva debate a V\u00e1rzea Grande e Chapada dos Guimar\u00e3es - wilsonsantosmt.com.br","isPartOf":{"@id":"https:\/\/wilsonsantosmt.com.br\/#website"},"datePublished":"2025-12-11T18:51:04+00:00","dateModified":"2025-12-26T18:51:32+00:00","breadcrumb":{"@id":"https:\/\/wilsonsantosmt.com.br\/index.php\/2025\/12\/11\/wilson-santos-reage-ao-parecer-da-aneel-sobre-a-energisa-e-leva-debate-a-varzea-grande-e-chapada-dos-guimaraes\/#breadcrumb"},"inLanguage":"pt-BR","potentialAction":[{"@type":"ReadAction","target":["https:\/\/wilsonsantosmt.com.br\/index.php\/2025\/12\/11\/wilson-santos-reage-ao-parecer-da-aneel-sobre-a-energisa-e-leva-debate-a-varzea-grande-e-chapada-dos-guimaraes\/"]}]},{"@type":"BreadcrumbList","@id":"https:\/\/wilsonsantosmt.com.br\/index.php\/2025\/12\/11\/wilson-santos-reage-ao-parecer-da-aneel-sobre-a-energisa-e-leva-debate-a-varzea-grande-e-chapada-dos-guimaraes\/#breadcrumb","itemListElement":[{"@type":"ListItem","position":1,"name":"In\u00edcio","item":"https:\/\/wilsonsantosmt.com.br\/"},{"@type":"ListItem","position":2,"name":"Not\u00edcias","item":"https:\/\/wilsonsantosmt.com.br\/index.php\/category\/noticias\/"},{"@type":"ListItem","position":3,"name":"Wilson Santos reage ao parecer da Aneel sobre a Energisa e leva debate a V\u00e1rzea Grande e Chapada dos Guimar\u00e3es"}]},{"@type":"WebSite","@id":"https:\/\/wilsonsantosmt.com.br\/#website","url":"https:\/\/wilsonsantosmt.com.br\/","name":"wilsonsantosmt.com.br","description":"","publisher":{"@id":"https:\/\/wilsonsantosmt.com.br\/#\/schema\/person\/9de3c54961637a9eadb16bcbf895b1ef"},"potentialAction":[{"@type":"SearchAction","target":{"@type":"EntryPoint","urlTemplate":"https:\/\/wilsonsantosmt.com.br\/?s={search_term_string}"},"query-input":"required name=search_term_string"}],"inLanguage":"pt-BR"},{"@type":["Person","Organization"],"@id":"https:\/\/wilsonsantosmt.com.br\/#\/schema\/person\/9de3c54961637a9eadb16bcbf895b1ef","name":"Wilson Santos","image":{"@type":"ImageObject","inLanguage":"pt-BR","@id":"https:\/\/wilsonsantosmt.com.br\/#\/schema\/person\/image\/","url":"https:\/\/wilsonsantosmt.com.br\/wp-content\/uploads\/2023\/11\/310828673_653254583023360_8795459643194608438_n.jpg","contentUrl":"https:\/\/wilsonsantosmt.com.br\/wp-content\/uploads\/2023\/11\/310828673_653254583023360_8795459643194608438_n.jpg","width":1078,"height":1079,"caption":"Wilson Santos"},"logo":{"@id":"https:\/\/wilsonsantosmt.com.br\/#\/schema\/person\/image\/"},"sameAs":["http:\/\/wilsonsantosmt.com.br","https:\/\/www.facebook.com\/WilsonSantosMT\/","https:\/\/www.instagram.com\/wilsonsantosmt\/","https:\/\/www.youtube.com\/@WilsonSantosWS\/videos","https:\/\/pt.wikipedia.org\/wiki\/Wilson_Santos"],"honorificPrefix":"Sr","gender":"masculino","jobTitle":"Deputado Estadual","worksFor":"Assembleia Legislativa de Mato Grosso"},{"@type":"Person","@id":"https:\/\/wilsonsantosmt.com.br\/#\/schema\/person\/1d097ee45f526dd0455dbad8c679932c","name":"Samantha dos Anjos","image":{"@type":"ImageObject","inLanguage":"pt-BR","@id":"https:\/\/wilsonsantosmt.com.br\/#\/schema\/person\/image\/","url":"https:\/\/secure.gravatar.com\/avatar\/7d8d0b6dd67d134a9fa841bee90c57c7?s=96&d=mm&r=g","contentUrl":"https:\/\/secure.gravatar.com\/avatar\/7d8d0b6dd67d134a9fa841bee90c57c7?s=96&d=mm&r=g","caption":"Samantha dos Anjos"},"url":"https:\/\/wilsonsantosmt.com.br\/index.php\/author\/samantha-dos-anjos\/"}]}},"_links":{"self":[{"href":"https:\/\/wilsonsantosmt.com.br\/index.php\/wp-json\/wp\/v2\/posts\/2087"}],"collection":[{"href":"https:\/\/wilsonsantosmt.com.br\/index.php\/wp-json\/wp\/v2\/posts"}],"about":[{"href":"https:\/\/wilsonsantosmt.com.br\/index.php\/wp-json\/wp\/v2\/types\/post"}],"author":[{"embeddable":true,"href":"https:\/\/wilsonsantosmt.com.br\/index.php\/wp-json\/wp\/v2\/users\/4"}],"replies":[{"embeddable":true,"href":"https:\/\/wilsonsantosmt.com.br\/index.php\/wp-json\/wp\/v2\/comments?post=2087"}],"version-history":[{"count":1,"href":"https:\/\/wilsonsantosmt.com.br\/index.php\/wp-json\/wp\/v2\/posts\/2087\/revisions"}],"predecessor-version":[{"id":2089,"href":"https:\/\/wilsonsantosmt.com.br\/index.php\/wp-json\/wp\/v2\/posts\/2087\/revisions\/2089"}],"wp:featuredmedia":[{"embeddable":true,"href":"https:\/\/wilsonsantosmt.com.br\/index.php\/wp-json\/wp\/v2\/media\/2088"}],"wp:attachment":[{"href":"https:\/\/wilsonsantosmt.com.br\/index.php\/wp-json\/wp\/v2\/media?parent=2087"}],"wp:term":[{"taxonomy":"category","embeddable":true,"href":"https:\/\/wilsonsantosmt.com.br\/index.php\/wp-json\/wp\/v2\/categories?post=2087"},{"taxonomy":"post_tag","embeddable":true,"href":"https:\/\/wilsonsantosmt.com.br\/index.php\/wp-json\/wp\/v2\/tags?post=2087"}],"curies":[{"name":"wp","href":"https:\/\/api.w.org\/{rel}","templated":true}]}}