{"id":2090,"date":"2025-12-09T14:51:56","date_gmt":"2025-12-09T18:51:56","guid":{"rendered":"https:\/\/wilsonsantosmt.com.br\/?p=2090"},"modified":"2025-12-26T14:52:24","modified_gmt":"2025-12-26T18:52:24","slug":"wilson-santos-reforca-proposta-de-emenda-para-tornar-obrigatorio-os-20-do-fethab-em-habitacao","status":"publish","type":"post","link":"https:\/\/wilsonsantosmt.com.br\/index.php\/2025\/12\/09\/wilson-santos-reforca-proposta-de-emenda-para-tornar-obrigatorio-os-20-do-fethab-em-habitacao\/","title":{"rendered":"Wilson Santos refor\u00e7a proposta de emenda para tornar obrigat\u00f3rio os 20% do Fethab em habita\u00e7\u00e3o"},"content":{"rendered":"\n<p><\/p>\n\n\n\n<p>O deputado estadual Wilson Santos (PSD) participou da reuni\u00e3o da Comiss\u00e3o de Fiscaliza\u00e7\u00e3o e Acompanhamento da Execu\u00e7\u00e3o Or\u00e7ament\u00e1ria da Assembleia Legislativa, nesta ter\u00e7a-feira (9), que contou com a presen\u00e7a do secret\u00e1rio de Estado de Fazenda (Sefaz), Rog\u00e9rio Gallo. No encontro, foram discutidos a execu\u00e7\u00e3o do or\u00e7amento em diversas \u00e1reas nos \u00faltimos anos e o planejamento do uso dos recursos p\u00fablicos para 2026, ampliando a transpar\u00eancia na gest\u00e3o estadual.<\/p>\n\n\n\n<p>O parlamentar informou da Proposta de Emenda \u00e0 Constitui\u00e7\u00e3o (PEC) n\u00ba 8\/2025, que torna obrigat\u00f3ria a destina\u00e7\u00e3o m\u00ednima de 20% dos recursos do Fundo Estadual de Transporte e Habita\u00e7\u00e3o (Fethab) para habita\u00e7\u00e3o popular. \u201cApesar dos avan\u00e7os significativos do governo Mauro Mendes (Uni\u00e3o) na \u00e1rea rodovi\u00e1ria, a pol\u00edtica habitacional permaneceu descumprida ao longo dos \u00faltimos sete anos, contrariando o que determina a legisla\u00e7\u00e3o do Fethab\u201d, explicou.<\/p>\n\n\n\n<p>Segundo o deputado, o fundo arrecadou mais de R$ 20 bilh\u00f5es com a atual gest\u00e3o estadual, uma m\u00e9dia anual de R$ 3 bilh\u00f5es, dos quais cerca de 20% deveriam ter sido aplicados em moradia. Tamb\u00e9m, ele argumentou que a gest\u00e3o estadual n\u00e3o investiu sequer R$ 1 bilh\u00e3o na \u00e1rea e que essa aus\u00eancia de pol\u00edticas habitacionais contribui para o aumento de invas\u00f5es territoriais e, ao descumprir a lei, o pr\u00f3prio governo estimula a ocupa\u00e7\u00e3o irregular por n\u00e3o oferecer alternativas de moradia digna \u00e0 popula\u00e7\u00e3o.<\/p>\n\n\n\n<p>Durante o debate, o secret\u00e1rio Rog\u00e9rio Gallo informou que aproximadamente R$ 300 milh\u00f5es foram destinados \u00e0 habita\u00e7\u00e3o em 2025, valor inferior ao previsto pela legisla\u00e7\u00e3o e reconheceu a necessidade de ampliar esse investimento diante do d\u00e9ficit habitacional em Mato Grosso. Tamb\u00e9m, afirmou concordar com a avalia\u00e7\u00e3o do deputado sobre a import\u00e2ncia de fortalecer essa pol\u00edtica p\u00fablica.<\/p>\n\n\n\n<p>A PEC apresentada por Wilson Santos, determina que, de forma mandat\u00f3ria, pelo menos 20% dos recursos do Fethab &#8211; incluindo o adicional previsto em lei &#8211; sejam aplicados na habita\u00e7\u00e3o popular. O objetivo, segundo a justificativa, \u00e9 assegurar continuidade, previsibilidade e foco na popula\u00e7\u00e3o de baixa renda, utilizando crit\u00e9rios como o Cadastro \u00danico. A proposta tamb\u00e9m busca corrigir o uso historicamente desequilibrado dos recursos do fundo, que priorizou infraestrutura rodovi\u00e1ria em detrimento da pol\u00edtica habitacional. Com assinaturas de outros deputados, a emenda segue em tramita\u00e7\u00e3o na Assembleia Legislativa.<\/p>\n","protected":false},"excerpt":{"rendered":"<p>O deputado estadual Wilson Santos (PSD) participou da reuni\u00e3o da Comiss\u00e3o de Fiscaliza\u00e7\u00e3o e Acompanhamento da Execu\u00e7\u00e3o Or\u00e7ament\u00e1ria da Assembleia Legislativa, nesta ter\u00e7a-feira (9), que contou com a presen\u00e7a do secret\u00e1rio de Estado de Fazenda (Sefaz), Rog\u00e9rio Gallo. No encontro, foram discutidos a execu\u00e7\u00e3o do or\u00e7amento em diversas \u00e1reas nos \u00faltimos anos e o planejamento [&hellip;]<\/p>\n","protected":false},"author":4,"featured_media":2091,"comment_status":"closed","ping_status":"open","sticky":false,"template":"","format":"standard","meta":{"footnotes":""},"categories":[13],"tags":[],"yoast_head":"<!-- This site is optimized with the Yoast SEO Premium plugin v21.5 (Yoast SEO v21.4) - https:\/\/yoast.com\/wordpress\/plugins\/seo\/ -->\n<title>Wilson Santos refor\u00e7a proposta de emenda para tornar obrigat\u00f3rio os 20% do Fethab em habita\u00e7\u00e3o - wilsonsantosmt.com.br<\/title>\n<meta name=\"robots\" content=\"index, follow, max-snippet:-1, max-image-preview:large, max-video-preview:-1\" \/>\n<link rel=\"canonical\" href=\"https:\/\/wilsonsantosmt.com.br\/index.php\/2025\/12\/09\/wilson-santos-reforca-proposta-de-emenda-para-tornar-obrigatorio-os-20-do-fethab-em-habitacao\/\" \/>\n<meta property=\"og:locale\" content=\"pt_BR\" \/>\n<meta property=\"og:type\" content=\"article\" \/>\n<meta property=\"og:title\" content=\"Wilson Santos refor\u00e7a proposta de emenda para tornar obrigat\u00f3rio os 20% do Fethab em habita\u00e7\u00e3o\" \/>\n<meta property=\"og:description\" content=\"O deputado estadual Wilson Santos (PSD) participou da reuni\u00e3o da Comiss\u00e3o de Fiscaliza\u00e7\u00e3o e Acompanhamento da Execu\u00e7\u00e3o Or\u00e7ament\u00e1ria da Assembleia Legislativa, nesta ter\u00e7a-feira (9), que contou com a presen\u00e7a do secret\u00e1rio de Estado de Fazenda (Sefaz), Rog\u00e9rio Gallo. No encontro, foram discutidos a execu\u00e7\u00e3o do or\u00e7amento em diversas \u00e1reas nos \u00faltimos anos e o planejamento [&hellip;]\" \/>\n<meta property=\"og:url\" content=\"https:\/\/wilsonsantosmt.com.br\/index.php\/2025\/12\/09\/wilson-santos-reforca-proposta-de-emenda-para-tornar-obrigatorio-os-20-do-fethab-em-habitacao\/\" \/>\n<meta property=\"og:site_name\" content=\"wilsonsantosmt.com.br\" \/>\n<meta property=\"article:publisher\" content=\"https:\/\/www.facebook.com\/WilsonSantosMT\/\" \/>\n<meta property=\"article:published_time\" content=\"2025-12-09T18:51:56+00:00\" \/>\n<meta property=\"article:modified_time\" content=\"2025-12-26T18:52:24+00:00\" \/>\n<meta property=\"og:image\" content=\"http:\/\/wilsonsantosmt.com.br\/wp-content\/uploads\/2025\/12\/WhatsApp-Image-2025-12-09-at-22.05.51.jpeg\" \/>\n\t<meta property=\"og:image:width\" content=\"439\" \/>\n\t<meta property=\"og:image:height\" content=\"290\" \/>\n\t<meta property=\"og:image:type\" content=\"image\/jpeg\" \/>\n<meta name=\"author\" content=\"Samantha dos Anjos\" \/>\n<meta name=\"twitter:card\" content=\"summary_large_image\" \/>\n<meta name=\"twitter:label1\" content=\"Escrito por\" \/>\n\t<meta name=\"twitter:data1\" content=\"Samantha dos Anjos\" \/>\n\t<meta name=\"twitter:label2\" content=\"Est. tempo de leitura\" \/>\n\t<meta name=\"twitter:data2\" content=\"2 minutos\" \/>\n<script type=\"application\/ld+json\" class=\"yoast-schema-graph\">{\"@context\":\"https:\/\/schema.org\",\"@graph\":[{\"@type\":\"Article\",\"@id\":\"https:\/\/wilsonsantosmt.com.br\/index.php\/2025\/12\/09\/wilson-santos-reforca-proposta-de-emenda-para-tornar-obrigatorio-os-20-do-fethab-em-habitacao\/#article\",\"isPartOf\":{\"@id\":\"https:\/\/wilsonsantosmt.com.br\/index.php\/2025\/12\/09\/wilson-santos-reforca-proposta-de-emenda-para-tornar-obrigatorio-os-20-do-fethab-em-habitacao\/\"},\"author\":{\"name\":\"Samantha dos Anjos\",\"@id\":\"https:\/\/wilsonsantosmt.com.br\/#\/schema\/person\/1d097ee45f526dd0455dbad8c679932c\"},\"headline\":\"Wilson Santos refor\u00e7a proposta de emenda para tornar obrigat\u00f3rio os 20% do Fethab em habita\u00e7\u00e3o\",\"datePublished\":\"2025-12-09T18:51:56+00:00\",\"dateModified\":\"2025-12-26T18:52:24+00:00\",\"mainEntityOfPage\":{\"@id\":\"https:\/\/wilsonsantosmt.com.br\/index.php\/2025\/12\/09\/wilson-santos-reforca-proposta-de-emenda-para-tornar-obrigatorio-os-20-do-fethab-em-habitacao\/\"},\"wordCount\":423,\"publisher\":{\"@id\":\"https:\/\/wilsonsantosmt.com.br\/#\/schema\/person\/9de3c54961637a9eadb16bcbf895b1ef\"},\"articleSection\":[\"Not\u00edcias\"],\"inLanguage\":\"pt-BR\"},{\"@type\":\"WebPage\",\"@id\":\"https:\/\/wilsonsantosmt.com.br\/index.php\/2025\/12\/09\/wilson-santos-reforca-proposta-de-emenda-para-tornar-obrigatorio-os-20-do-fethab-em-habitacao\/\",\"url\":\"https:\/\/wilsonsantosmt.com.br\/index.php\/2025\/12\/09\/wilson-santos-reforca-proposta-de-emenda-para-tornar-obrigatorio-os-20-do-fethab-em-habitacao\/\",\"name\":\"Wilson Santos refor\u00e7a proposta de emenda para tornar obrigat\u00f3rio os 20% do Fethab em habita\u00e7\u00e3o - wilsonsantosmt.com.br\",\"isPartOf\":{\"@id\":\"https:\/\/wilsonsantosmt.com.br\/#website\"},\"datePublished\":\"2025-12-09T18:51:56+00:00\",\"dateModified\":\"2025-12-26T18:52:24+00:00\",\"breadcrumb\":{\"@id\":\"https:\/\/wilsonsantosmt.com.br\/index.php\/2025\/12\/09\/wilson-santos-reforca-proposta-de-emenda-para-tornar-obrigatorio-os-20-do-fethab-em-habitacao\/#breadcrumb\"},\"inLanguage\":\"pt-BR\",\"potentialAction\":[{\"@type\":\"ReadAction\",\"target\":[\"https:\/\/wilsonsantosmt.com.br\/index.php\/2025\/12\/09\/wilson-santos-reforca-proposta-de-emenda-para-tornar-obrigatorio-os-20-do-fethab-em-habitacao\/\"]}]},{\"@type\":\"BreadcrumbList\",\"@id\":\"https:\/\/wilsonsantosmt.com.br\/index.php\/2025\/12\/09\/wilson-santos-reforca-proposta-de-emenda-para-tornar-obrigatorio-os-20-do-fethab-em-habitacao\/#breadcrumb\",\"itemListElement\":[{\"@type\":\"ListItem\",\"position\":1,\"name\":\"In\u00edcio\",\"item\":\"https:\/\/wilsonsantosmt.com.br\/\"},{\"@type\":\"ListItem\",\"position\":2,\"name\":\"Not\u00edcias\",\"item\":\"https:\/\/wilsonsantosmt.com.br\/index.php\/category\/noticias\/\"},{\"@type\":\"ListItem\",\"position\":3,\"name\":\"Wilson Santos refor\u00e7a proposta de emenda para tornar obrigat\u00f3rio os 20% do Fethab em habita\u00e7\u00e3o\"}]},{\"@type\":\"WebSite\",\"@id\":\"https:\/\/wilsonsantosmt.com.br\/#website\",\"url\":\"https:\/\/wilsonsantosmt.com.br\/\",\"name\":\"wilsonsantosmt.com.br\",\"description\":\"\",\"publisher\":{\"@id\":\"https:\/\/wilsonsantosmt.com.br\/#\/schema\/person\/9de3c54961637a9eadb16bcbf895b1ef\"},\"potentialAction\":[{\"@type\":\"SearchAction\",\"target\":{\"@type\":\"EntryPoint\",\"urlTemplate\":\"https:\/\/wilsonsantosmt.com.br\/?s={search_term_string}\"},\"query-input\":\"required name=search_term_string\"}],\"inLanguage\":\"pt-BR\"},{\"@type\":[\"Person\",\"Organization\"],\"@id\":\"https:\/\/wilsonsantosmt.com.br\/#\/schema\/person\/9de3c54961637a9eadb16bcbf895b1ef\",\"name\":\"Wilson Santos\",\"image\":{\"@type\":\"ImageObject\",\"inLanguage\":\"pt-BR\",\"@id\":\"https:\/\/wilsonsantosmt.com.br\/#\/schema\/person\/image\/\",\"url\":\"https:\/\/wilsonsantosmt.com.br\/wp-content\/uploads\/2023\/11\/310828673_653254583023360_8795459643194608438_n.jpg\",\"contentUrl\":\"https:\/\/wilsonsantosmt.com.br\/wp-content\/uploads\/2023\/11\/310828673_653254583023360_8795459643194608438_n.jpg\",\"width\":1078,\"height\":1079,\"caption\":\"Wilson Santos\"},\"logo\":{\"@id\":\"https:\/\/wilsonsantosmt.com.br\/#\/schema\/person\/image\/\"},\"sameAs\":[\"http:\/\/wilsonsantosmt.com.br\",\"https:\/\/www.facebook.com\/WilsonSantosMT\/\",\"https:\/\/www.instagram.com\/wilsonsantosmt\/\",\"https:\/\/www.youtube.com\/@WilsonSantosWS\/videos\",\"https:\/\/pt.wikipedia.org\/wiki\/Wilson_Santos\"],\"honorificPrefix\":\"Sr\",\"gender\":\"masculino\",\"jobTitle\":\"Deputado Estadual\",\"worksFor\":\"Assembleia Legislativa de Mato Grosso\"},{\"@type\":\"Person\",\"@id\":\"https:\/\/wilsonsantosmt.com.br\/#\/schema\/person\/1d097ee45f526dd0455dbad8c679932c\",\"name\":\"Samantha dos Anjos\",\"image\":{\"@type\":\"ImageObject\",\"inLanguage\":\"pt-BR\",\"@id\":\"https:\/\/wilsonsantosmt.com.br\/#\/schema\/person\/image\/\",\"url\":\"https:\/\/secure.gravatar.com\/avatar\/7d8d0b6dd67d134a9fa841bee90c57c7?s=96&d=mm&r=g\",\"contentUrl\":\"https:\/\/secure.gravatar.com\/avatar\/7d8d0b6dd67d134a9fa841bee90c57c7?s=96&d=mm&r=g\",\"caption\":\"Samantha dos Anjos\"},\"url\":\"https:\/\/wilsonsantosmt.com.br\/index.php\/author\/samantha-dos-anjos\/\"}]}<\/script>\n<!-- \/ Yoast SEO Premium plugin. -->","yoast_head_json":{"title":"Wilson Santos refor\u00e7a proposta de emenda para tornar obrigat\u00f3rio os 20% do Fethab em habita\u00e7\u00e3o - wilsonsantosmt.com.br","robots":{"index":"index","follow":"follow","max-snippet":"max-snippet:-1","max-image-preview":"max-image-preview:large","max-video-preview":"max-video-preview:-1"},"canonical":"https:\/\/wilsonsantosmt.com.br\/index.php\/2025\/12\/09\/wilson-santos-reforca-proposta-de-emenda-para-tornar-obrigatorio-os-20-do-fethab-em-habitacao\/","og_locale":"pt_BR","og_type":"article","og_title":"Wilson Santos refor\u00e7a proposta de emenda para tornar obrigat\u00f3rio os 20% do Fethab em habita\u00e7\u00e3o","og_description":"O deputado estadual Wilson Santos (PSD) participou da reuni\u00e3o da Comiss\u00e3o de Fiscaliza\u00e7\u00e3o e Acompanhamento da Execu\u00e7\u00e3o Or\u00e7ament\u00e1ria da Assembleia Legislativa, nesta ter\u00e7a-feira (9), que contou com a presen\u00e7a do secret\u00e1rio de Estado de Fazenda (Sefaz), Rog\u00e9rio Gallo. No encontro, foram discutidos a execu\u00e7\u00e3o do or\u00e7amento em diversas \u00e1reas nos \u00faltimos anos e o planejamento [&hellip;]","og_url":"https:\/\/wilsonsantosmt.com.br\/index.php\/2025\/12\/09\/wilson-santos-reforca-proposta-de-emenda-para-tornar-obrigatorio-os-20-do-fethab-em-habitacao\/","og_site_name":"wilsonsantosmt.com.br","article_publisher":"https:\/\/www.facebook.com\/WilsonSantosMT\/","article_published_time":"2025-12-09T18:51:56+00:00","article_modified_time":"2025-12-26T18:52:24+00:00","og_image":[{"width":439,"height":290,"url":"http:\/\/wilsonsantosmt.com.br\/wp-content\/uploads\/2025\/12\/WhatsApp-Image-2025-12-09-at-22.05.51.jpeg","type":"image\/jpeg"}],"author":"Samantha dos Anjos","twitter_card":"summary_large_image","twitter_misc":{"Escrito por":"Samantha dos Anjos","Est. tempo de leitura":"2 minutos"},"schema":{"@context":"https:\/\/schema.org","@graph":[{"@type":"Article","@id":"https:\/\/wilsonsantosmt.com.br\/index.php\/2025\/12\/09\/wilson-santos-reforca-proposta-de-emenda-para-tornar-obrigatorio-os-20-do-fethab-em-habitacao\/#article","isPartOf":{"@id":"https:\/\/wilsonsantosmt.com.br\/index.php\/2025\/12\/09\/wilson-santos-reforca-proposta-de-emenda-para-tornar-obrigatorio-os-20-do-fethab-em-habitacao\/"},"author":{"name":"Samantha dos Anjos","@id":"https:\/\/wilsonsantosmt.com.br\/#\/schema\/person\/1d097ee45f526dd0455dbad8c679932c"},"headline":"Wilson Santos refor\u00e7a proposta de emenda para tornar obrigat\u00f3rio os 20% do Fethab em habita\u00e7\u00e3o","datePublished":"2025-12-09T18:51:56+00:00","dateModified":"2025-12-26T18:52:24+00:00","mainEntityOfPage":{"@id":"https:\/\/wilsonsantosmt.com.br\/index.php\/2025\/12\/09\/wilson-santos-reforca-proposta-de-emenda-para-tornar-obrigatorio-os-20-do-fethab-em-habitacao\/"},"wordCount":423,"publisher":{"@id":"https:\/\/wilsonsantosmt.com.br\/#\/schema\/person\/9de3c54961637a9eadb16bcbf895b1ef"},"articleSection":["Not\u00edcias"],"inLanguage":"pt-BR"},{"@type":"WebPage","@id":"https:\/\/wilsonsantosmt.com.br\/index.php\/2025\/12\/09\/wilson-santos-reforca-proposta-de-emenda-para-tornar-obrigatorio-os-20-do-fethab-em-habitacao\/","url":"https:\/\/wilsonsantosmt.com.br\/index.php\/2025\/12\/09\/wilson-santos-reforca-proposta-de-emenda-para-tornar-obrigatorio-os-20-do-fethab-em-habitacao\/","name":"Wilson Santos refor\u00e7a proposta de emenda para tornar obrigat\u00f3rio os 20% do Fethab em habita\u00e7\u00e3o - wilsonsantosmt.com.br","isPartOf":{"@id":"https:\/\/wilsonsantosmt.com.br\/#website"},"datePublished":"2025-12-09T18:51:56+00:00","dateModified":"2025-12-26T18:52:24+00:00","breadcrumb":{"@id":"https:\/\/wilsonsantosmt.com.br\/index.php\/2025\/12\/09\/wilson-santos-reforca-proposta-de-emenda-para-tornar-obrigatorio-os-20-do-fethab-em-habitacao\/#breadcrumb"},"inLanguage":"pt-BR","potentialAction":[{"@type":"ReadAction","target":["https:\/\/wilsonsantosmt.com.br\/index.php\/2025\/12\/09\/wilson-santos-reforca-proposta-de-emenda-para-tornar-obrigatorio-os-20-do-fethab-em-habitacao\/"]}]},{"@type":"BreadcrumbList","@id":"https:\/\/wilsonsantosmt.com.br\/index.php\/2025\/12\/09\/wilson-santos-reforca-proposta-de-emenda-para-tornar-obrigatorio-os-20-do-fethab-em-habitacao\/#breadcrumb","itemListElement":[{"@type":"ListItem","position":1,"name":"In\u00edcio","item":"https:\/\/wilsonsantosmt.com.br\/"},{"@type":"ListItem","position":2,"name":"Not\u00edcias","item":"https:\/\/wilsonsantosmt.com.br\/index.php\/category\/noticias\/"},{"@type":"ListItem","position":3,"name":"Wilson Santos refor\u00e7a proposta de emenda para tornar obrigat\u00f3rio os 20% do Fethab em habita\u00e7\u00e3o"}]},{"@type":"WebSite","@id":"https:\/\/wilsonsantosmt.com.br\/#website","url":"https:\/\/wilsonsantosmt.com.br\/","name":"wilsonsantosmt.com.br","description":"","publisher":{"@id":"https:\/\/wilsonsantosmt.com.br\/#\/schema\/person\/9de3c54961637a9eadb16bcbf895b1ef"},"potentialAction":[{"@type":"SearchAction","target":{"@type":"EntryPoint","urlTemplate":"https:\/\/wilsonsantosmt.com.br\/?s={search_term_string}"},"query-input":"required name=search_term_string"}],"inLanguage":"pt-BR"},{"@type":["Person","Organization"],"@id":"https:\/\/wilsonsantosmt.com.br\/#\/schema\/person\/9de3c54961637a9eadb16bcbf895b1ef","name":"Wilson Santos","image":{"@type":"ImageObject","inLanguage":"pt-BR","@id":"https:\/\/wilsonsantosmt.com.br\/#\/schema\/person\/image\/","url":"https:\/\/wilsonsantosmt.com.br\/wp-content\/uploads\/2023\/11\/310828673_653254583023360_8795459643194608438_n.jpg","contentUrl":"https:\/\/wilsonsantosmt.com.br\/wp-content\/uploads\/2023\/11\/310828673_653254583023360_8795459643194608438_n.jpg","width":1078,"height":1079,"caption":"Wilson Santos"},"logo":{"@id":"https:\/\/wilsonsantosmt.com.br\/#\/schema\/person\/image\/"},"sameAs":["http:\/\/wilsonsantosmt.com.br","https:\/\/www.facebook.com\/WilsonSantosMT\/","https:\/\/www.instagram.com\/wilsonsantosmt\/","https:\/\/www.youtube.com\/@WilsonSantosWS\/videos","https:\/\/pt.wikipedia.org\/wiki\/Wilson_Santos"],"honorificPrefix":"Sr","gender":"masculino","jobTitle":"Deputado Estadual","worksFor":"Assembleia Legislativa de Mato Grosso"},{"@type":"Person","@id":"https:\/\/wilsonsantosmt.com.br\/#\/schema\/person\/1d097ee45f526dd0455dbad8c679932c","name":"Samantha dos Anjos","image":{"@type":"ImageObject","inLanguage":"pt-BR","@id":"https:\/\/wilsonsantosmt.com.br\/#\/schema\/person\/image\/","url":"https:\/\/secure.gravatar.com\/avatar\/7d8d0b6dd67d134a9fa841bee90c57c7?s=96&d=mm&r=g","contentUrl":"https:\/\/secure.gravatar.com\/avatar\/7d8d0b6dd67d134a9fa841bee90c57c7?s=96&d=mm&r=g","caption":"Samantha dos Anjos"},"url":"https:\/\/wilsonsantosmt.com.br\/index.php\/author\/samantha-dos-anjos\/"}]}},"_links":{"self":[{"href":"https:\/\/wilsonsantosmt.com.br\/index.php\/wp-json\/wp\/v2\/posts\/2090"}],"collection":[{"href":"https:\/\/wilsonsantosmt.com.br\/index.php\/wp-json\/wp\/v2\/posts"}],"about":[{"href":"https:\/\/wilsonsantosmt.com.br\/index.php\/wp-json\/wp\/v2\/types\/post"}],"author":[{"embeddable":true,"href":"https:\/\/wilsonsantosmt.com.br\/index.php\/wp-json\/wp\/v2\/users\/4"}],"replies":[{"embeddable":true,"href":"https:\/\/wilsonsantosmt.com.br\/index.php\/wp-json\/wp\/v2\/comments?post=2090"}],"version-history":[{"count":1,"href":"https:\/\/wilsonsantosmt.com.br\/index.php\/wp-json\/wp\/v2\/posts\/2090\/revisions"}],"predecessor-version":[{"id":2092,"href":"https:\/\/wilsonsantosmt.com.br\/index.php\/wp-json\/wp\/v2\/posts\/2090\/revisions\/2092"}],"wp:featuredmedia":[{"embeddable":true,"href":"https:\/\/wilsonsantosmt.com.br\/index.php\/wp-json\/wp\/v2\/media\/2091"}],"wp:attachment":[{"href":"https:\/\/wilsonsantosmt.com.br\/index.php\/wp-json\/wp\/v2\/media?parent=2090"}],"wp:term":[{"taxonomy":"category","embeddable":true,"href":"https:\/\/wilsonsantosmt.com.br\/index.php\/wp-json\/wp\/v2\/categories?post=2090"},{"taxonomy":"post_tag","embeddable":true,"href":"https:\/\/wilsonsantosmt.com.br\/index.php\/wp-json\/wp\/v2\/tags?post=2090"}],"curies":[{"name":"wp","href":"https:\/\/api.w.org\/{rel}","templated":true}]}}