{"id":2096,"date":"2025-12-05T14:53:38","date_gmt":"2025-12-05T18:53:38","guid":{"rendered":"https:\/\/wilsonsantosmt.com.br\/?p=2096"},"modified":"2025-12-26T14:54:03","modified_gmt":"2025-12-26T18:54:03","slug":"5-simposio-da-almt-aborda-sobre-a-primeira-e-futura-casa-do-autista-em-mt","status":"publish","type":"post","link":"https:\/\/wilsonsantosmt.com.br\/index.php\/2025\/12\/05\/5-simposio-da-almt-aborda-sobre-a-primeira-e-futura-casa-do-autista-em-mt\/","title":{"rendered":"5\u00b0 Simp\u00f3sio da ALMT aborda sobre a primeira e futura Casa do Autista em MT"},"content":{"rendered":"\n<p><\/p>\n\n\n\n<p>O Plen\u00e1rio \u201cDeputado Ren\u00ea Barbour\u201d da Assembleia Legislativa recebeu, nesta quinta-feira (4), um grande p\u00fablico para a 5\u00aa edi\u00e7\u00e3o do Simp\u00f3sio \u201cDesafios e Perspectivas\u201d sobre autismo em Mato Grosso, que refor\u00e7ou o debate sobre inclus\u00e3o social e o fortalecimento de pol\u00edticas p\u00fablicas de apoio \u00e0s fam\u00edlias. A a\u00e7\u00e3o foi proposta pelo deputado estadual Wilson Santos (PSD), autor de 14 leis voltadas ao Transtorno do Espectro Autista (TEA).<\/p>\n\n\n\n<p>Segundo o parlamentar, embora o tema ainda seja relativamente novo no campo social, ele j\u00e1 ocupa espa\u00e7o nos poderes Executivo, Legislativo e Judici\u00e1rio, al\u00e9m de impactar diretamente os or\u00e7amentos p\u00fablicos. Ele avalia que ainda h\u00e1 grande car\u00eancia de pol\u00edticas espec\u00edficas e falta de profissionais capacitados para garantir atendimento adequado, bem-estar e qualidade de vida \u00e0s pessoas com TEA.<\/p>\n\n\n\n<p>A programa\u00e7\u00e3o contou com a participa\u00e7\u00e3o da primeira-dama e vereadora de Cuiab\u00e1, Samantha Iris (PL), m\u00e3e de um filho autista, que relatou os desafios enfrentados pelas fam\u00edlias e apresentou iniciativas em andamento na capital. Ela destacou que encontrou a rede de apoio municipal em situa\u00e7\u00e3o prec\u00e1ria e que o trabalho est\u00e1 sendo reconstru\u00eddo praticamente do zero. \u201cImplantamos o Centro Amar que garante atendimento aos alunos da rede p\u00fablica municipal. Antes, Cuiab\u00e1 n\u00e3o tinha esse espa\u00e7o. Estamos estruturando tudo para inaugur\u00e1-lo devidamente adequado. Tamb\u00e9m implantamos a primeira sala sensorial do munic\u00edpio, com uma proposta pedag\u00f3gica completa\u201d, informou a vereadora.<\/p>\n\n\n\n<p>Samantha acrescentou que a experi\u00eancia do Centro Amar servir\u00e1 de base para a implanta\u00e7\u00e3o da Casa do Autista, projeto em execu\u00e7\u00e3o pela Prefeitura de Cuiab\u00e1. \u201cCom o Centro Amar, j\u00e1 iniciamos um trabalho pr\u00e1tico antes mesmo da Casa do Autista ser conclu\u00edda. Estamos fazendo uma for\u00e7a-tarefa com a Educa\u00e7\u00e3o Especial e a Comiss\u00e3o de Educa\u00e7\u00e3o do munic\u00edpio, com a participa\u00e7\u00e3o de pais, professores e profissionais. \u00c9 essa participa\u00e7\u00e3o coletiva que vai construir a Casa do Autista\u201d, explicou.<\/p>\n\n\n\n<p>Durante o simp\u00f3sio, a parlamentar apresentou detalhes de como ser\u00e1 a Casa do Autista na capital. Ela afirmou que o governo estadual cedeu um pr\u00e9dio com 40 salas, o que permitiu ampliar o projeto inicial. \u201c\u00c9 um sonho que est\u00e1 tomando forma. Temos conseguido avan\u00e7ar gra\u00e7as \u00e0s parcerias\u201d, disse.<\/p>\n\n\n\n<p>Samantha tamb\u00e9m relatou visita t\u00e9cnica \u00e0 Casa do Autista de Cambori\u00fa (SC), refer\u00eancia nacional, experi\u00eancia que ajudou a definir o modelo que poder\u00e1 ser adotado em Cuiab\u00e1. Ela tamb\u00e9m refor\u00e7ou que o trabalho voltado \u00e0s pessoas com TEA \u00e9 fruto de uma uni\u00e3o entre diferentes poderes e institui\u00e7\u00f5es. \u201cO deputado Wilson Santos tem diversas leis que contemplam a causa do autismo e contamos com vereadores comprometidos. A Assembleia Legislativa, o Governo do Estado, a Prefeitura e a C\u00e2mara de Cuiab\u00e1 trabalham juntos para construir uma rede de atendimento que possa ser refer\u00eancia nacional\u201d, ressaltou.<\/p>\n\n\n\n<p>Ao final do evento, Wilson Santos entregou \u00e0 vereadora um relat\u00f3rio com as iniciativas da Assembleia Legislativa em prol das pessoas com TEA e prestou uma homenagem a Samantha Iris, concedendo-lhe uma mo\u00e7\u00e3o de aplausos pelo trabalho desenvolvido em defesa do autismo.<\/p>\n","protected":false},"excerpt":{"rendered":"<p>O Plen\u00e1rio \u201cDeputado Ren\u00ea Barbour\u201d da Assembleia Legislativa recebeu, nesta quinta-feira (4), um grande p\u00fablico para a 5\u00aa edi\u00e7\u00e3o do Simp\u00f3sio \u201cDesafios e Perspectivas\u201d sobre autismo em Mato Grosso, que refor\u00e7ou o debate sobre inclus\u00e3o social e o fortalecimento de pol\u00edticas p\u00fablicas de apoio \u00e0s fam\u00edlias. A a\u00e7\u00e3o foi proposta pelo deputado estadual Wilson Santos [&hellip;]<\/p>\n","protected":false},"author":4,"featured_media":2097,"comment_status":"closed","ping_status":"open","sticky":false,"template":"","format":"standard","meta":{"footnotes":""},"categories":[13],"tags":[],"yoast_head":"<!-- This site is optimized with the Yoast SEO Premium plugin v21.5 (Yoast SEO v21.4) - https:\/\/yoast.com\/wordpress\/plugins\/seo\/ -->\n<title>5\u00b0 Simp\u00f3sio da ALMT aborda sobre a primeira e futura Casa do Autista em MT - wilsonsantosmt.com.br<\/title>\n<meta name=\"robots\" content=\"index, follow, max-snippet:-1, max-image-preview:large, max-video-preview:-1\" \/>\n<link rel=\"canonical\" href=\"https:\/\/wilsonsantosmt.com.br\/index.php\/2025\/12\/05\/5-simposio-da-almt-aborda-sobre-a-primeira-e-futura-casa-do-autista-em-mt\/\" \/>\n<meta property=\"og:locale\" content=\"pt_BR\" \/>\n<meta property=\"og:type\" content=\"article\" \/>\n<meta property=\"og:title\" content=\"5\u00b0 Simp\u00f3sio da ALMT aborda sobre a primeira e futura Casa do Autista em MT\" \/>\n<meta property=\"og:description\" content=\"O Plen\u00e1rio \u201cDeputado Ren\u00ea Barbour\u201d da Assembleia Legislativa recebeu, nesta quinta-feira (4), um grande p\u00fablico para a 5\u00aa edi\u00e7\u00e3o do Simp\u00f3sio \u201cDesafios e Perspectivas\u201d sobre autismo em Mato Grosso, que refor\u00e7ou o debate sobre inclus\u00e3o social e o fortalecimento de pol\u00edticas p\u00fablicas de apoio \u00e0s fam\u00edlias. A a\u00e7\u00e3o foi proposta pelo deputado estadual Wilson Santos [&hellip;]\" \/>\n<meta property=\"og:url\" content=\"https:\/\/wilsonsantosmt.com.br\/index.php\/2025\/12\/05\/5-simposio-da-almt-aborda-sobre-a-primeira-e-futura-casa-do-autista-em-mt\/\" \/>\n<meta property=\"og:site_name\" content=\"wilsonsantosmt.com.br\" \/>\n<meta property=\"article:publisher\" content=\"https:\/\/www.facebook.com\/WilsonSantosMT\/\" \/>\n<meta property=\"article:published_time\" content=\"2025-12-05T18:53:38+00:00\" \/>\n<meta property=\"article:modified_time\" content=\"2025-12-26T18:54:03+00:00\" \/>\n<meta property=\"og:image\" content=\"http:\/\/wilsonsantosmt.com.br\/wp-content\/uploads\/2025\/12\/WhatsApp-Image-2025-12-05-at-10.51.55.jpeg\" \/>\n\t<meta property=\"og:image:width\" content=\"1280\" \/>\n\t<meta property=\"og:image:height\" content=\"720\" \/>\n\t<meta property=\"og:image:type\" content=\"image\/jpeg\" \/>\n<meta name=\"author\" content=\"Samantha dos Anjos\" \/>\n<meta name=\"twitter:card\" content=\"summary_large_image\" \/>\n<meta name=\"twitter:label1\" content=\"Escrito por\" \/>\n\t<meta name=\"twitter:data1\" content=\"Samantha dos Anjos\" \/>\n\t<meta name=\"twitter:label2\" content=\"Est. tempo de leitura\" \/>\n\t<meta name=\"twitter:data2\" content=\"3 minutos\" \/>\n<script type=\"application\/ld+json\" class=\"yoast-schema-graph\">{\"@context\":\"https:\/\/schema.org\",\"@graph\":[{\"@type\":\"Article\",\"@id\":\"https:\/\/wilsonsantosmt.com.br\/index.php\/2025\/12\/05\/5-simposio-da-almt-aborda-sobre-a-primeira-e-futura-casa-do-autista-em-mt\/#article\",\"isPartOf\":{\"@id\":\"https:\/\/wilsonsantosmt.com.br\/index.php\/2025\/12\/05\/5-simposio-da-almt-aborda-sobre-a-primeira-e-futura-casa-do-autista-em-mt\/\"},\"author\":{\"name\":\"Samantha dos Anjos\",\"@id\":\"https:\/\/wilsonsantosmt.com.br\/#\/schema\/person\/1d097ee45f526dd0455dbad8c679932c\"},\"headline\":\"5\u00b0 Simp\u00f3sio da ALMT aborda sobre a primeira e futura Casa do Autista em MT\",\"datePublished\":\"2025-12-05T18:53:38+00:00\",\"dateModified\":\"2025-12-26T18:54:03+00:00\",\"mainEntityOfPage\":{\"@id\":\"https:\/\/wilsonsantosmt.com.br\/index.php\/2025\/12\/05\/5-simposio-da-almt-aborda-sobre-a-primeira-e-futura-casa-do-autista-em-mt\/\"},\"wordCount\":551,\"publisher\":{\"@id\":\"https:\/\/wilsonsantosmt.com.br\/#\/schema\/person\/9de3c54961637a9eadb16bcbf895b1ef\"},\"articleSection\":[\"Not\u00edcias\"],\"inLanguage\":\"pt-BR\"},{\"@type\":\"WebPage\",\"@id\":\"https:\/\/wilsonsantosmt.com.br\/index.php\/2025\/12\/05\/5-simposio-da-almt-aborda-sobre-a-primeira-e-futura-casa-do-autista-em-mt\/\",\"url\":\"https:\/\/wilsonsantosmt.com.br\/index.php\/2025\/12\/05\/5-simposio-da-almt-aborda-sobre-a-primeira-e-futura-casa-do-autista-em-mt\/\",\"name\":\"5\u00b0 Simp\u00f3sio da ALMT aborda sobre a primeira e futura Casa do Autista em MT - wilsonsantosmt.com.br\",\"isPartOf\":{\"@id\":\"https:\/\/wilsonsantosmt.com.br\/#website\"},\"datePublished\":\"2025-12-05T18:53:38+00:00\",\"dateModified\":\"2025-12-26T18:54:03+00:00\",\"breadcrumb\":{\"@id\":\"https:\/\/wilsonsantosmt.com.br\/index.php\/2025\/12\/05\/5-simposio-da-almt-aborda-sobre-a-primeira-e-futura-casa-do-autista-em-mt\/#breadcrumb\"},\"inLanguage\":\"pt-BR\",\"potentialAction\":[{\"@type\":\"ReadAction\",\"target\":[\"https:\/\/wilsonsantosmt.com.br\/index.php\/2025\/12\/05\/5-simposio-da-almt-aborda-sobre-a-primeira-e-futura-casa-do-autista-em-mt\/\"]}]},{\"@type\":\"BreadcrumbList\",\"@id\":\"https:\/\/wilsonsantosmt.com.br\/index.php\/2025\/12\/05\/5-simposio-da-almt-aborda-sobre-a-primeira-e-futura-casa-do-autista-em-mt\/#breadcrumb\",\"itemListElement\":[{\"@type\":\"ListItem\",\"position\":1,\"name\":\"In\u00edcio\",\"item\":\"https:\/\/wilsonsantosmt.com.br\/\"},{\"@type\":\"ListItem\",\"position\":2,\"name\":\"Not\u00edcias\",\"item\":\"https:\/\/wilsonsantosmt.com.br\/index.php\/category\/noticias\/\"},{\"@type\":\"ListItem\",\"position\":3,\"name\":\"5\u00b0 Simp\u00f3sio da ALMT aborda sobre a primeira e futura Casa do Autista em MT\"}]},{\"@type\":\"WebSite\",\"@id\":\"https:\/\/wilsonsantosmt.com.br\/#website\",\"url\":\"https:\/\/wilsonsantosmt.com.br\/\",\"name\":\"wilsonsantosmt.com.br\",\"description\":\"\",\"publisher\":{\"@id\":\"https:\/\/wilsonsantosmt.com.br\/#\/schema\/person\/9de3c54961637a9eadb16bcbf895b1ef\"},\"potentialAction\":[{\"@type\":\"SearchAction\",\"target\":{\"@type\":\"EntryPoint\",\"urlTemplate\":\"https:\/\/wilsonsantosmt.com.br\/?s={search_term_string}\"},\"query-input\":\"required name=search_term_string\"}],\"inLanguage\":\"pt-BR\"},{\"@type\":[\"Person\",\"Organization\"],\"@id\":\"https:\/\/wilsonsantosmt.com.br\/#\/schema\/person\/9de3c54961637a9eadb16bcbf895b1ef\",\"name\":\"Wilson Santos\",\"image\":{\"@type\":\"ImageObject\",\"inLanguage\":\"pt-BR\",\"@id\":\"https:\/\/wilsonsantosmt.com.br\/#\/schema\/person\/image\/\",\"url\":\"https:\/\/wilsonsantosmt.com.br\/wp-content\/uploads\/2023\/11\/310828673_653254583023360_8795459643194608438_n.jpg\",\"contentUrl\":\"https:\/\/wilsonsantosmt.com.br\/wp-content\/uploads\/2023\/11\/310828673_653254583023360_8795459643194608438_n.jpg\",\"width\":1078,\"height\":1079,\"caption\":\"Wilson Santos\"},\"logo\":{\"@id\":\"https:\/\/wilsonsantosmt.com.br\/#\/schema\/person\/image\/\"},\"sameAs\":[\"http:\/\/wilsonsantosmt.com.br\",\"https:\/\/www.facebook.com\/WilsonSantosMT\/\",\"https:\/\/www.instagram.com\/wilsonsantosmt\/\",\"https:\/\/www.youtube.com\/@WilsonSantosWS\/videos\",\"https:\/\/pt.wikipedia.org\/wiki\/Wilson_Santos\"],\"honorificPrefix\":\"Sr\",\"gender\":\"masculino\",\"jobTitle\":\"Deputado Estadual\",\"worksFor\":\"Assembleia Legislativa de Mato Grosso\"},{\"@type\":\"Person\",\"@id\":\"https:\/\/wilsonsantosmt.com.br\/#\/schema\/person\/1d097ee45f526dd0455dbad8c679932c\",\"name\":\"Samantha dos Anjos\",\"image\":{\"@type\":\"ImageObject\",\"inLanguage\":\"pt-BR\",\"@id\":\"https:\/\/wilsonsantosmt.com.br\/#\/schema\/person\/image\/\",\"url\":\"https:\/\/secure.gravatar.com\/avatar\/7d8d0b6dd67d134a9fa841bee90c57c7?s=96&d=mm&r=g\",\"contentUrl\":\"https:\/\/secure.gravatar.com\/avatar\/7d8d0b6dd67d134a9fa841bee90c57c7?s=96&d=mm&r=g\",\"caption\":\"Samantha dos Anjos\"},\"url\":\"https:\/\/wilsonsantosmt.com.br\/index.php\/author\/samantha-dos-anjos\/\"}]}<\/script>\n<!-- \/ Yoast SEO Premium plugin. -->","yoast_head_json":{"title":"5\u00b0 Simp\u00f3sio da ALMT aborda sobre a primeira e futura Casa do Autista em MT - wilsonsantosmt.com.br","robots":{"index":"index","follow":"follow","max-snippet":"max-snippet:-1","max-image-preview":"max-image-preview:large","max-video-preview":"max-video-preview:-1"},"canonical":"https:\/\/wilsonsantosmt.com.br\/index.php\/2025\/12\/05\/5-simposio-da-almt-aborda-sobre-a-primeira-e-futura-casa-do-autista-em-mt\/","og_locale":"pt_BR","og_type":"article","og_title":"5\u00b0 Simp\u00f3sio da ALMT aborda sobre a primeira e futura Casa do Autista em MT","og_description":"O Plen\u00e1rio \u201cDeputado Ren\u00ea Barbour\u201d da Assembleia Legislativa recebeu, nesta quinta-feira (4), um grande p\u00fablico para a 5\u00aa edi\u00e7\u00e3o do Simp\u00f3sio \u201cDesafios e Perspectivas\u201d sobre autismo em Mato Grosso, que refor\u00e7ou o debate sobre inclus\u00e3o social e o fortalecimento de pol\u00edticas p\u00fablicas de apoio \u00e0s fam\u00edlias. A a\u00e7\u00e3o foi proposta pelo deputado estadual Wilson Santos [&hellip;]","og_url":"https:\/\/wilsonsantosmt.com.br\/index.php\/2025\/12\/05\/5-simposio-da-almt-aborda-sobre-a-primeira-e-futura-casa-do-autista-em-mt\/","og_site_name":"wilsonsantosmt.com.br","article_publisher":"https:\/\/www.facebook.com\/WilsonSantosMT\/","article_published_time":"2025-12-05T18:53:38+00:00","article_modified_time":"2025-12-26T18:54:03+00:00","og_image":[{"width":1280,"height":720,"url":"http:\/\/wilsonsantosmt.com.br\/wp-content\/uploads\/2025\/12\/WhatsApp-Image-2025-12-05-at-10.51.55.jpeg","type":"image\/jpeg"}],"author":"Samantha dos Anjos","twitter_card":"summary_large_image","twitter_misc":{"Escrito por":"Samantha dos Anjos","Est. tempo de leitura":"3 minutos"},"schema":{"@context":"https:\/\/schema.org","@graph":[{"@type":"Article","@id":"https:\/\/wilsonsantosmt.com.br\/index.php\/2025\/12\/05\/5-simposio-da-almt-aborda-sobre-a-primeira-e-futura-casa-do-autista-em-mt\/#article","isPartOf":{"@id":"https:\/\/wilsonsantosmt.com.br\/index.php\/2025\/12\/05\/5-simposio-da-almt-aborda-sobre-a-primeira-e-futura-casa-do-autista-em-mt\/"},"author":{"name":"Samantha dos Anjos","@id":"https:\/\/wilsonsantosmt.com.br\/#\/schema\/person\/1d097ee45f526dd0455dbad8c679932c"},"headline":"5\u00b0 Simp\u00f3sio da ALMT aborda sobre a primeira e futura Casa do Autista em MT","datePublished":"2025-12-05T18:53:38+00:00","dateModified":"2025-12-26T18:54:03+00:00","mainEntityOfPage":{"@id":"https:\/\/wilsonsantosmt.com.br\/index.php\/2025\/12\/05\/5-simposio-da-almt-aborda-sobre-a-primeira-e-futura-casa-do-autista-em-mt\/"},"wordCount":551,"publisher":{"@id":"https:\/\/wilsonsantosmt.com.br\/#\/schema\/person\/9de3c54961637a9eadb16bcbf895b1ef"},"articleSection":["Not\u00edcias"],"inLanguage":"pt-BR"},{"@type":"WebPage","@id":"https:\/\/wilsonsantosmt.com.br\/index.php\/2025\/12\/05\/5-simposio-da-almt-aborda-sobre-a-primeira-e-futura-casa-do-autista-em-mt\/","url":"https:\/\/wilsonsantosmt.com.br\/index.php\/2025\/12\/05\/5-simposio-da-almt-aborda-sobre-a-primeira-e-futura-casa-do-autista-em-mt\/","name":"5\u00b0 Simp\u00f3sio da ALMT aborda sobre a primeira e futura Casa do Autista em MT - wilsonsantosmt.com.br","isPartOf":{"@id":"https:\/\/wilsonsantosmt.com.br\/#website"},"datePublished":"2025-12-05T18:53:38+00:00","dateModified":"2025-12-26T18:54:03+00:00","breadcrumb":{"@id":"https:\/\/wilsonsantosmt.com.br\/index.php\/2025\/12\/05\/5-simposio-da-almt-aborda-sobre-a-primeira-e-futura-casa-do-autista-em-mt\/#breadcrumb"},"inLanguage":"pt-BR","potentialAction":[{"@type":"ReadAction","target":["https:\/\/wilsonsantosmt.com.br\/index.php\/2025\/12\/05\/5-simposio-da-almt-aborda-sobre-a-primeira-e-futura-casa-do-autista-em-mt\/"]}]},{"@type":"BreadcrumbList","@id":"https:\/\/wilsonsantosmt.com.br\/index.php\/2025\/12\/05\/5-simposio-da-almt-aborda-sobre-a-primeira-e-futura-casa-do-autista-em-mt\/#breadcrumb","itemListElement":[{"@type":"ListItem","position":1,"name":"In\u00edcio","item":"https:\/\/wilsonsantosmt.com.br\/"},{"@type":"ListItem","position":2,"name":"Not\u00edcias","item":"https:\/\/wilsonsantosmt.com.br\/index.php\/category\/noticias\/"},{"@type":"ListItem","position":3,"name":"5\u00b0 Simp\u00f3sio da ALMT aborda sobre a primeira e futura Casa do Autista em MT"}]},{"@type":"WebSite","@id":"https:\/\/wilsonsantosmt.com.br\/#website","url":"https:\/\/wilsonsantosmt.com.br\/","name":"wilsonsantosmt.com.br","description":"","publisher":{"@id":"https:\/\/wilsonsantosmt.com.br\/#\/schema\/person\/9de3c54961637a9eadb16bcbf895b1ef"},"potentialAction":[{"@type":"SearchAction","target":{"@type":"EntryPoint","urlTemplate":"https:\/\/wilsonsantosmt.com.br\/?s={search_term_string}"},"query-input":"required name=search_term_string"}],"inLanguage":"pt-BR"},{"@type":["Person","Organization"],"@id":"https:\/\/wilsonsantosmt.com.br\/#\/schema\/person\/9de3c54961637a9eadb16bcbf895b1ef","name":"Wilson Santos","image":{"@type":"ImageObject","inLanguage":"pt-BR","@id":"https:\/\/wilsonsantosmt.com.br\/#\/schema\/person\/image\/","url":"https:\/\/wilsonsantosmt.com.br\/wp-content\/uploads\/2023\/11\/310828673_653254583023360_8795459643194608438_n.jpg","contentUrl":"https:\/\/wilsonsantosmt.com.br\/wp-content\/uploads\/2023\/11\/310828673_653254583023360_8795459643194608438_n.jpg","width":1078,"height":1079,"caption":"Wilson Santos"},"logo":{"@id":"https:\/\/wilsonsantosmt.com.br\/#\/schema\/person\/image\/"},"sameAs":["http:\/\/wilsonsantosmt.com.br","https:\/\/www.facebook.com\/WilsonSantosMT\/","https:\/\/www.instagram.com\/wilsonsantosmt\/","https:\/\/www.youtube.com\/@WilsonSantosWS\/videos","https:\/\/pt.wikipedia.org\/wiki\/Wilson_Santos"],"honorificPrefix":"Sr","gender":"masculino","jobTitle":"Deputado Estadual","worksFor":"Assembleia Legislativa de Mato Grosso"},{"@type":"Person","@id":"https:\/\/wilsonsantosmt.com.br\/#\/schema\/person\/1d097ee45f526dd0455dbad8c679932c","name":"Samantha dos Anjos","image":{"@type":"ImageObject","inLanguage":"pt-BR","@id":"https:\/\/wilsonsantosmt.com.br\/#\/schema\/person\/image\/","url":"https:\/\/secure.gravatar.com\/avatar\/7d8d0b6dd67d134a9fa841bee90c57c7?s=96&d=mm&r=g","contentUrl":"https:\/\/secure.gravatar.com\/avatar\/7d8d0b6dd67d134a9fa841bee90c57c7?s=96&d=mm&r=g","caption":"Samantha dos Anjos"},"url":"https:\/\/wilsonsantosmt.com.br\/index.php\/author\/samantha-dos-anjos\/"}]}},"_links":{"self":[{"href":"https:\/\/wilsonsantosmt.com.br\/index.php\/wp-json\/wp\/v2\/posts\/2096"}],"collection":[{"href":"https:\/\/wilsonsantosmt.com.br\/index.php\/wp-json\/wp\/v2\/posts"}],"about":[{"href":"https:\/\/wilsonsantosmt.com.br\/index.php\/wp-json\/wp\/v2\/types\/post"}],"author":[{"embeddable":true,"href":"https:\/\/wilsonsantosmt.com.br\/index.php\/wp-json\/wp\/v2\/users\/4"}],"replies":[{"embeddable":true,"href":"https:\/\/wilsonsantosmt.com.br\/index.php\/wp-json\/wp\/v2\/comments?post=2096"}],"version-history":[{"count":1,"href":"https:\/\/wilsonsantosmt.com.br\/index.php\/wp-json\/wp\/v2\/posts\/2096\/revisions"}],"predecessor-version":[{"id":2098,"href":"https:\/\/wilsonsantosmt.com.br\/index.php\/wp-json\/wp\/v2\/posts\/2096\/revisions\/2098"}],"wp:featuredmedia":[{"embeddable":true,"href":"https:\/\/wilsonsantosmt.com.br\/index.php\/wp-json\/wp\/v2\/media\/2097"}],"wp:attachment":[{"href":"https:\/\/wilsonsantosmt.com.br\/index.php\/wp-json\/wp\/v2\/media?parent=2096"}],"wp:term":[{"taxonomy":"category","embeddable":true,"href":"https:\/\/wilsonsantosmt.com.br\/index.php\/wp-json\/wp\/v2\/categories?post=2096"},{"taxonomy":"post_tag","embeddable":true,"href":"https:\/\/wilsonsantosmt.com.br\/index.php\/wp-json\/wp\/v2\/tags?post=2096"}],"curies":[{"name":"wp","href":"https:\/\/api.w.org\/{rel}","templated":true}]}}