{"id":2099,"date":"2025-12-02T14:54:19","date_gmt":"2025-12-02T18:54:19","guid":{"rendered":"https:\/\/wilsonsantosmt.com.br\/?p=2099"},"modified":"2025-12-26T14:54:45","modified_gmt":"2025-12-26T18:54:45","slug":"wilson-santos-reforca-compromisso-aos-mais-vulneraveis-em-acao-social-no-contorno-leste","status":"publish","type":"post","link":"https:\/\/wilsonsantosmt.com.br\/index.php\/2025\/12\/02\/wilson-santos-reforca-compromisso-aos-mais-vulneraveis-em-acao-social-no-contorno-leste\/","title":{"rendered":"Wilson Santos refor\u00e7a compromisso aos mais vulner\u00e1veis em a\u00e7\u00e3o social no Contorno Leste"},"content":{"rendered":"\n<p><\/p>\n\n\n\n<p>Antes do an\u00fancio da Prefeitura de Cuiab\u00e1 em regularizar as \u00e1reas do Contorno Leste, neste s\u00e1bado (30), a Assembleia Legislativa de Mato Grosso (ALMT) \u2013 por meio do deputado estadual Wilson Santos (PSD) \u2013 realizou a 8\u00aa edi\u00e7\u00e3o do Mutir\u00e3o da Cidadania Social na regi\u00e3o, em Cuiab\u00e1, no Centro Comunit\u00e1rio do Jardim Esperan\u00e7a 2. A a\u00e7\u00e3o ofertou mais de 20 servi\u00e7os para os moradores, em que envolveu a participa\u00e7\u00e3o direta de entidades p\u00fablicas e privadas.<\/p>\n\n\n\n<p>\u201cEssa \u00e9 a nossa grande satisfa\u00e7\u00e3o, n\u00e3o ter perdido o nosso v\u00ednculo com o nosso p\u00fablico mais humilde e vulner\u00e1vel. Nosso mandato \u00e9 por um Mato Grosso mais justo para todos. E n\u00e3o um estado concentrador de renda que mostra ao mundo o seu potencial em produ\u00e7\u00e3o de alimentos e n\u00e3o mostra a fila dos exclu\u00eddos. Meu mandato \u00e9 em favor dos mais humildes e daqueles que mais precisam. Precisamos equilibrar essa balan\u00e7a e trabalhando em favor da constru\u00e7\u00e3o de pol\u00edticas p\u00fablicas compensat\u00f3rias que garantam qualidade de vida e dignidade ao cidad\u00e3o\u201d, comentou o parlamentar.<\/p>\n\n\n\n<p>De acordo com a presidente da Associa\u00e7\u00e3o de Moradores do Jardim Esperan\u00e7a 2, Sirley Valetin, o mutir\u00e3o chegou em uma boa hora, pois a regi\u00e3o \u00e9 muito carente. \u201cO Wilson est\u00e1 de parab\u00e9ns com este mutir\u00e3o. Foi tudo maravilhoso! A comunidade tem mais dificuldade para ter acesso a atendimentos m\u00e9dicos e dentistas. Na verdade, em toda a \u00e1rea da sa\u00fade e o mutir\u00e3o trouxe para n\u00f3s. Ele \u00e9 um grande parceiro e estendeu a m\u00e3o para n\u00f3s\u201d, declarou.<\/p>\n\n\n\n<p>O morador Vanderlei Luiz aproveitou alguns servi\u00e7os e levou os cinco filhos para ter um momento divers\u00e3o em espa\u00e7o espec\u00edfico de recrea\u00e7\u00e3o. J\u00e1, a moradora Neide Ferreira Valetin ficou muito feliz de ver os amigos da regi\u00e3o participando do mutir\u00e3o e conseguido ser atendidos em servi\u00e7os que, muitas vezes, est\u00e3o bem distantes da regi\u00e3o, principalmente na \u00e1rea da sa\u00fade.<\/p>\n\n\n\n<p>No evento, a comunidade p\u00f4de aproveitar diversos atendimentos gratuitos, entre eles: consultas m\u00e9dicas, aferi\u00e7\u00e3o de press\u00e3o e glicemia, orienta\u00e7\u00f5es jur\u00eddicas, emiss\u00e3o de documentos (RG e CPF), atualiza\u00e7\u00e3o do Cad\u00danico e do Bolsa Fam\u00edlia, balc\u00e3o de emprego, corte de cabelo, servi\u00e7os de beleza, vacina\u00e7\u00e3o antir\u00e1bica para c\u00e3es e gatos e atividades educativas. Dentre os parceiros, est\u00e3o a Defensoria P\u00fablica, Instituto Gallo Ensina, Prefeitura de Cuiab\u00e1, Politec, Angeli com o projeto \u201cNos Limites da Natureza\u201d, al\u00e9m de volunt\u00e1rios e lideran\u00e7as comunit\u00e1rias que s\u00e3o essenciais para que o projeto siga crescendo e alcan\u00e7ando cada vez mais pessoas.<\/p>\n","protected":false},"excerpt":{"rendered":"<p>Antes do an\u00fancio da Prefeitura de Cuiab\u00e1 em regularizar as \u00e1reas do Contorno Leste, neste s\u00e1bado (30), a Assembleia Legislativa de Mato Grosso (ALMT) \u2013 por meio do deputado estadual Wilson Santos (PSD) \u2013 realizou a 8\u00aa edi\u00e7\u00e3o do Mutir\u00e3o da Cidadania Social na regi\u00e3o, em Cuiab\u00e1, no Centro Comunit\u00e1rio do Jardim Esperan\u00e7a 2. A [&hellip;]<\/p>\n","protected":false},"author":4,"featured_media":2100,"comment_status":"closed","ping_status":"open","sticky":false,"template":"","format":"standard","meta":{"footnotes":""},"categories":[13],"tags":[],"yoast_head":"<!-- This site is optimized with the Yoast SEO Premium plugin v21.5 (Yoast SEO v21.4) - https:\/\/yoast.com\/wordpress\/plugins\/seo\/ -->\n<title>Wilson Santos refor\u00e7a compromisso aos mais vulner\u00e1veis em a\u00e7\u00e3o social no Contorno Leste - wilsonsantosmt.com.br<\/title>\n<meta name=\"robots\" content=\"index, follow, max-snippet:-1, max-image-preview:large, max-video-preview:-1\" \/>\n<link rel=\"canonical\" href=\"https:\/\/wilsonsantosmt.com.br\/index.php\/2025\/12\/02\/wilson-santos-reforca-compromisso-aos-mais-vulneraveis-em-acao-social-no-contorno-leste\/\" \/>\n<meta property=\"og:locale\" content=\"pt_BR\" \/>\n<meta property=\"og:type\" content=\"article\" \/>\n<meta property=\"og:title\" content=\"Wilson Santos refor\u00e7a compromisso aos mais vulner\u00e1veis em a\u00e7\u00e3o social no Contorno Leste\" \/>\n<meta property=\"og:description\" content=\"Antes do an\u00fancio da Prefeitura de Cuiab\u00e1 em regularizar as \u00e1reas do Contorno Leste, neste s\u00e1bado (30), a Assembleia Legislativa de Mato Grosso (ALMT) \u2013 por meio do deputado estadual Wilson Santos (PSD) \u2013 realizou a 8\u00aa edi\u00e7\u00e3o do Mutir\u00e3o da Cidadania Social na regi\u00e3o, em Cuiab\u00e1, no Centro Comunit\u00e1rio do Jardim Esperan\u00e7a 2. A [&hellip;]\" \/>\n<meta property=\"og:url\" content=\"https:\/\/wilsonsantosmt.com.br\/index.php\/2025\/12\/02\/wilson-santos-reforca-compromisso-aos-mais-vulneraveis-em-acao-social-no-contorno-leste\/\" \/>\n<meta property=\"og:site_name\" content=\"wilsonsantosmt.com.br\" \/>\n<meta property=\"article:publisher\" content=\"https:\/\/www.facebook.com\/WilsonSantosMT\/\" \/>\n<meta property=\"article:published_time\" content=\"2025-12-02T18:54:19+00:00\" \/>\n<meta property=\"article:modified_time\" content=\"2025-12-26T18:54:45+00:00\" \/>\n<meta property=\"og:image\" content=\"http:\/\/wilsonsantosmt.com.br\/wp-content\/uploads\/2025\/12\/WhatsApp-Image-2025-12-02-at-08.19.56.jpeg\" \/>\n\t<meta property=\"og:image:width\" content=\"1280\" \/>\n\t<meta property=\"og:image:height\" content=\"720\" \/>\n\t<meta property=\"og:image:type\" content=\"image\/jpeg\" \/>\n<meta name=\"author\" content=\"Samantha dos Anjos\" \/>\n<meta name=\"twitter:card\" content=\"summary_large_image\" \/>\n<meta name=\"twitter:label1\" content=\"Escrito por\" \/>\n\t<meta name=\"twitter:data1\" content=\"Samantha dos Anjos\" \/>\n\t<meta name=\"twitter:label2\" content=\"Est. tempo de leitura\" \/>\n\t<meta name=\"twitter:data2\" content=\"3 minutos\" \/>\n<script type=\"application\/ld+json\" class=\"yoast-schema-graph\">{\"@context\":\"https:\/\/schema.org\",\"@graph\":[{\"@type\":\"Article\",\"@id\":\"https:\/\/wilsonsantosmt.com.br\/index.php\/2025\/12\/02\/wilson-santos-reforca-compromisso-aos-mais-vulneraveis-em-acao-social-no-contorno-leste\/#article\",\"isPartOf\":{\"@id\":\"https:\/\/wilsonsantosmt.com.br\/index.php\/2025\/12\/02\/wilson-santos-reforca-compromisso-aos-mais-vulneraveis-em-acao-social-no-contorno-leste\/\"},\"author\":{\"name\":\"Samantha dos Anjos\",\"@id\":\"https:\/\/wilsonsantosmt.com.br\/#\/schema\/person\/1d097ee45f526dd0455dbad8c679932c\"},\"headline\":\"Wilson Santos refor\u00e7a compromisso aos mais vulner\u00e1veis em a\u00e7\u00e3o social no Contorno Leste\",\"datePublished\":\"2025-12-02T18:54:19+00:00\",\"dateModified\":\"2025-12-26T18:54:45+00:00\",\"mainEntityOfPage\":{\"@id\":\"https:\/\/wilsonsantosmt.com.br\/index.php\/2025\/12\/02\/wilson-santos-reforca-compromisso-aos-mais-vulneraveis-em-acao-social-no-contorno-leste\/\"},\"wordCount\":477,\"publisher\":{\"@id\":\"https:\/\/wilsonsantosmt.com.br\/#\/schema\/person\/9de3c54961637a9eadb16bcbf895b1ef\"},\"articleSection\":[\"Not\u00edcias\"],\"inLanguage\":\"pt-BR\"},{\"@type\":\"WebPage\",\"@id\":\"https:\/\/wilsonsantosmt.com.br\/index.php\/2025\/12\/02\/wilson-santos-reforca-compromisso-aos-mais-vulneraveis-em-acao-social-no-contorno-leste\/\",\"url\":\"https:\/\/wilsonsantosmt.com.br\/index.php\/2025\/12\/02\/wilson-santos-reforca-compromisso-aos-mais-vulneraveis-em-acao-social-no-contorno-leste\/\",\"name\":\"Wilson Santos refor\u00e7a compromisso aos mais vulner\u00e1veis em a\u00e7\u00e3o social no Contorno Leste - wilsonsantosmt.com.br\",\"isPartOf\":{\"@id\":\"https:\/\/wilsonsantosmt.com.br\/#website\"},\"datePublished\":\"2025-12-02T18:54:19+00:00\",\"dateModified\":\"2025-12-26T18:54:45+00:00\",\"breadcrumb\":{\"@id\":\"https:\/\/wilsonsantosmt.com.br\/index.php\/2025\/12\/02\/wilson-santos-reforca-compromisso-aos-mais-vulneraveis-em-acao-social-no-contorno-leste\/#breadcrumb\"},\"inLanguage\":\"pt-BR\",\"potentialAction\":[{\"@type\":\"ReadAction\",\"target\":[\"https:\/\/wilsonsantosmt.com.br\/index.php\/2025\/12\/02\/wilson-santos-reforca-compromisso-aos-mais-vulneraveis-em-acao-social-no-contorno-leste\/\"]}]},{\"@type\":\"BreadcrumbList\",\"@id\":\"https:\/\/wilsonsantosmt.com.br\/index.php\/2025\/12\/02\/wilson-santos-reforca-compromisso-aos-mais-vulneraveis-em-acao-social-no-contorno-leste\/#breadcrumb\",\"itemListElement\":[{\"@type\":\"ListItem\",\"position\":1,\"name\":\"In\u00edcio\",\"item\":\"https:\/\/wilsonsantosmt.com.br\/\"},{\"@type\":\"ListItem\",\"position\":2,\"name\":\"Not\u00edcias\",\"item\":\"https:\/\/wilsonsantosmt.com.br\/index.php\/category\/noticias\/\"},{\"@type\":\"ListItem\",\"position\":3,\"name\":\"Wilson Santos refor\u00e7a compromisso aos mais vulner\u00e1veis em a\u00e7\u00e3o social no Contorno Leste\"}]},{\"@type\":\"WebSite\",\"@id\":\"https:\/\/wilsonsantosmt.com.br\/#website\",\"url\":\"https:\/\/wilsonsantosmt.com.br\/\",\"name\":\"wilsonsantosmt.com.br\",\"description\":\"\",\"publisher\":{\"@id\":\"https:\/\/wilsonsantosmt.com.br\/#\/schema\/person\/9de3c54961637a9eadb16bcbf895b1ef\"},\"potentialAction\":[{\"@type\":\"SearchAction\",\"target\":{\"@type\":\"EntryPoint\",\"urlTemplate\":\"https:\/\/wilsonsantosmt.com.br\/?s={search_term_string}\"},\"query-input\":\"required name=search_term_string\"}],\"inLanguage\":\"pt-BR\"},{\"@type\":[\"Person\",\"Organization\"],\"@id\":\"https:\/\/wilsonsantosmt.com.br\/#\/schema\/person\/9de3c54961637a9eadb16bcbf895b1ef\",\"name\":\"Wilson Santos\",\"image\":{\"@type\":\"ImageObject\",\"inLanguage\":\"pt-BR\",\"@id\":\"https:\/\/wilsonsantosmt.com.br\/#\/schema\/person\/image\/\",\"url\":\"https:\/\/wilsonsantosmt.com.br\/wp-content\/uploads\/2023\/11\/310828673_653254583023360_8795459643194608438_n.jpg\",\"contentUrl\":\"https:\/\/wilsonsantosmt.com.br\/wp-content\/uploads\/2023\/11\/310828673_653254583023360_8795459643194608438_n.jpg\",\"width\":1078,\"height\":1079,\"caption\":\"Wilson Santos\"},\"logo\":{\"@id\":\"https:\/\/wilsonsantosmt.com.br\/#\/schema\/person\/image\/\"},\"sameAs\":[\"http:\/\/wilsonsantosmt.com.br\",\"https:\/\/www.facebook.com\/WilsonSantosMT\/\",\"https:\/\/www.instagram.com\/wilsonsantosmt\/\",\"https:\/\/www.youtube.com\/@WilsonSantosWS\/videos\",\"https:\/\/pt.wikipedia.org\/wiki\/Wilson_Santos\"],\"honorificPrefix\":\"Sr\",\"gender\":\"masculino\",\"jobTitle\":\"Deputado Estadual\",\"worksFor\":\"Assembleia Legislativa de Mato Grosso\"},{\"@type\":\"Person\",\"@id\":\"https:\/\/wilsonsantosmt.com.br\/#\/schema\/person\/1d097ee45f526dd0455dbad8c679932c\",\"name\":\"Samantha dos Anjos\",\"image\":{\"@type\":\"ImageObject\",\"inLanguage\":\"pt-BR\",\"@id\":\"https:\/\/wilsonsantosmt.com.br\/#\/schema\/person\/image\/\",\"url\":\"https:\/\/secure.gravatar.com\/avatar\/7d8d0b6dd67d134a9fa841bee90c57c7?s=96&d=mm&r=g\",\"contentUrl\":\"https:\/\/secure.gravatar.com\/avatar\/7d8d0b6dd67d134a9fa841bee90c57c7?s=96&d=mm&r=g\",\"caption\":\"Samantha dos Anjos\"},\"url\":\"https:\/\/wilsonsantosmt.com.br\/index.php\/author\/samantha-dos-anjos\/\"}]}<\/script>\n<!-- \/ Yoast SEO Premium plugin. -->","yoast_head_json":{"title":"Wilson Santos refor\u00e7a compromisso aos mais vulner\u00e1veis em a\u00e7\u00e3o social no Contorno Leste - wilsonsantosmt.com.br","robots":{"index":"index","follow":"follow","max-snippet":"max-snippet:-1","max-image-preview":"max-image-preview:large","max-video-preview":"max-video-preview:-1"},"canonical":"https:\/\/wilsonsantosmt.com.br\/index.php\/2025\/12\/02\/wilson-santos-reforca-compromisso-aos-mais-vulneraveis-em-acao-social-no-contorno-leste\/","og_locale":"pt_BR","og_type":"article","og_title":"Wilson Santos refor\u00e7a compromisso aos mais vulner\u00e1veis em a\u00e7\u00e3o social no Contorno Leste","og_description":"Antes do an\u00fancio da Prefeitura de Cuiab\u00e1 em regularizar as \u00e1reas do Contorno Leste, neste s\u00e1bado (30), a Assembleia Legislativa de Mato Grosso (ALMT) \u2013 por meio do deputado estadual Wilson Santos (PSD) \u2013 realizou a 8\u00aa edi\u00e7\u00e3o do Mutir\u00e3o da Cidadania Social na regi\u00e3o, em Cuiab\u00e1, no Centro Comunit\u00e1rio do Jardim Esperan\u00e7a 2. A [&hellip;]","og_url":"https:\/\/wilsonsantosmt.com.br\/index.php\/2025\/12\/02\/wilson-santos-reforca-compromisso-aos-mais-vulneraveis-em-acao-social-no-contorno-leste\/","og_site_name":"wilsonsantosmt.com.br","article_publisher":"https:\/\/www.facebook.com\/WilsonSantosMT\/","article_published_time":"2025-12-02T18:54:19+00:00","article_modified_time":"2025-12-26T18:54:45+00:00","og_image":[{"width":1280,"height":720,"url":"http:\/\/wilsonsantosmt.com.br\/wp-content\/uploads\/2025\/12\/WhatsApp-Image-2025-12-02-at-08.19.56.jpeg","type":"image\/jpeg"}],"author":"Samantha dos Anjos","twitter_card":"summary_large_image","twitter_misc":{"Escrito por":"Samantha dos Anjos","Est. tempo de leitura":"3 minutos"},"schema":{"@context":"https:\/\/schema.org","@graph":[{"@type":"Article","@id":"https:\/\/wilsonsantosmt.com.br\/index.php\/2025\/12\/02\/wilson-santos-reforca-compromisso-aos-mais-vulneraveis-em-acao-social-no-contorno-leste\/#article","isPartOf":{"@id":"https:\/\/wilsonsantosmt.com.br\/index.php\/2025\/12\/02\/wilson-santos-reforca-compromisso-aos-mais-vulneraveis-em-acao-social-no-contorno-leste\/"},"author":{"name":"Samantha dos Anjos","@id":"https:\/\/wilsonsantosmt.com.br\/#\/schema\/person\/1d097ee45f526dd0455dbad8c679932c"},"headline":"Wilson Santos refor\u00e7a compromisso aos mais vulner\u00e1veis em a\u00e7\u00e3o social no Contorno Leste","datePublished":"2025-12-02T18:54:19+00:00","dateModified":"2025-12-26T18:54:45+00:00","mainEntityOfPage":{"@id":"https:\/\/wilsonsantosmt.com.br\/index.php\/2025\/12\/02\/wilson-santos-reforca-compromisso-aos-mais-vulneraveis-em-acao-social-no-contorno-leste\/"},"wordCount":477,"publisher":{"@id":"https:\/\/wilsonsantosmt.com.br\/#\/schema\/person\/9de3c54961637a9eadb16bcbf895b1ef"},"articleSection":["Not\u00edcias"],"inLanguage":"pt-BR"},{"@type":"WebPage","@id":"https:\/\/wilsonsantosmt.com.br\/index.php\/2025\/12\/02\/wilson-santos-reforca-compromisso-aos-mais-vulneraveis-em-acao-social-no-contorno-leste\/","url":"https:\/\/wilsonsantosmt.com.br\/index.php\/2025\/12\/02\/wilson-santos-reforca-compromisso-aos-mais-vulneraveis-em-acao-social-no-contorno-leste\/","name":"Wilson Santos refor\u00e7a compromisso aos mais vulner\u00e1veis em a\u00e7\u00e3o social no Contorno Leste - wilsonsantosmt.com.br","isPartOf":{"@id":"https:\/\/wilsonsantosmt.com.br\/#website"},"datePublished":"2025-12-02T18:54:19+00:00","dateModified":"2025-12-26T18:54:45+00:00","breadcrumb":{"@id":"https:\/\/wilsonsantosmt.com.br\/index.php\/2025\/12\/02\/wilson-santos-reforca-compromisso-aos-mais-vulneraveis-em-acao-social-no-contorno-leste\/#breadcrumb"},"inLanguage":"pt-BR","potentialAction":[{"@type":"ReadAction","target":["https:\/\/wilsonsantosmt.com.br\/index.php\/2025\/12\/02\/wilson-santos-reforca-compromisso-aos-mais-vulneraveis-em-acao-social-no-contorno-leste\/"]}]},{"@type":"BreadcrumbList","@id":"https:\/\/wilsonsantosmt.com.br\/index.php\/2025\/12\/02\/wilson-santos-reforca-compromisso-aos-mais-vulneraveis-em-acao-social-no-contorno-leste\/#breadcrumb","itemListElement":[{"@type":"ListItem","position":1,"name":"In\u00edcio","item":"https:\/\/wilsonsantosmt.com.br\/"},{"@type":"ListItem","position":2,"name":"Not\u00edcias","item":"https:\/\/wilsonsantosmt.com.br\/index.php\/category\/noticias\/"},{"@type":"ListItem","position":3,"name":"Wilson Santos refor\u00e7a compromisso aos mais vulner\u00e1veis em a\u00e7\u00e3o social no Contorno Leste"}]},{"@type":"WebSite","@id":"https:\/\/wilsonsantosmt.com.br\/#website","url":"https:\/\/wilsonsantosmt.com.br\/","name":"wilsonsantosmt.com.br","description":"","publisher":{"@id":"https:\/\/wilsonsantosmt.com.br\/#\/schema\/person\/9de3c54961637a9eadb16bcbf895b1ef"},"potentialAction":[{"@type":"SearchAction","target":{"@type":"EntryPoint","urlTemplate":"https:\/\/wilsonsantosmt.com.br\/?s={search_term_string}"},"query-input":"required name=search_term_string"}],"inLanguage":"pt-BR"},{"@type":["Person","Organization"],"@id":"https:\/\/wilsonsantosmt.com.br\/#\/schema\/person\/9de3c54961637a9eadb16bcbf895b1ef","name":"Wilson Santos","image":{"@type":"ImageObject","inLanguage":"pt-BR","@id":"https:\/\/wilsonsantosmt.com.br\/#\/schema\/person\/image\/","url":"https:\/\/wilsonsantosmt.com.br\/wp-content\/uploads\/2023\/11\/310828673_653254583023360_8795459643194608438_n.jpg","contentUrl":"https:\/\/wilsonsantosmt.com.br\/wp-content\/uploads\/2023\/11\/310828673_653254583023360_8795459643194608438_n.jpg","width":1078,"height":1079,"caption":"Wilson Santos"},"logo":{"@id":"https:\/\/wilsonsantosmt.com.br\/#\/schema\/person\/image\/"},"sameAs":["http:\/\/wilsonsantosmt.com.br","https:\/\/www.facebook.com\/WilsonSantosMT\/","https:\/\/www.instagram.com\/wilsonsantosmt\/","https:\/\/www.youtube.com\/@WilsonSantosWS\/videos","https:\/\/pt.wikipedia.org\/wiki\/Wilson_Santos"],"honorificPrefix":"Sr","gender":"masculino","jobTitle":"Deputado Estadual","worksFor":"Assembleia Legislativa de Mato Grosso"},{"@type":"Person","@id":"https:\/\/wilsonsantosmt.com.br\/#\/schema\/person\/1d097ee45f526dd0455dbad8c679932c","name":"Samantha dos Anjos","image":{"@type":"ImageObject","inLanguage":"pt-BR","@id":"https:\/\/wilsonsantosmt.com.br\/#\/schema\/person\/image\/","url":"https:\/\/secure.gravatar.com\/avatar\/7d8d0b6dd67d134a9fa841bee90c57c7?s=96&d=mm&r=g","contentUrl":"https:\/\/secure.gravatar.com\/avatar\/7d8d0b6dd67d134a9fa841bee90c57c7?s=96&d=mm&r=g","caption":"Samantha dos Anjos"},"url":"https:\/\/wilsonsantosmt.com.br\/index.php\/author\/samantha-dos-anjos\/"}]}},"_links":{"self":[{"href":"https:\/\/wilsonsantosmt.com.br\/index.php\/wp-json\/wp\/v2\/posts\/2099"}],"collection":[{"href":"https:\/\/wilsonsantosmt.com.br\/index.php\/wp-json\/wp\/v2\/posts"}],"about":[{"href":"https:\/\/wilsonsantosmt.com.br\/index.php\/wp-json\/wp\/v2\/types\/post"}],"author":[{"embeddable":true,"href":"https:\/\/wilsonsantosmt.com.br\/index.php\/wp-json\/wp\/v2\/users\/4"}],"replies":[{"embeddable":true,"href":"https:\/\/wilsonsantosmt.com.br\/index.php\/wp-json\/wp\/v2\/comments?post=2099"}],"version-history":[{"count":1,"href":"https:\/\/wilsonsantosmt.com.br\/index.php\/wp-json\/wp\/v2\/posts\/2099\/revisions"}],"predecessor-version":[{"id":2101,"href":"https:\/\/wilsonsantosmt.com.br\/index.php\/wp-json\/wp\/v2\/posts\/2099\/revisions\/2101"}],"wp:featuredmedia":[{"embeddable":true,"href":"https:\/\/wilsonsantosmt.com.br\/index.php\/wp-json\/wp\/v2\/media\/2100"}],"wp:attachment":[{"href":"https:\/\/wilsonsantosmt.com.br\/index.php\/wp-json\/wp\/v2\/media?parent=2099"}],"wp:term":[{"taxonomy":"category","embeddable":true,"href":"https:\/\/wilsonsantosmt.com.br\/index.php\/wp-json\/wp\/v2\/categories?post=2099"},{"taxonomy":"post_tag","embeddable":true,"href":"https:\/\/wilsonsantosmt.com.br\/index.php\/wp-json\/wp\/v2\/tags?post=2099"}],"curies":[{"name":"wp","href":"https:\/\/api.w.org\/{rel}","templated":true}]}}