{"id":2121,"date":"2025-12-29T13:21:44","date_gmt":"2025-12-29T17:21:44","guid":{"rendered":"https:\/\/wilsonsantosmt.com.br\/?p=2121"},"modified":"2025-12-29T13:21:45","modified_gmt":"2025-12-29T17:21:45","slug":"almt-debate-a-aplicacao-de-r-100-mi-na-habitacao-popular-de-mt-nesta-terca-30","status":"publish","type":"post","link":"https:\/\/wilsonsantosmt.com.br\/index.php\/2025\/12\/29\/almt-debate-a-aplicacao-de-r-100-mi-na-habitacao-popular-de-mt-nesta-terca-30\/","title":{"rendered":"ALMT debate a aplica\u00e7\u00e3o de R$ 100 mi na habita\u00e7\u00e3o popular de MT, nesta ter\u00e7a (30)"},"content":{"rendered":"\n<p><\/p>\n\n\n\n<p>A Assembleia Legislativa de Mato Grosso (ALMT), por meio do deputado estadual Wilson Santos (PSD), presidente da C\u00e2mara Setorial Tem\u00e1tica (CST) da Moradia Popular, realiza nesta ter\u00e7a-feira (30), \u00e0s 14 horas, uma reuni\u00e3o para debater a import\u00e2ncia, os crit\u00e9rios e a aplica\u00e7\u00e3o dos recursos garantidos pela Emenda n\u00ba 201 ao Projeto de Lei n\u00ba 1.576\/2025, que integra a Lei Or\u00e7ament\u00e1ria Anual (LOA) de 2026.<\/p>\n\n\n\n<p>De autoria do parlamentar, a emenda garante a destina\u00e7\u00e3o de R$ 100 milh\u00f5es exclusivamente para pol\u00edticas habitacionais, com foco na implanta\u00e7\u00e3o de loteamentos populares em Mato Grosso, com o objetivo de ampliar o acesso ao primeiro im\u00f3vel e reduzir o d\u00e9ficit habitacional. A proposta foi aprovada em segunda vota\u00e7\u00e3o durante sess\u00e3o extraordin\u00e1ria em plen\u00e1rio e, com isso, o Projeto da LOA 2026 segue agora para san\u00e7\u00e3o do Governo de Mato Grosso.<\/p>\n\n\n\n<p>Segundo Wilson Santos, a reuni\u00e3o da CST ser\u00e1 fundamental para aprofundar o debate sobre a execu\u00e7\u00e3o da emenda, definir estrat\u00e9gias e discutir mecanismos que garantam que os recursos cheguem, de forma eficiente e transparente, \u00e0 popula\u00e7\u00e3o que mais necessita. \u201cA aprova\u00e7\u00e3o da emenda \u00e9 uma conquista importante, mas agora o desafio \u00e9 transformar esse investimento em moradia digna, com planejamento e responsabilidade\u201d, afirmou.<\/p>\n\n\n\n<p>A CST da Moradia Popular re\u00fane representantes do poder p\u00fablico, movimentos sociais, entidades e especialistas, e tem como miss\u00e3o construir propostas e solu\u00e7\u00f5es voltadas ao fortalecimento das pol\u00edticas habitacionais no estado.<\/p>\n\n\n\n<p><strong>SERVI\u00c7O<\/strong><\/p>\n\n\n\n<p><strong>Pauta:<\/strong> Debate sobre a destina\u00e7\u00e3o e a aplica\u00e7\u00e3o dos R$ 100 milh\u00f5es assegurados pela Emenda n\u00ba 201 \u00e0 LOA 2026 para pol\u00edticas de habita\u00e7\u00e3o popular<\/p>\n\n\n\n<p><strong>Local: <\/strong>Assembleia Legislativa de Mato Grosso (ALMT), em Cuiab\u00e1<\/p>\n\n\n\n<p><strong>Hor\u00e1rio:<\/strong> 14 horas, nesta ter\u00e7a-feira (30)<\/p>\n\n\n\n<p><strong>Informa\u00e7\u00f5es: <\/strong>Assessoria de Imprensa &#8211; Samantha dos Anjos 065 99639 9715<\/p>\n","protected":false},"excerpt":{"rendered":"<p>A Assembleia Legislativa de Mato Grosso (ALMT), por meio do deputado estadual Wilson Santos (PSD), presidente da C\u00e2mara Setorial Tem\u00e1tica (CST) da Moradia Popular, realiza nesta ter\u00e7a-feira (30), \u00e0s 14 horas, uma reuni\u00e3o para debater a import\u00e2ncia, os crit\u00e9rios e a aplica\u00e7\u00e3o dos recursos garantidos pela Emenda n\u00ba 201 ao Projeto de Lei n\u00ba 1.576\/2025, [&hellip;]<\/p>\n","protected":false},"author":4,"featured_media":2119,"comment_status":"closed","ping_status":"open","sticky":false,"template":"","format":"standard","meta":{"footnotes":""},"categories":[13],"tags":[],"yoast_head":"<!-- This site is optimized with the Yoast SEO Premium plugin v21.5 (Yoast SEO v21.4) - https:\/\/yoast.com\/wordpress\/plugins\/seo\/ -->\n<title>ALMT debate a aplica\u00e7\u00e3o de R$ 100 mi na habita\u00e7\u00e3o popular de MT, nesta ter\u00e7a (30) - wilsonsantosmt.com.br<\/title>\n<meta name=\"robots\" content=\"index, follow, max-snippet:-1, max-image-preview:large, max-video-preview:-1\" \/>\n<link rel=\"canonical\" href=\"https:\/\/wilsonsantosmt.com.br\/index.php\/2025\/12\/29\/almt-debate-a-aplicacao-de-r-100-mi-na-habitacao-popular-de-mt-nesta-terca-30\/\" \/>\n<meta property=\"og:locale\" content=\"pt_BR\" \/>\n<meta property=\"og:type\" content=\"article\" \/>\n<meta property=\"og:title\" content=\"ALMT debate a aplica\u00e7\u00e3o de R$ 100 mi na habita\u00e7\u00e3o popular de MT, nesta ter\u00e7a (30)\" \/>\n<meta property=\"og:description\" content=\"A Assembleia Legislativa de Mato Grosso (ALMT), por meio do deputado estadual Wilson Santos (PSD), presidente da C\u00e2mara Setorial Tem\u00e1tica (CST) da Moradia Popular, realiza nesta ter\u00e7a-feira (30), \u00e0s 14 horas, uma reuni\u00e3o para debater a import\u00e2ncia, os crit\u00e9rios e a aplica\u00e7\u00e3o dos recursos garantidos pela Emenda n\u00ba 201 ao Projeto de Lei n\u00ba 1.576\/2025, [&hellip;]\" \/>\n<meta property=\"og:url\" content=\"https:\/\/wilsonsantosmt.com.br\/index.php\/2025\/12\/29\/almt-debate-a-aplicacao-de-r-100-mi-na-habitacao-popular-de-mt-nesta-terca-30\/\" \/>\n<meta property=\"og:site_name\" content=\"wilsonsantosmt.com.br\" \/>\n<meta property=\"article:publisher\" content=\"https:\/\/www.facebook.com\/WilsonSantosMT\/\" \/>\n<meta property=\"article:published_time\" content=\"2025-12-29T17:21:44+00:00\" \/>\n<meta property=\"article:modified_time\" content=\"2025-12-29T17:21:45+00:00\" \/>\n<meta property=\"og:image\" content=\"http:\/\/wilsonsantosmt.com.br\/wp-content\/uploads\/2025\/12\/IMG-20251229-WA0107.jpg\" \/>\n\t<meta property=\"og:image:width\" content=\"1424\" \/>\n\t<meta property=\"og:image:height\" content=\"889\" \/>\n\t<meta property=\"og:image:type\" content=\"image\/jpeg\" \/>\n<meta name=\"author\" content=\"Samantha dos Anjos\" \/>\n<meta name=\"twitter:card\" content=\"summary_large_image\" \/>\n<meta name=\"twitter:label1\" content=\"Escrito por\" \/>\n\t<meta name=\"twitter:data1\" content=\"Samantha dos Anjos\" \/>\n\t<meta name=\"twitter:label2\" content=\"Est. tempo de leitura\" \/>\n\t<meta name=\"twitter:data2\" content=\"2 minutos\" \/>\n<script type=\"application\/ld+json\" class=\"yoast-schema-graph\">{\"@context\":\"https:\/\/schema.org\",\"@graph\":[{\"@type\":\"Article\",\"@id\":\"https:\/\/wilsonsantosmt.com.br\/index.php\/2025\/12\/29\/almt-debate-a-aplicacao-de-r-100-mi-na-habitacao-popular-de-mt-nesta-terca-30\/#article\",\"isPartOf\":{\"@id\":\"https:\/\/wilsonsantosmt.com.br\/index.php\/2025\/12\/29\/almt-debate-a-aplicacao-de-r-100-mi-na-habitacao-popular-de-mt-nesta-terca-30\/\"},\"author\":{\"name\":\"Samantha dos Anjos\",\"@id\":\"https:\/\/wilsonsantosmt.com.br\/#\/schema\/person\/1d097ee45f526dd0455dbad8c679932c\"},\"headline\":\"ALMT debate a aplica\u00e7\u00e3o de R$ 100 mi na habita\u00e7\u00e3o popular de MT, nesta ter\u00e7a (30)\",\"datePublished\":\"2025-12-29T17:21:44+00:00\",\"dateModified\":\"2025-12-29T17:21:45+00:00\",\"mainEntityOfPage\":{\"@id\":\"https:\/\/wilsonsantosmt.com.br\/index.php\/2025\/12\/29\/almt-debate-a-aplicacao-de-r-100-mi-na-habitacao-popular-de-mt-nesta-terca-30\/\"},\"wordCount\":318,\"publisher\":{\"@id\":\"https:\/\/wilsonsantosmt.com.br\/#\/schema\/person\/9de3c54961637a9eadb16bcbf895b1ef\"},\"articleSection\":[\"Not\u00edcias\"],\"inLanguage\":\"pt-BR\"},{\"@type\":\"WebPage\",\"@id\":\"https:\/\/wilsonsantosmt.com.br\/index.php\/2025\/12\/29\/almt-debate-a-aplicacao-de-r-100-mi-na-habitacao-popular-de-mt-nesta-terca-30\/\",\"url\":\"https:\/\/wilsonsantosmt.com.br\/index.php\/2025\/12\/29\/almt-debate-a-aplicacao-de-r-100-mi-na-habitacao-popular-de-mt-nesta-terca-30\/\",\"name\":\"ALMT debate a aplica\u00e7\u00e3o de R$ 100 mi na habita\u00e7\u00e3o popular de MT, nesta ter\u00e7a (30) - wilsonsantosmt.com.br\",\"isPartOf\":{\"@id\":\"https:\/\/wilsonsantosmt.com.br\/#website\"},\"datePublished\":\"2025-12-29T17:21:44+00:00\",\"dateModified\":\"2025-12-29T17:21:45+00:00\",\"breadcrumb\":{\"@id\":\"https:\/\/wilsonsantosmt.com.br\/index.php\/2025\/12\/29\/almt-debate-a-aplicacao-de-r-100-mi-na-habitacao-popular-de-mt-nesta-terca-30\/#breadcrumb\"},\"inLanguage\":\"pt-BR\",\"potentialAction\":[{\"@type\":\"ReadAction\",\"target\":[\"https:\/\/wilsonsantosmt.com.br\/index.php\/2025\/12\/29\/almt-debate-a-aplicacao-de-r-100-mi-na-habitacao-popular-de-mt-nesta-terca-30\/\"]}]},{\"@type\":\"BreadcrumbList\",\"@id\":\"https:\/\/wilsonsantosmt.com.br\/index.php\/2025\/12\/29\/almt-debate-a-aplicacao-de-r-100-mi-na-habitacao-popular-de-mt-nesta-terca-30\/#breadcrumb\",\"itemListElement\":[{\"@type\":\"ListItem\",\"position\":1,\"name\":\"In\u00edcio\",\"item\":\"https:\/\/wilsonsantosmt.com.br\/\"},{\"@type\":\"ListItem\",\"position\":2,\"name\":\"Not\u00edcias\",\"item\":\"https:\/\/wilsonsantosmt.com.br\/index.php\/category\/noticias\/\"},{\"@type\":\"ListItem\",\"position\":3,\"name\":\"ALMT debate a aplica\u00e7\u00e3o de R$ 100 mi na habita\u00e7\u00e3o popular de MT, nesta ter\u00e7a (30)\"}]},{\"@type\":\"WebSite\",\"@id\":\"https:\/\/wilsonsantosmt.com.br\/#website\",\"url\":\"https:\/\/wilsonsantosmt.com.br\/\",\"name\":\"wilsonsantosmt.com.br\",\"description\":\"\",\"publisher\":{\"@id\":\"https:\/\/wilsonsantosmt.com.br\/#\/schema\/person\/9de3c54961637a9eadb16bcbf895b1ef\"},\"potentialAction\":[{\"@type\":\"SearchAction\",\"target\":{\"@type\":\"EntryPoint\",\"urlTemplate\":\"https:\/\/wilsonsantosmt.com.br\/?s={search_term_string}\"},\"query-input\":\"required name=search_term_string\"}],\"inLanguage\":\"pt-BR\"},{\"@type\":[\"Person\",\"Organization\"],\"@id\":\"https:\/\/wilsonsantosmt.com.br\/#\/schema\/person\/9de3c54961637a9eadb16bcbf895b1ef\",\"name\":\"Wilson Santos\",\"image\":{\"@type\":\"ImageObject\",\"inLanguage\":\"pt-BR\",\"@id\":\"https:\/\/wilsonsantosmt.com.br\/#\/schema\/person\/image\/\",\"url\":\"https:\/\/wilsonsantosmt.com.br\/wp-content\/uploads\/2023\/11\/310828673_653254583023360_8795459643194608438_n.jpg\",\"contentUrl\":\"https:\/\/wilsonsantosmt.com.br\/wp-content\/uploads\/2023\/11\/310828673_653254583023360_8795459643194608438_n.jpg\",\"width\":1078,\"height\":1079,\"caption\":\"Wilson Santos\"},\"logo\":{\"@id\":\"https:\/\/wilsonsantosmt.com.br\/#\/schema\/person\/image\/\"},\"sameAs\":[\"http:\/\/wilsonsantosmt.com.br\",\"https:\/\/www.facebook.com\/WilsonSantosMT\/\",\"https:\/\/www.instagram.com\/wilsonsantosmt\/\",\"https:\/\/www.youtube.com\/@WilsonSantosWS\/videos\",\"https:\/\/pt.wikipedia.org\/wiki\/Wilson_Santos\"],\"honorificPrefix\":\"Sr\",\"gender\":\"masculino\",\"jobTitle\":\"Deputado Estadual\",\"worksFor\":\"Assembleia Legislativa de Mato Grosso\"},{\"@type\":\"Person\",\"@id\":\"https:\/\/wilsonsantosmt.com.br\/#\/schema\/person\/1d097ee45f526dd0455dbad8c679932c\",\"name\":\"Samantha dos Anjos\",\"image\":{\"@type\":\"ImageObject\",\"inLanguage\":\"pt-BR\",\"@id\":\"https:\/\/wilsonsantosmt.com.br\/#\/schema\/person\/image\/\",\"url\":\"https:\/\/secure.gravatar.com\/avatar\/7d8d0b6dd67d134a9fa841bee90c57c7?s=96&d=mm&r=g\",\"contentUrl\":\"https:\/\/secure.gravatar.com\/avatar\/7d8d0b6dd67d134a9fa841bee90c57c7?s=96&d=mm&r=g\",\"caption\":\"Samantha dos Anjos\"},\"url\":\"https:\/\/wilsonsantosmt.com.br\/index.php\/author\/samantha-dos-anjos\/\"}]}<\/script>\n<!-- \/ Yoast SEO Premium plugin. -->","yoast_head_json":{"title":"ALMT debate a aplica\u00e7\u00e3o de R$ 100 mi na habita\u00e7\u00e3o popular de MT, nesta ter\u00e7a (30) - wilsonsantosmt.com.br","robots":{"index":"index","follow":"follow","max-snippet":"max-snippet:-1","max-image-preview":"max-image-preview:large","max-video-preview":"max-video-preview:-1"},"canonical":"https:\/\/wilsonsantosmt.com.br\/index.php\/2025\/12\/29\/almt-debate-a-aplicacao-de-r-100-mi-na-habitacao-popular-de-mt-nesta-terca-30\/","og_locale":"pt_BR","og_type":"article","og_title":"ALMT debate a aplica\u00e7\u00e3o de R$ 100 mi na habita\u00e7\u00e3o popular de MT, nesta ter\u00e7a (30)","og_description":"A Assembleia Legislativa de Mato Grosso (ALMT), por meio do deputado estadual Wilson Santos (PSD), presidente da C\u00e2mara Setorial Tem\u00e1tica (CST) da Moradia Popular, realiza nesta ter\u00e7a-feira (30), \u00e0s 14 horas, uma reuni\u00e3o para debater a import\u00e2ncia, os crit\u00e9rios e a aplica\u00e7\u00e3o dos recursos garantidos pela Emenda n\u00ba 201 ao Projeto de Lei n\u00ba 1.576\/2025, [&hellip;]","og_url":"https:\/\/wilsonsantosmt.com.br\/index.php\/2025\/12\/29\/almt-debate-a-aplicacao-de-r-100-mi-na-habitacao-popular-de-mt-nesta-terca-30\/","og_site_name":"wilsonsantosmt.com.br","article_publisher":"https:\/\/www.facebook.com\/WilsonSantosMT\/","article_published_time":"2025-12-29T17:21:44+00:00","article_modified_time":"2025-12-29T17:21:45+00:00","og_image":[{"width":1424,"height":889,"url":"http:\/\/wilsonsantosmt.com.br\/wp-content\/uploads\/2025\/12\/IMG-20251229-WA0107.jpg","type":"image\/jpeg"}],"author":"Samantha dos Anjos","twitter_card":"summary_large_image","twitter_misc":{"Escrito por":"Samantha dos Anjos","Est. tempo de leitura":"2 minutos"},"schema":{"@context":"https:\/\/schema.org","@graph":[{"@type":"Article","@id":"https:\/\/wilsonsantosmt.com.br\/index.php\/2025\/12\/29\/almt-debate-a-aplicacao-de-r-100-mi-na-habitacao-popular-de-mt-nesta-terca-30\/#article","isPartOf":{"@id":"https:\/\/wilsonsantosmt.com.br\/index.php\/2025\/12\/29\/almt-debate-a-aplicacao-de-r-100-mi-na-habitacao-popular-de-mt-nesta-terca-30\/"},"author":{"name":"Samantha dos Anjos","@id":"https:\/\/wilsonsantosmt.com.br\/#\/schema\/person\/1d097ee45f526dd0455dbad8c679932c"},"headline":"ALMT debate a aplica\u00e7\u00e3o de R$ 100 mi na habita\u00e7\u00e3o popular de MT, nesta ter\u00e7a (30)","datePublished":"2025-12-29T17:21:44+00:00","dateModified":"2025-12-29T17:21:45+00:00","mainEntityOfPage":{"@id":"https:\/\/wilsonsantosmt.com.br\/index.php\/2025\/12\/29\/almt-debate-a-aplicacao-de-r-100-mi-na-habitacao-popular-de-mt-nesta-terca-30\/"},"wordCount":318,"publisher":{"@id":"https:\/\/wilsonsantosmt.com.br\/#\/schema\/person\/9de3c54961637a9eadb16bcbf895b1ef"},"articleSection":["Not\u00edcias"],"inLanguage":"pt-BR"},{"@type":"WebPage","@id":"https:\/\/wilsonsantosmt.com.br\/index.php\/2025\/12\/29\/almt-debate-a-aplicacao-de-r-100-mi-na-habitacao-popular-de-mt-nesta-terca-30\/","url":"https:\/\/wilsonsantosmt.com.br\/index.php\/2025\/12\/29\/almt-debate-a-aplicacao-de-r-100-mi-na-habitacao-popular-de-mt-nesta-terca-30\/","name":"ALMT debate a aplica\u00e7\u00e3o de R$ 100 mi na habita\u00e7\u00e3o popular de MT, nesta ter\u00e7a (30) - wilsonsantosmt.com.br","isPartOf":{"@id":"https:\/\/wilsonsantosmt.com.br\/#website"},"datePublished":"2025-12-29T17:21:44+00:00","dateModified":"2025-12-29T17:21:45+00:00","breadcrumb":{"@id":"https:\/\/wilsonsantosmt.com.br\/index.php\/2025\/12\/29\/almt-debate-a-aplicacao-de-r-100-mi-na-habitacao-popular-de-mt-nesta-terca-30\/#breadcrumb"},"inLanguage":"pt-BR","potentialAction":[{"@type":"ReadAction","target":["https:\/\/wilsonsantosmt.com.br\/index.php\/2025\/12\/29\/almt-debate-a-aplicacao-de-r-100-mi-na-habitacao-popular-de-mt-nesta-terca-30\/"]}]},{"@type":"BreadcrumbList","@id":"https:\/\/wilsonsantosmt.com.br\/index.php\/2025\/12\/29\/almt-debate-a-aplicacao-de-r-100-mi-na-habitacao-popular-de-mt-nesta-terca-30\/#breadcrumb","itemListElement":[{"@type":"ListItem","position":1,"name":"In\u00edcio","item":"https:\/\/wilsonsantosmt.com.br\/"},{"@type":"ListItem","position":2,"name":"Not\u00edcias","item":"https:\/\/wilsonsantosmt.com.br\/index.php\/category\/noticias\/"},{"@type":"ListItem","position":3,"name":"ALMT debate a aplica\u00e7\u00e3o de R$ 100 mi na habita\u00e7\u00e3o popular de MT, nesta ter\u00e7a (30)"}]},{"@type":"WebSite","@id":"https:\/\/wilsonsantosmt.com.br\/#website","url":"https:\/\/wilsonsantosmt.com.br\/","name":"wilsonsantosmt.com.br","description":"","publisher":{"@id":"https:\/\/wilsonsantosmt.com.br\/#\/schema\/person\/9de3c54961637a9eadb16bcbf895b1ef"},"potentialAction":[{"@type":"SearchAction","target":{"@type":"EntryPoint","urlTemplate":"https:\/\/wilsonsantosmt.com.br\/?s={search_term_string}"},"query-input":"required name=search_term_string"}],"inLanguage":"pt-BR"},{"@type":["Person","Organization"],"@id":"https:\/\/wilsonsantosmt.com.br\/#\/schema\/person\/9de3c54961637a9eadb16bcbf895b1ef","name":"Wilson Santos","image":{"@type":"ImageObject","inLanguage":"pt-BR","@id":"https:\/\/wilsonsantosmt.com.br\/#\/schema\/person\/image\/","url":"https:\/\/wilsonsantosmt.com.br\/wp-content\/uploads\/2023\/11\/310828673_653254583023360_8795459643194608438_n.jpg","contentUrl":"https:\/\/wilsonsantosmt.com.br\/wp-content\/uploads\/2023\/11\/310828673_653254583023360_8795459643194608438_n.jpg","width":1078,"height":1079,"caption":"Wilson Santos"},"logo":{"@id":"https:\/\/wilsonsantosmt.com.br\/#\/schema\/person\/image\/"},"sameAs":["http:\/\/wilsonsantosmt.com.br","https:\/\/www.facebook.com\/WilsonSantosMT\/","https:\/\/www.instagram.com\/wilsonsantosmt\/","https:\/\/www.youtube.com\/@WilsonSantosWS\/videos","https:\/\/pt.wikipedia.org\/wiki\/Wilson_Santos"],"honorificPrefix":"Sr","gender":"masculino","jobTitle":"Deputado Estadual","worksFor":"Assembleia Legislativa de Mato Grosso"},{"@type":"Person","@id":"https:\/\/wilsonsantosmt.com.br\/#\/schema\/person\/1d097ee45f526dd0455dbad8c679932c","name":"Samantha dos Anjos","image":{"@type":"ImageObject","inLanguage":"pt-BR","@id":"https:\/\/wilsonsantosmt.com.br\/#\/schema\/person\/image\/","url":"https:\/\/secure.gravatar.com\/avatar\/7d8d0b6dd67d134a9fa841bee90c57c7?s=96&d=mm&r=g","contentUrl":"https:\/\/secure.gravatar.com\/avatar\/7d8d0b6dd67d134a9fa841bee90c57c7?s=96&d=mm&r=g","caption":"Samantha dos Anjos"},"url":"https:\/\/wilsonsantosmt.com.br\/index.php\/author\/samantha-dos-anjos\/"}]}},"_links":{"self":[{"href":"https:\/\/wilsonsantosmt.com.br\/index.php\/wp-json\/wp\/v2\/posts\/2121"}],"collection":[{"href":"https:\/\/wilsonsantosmt.com.br\/index.php\/wp-json\/wp\/v2\/posts"}],"about":[{"href":"https:\/\/wilsonsantosmt.com.br\/index.php\/wp-json\/wp\/v2\/types\/post"}],"author":[{"embeddable":true,"href":"https:\/\/wilsonsantosmt.com.br\/index.php\/wp-json\/wp\/v2\/users\/4"}],"replies":[{"embeddable":true,"href":"https:\/\/wilsonsantosmt.com.br\/index.php\/wp-json\/wp\/v2\/comments?post=2121"}],"version-history":[{"count":1,"href":"https:\/\/wilsonsantosmt.com.br\/index.php\/wp-json\/wp\/v2\/posts\/2121\/revisions"}],"predecessor-version":[{"id":2122,"href":"https:\/\/wilsonsantosmt.com.br\/index.php\/wp-json\/wp\/v2\/posts\/2121\/revisions\/2122"}],"wp:featuredmedia":[{"embeddable":true,"href":"https:\/\/wilsonsantosmt.com.br\/index.php\/wp-json\/wp\/v2\/media\/2119"}],"wp:attachment":[{"href":"https:\/\/wilsonsantosmt.com.br\/index.php\/wp-json\/wp\/v2\/media?parent=2121"}],"wp:term":[{"taxonomy":"category","embeddable":true,"href":"https:\/\/wilsonsantosmt.com.br\/index.php\/wp-json\/wp\/v2\/categories?post=2121"},{"taxonomy":"post_tag","embeddable":true,"href":"https:\/\/wilsonsantosmt.com.br\/index.php\/wp-json\/wp\/v2\/tags?post=2121"}],"curies":[{"name":"wp","href":"https:\/\/api.w.org\/{rel}","templated":true}]}}