{"id":2124,"date":"2025-12-30T06:44:08","date_gmt":"2025-12-30T10:44:08","guid":{"rendered":"https:\/\/wilsonsantosmt.com.br\/?p=2124"},"modified":"2025-12-30T15:44:43","modified_gmt":"2025-12-30T19:44:43","slug":"wilson-santos-consolida-protagonismo-politico-em-2025-com-atuacao-propositiva-e-de-resultados","status":"publish","type":"post","link":"https:\/\/wilsonsantosmt.com.br\/index.php\/2025\/12\/30\/wilson-santos-consolida-protagonismo-politico-em-2025-com-atuacao-propositiva-e-de-resultados\/","title":{"rendered":"Wilson Santos consolida protagonismo pol\u00edtico em 2025 com atua\u00e7\u00e3o propositiva e de resultados"},"content":{"rendered":"\n<p><\/p>\n\n\n\n<p>O ano de 2025 foi marcado por uma atua\u00e7\u00e3o intensa, propositiva e diversificada do deputado estadual Wilson Santos (PSD) na Assembleia Legislativa de Mato Grosso. Com um mandato pautado no campo social e pela defesa dos interesses coletivos, ele esteve em diferentes frentes ao priorizar pol\u00edticas p\u00fablicas voltadas \u00e0 inclus\u00e3o social, ao desenvolvimento regional e \u00e0 melhoria nas condi\u00e7\u00f5es de vida da popula\u00e7\u00e3o mato-grossense, especialmente dos que mais necessitam da presen\u00e7a do Estado.<\/p>\n\n\n\n<p>Na \u00e1rea da habita\u00e7\u00e3o, o parlamentar defendeu mais investimentos e de pol\u00edticas estruturantes que garantam moradia digna \u00e0s fam\u00edlias de baixa renda. Entre as propostas de destaque est\u00e1 o projeto de lei \u201cMeu Lote, Minha Vida\u201d, que busca assegurar acesso \u00e0 terra urbanizada e promover a regulariza\u00e7\u00e3o fundi\u00e1ria. Ele tamb\u00e9m foi enf\u00e1tico ao cobrar o cumprimento da Lei do Fethab, em que denunciou que os 20% dos recursos determinados n\u00e3o foram destinados \u00e0 habita\u00e7\u00e3o e que o Governo do Estado n\u00e3o chega a aplicar 1% do fundo nessa \u00e1rea, o que compromete o enfrentamento do d\u00e9ficit habitacional em Mato Grosso.<\/p>\n\n\n\n<figure class=\"wp-block-image size-large\"><img fetchpriority=\"high\" decoding=\"async\" width=\"1024\" height=\"576\" src=\"http:\/\/wilsonsantosmt.com.br\/wp-content\/uploads\/2025\/12\/WhatsApp-Image-2025-12-30-at-07.00.55-1024x576.jpeg\" alt=\"\" class=\"wp-image-2125\" srcset=\"https:\/\/wilsonsantosmt.com.br\/wp-content\/uploads\/2025\/12\/WhatsApp-Image-2025-12-30-at-07.00.55-1024x576.jpeg 1024w, https:\/\/wilsonsantosmt.com.br\/wp-content\/uploads\/2025\/12\/WhatsApp-Image-2025-12-30-at-07.00.55-300x169.jpeg 300w, https:\/\/wilsonsantosmt.com.br\/wp-content\/uploads\/2025\/12\/WhatsApp-Image-2025-12-30-at-07.00.55-768x432.jpeg 768w, https:\/\/wilsonsantosmt.com.br\/wp-content\/uploads\/2025\/12\/WhatsApp-Image-2025-12-30-at-07.00.55-600x338.jpeg 600w, https:\/\/wilsonsantosmt.com.br\/wp-content\/uploads\/2025\/12\/WhatsApp-Image-2025-12-30-at-07.00.55.jpeg 1280w\" sizes=\"(max-width: 1024px) 100vw, 1024px\" \/><\/figure>\n\n\n\n<p><\/p>\n\n\n\n<p>Antes de encerrar o ano, Wilson Santos garantiu a emenda de n.\u00b0 201 ao Projeto de Lei n\u00ba 1.576\/2025, que trata da Lei Or\u00e7ament\u00e1ria Anual (LOA) de 2026, que assegura R$ 100 milh\u00f5es exclusivamente para pol\u00edticas habitacionais, com foco na implanta\u00e7\u00e3o de loteamentos populares, visando ampliar o acesso ao primeiro im\u00f3vel e reduzir o d\u00e9ficit habitacional no estado. A proposta segue para san\u00e7\u00e3o governamental.<\/p>\n\n\n\n<p>Em defesa dos servidores p\u00fablicos estaduais, o deputado intensificou o enfrentamento aos abusos praticados no sistema de empr\u00e9stimos consignados, que levaram milhares de trabalhadores ao superendividamento. Al\u00e9m da atua\u00e7\u00e3o legislativa, ele articulou debates e encaminhamentos junto a \u00f3rg\u00e3os de controle e institui\u00e7\u00f5es, como o Tribunal de Contas do Estado (TCE), o Minist\u00e9rio P\u00fablico Estadual (MPE), o Banco do Brasil, al\u00e9m de lideran\u00e7as sindicais e representa\u00e7\u00f5es da categoria, com o objetivo de apurar irregularidades, propor mudan\u00e7as e construir solu\u00e7\u00f5es que garantam mais transpar\u00eancia, seguran\u00e7a e prote\u00e7\u00e3o \u00e0 renda dos agentes p\u00fablicos ativos, inativos e pensionistas.<\/p>\n\n\n<div class=\"wp-block-image\">\n<figure class=\"aligncenter size-large\"><img decoding=\"async\" width=\"1024\" height=\"576\" src=\"http:\/\/wilsonsantosmt.com.br\/wp-content\/uploads\/2025\/06\/WhatsApp-Image-2025-06-05-at-17.03.49-1024x576.jpeg\" alt=\"\" class=\"wp-image-1598\" srcset=\"https:\/\/wilsonsantosmt.com.br\/wp-content\/uploads\/2025\/06\/WhatsApp-Image-2025-06-05-at-17.03.49-1024x576.jpeg 1024w, https:\/\/wilsonsantosmt.com.br\/wp-content\/uploads\/2025\/06\/WhatsApp-Image-2025-06-05-at-17.03.49-300x169.jpeg 300w, https:\/\/wilsonsantosmt.com.br\/wp-content\/uploads\/2025\/06\/WhatsApp-Image-2025-06-05-at-17.03.49-768x432.jpeg 768w, https:\/\/wilsonsantosmt.com.br\/wp-content\/uploads\/2025\/06\/WhatsApp-Image-2025-06-05-at-17.03.49-1536x864.jpeg 1536w, https:\/\/wilsonsantosmt.com.br\/wp-content\/uploads\/2025\/06\/WhatsApp-Image-2025-06-05-at-17.03.49-600x338.jpeg 600w, https:\/\/wilsonsantosmt.com.br\/wp-content\/uploads\/2025\/06\/WhatsApp-Image-2025-06-05-at-17.03.49.jpeg 1600w\" sizes=\"(max-width: 1024px) 100vw, 1024px\" \/><\/figure><\/div>\n\n\n<p><\/p>\n\n\n\n<p>Na luta pelos pescadores artesanais, essa foi uma das pautas mais sens\u00edveis de Wilson Santos que seguiu cobrando provid\u00eancias diante dos impactos sociais provocados pela execu\u00e7\u00e3o, h\u00e1 dois anos, da Lei da Pesca em Mato Grosso, que atingiu duramente comunidades ribeirinhas. Ele denunciou o agravamento da mis\u00e9ria e da inseguran\u00e7a alimentar e refor\u00e7ou a necessidade de pagar o seguro-defeso &#8211; em atraso &#8211; durante o per\u00edodo da piracema, que iniciou em 1\u00ba de outubro e estende at\u00e9 31 de janeiro de 2026, como forma de garantir a subsist\u00eancia das fam\u00edlias enquanto a atividade pesqueira \u00e9 interrompida.<\/p>\n\n\n<div class=\"wp-block-image\">\n<figure class=\"aligncenter size-large\"><img decoding=\"async\" width=\"1024\" height=\"576\" src=\"http:\/\/wilsonsantosmt.com.br\/wp-content\/uploads\/2025\/05\/WhatsApp-Image-2025-05-05-at-08.52.25-1024x576.jpeg\" alt=\"\" class=\"wp-image-1490\" srcset=\"https:\/\/wilsonsantosmt.com.br\/wp-content\/uploads\/2025\/05\/WhatsApp-Image-2025-05-05-at-08.52.25-1024x576.jpeg 1024w, https:\/\/wilsonsantosmt.com.br\/wp-content\/uploads\/2025\/05\/WhatsApp-Image-2025-05-05-at-08.52.25-300x169.jpeg 300w, https:\/\/wilsonsantosmt.com.br\/wp-content\/uploads\/2025\/05\/WhatsApp-Image-2025-05-05-at-08.52.25-768x432.jpeg 768w, https:\/\/wilsonsantosmt.com.br\/wp-content\/uploads\/2025\/05\/WhatsApp-Image-2025-05-05-at-08.52.25-1536x864.jpeg 1536w, https:\/\/wilsonsantosmt.com.br\/wp-content\/uploads\/2025\/05\/WhatsApp-Image-2025-05-05-at-08.52.25-600x338.jpeg 600w, https:\/\/wilsonsantosmt.com.br\/wp-content\/uploads\/2025\/05\/WhatsApp-Image-2025-05-05-at-08.52.25.jpeg 1600w\" sizes=\"(max-width: 1024px) 100vw, 1024px\" \/><\/figure><\/div>\n\n\n<p><\/p>\n\n\n\n<p>Na agricultura familiar, o parlamentar acompanhou de perto importantes investimentos do Governo Federal voltados ao fortalecimento do pequeno produtor rural. Entre as a\u00e7\u00f5es, destacou-se a entrega de maquin\u00e1rios agr\u00edcolas que beneficiaram 142 munic\u00edpios de Mato Grosso, ampliando a capacidade produtiva das comunidades rurais. Ele tamb\u00e9m apoiou programas como o \u201cSolo Vivo\u201d, que possibilita a corre\u00e7\u00e3o do solo e permite que pequenos agricultores tenham melhores condi\u00e7\u00f5es de produ\u00e7\u00e3o, renda e perman\u00eancia no campo.<\/p>\n\n\n<div class=\"wp-block-image\">\n<figure class=\"aligncenter size-large\"><img loading=\"lazy\" decoding=\"async\" width=\"1024\" height=\"576\" src=\"http:\/\/wilsonsantosmt.com.br\/wp-content\/uploads\/2025\/05\/WhatsApp-Image-2025-05-26-at-09.25.04-1024x576.jpeg\" alt=\"\" class=\"wp-image-1549\" srcset=\"https:\/\/wilsonsantosmt.com.br\/wp-content\/uploads\/2025\/05\/WhatsApp-Image-2025-05-26-at-09.25.04-1024x576.jpeg 1024w, https:\/\/wilsonsantosmt.com.br\/wp-content\/uploads\/2025\/05\/WhatsApp-Image-2025-05-26-at-09.25.04-300x169.jpeg 300w, https:\/\/wilsonsantosmt.com.br\/wp-content\/uploads\/2025\/05\/WhatsApp-Image-2025-05-26-at-09.25.04-768x432.jpeg 768w, https:\/\/wilsonsantosmt.com.br\/wp-content\/uploads\/2025\/05\/WhatsApp-Image-2025-05-26-at-09.25.04-1536x864.jpeg 1536w, https:\/\/wilsonsantosmt.com.br\/wp-content\/uploads\/2025\/05\/WhatsApp-Image-2025-05-26-at-09.25.04-2048x1152.jpeg 2048w, https:\/\/wilsonsantosmt.com.br\/wp-content\/uploads\/2025\/05\/WhatsApp-Image-2025-05-26-at-09.25.04-600x338.jpeg 600w\" sizes=\"(max-width: 1024px) 100vw, 1024px\" \/><\/figure><\/div>\n\n\n<p><\/p>\n\n\n\n<p>A atua\u00e7\u00e3o do deputado tamb\u00e9m se estendeu \u00e0 melhoria da infraestrutura rodovi\u00e1ria, com destaque para a entrega de 57 quil\u00f4metros de asfalto nos trechos das rodovias MT-361 e MT-468, em Santo Ant\u00f4nio de Leverger. A obra, um sonho antigo da popula\u00e7\u00e3o local, especialmente dos moradores da Agrovila das Palmeiras, beneficiou diretamente 17 comunidades rurais e contou com investimentos de R$ 93,1 milh\u00f5es do Governo do Estado, por meio da Secretaria de Infraestrutura e Log\u00edstica (Sinfra). Ele celebrou a conclus\u00e3o da obra ao lado do governador Mauro Mendes (Uni\u00e3o), da prefeita Francielle Magalh\u00e3es (PSB), vereadores, lideran\u00e7as locais e moradores da regi\u00e3o.<\/p>\n\n\n<div class=\"wp-block-image\">\n<figure class=\"aligncenter size-large\"><img loading=\"lazy\" decoding=\"async\" width=\"1024\" height=\"677\" src=\"http:\/\/wilsonsantosmt.com.br\/wp-content\/uploads\/2025\/06\/WhatsApp-Image-2025-06-02-at-08.57.50-1024x677.jpeg\" alt=\"\" class=\"wp-image-1580\" srcset=\"https:\/\/wilsonsantosmt.com.br\/wp-content\/uploads\/2025\/06\/WhatsApp-Image-2025-06-02-at-08.57.50-1024x677.jpeg 1024w, https:\/\/wilsonsantosmt.com.br\/wp-content\/uploads\/2025\/06\/WhatsApp-Image-2025-06-02-at-08.57.50-300x198.jpeg 300w, https:\/\/wilsonsantosmt.com.br\/wp-content\/uploads\/2025\/06\/WhatsApp-Image-2025-06-02-at-08.57.50-768x508.jpeg 768w, https:\/\/wilsonsantosmt.com.br\/wp-content\/uploads\/2025\/06\/WhatsApp-Image-2025-06-02-at-08.57.50-600x397.jpeg 600w, https:\/\/wilsonsantosmt.com.br\/wp-content\/uploads\/2025\/06\/WhatsApp-Image-2025-06-02-at-08.57.50.jpeg 1290w\" sizes=\"(max-width: 1024px) 100vw, 1024px\" \/><\/figure><\/div>\n\n\n<p><\/p>\n\n\n\n<p>No campo da log\u00edstica e do desenvolvimento econ\u00f4mico, Wilson Santos refor\u00e7ou, ao longo de 2025, a defesa hist\u00f3rica da ferrovia como instrumento essencial para o crescimento de Mato Grosso. Tanto que ele participou ativamente de debates que trataram sobre a Ferrogr\u00e3o e a Ferrovia de Integra\u00e7\u00e3o Centro-Oeste (FICO), em que destacou que a aus\u00eancia do modal ferrovi\u00e1rio em Cuiab\u00e1, mesmo ap\u00f3s 150 anos de espera, representa um entrave ao desenvolvimento da capital e da regi\u00e3o metropolitana. Mas, considerou que a expans\u00e3o ferrovi\u00e1ria que prev\u00ea tra\u00e7ados em v\u00e1rios munic\u00edpios mato-grossenses ser\u00e1 estrat\u00e9gica para reduzir custos, melhorar a competitividade e promover um crescimento mais equilibrado no estado.<\/p>\n\n\n<div class=\"wp-block-image\">\n<figure class=\"aligncenter size-large\"><img loading=\"lazy\" decoding=\"async\" width=\"1024\" height=\"683\" src=\"http:\/\/wilsonsantosmt.com.br\/wp-content\/uploads\/2025\/07\/WhatsApp-Image-2025-07-01-at-17.17.46-2-1024x683.jpeg\" alt=\"\" class=\"wp-image-1702\" srcset=\"https:\/\/wilsonsantosmt.com.br\/wp-content\/uploads\/2025\/07\/WhatsApp-Image-2025-07-01-at-17.17.46-2-1024x683.jpeg 1024w, https:\/\/wilsonsantosmt.com.br\/wp-content\/uploads\/2025\/07\/WhatsApp-Image-2025-07-01-at-17.17.46-2-300x200.jpeg 300w, https:\/\/wilsonsantosmt.com.br\/wp-content\/uploads\/2025\/07\/WhatsApp-Image-2025-07-01-at-17.17.46-2-768x512.jpeg 768w, https:\/\/wilsonsantosmt.com.br\/wp-content\/uploads\/2025\/07\/WhatsApp-Image-2025-07-01-at-17.17.46-2-1536x1024.jpeg 1536w, https:\/\/wilsonsantosmt.com.br\/wp-content\/uploads\/2025\/07\/WhatsApp-Image-2025-07-01-at-17.17.46-2-600x400.jpeg 600w, https:\/\/wilsonsantosmt.com.br\/wp-content\/uploads\/2025\/07\/WhatsApp-Image-2025-07-01-at-17.17.46-2.jpeg 1600w\" sizes=\"(max-width: 1024px) 100vw, 1024px\" \/><\/figure><\/div>\n\n\n<p><\/p>\n\n\n\n<p>A pauta da energia el\u00e9trica esteve entre as prioridades do parlamentar, que impulsionou a cria\u00e7\u00e3o de uma comiss\u00e3o especial e integrou um grupo de trabalho respons\u00e1vel pela realiza\u00e7\u00e3o de oito audi\u00eancias p\u00fablicas em diferentes regi\u00f5es de Mato Grosso, ouvindo a popula\u00e7\u00e3o sobre a m\u00e1 qualidade dos servi\u00e7os, quedas constantes de energia, preju\u00edzos econ\u00f4micos e falhas no atendimento ao consumidor. As contribui\u00e7\u00f5es colhidas resultar\u00e3o em um relat\u00f3rio final que ser\u00e1 encaminhado ao Minist\u00e9rio de Minas e Energia (MME), respons\u00e1vel por decidir sobre a renova\u00e7\u00e3o do contrato ou a realiza\u00e7\u00e3o de uma nova licita\u00e7\u00e3o para a concess\u00e3o do servi\u00e7o nos pr\u00f3ximos 30 anos.<\/p>\n\n\n<div class=\"wp-block-image\">\n<figure class=\"aligncenter size-large\"><img loading=\"lazy\" decoding=\"async\" width=\"1024\" height=\"683\" src=\"http:\/\/wilsonsantosmt.com.br\/wp-content\/uploads\/2025\/10\/WhatsApp-Image-2025-10-03-at-15.31.09-1024x683.jpeg\" alt=\"\" class=\"wp-image-1939\" srcset=\"https:\/\/wilsonsantosmt.com.br\/wp-content\/uploads\/2025\/10\/WhatsApp-Image-2025-10-03-at-15.31.09-1024x683.jpeg 1024w, https:\/\/wilsonsantosmt.com.br\/wp-content\/uploads\/2025\/10\/WhatsApp-Image-2025-10-03-at-15.31.09-300x200.jpeg 300w, https:\/\/wilsonsantosmt.com.br\/wp-content\/uploads\/2025\/10\/WhatsApp-Image-2025-10-03-at-15.31.09-768x512.jpeg 768w, https:\/\/wilsonsantosmt.com.br\/wp-content\/uploads\/2025\/10\/WhatsApp-Image-2025-10-03-at-15.31.09-1536x1024.jpeg 1536w, https:\/\/wilsonsantosmt.com.br\/wp-content\/uploads\/2025\/10\/WhatsApp-Image-2025-10-03-at-15.31.09-600x400.jpeg 600w, https:\/\/wilsonsantosmt.com.br\/wp-content\/uploads\/2025\/10\/WhatsApp-Image-2025-10-03-at-15.31.09.jpeg 1600w\" sizes=\"(max-width: 1024px) 100vw, 1024px\" \/><\/figure><\/div>\n\n\n<p><\/p>\n\n\n\n<p>A inclus\u00e3o social seguiu como uma marca no mandato de Wilson Santos que manteve forte a sua atua\u00e7\u00e3o em defesa da comunidade surda e outras defici\u00eancias, das pessoas com dislexia, autismo, transtorno de d\u00e9ficit de aten\u00e7\u00e3o e hiperatividade (TDAH), como outros tipos de diagn\u00f3sticos correlacionados com dificuldades no neurodesenvolvimento. Ao longo de sua trajet\u00f3ria, ele j\u00e1 garantiu cerca de oito leis voltadas \u00e0 dislexia e 15 leis direcionadas ao p\u00fablico autista, fortalecendo pol\u00edticas p\u00fablicas espec\u00edficas, ampliando direitos e promovendo mais acesso a servi\u00e7os especializados, educa\u00e7\u00e3o inclusiva e cidadania.<\/p>\n\n\n<div class=\"wp-block-image\">\n<figure class=\"aligncenter size-large\"><img loading=\"lazy\" decoding=\"async\" width=\"1024\" height=\"683\" src=\"http:\/\/wilsonsantosmt.com.br\/wp-content\/uploads\/2025\/06\/6008b269d5864561d6dcb209314851de67ec5e990b9b5-1024x683.jpg\" alt=\"\" class=\"wp-image-1604\" srcset=\"https:\/\/wilsonsantosmt.com.br\/wp-content\/uploads\/2025\/06\/6008b269d5864561d6dcb209314851de67ec5e990b9b5-1024x683.jpg 1024w, https:\/\/wilsonsantosmt.com.br\/wp-content\/uploads\/2025\/06\/6008b269d5864561d6dcb209314851de67ec5e990b9b5-300x200.jpg 300w, https:\/\/wilsonsantosmt.com.br\/wp-content\/uploads\/2025\/06\/6008b269d5864561d6dcb209314851de67ec5e990b9b5-768x512.jpg 768w, https:\/\/wilsonsantosmt.com.br\/wp-content\/uploads\/2025\/06\/6008b269d5864561d6dcb209314851de67ec5e990b9b5-1536x1024.jpg 1536w, https:\/\/wilsonsantosmt.com.br\/wp-content\/uploads\/2025\/06\/6008b269d5864561d6dcb209314851de67ec5e990b9b5-2048x1365.jpg 2048w, https:\/\/wilsonsantosmt.com.br\/wp-content\/uploads\/2025\/06\/6008b269d5864561d6dcb209314851de67ec5e990b9b5-600x400.jpg 600w\" sizes=\"(max-width: 1024px) 100vw, 1024px\" \/><\/figure><\/div>\n\n\n<p><\/p>\n\n\n\n<p>O compromisso com a popula\u00e7\u00e3o mais vulner\u00e1vel tamb\u00e9m se materializou por meio da realiza\u00e7\u00e3o de oito edi\u00e7\u00f5es do Mutir\u00e3o Social da Cidadania, levando servi\u00e7os essenciais como atendimentos de sa\u00fade, assist\u00eancia social, orienta\u00e7\u00e3o jur\u00eddica, emiss\u00e3o de documentos e encaminhamentos para programas governamentais a bairros e comunidades mais vulner\u00e1veis de V\u00e1rzea Grande e Cuiab\u00e1. Al\u00e9m de tamb\u00e9m proporcionar momentos de divers\u00e3o e intera\u00e7\u00e3o &#8211; principalmente para as crian\u00e7as -, como o projeto \u201cNos limites da Natureza\u201d que leva a realidade e aproxima o p\u00fablico dos biomas Pantanal, Cerrado e Amaz\u00f4nico de Mato Grosso \u2013 em que conta com emenda do parlamentar.<\/p>\n\n\n<div class=\"wp-block-image\">\n<figure class=\"aligncenter size-large\"><img loading=\"lazy\" decoding=\"async\" width=\"1024\" height=\"576\" src=\"http:\/\/wilsonsantosmt.com.br\/wp-content\/uploads\/2025\/12\/WhatsApp-Image-2025-12-30-at-07.01.19-1024x576.jpeg\" alt=\"\" class=\"wp-image-2126\" srcset=\"https:\/\/wilsonsantosmt.com.br\/wp-content\/uploads\/2025\/12\/WhatsApp-Image-2025-12-30-at-07.01.19-1024x576.jpeg 1024w, https:\/\/wilsonsantosmt.com.br\/wp-content\/uploads\/2025\/12\/WhatsApp-Image-2025-12-30-at-07.01.19-300x169.jpeg 300w, https:\/\/wilsonsantosmt.com.br\/wp-content\/uploads\/2025\/12\/WhatsApp-Image-2025-12-30-at-07.01.19-768x432.jpeg 768w, https:\/\/wilsonsantosmt.com.br\/wp-content\/uploads\/2025\/12\/WhatsApp-Image-2025-12-30-at-07.01.19-600x338.jpeg 600w, https:\/\/wilsonsantosmt.com.br\/wp-content\/uploads\/2025\/12\/WhatsApp-Image-2025-12-30-at-07.01.19.jpeg 1280w\" sizes=\"(max-width: 1024px) 100vw, 1024px\" \/><\/figure><\/div>\n\n\n<p><\/p>\n\n\n\n<p>Ao encerrar 2025, Wilson Santos que est\u00e1 em seu d\u00e9cimo mandato na vida p\u00fablica, trajet\u00f3ria marcada pela defesa dos direitos sociais e pela proximidade com a popula\u00e7\u00e3o, j\u00e1 se prepara para intensificar as a\u00e7\u00f5es em 2026 e atuar com o mesmo prop\u00f3sito que o levou \u00e0 pol\u00edtica: trabalhar em favor dos mais humildes e mais necessitados, destacando que o seu trabalho sempre esteve pautado ao interesse coletivo, mantendo o compromisso com um Mato Grosso mais justo e inclusivo para todos.<\/p>\n","protected":false},"excerpt":{"rendered":"<p>O ano de 2025 foi marcado por uma atua\u00e7\u00e3o intensa, propositiva e diversificada do deputado estadual Wilson Santos (PSD) na Assembleia Legislativa de Mato Grosso. Com um mandato pautado no campo social e pela defesa dos interesses coletivos, ele esteve em diferentes frentes ao priorizar pol\u00edticas p\u00fablicas voltadas \u00e0 inclus\u00e3o social, ao desenvolvimento regional e [&hellip;]<\/p>\n","protected":false},"author":4,"featured_media":2127,"comment_status":"closed","ping_status":"open","sticky":false,"template":"","format":"standard","meta":{"footnotes":""},"categories":[13],"tags":[],"yoast_head":"<!-- This site is optimized with the Yoast SEO Premium plugin v21.5 (Yoast SEO v21.4) - https:\/\/yoast.com\/wordpress\/plugins\/seo\/ -->\n<title>Wilson Santos consolida protagonismo pol\u00edtico em 2025 com atua\u00e7\u00e3o propositiva e de resultados - wilsonsantosmt.com.br<\/title>\n<meta name=\"robots\" content=\"index, follow, max-snippet:-1, max-image-preview:large, max-video-preview:-1\" \/>\n<link rel=\"canonical\" href=\"https:\/\/wilsonsantosmt.com.br\/index.php\/2025\/12\/30\/wilson-santos-consolida-protagonismo-politico-em-2025-com-atuacao-propositiva-e-de-resultados\/\" \/>\n<meta property=\"og:locale\" content=\"pt_BR\" \/>\n<meta property=\"og:type\" content=\"article\" \/>\n<meta property=\"og:title\" content=\"Wilson Santos consolida protagonismo pol\u00edtico em 2025 com atua\u00e7\u00e3o propositiva e de resultados\" \/>\n<meta property=\"og:description\" content=\"O ano de 2025 foi marcado por uma atua\u00e7\u00e3o intensa, propositiva e diversificada do deputado estadual Wilson Santos (PSD) na Assembleia Legislativa de Mato Grosso. Com um mandato pautado no campo social e pela defesa dos interesses coletivos, ele esteve em diferentes frentes ao priorizar pol\u00edticas p\u00fablicas voltadas \u00e0 inclus\u00e3o social, ao desenvolvimento regional e [&hellip;]\" \/>\n<meta property=\"og:url\" content=\"https:\/\/wilsonsantosmt.com.br\/index.php\/2025\/12\/30\/wilson-santos-consolida-protagonismo-politico-em-2025-com-atuacao-propositiva-e-de-resultados\/\" \/>\n<meta property=\"og:site_name\" content=\"wilsonsantosmt.com.br\" \/>\n<meta property=\"article:publisher\" content=\"https:\/\/www.facebook.com\/WilsonSantosMT\/\" \/>\n<meta property=\"article:published_time\" content=\"2025-12-30T10:44:08+00:00\" \/>\n<meta property=\"article:modified_time\" content=\"2025-12-30T19:44:43+00:00\" \/>\n<meta property=\"og:image\" content=\"http:\/\/wilsonsantosmt.com.br\/wp-content\/uploads\/2025\/12\/WhatsApp-Image-2025-12-30-at-06.56.22-1.jpeg\" \/>\n\t<meta property=\"og:image:width\" content=\"1600\" \/>\n\t<meta property=\"og:image:height\" content=\"1067\" \/>\n\t<meta property=\"og:image:type\" content=\"image\/jpeg\" \/>\n<meta name=\"author\" content=\"Samantha dos Anjos\" \/>\n<meta name=\"twitter:card\" content=\"summary_large_image\" \/>\n<meta name=\"twitter:label1\" content=\"Escrito por\" \/>\n\t<meta name=\"twitter:data1\" content=\"Samantha dos Anjos\" \/>\n\t<meta name=\"twitter:label2\" content=\"Est. tempo de leitura\" \/>\n\t<meta name=\"twitter:data2\" content=\"8 minutos\" \/>\n<script type=\"application\/ld+json\" class=\"yoast-schema-graph\">{\"@context\":\"https:\/\/schema.org\",\"@graph\":[{\"@type\":\"Article\",\"@id\":\"https:\/\/wilsonsantosmt.com.br\/index.php\/2025\/12\/30\/wilson-santos-consolida-protagonismo-politico-em-2025-com-atuacao-propositiva-e-de-resultados\/#article\",\"isPartOf\":{\"@id\":\"https:\/\/wilsonsantosmt.com.br\/index.php\/2025\/12\/30\/wilson-santos-consolida-protagonismo-politico-em-2025-com-atuacao-propositiva-e-de-resultados\/\"},\"author\":{\"name\":\"Samantha dos Anjos\",\"@id\":\"https:\/\/wilsonsantosmt.com.br\/#\/schema\/person\/1d097ee45f526dd0455dbad8c679932c\"},\"headline\":\"Wilson Santos consolida protagonismo pol\u00edtico em 2025 com atua\u00e7\u00e3o propositiva e de resultados\",\"datePublished\":\"2025-12-30T10:44:08+00:00\",\"dateModified\":\"2025-12-30T19:44:43+00:00\",\"mainEntityOfPage\":{\"@id\":\"https:\/\/wilsonsantosmt.com.br\/index.php\/2025\/12\/30\/wilson-santos-consolida-protagonismo-politico-em-2025-com-atuacao-propositiva-e-de-resultados\/\"},\"wordCount\":1210,\"publisher\":{\"@id\":\"https:\/\/wilsonsantosmt.com.br\/#\/schema\/person\/9de3c54961637a9eadb16bcbf895b1ef\"},\"articleSection\":[\"Not\u00edcias\"],\"inLanguage\":\"pt-BR\"},{\"@type\":\"WebPage\",\"@id\":\"https:\/\/wilsonsantosmt.com.br\/index.php\/2025\/12\/30\/wilson-santos-consolida-protagonismo-politico-em-2025-com-atuacao-propositiva-e-de-resultados\/\",\"url\":\"https:\/\/wilsonsantosmt.com.br\/index.php\/2025\/12\/30\/wilson-santos-consolida-protagonismo-politico-em-2025-com-atuacao-propositiva-e-de-resultados\/\",\"name\":\"Wilson Santos consolida protagonismo pol\u00edtico em 2025 com atua\u00e7\u00e3o propositiva e de resultados - wilsonsantosmt.com.br\",\"isPartOf\":{\"@id\":\"https:\/\/wilsonsantosmt.com.br\/#website\"},\"datePublished\":\"2025-12-30T10:44:08+00:00\",\"dateModified\":\"2025-12-30T19:44:43+00:00\",\"breadcrumb\":{\"@id\":\"https:\/\/wilsonsantosmt.com.br\/index.php\/2025\/12\/30\/wilson-santos-consolida-protagonismo-politico-em-2025-com-atuacao-propositiva-e-de-resultados\/#breadcrumb\"},\"inLanguage\":\"pt-BR\",\"potentialAction\":[{\"@type\":\"ReadAction\",\"target\":[\"https:\/\/wilsonsantosmt.com.br\/index.php\/2025\/12\/30\/wilson-santos-consolida-protagonismo-politico-em-2025-com-atuacao-propositiva-e-de-resultados\/\"]}]},{\"@type\":\"BreadcrumbList\",\"@id\":\"https:\/\/wilsonsantosmt.com.br\/index.php\/2025\/12\/30\/wilson-santos-consolida-protagonismo-politico-em-2025-com-atuacao-propositiva-e-de-resultados\/#breadcrumb\",\"itemListElement\":[{\"@type\":\"ListItem\",\"position\":1,\"name\":\"In\u00edcio\",\"item\":\"https:\/\/wilsonsantosmt.com.br\/\"},{\"@type\":\"ListItem\",\"position\":2,\"name\":\"Not\u00edcias\",\"item\":\"https:\/\/wilsonsantosmt.com.br\/index.php\/category\/noticias\/\"},{\"@type\":\"ListItem\",\"position\":3,\"name\":\"Wilson Santos consolida protagonismo pol\u00edtico em 2025 com atua\u00e7\u00e3o propositiva e de resultados\"}]},{\"@type\":\"WebSite\",\"@id\":\"https:\/\/wilsonsantosmt.com.br\/#website\",\"url\":\"https:\/\/wilsonsantosmt.com.br\/\",\"name\":\"wilsonsantosmt.com.br\",\"description\":\"\",\"publisher\":{\"@id\":\"https:\/\/wilsonsantosmt.com.br\/#\/schema\/person\/9de3c54961637a9eadb16bcbf895b1ef\"},\"potentialAction\":[{\"@type\":\"SearchAction\",\"target\":{\"@type\":\"EntryPoint\",\"urlTemplate\":\"https:\/\/wilsonsantosmt.com.br\/?s={search_term_string}\"},\"query-input\":\"required name=search_term_string\"}],\"inLanguage\":\"pt-BR\"},{\"@type\":[\"Person\",\"Organization\"],\"@id\":\"https:\/\/wilsonsantosmt.com.br\/#\/schema\/person\/9de3c54961637a9eadb16bcbf895b1ef\",\"name\":\"Wilson Santos\",\"image\":{\"@type\":\"ImageObject\",\"inLanguage\":\"pt-BR\",\"@id\":\"https:\/\/wilsonsantosmt.com.br\/#\/schema\/person\/image\/\",\"url\":\"https:\/\/wilsonsantosmt.com.br\/wp-content\/uploads\/2023\/11\/310828673_653254583023360_8795459643194608438_n.jpg\",\"contentUrl\":\"https:\/\/wilsonsantosmt.com.br\/wp-content\/uploads\/2023\/11\/310828673_653254583023360_8795459643194608438_n.jpg\",\"width\":1078,\"height\":1079,\"caption\":\"Wilson Santos\"},\"logo\":{\"@id\":\"https:\/\/wilsonsantosmt.com.br\/#\/schema\/person\/image\/\"},\"sameAs\":[\"http:\/\/wilsonsantosmt.com.br\",\"https:\/\/www.facebook.com\/WilsonSantosMT\/\",\"https:\/\/www.instagram.com\/wilsonsantosmt\/\",\"https:\/\/www.youtube.com\/@WilsonSantosWS\/videos\",\"https:\/\/pt.wikipedia.org\/wiki\/Wilson_Santos\"],\"honorificPrefix\":\"Sr\",\"gender\":\"masculino\",\"jobTitle\":\"Deputado Estadual\",\"worksFor\":\"Assembleia Legislativa de Mato Grosso\"},{\"@type\":\"Person\",\"@id\":\"https:\/\/wilsonsantosmt.com.br\/#\/schema\/person\/1d097ee45f526dd0455dbad8c679932c\",\"name\":\"Samantha dos Anjos\",\"image\":{\"@type\":\"ImageObject\",\"inLanguage\":\"pt-BR\",\"@id\":\"https:\/\/wilsonsantosmt.com.br\/#\/schema\/person\/image\/\",\"url\":\"https:\/\/secure.gravatar.com\/avatar\/7d8d0b6dd67d134a9fa841bee90c57c7?s=96&d=mm&r=g\",\"contentUrl\":\"https:\/\/secure.gravatar.com\/avatar\/7d8d0b6dd67d134a9fa841bee90c57c7?s=96&d=mm&r=g\",\"caption\":\"Samantha dos Anjos\"},\"url\":\"https:\/\/wilsonsantosmt.com.br\/index.php\/author\/samantha-dos-anjos\/\"}]}<\/script>\n<!-- \/ Yoast SEO Premium plugin. -->","yoast_head_json":{"title":"Wilson Santos consolida protagonismo pol\u00edtico em 2025 com atua\u00e7\u00e3o propositiva e de resultados - wilsonsantosmt.com.br","robots":{"index":"index","follow":"follow","max-snippet":"max-snippet:-1","max-image-preview":"max-image-preview:large","max-video-preview":"max-video-preview:-1"},"canonical":"https:\/\/wilsonsantosmt.com.br\/index.php\/2025\/12\/30\/wilson-santos-consolida-protagonismo-politico-em-2025-com-atuacao-propositiva-e-de-resultados\/","og_locale":"pt_BR","og_type":"article","og_title":"Wilson Santos consolida protagonismo pol\u00edtico em 2025 com atua\u00e7\u00e3o propositiva e de resultados","og_description":"O ano de 2025 foi marcado por uma atua\u00e7\u00e3o intensa, propositiva e diversificada do deputado estadual Wilson Santos (PSD) na Assembleia Legislativa de Mato Grosso. Com um mandato pautado no campo social e pela defesa dos interesses coletivos, ele esteve em diferentes frentes ao priorizar pol\u00edticas p\u00fablicas voltadas \u00e0 inclus\u00e3o social, ao desenvolvimento regional e [&hellip;]","og_url":"https:\/\/wilsonsantosmt.com.br\/index.php\/2025\/12\/30\/wilson-santos-consolida-protagonismo-politico-em-2025-com-atuacao-propositiva-e-de-resultados\/","og_site_name":"wilsonsantosmt.com.br","article_publisher":"https:\/\/www.facebook.com\/WilsonSantosMT\/","article_published_time":"2025-12-30T10:44:08+00:00","article_modified_time":"2025-12-30T19:44:43+00:00","og_image":[{"width":1600,"height":1067,"url":"http:\/\/wilsonsantosmt.com.br\/wp-content\/uploads\/2025\/12\/WhatsApp-Image-2025-12-30-at-06.56.22-1.jpeg","type":"image\/jpeg"}],"author":"Samantha dos Anjos","twitter_card":"summary_large_image","twitter_misc":{"Escrito por":"Samantha dos Anjos","Est. tempo de leitura":"8 minutos"},"schema":{"@context":"https:\/\/schema.org","@graph":[{"@type":"Article","@id":"https:\/\/wilsonsantosmt.com.br\/index.php\/2025\/12\/30\/wilson-santos-consolida-protagonismo-politico-em-2025-com-atuacao-propositiva-e-de-resultados\/#article","isPartOf":{"@id":"https:\/\/wilsonsantosmt.com.br\/index.php\/2025\/12\/30\/wilson-santos-consolida-protagonismo-politico-em-2025-com-atuacao-propositiva-e-de-resultados\/"},"author":{"name":"Samantha dos Anjos","@id":"https:\/\/wilsonsantosmt.com.br\/#\/schema\/person\/1d097ee45f526dd0455dbad8c679932c"},"headline":"Wilson Santos consolida protagonismo pol\u00edtico em 2025 com atua\u00e7\u00e3o propositiva e de resultados","datePublished":"2025-12-30T10:44:08+00:00","dateModified":"2025-12-30T19:44:43+00:00","mainEntityOfPage":{"@id":"https:\/\/wilsonsantosmt.com.br\/index.php\/2025\/12\/30\/wilson-santos-consolida-protagonismo-politico-em-2025-com-atuacao-propositiva-e-de-resultados\/"},"wordCount":1210,"publisher":{"@id":"https:\/\/wilsonsantosmt.com.br\/#\/schema\/person\/9de3c54961637a9eadb16bcbf895b1ef"},"articleSection":["Not\u00edcias"],"inLanguage":"pt-BR"},{"@type":"WebPage","@id":"https:\/\/wilsonsantosmt.com.br\/index.php\/2025\/12\/30\/wilson-santos-consolida-protagonismo-politico-em-2025-com-atuacao-propositiva-e-de-resultados\/","url":"https:\/\/wilsonsantosmt.com.br\/index.php\/2025\/12\/30\/wilson-santos-consolida-protagonismo-politico-em-2025-com-atuacao-propositiva-e-de-resultados\/","name":"Wilson Santos consolida protagonismo pol\u00edtico em 2025 com atua\u00e7\u00e3o propositiva e de resultados - wilsonsantosmt.com.br","isPartOf":{"@id":"https:\/\/wilsonsantosmt.com.br\/#website"},"datePublished":"2025-12-30T10:44:08+00:00","dateModified":"2025-12-30T19:44:43+00:00","breadcrumb":{"@id":"https:\/\/wilsonsantosmt.com.br\/index.php\/2025\/12\/30\/wilson-santos-consolida-protagonismo-politico-em-2025-com-atuacao-propositiva-e-de-resultados\/#breadcrumb"},"inLanguage":"pt-BR","potentialAction":[{"@type":"ReadAction","target":["https:\/\/wilsonsantosmt.com.br\/index.php\/2025\/12\/30\/wilson-santos-consolida-protagonismo-politico-em-2025-com-atuacao-propositiva-e-de-resultados\/"]}]},{"@type":"BreadcrumbList","@id":"https:\/\/wilsonsantosmt.com.br\/index.php\/2025\/12\/30\/wilson-santos-consolida-protagonismo-politico-em-2025-com-atuacao-propositiva-e-de-resultados\/#breadcrumb","itemListElement":[{"@type":"ListItem","position":1,"name":"In\u00edcio","item":"https:\/\/wilsonsantosmt.com.br\/"},{"@type":"ListItem","position":2,"name":"Not\u00edcias","item":"https:\/\/wilsonsantosmt.com.br\/index.php\/category\/noticias\/"},{"@type":"ListItem","position":3,"name":"Wilson Santos consolida protagonismo pol\u00edtico em 2025 com atua\u00e7\u00e3o propositiva e de resultados"}]},{"@type":"WebSite","@id":"https:\/\/wilsonsantosmt.com.br\/#website","url":"https:\/\/wilsonsantosmt.com.br\/","name":"wilsonsantosmt.com.br","description":"","publisher":{"@id":"https:\/\/wilsonsantosmt.com.br\/#\/schema\/person\/9de3c54961637a9eadb16bcbf895b1ef"},"potentialAction":[{"@type":"SearchAction","target":{"@type":"EntryPoint","urlTemplate":"https:\/\/wilsonsantosmt.com.br\/?s={search_term_string}"},"query-input":"required name=search_term_string"}],"inLanguage":"pt-BR"},{"@type":["Person","Organization"],"@id":"https:\/\/wilsonsantosmt.com.br\/#\/schema\/person\/9de3c54961637a9eadb16bcbf895b1ef","name":"Wilson Santos","image":{"@type":"ImageObject","inLanguage":"pt-BR","@id":"https:\/\/wilsonsantosmt.com.br\/#\/schema\/person\/image\/","url":"https:\/\/wilsonsantosmt.com.br\/wp-content\/uploads\/2023\/11\/310828673_653254583023360_8795459643194608438_n.jpg","contentUrl":"https:\/\/wilsonsantosmt.com.br\/wp-content\/uploads\/2023\/11\/310828673_653254583023360_8795459643194608438_n.jpg","width":1078,"height":1079,"caption":"Wilson Santos"},"logo":{"@id":"https:\/\/wilsonsantosmt.com.br\/#\/schema\/person\/image\/"},"sameAs":["http:\/\/wilsonsantosmt.com.br","https:\/\/www.facebook.com\/WilsonSantosMT\/","https:\/\/www.instagram.com\/wilsonsantosmt\/","https:\/\/www.youtube.com\/@WilsonSantosWS\/videos","https:\/\/pt.wikipedia.org\/wiki\/Wilson_Santos"],"honorificPrefix":"Sr","gender":"masculino","jobTitle":"Deputado Estadual","worksFor":"Assembleia Legislativa de Mato Grosso"},{"@type":"Person","@id":"https:\/\/wilsonsantosmt.com.br\/#\/schema\/person\/1d097ee45f526dd0455dbad8c679932c","name":"Samantha dos Anjos","image":{"@type":"ImageObject","inLanguage":"pt-BR","@id":"https:\/\/wilsonsantosmt.com.br\/#\/schema\/person\/image\/","url":"https:\/\/secure.gravatar.com\/avatar\/7d8d0b6dd67d134a9fa841bee90c57c7?s=96&d=mm&r=g","contentUrl":"https:\/\/secure.gravatar.com\/avatar\/7d8d0b6dd67d134a9fa841bee90c57c7?s=96&d=mm&r=g","caption":"Samantha dos Anjos"},"url":"https:\/\/wilsonsantosmt.com.br\/index.php\/author\/samantha-dos-anjos\/"}]}},"_links":{"self":[{"href":"https:\/\/wilsonsantosmt.com.br\/index.php\/wp-json\/wp\/v2\/posts\/2124"}],"collection":[{"href":"https:\/\/wilsonsantosmt.com.br\/index.php\/wp-json\/wp\/v2\/posts"}],"about":[{"href":"https:\/\/wilsonsantosmt.com.br\/index.php\/wp-json\/wp\/v2\/types\/post"}],"author":[{"embeddable":true,"href":"https:\/\/wilsonsantosmt.com.br\/index.php\/wp-json\/wp\/v2\/users\/4"}],"replies":[{"embeddable":true,"href":"https:\/\/wilsonsantosmt.com.br\/index.php\/wp-json\/wp\/v2\/comments?post=2124"}],"version-history":[{"count":3,"href":"https:\/\/wilsonsantosmt.com.br\/index.php\/wp-json\/wp\/v2\/posts\/2124\/revisions"}],"predecessor-version":[{"id":2134,"href":"https:\/\/wilsonsantosmt.com.br\/index.php\/wp-json\/wp\/v2\/posts\/2124\/revisions\/2134"}],"wp:featuredmedia":[{"embeddable":true,"href":"https:\/\/wilsonsantosmt.com.br\/index.php\/wp-json\/wp\/v2\/media\/2127"}],"wp:attachment":[{"href":"https:\/\/wilsonsantosmt.com.br\/index.php\/wp-json\/wp\/v2\/media?parent=2124"}],"wp:term":[{"taxonomy":"category","embeddable":true,"href":"https:\/\/wilsonsantosmt.com.br\/index.php\/wp-json\/wp\/v2\/categories?post=2124"},{"taxonomy":"post_tag","embeddable":true,"href":"https:\/\/wilsonsantosmt.com.br\/index.php\/wp-json\/wp\/v2\/tags?post=2124"}],"curies":[{"name":"wp","href":"https:\/\/api.w.org\/{rel}","templated":true}]}}