{"id":2276,"date":"2026-03-05T13:34:42","date_gmt":"2026-03-05T17:34:42","guid":{"rendered":"https:\/\/wilsonsantosmt.com.br\/?p=2276"},"modified":"2026-03-05T13:34:43","modified_gmt":"2026-03-05T17:34:43","slug":"wilson-santos-aponta-falhas-no-calculo-e-ausencia-de-paginas-no-processo-de-r-308-milhoes-da-oi-s-a","status":"publish","type":"post","link":"https:\/\/wilsonsantosmt.com.br\/index.php\/2026\/03\/05\/wilson-santos-aponta-falhas-no-calculo-e-ausencia-de-paginas-no-processo-de-r-308-milhoes-da-oi-s-a\/","title":{"rendered":"Wilson Santos aponta falhas no c\u00e1lculo e aus\u00eancia de p\u00e1ginas no processo de R$ 308 milh\u00f5es da Oi S.A."},"content":{"rendered":"\n<p><\/p>\n\n\n\n<p>O procurador-geral do Estado (PGE), Francisco de Assis Lopes, atendeu ao pedido de convoca\u00e7\u00e3o das lideran\u00e7as partid\u00e1rias da Assembleia Legislativa de Mato Grosso (ALMT), nesta quarta-feira (4), para prestar esclarecimentos sobre o acordo de R$ 308 milh\u00f5es firmado entre o Governo de Mato Grosso e a empresa OI S.A. que gerou questionamentos devido ao impacto financeiro para o estado. A oitiva foi conduzida pelo deputado estadual Wilson Santos (PSD) que fez diversos apontamentos com o objetivo de esclarecer pontos controversos ao processo.<\/p>\n\n\n\n<p>Durante a reuni\u00e3o, o parlamentar indagou se os recursos tratados tinham origem tribut\u00e1ria e o procurador-geral explicou que, neste caso espec\u00edfico, n\u00e3o &#8211; pois, embora o processo tenha se originado de uma certid\u00e3o de d\u00edvida ativa, o tributo foi declarado inconstitucional pelo Supremo Tribunal Federal (STF). Dessa forma, n\u00e3o se discutia mais a quest\u00e3o tribut\u00e1ria, mas sim, a devolu\u00e7\u00e3o de valores que teriam sido cobrados indevidamente pelo estado em uma a\u00e7\u00e3o de execu\u00e7\u00e3o fiscal.<\/p>\n\n\n\n<p>No entanto, Wilson Santos contrap\u00f4s que o valor teve origem no ICMS, tributo que sempre existiu e que, conforme legisla\u00e7\u00e3o criada em 2009, obrigava a operadora de telefonia a efetuar o pagamento. Ele tamb\u00e9m questionou o prazo de admissibilidade para an\u00e1lise do caso e considerou anormal que o procurador Valdemar Pinheiro tenha levado apenas duas horas para emitir parecer favor\u00e1vel \u00e0 admiss\u00e3o de um valor de R$ 308 milh\u00f5es.<\/p>\n\n\n\n<p>No encontro foi abordado sobre a a\u00e7\u00e3o rescis\u00f3ria de novembro de 2022, cujo valor da causa era de aproximadamente R$ 301 milh\u00f5es. De acordo com Francisco, n\u00e3o houve omiss\u00e3o por parte da Procuradoria, uma vez que a medida foi apresentada dentro do prazo legal. Ele explicou ainda que houve altera\u00e7\u00e3o da certid\u00e3o em 2024 quanto \u00e0 data do tr\u00e2nsito em julgado, o que elevou o valor total pleiteado pela OI S.A. para R$ 580 milh\u00f5es &#8211; sendo cerca de R$ 279 milh\u00f5es referentes a juros.<\/p>\n\n\n\n<p>\u201cO c\u00e1lculo do Tribunal de Contas do Estado (TCE) mostra que os R$ 72 milh\u00f5es de 2009, sem aplica\u00e7\u00e3o de juros &#8211; como defende o parecer da PGE &#8211; n\u00e3o chegariam a R$ 580 milh\u00f5es, mas a cerca de R$ 220 milh\u00f5es. No final de 2022, a OI pedia R$ 301 milh\u00f5es e o estado, dois anos depois, fez um acordo para pagar R$ 308 milh\u00f5es. Aqui h\u00e1 uma quest\u00e3o muito \u00f3bvia: n\u00e3o tem como R$ 301 milh\u00f5es virar R$ 580 milh\u00f5es em 24 meses. Na minha opini\u00e3o, de R$ 301 milh\u00f5es para R$ 308 milh\u00f5es, foi correto. N\u00e3o houve vantagem para o estado\u201d, analisou Wilson Santos.<\/p>\n\n\n\n<p>O procurador-geral tamb\u00e9m esclareceu que a atua\u00e7\u00e3o da Procuradoria se estendeu at\u00e9 o pagamento com a destina\u00e7\u00e3o dos valores. \u201cN\u00e3o tenho como afirmar se esse dinheiro foi para a conta de A, B ou C. Essa informa\u00e7\u00e3o n\u00e3o chegou \u00e0 PGE, apenas \u00e0 imprensa. Em caso de comprova\u00e7\u00e3o, a PGE n\u00e3o tem o que fazer, pois efetuou o pagamento legitimamente a quem detinha o cr\u00e9dito. Havia um acordo para pagamento em duas contas e os recursos n\u00e3o foram para a OI S.A. Acompanhamos o processo at\u00e9 a efetiva\u00e7\u00e3o do pagamento\u201d, explicou.<\/p>\n\n\n\n<p>Wilson Santos salientou sobre a retirada de p\u00e1ginas de documentos encaminhados \u00e0 Assembleia Legislativa que, segundo a deputada estadual Janaina Riva (MDB), o material teria sido interrompido na p\u00e1gina 98, enquanto as ordens banc\u00e1rias, liquida\u00e7\u00f5es e empenhos constariam nas p\u00e1ginas 110 e 169 que n\u00e3o foram encaminhadas ap\u00f3s passar pela Casa Civil de Mato Grosso. Diante disso, ela disse que ser\u00e1 feito o pedido do documento na \u00edntegra diretamente \u00e0 PGE.<\/p>\n\n\n\n<p>\u201cEsse foi um fato novo nesta convoca\u00e7\u00e3o. A Casa Civil subtraiu p\u00e1ginas de documentos oficiais. Esse fato agrava ainda mais esse acordo que retirou R$ 308 milh\u00f5es dos cofres p\u00fablicos. A Assembleia Legislativa vai continuar as investiga\u00e7\u00f5es e buscar novos esclarecimentos da PGE e da Casa Civil para saber o conte\u00fado dessas p\u00e1ginas retiradas. Vamos atr\u00e1s para saber. Ainda n\u00e3o estamos nem na metade desse novelo que precisa ser totalmente destrinchado\u201d, afirmou o deputado.<\/p>\n\n\n\n<p>Ao final da reuni\u00e3o, Wilson Santos informou que novos requerimentos ser\u00e3o apresentados na pr\u00f3xima semana para aprofundar a investiga\u00e7\u00e3o. Ele tamb\u00e9m adiantou que, no dia 1\u00ba de abril, a Assembleia Legislativa dever\u00e1 ouvir o secret\u00e1rio de Estado de Fazenda (Sefaz), Rog\u00e9rio Gallo, respons\u00e1vel pela libera\u00e7\u00e3o dos recursos, autoriza\u00e7\u00e3o das suplementa\u00e7\u00f5es financeiras e efetiva\u00e7\u00e3o dos pagamentos relacionados ao acordo.<\/p>\n","protected":false},"excerpt":{"rendered":"<p>O procurador-geral do Estado (PGE), Francisco de Assis Lopes, atendeu ao pedido de convoca\u00e7\u00e3o das lideran\u00e7as partid\u00e1rias da Assembleia Legislativa de Mato Grosso (ALMT), nesta quarta-feira (4), para prestar esclarecimentos sobre o acordo de R$ 308 milh\u00f5es firmado entre o Governo de Mato Grosso e a empresa OI S.A. que gerou questionamentos devido ao impacto [&hellip;]<\/p>\n","protected":false},"author":4,"featured_media":2277,"comment_status":"closed","ping_status":"open","sticky":false,"template":"","format":"standard","meta":{"footnotes":""},"categories":[13],"tags":[],"yoast_head":"<!-- This site is optimized with the Yoast SEO Premium plugin v21.5 (Yoast SEO v21.4) - https:\/\/yoast.com\/wordpress\/plugins\/seo\/ -->\n<title>Wilson Santos aponta falhas no c\u00e1lculo e aus\u00eancia de p\u00e1ginas no processo de R$ 308 milh\u00f5es da Oi S.A. - wilsonsantosmt.com.br<\/title>\n<meta name=\"robots\" content=\"index, follow, max-snippet:-1, max-image-preview:large, max-video-preview:-1\" \/>\n<link rel=\"canonical\" href=\"https:\/\/wilsonsantosmt.com.br\/index.php\/2026\/03\/05\/wilson-santos-aponta-falhas-no-calculo-e-ausencia-de-paginas-no-processo-de-r-308-milhoes-da-oi-s-a\/\" \/>\n<meta property=\"og:locale\" content=\"pt_BR\" \/>\n<meta property=\"og:type\" content=\"article\" \/>\n<meta property=\"og:title\" content=\"Wilson Santos aponta falhas no c\u00e1lculo e aus\u00eancia de p\u00e1ginas no processo de R$ 308 milh\u00f5es da Oi S.A.\" \/>\n<meta property=\"og:description\" content=\"O procurador-geral do Estado (PGE), Francisco de Assis Lopes, atendeu ao pedido de convoca\u00e7\u00e3o das lideran\u00e7as partid\u00e1rias da Assembleia Legislativa de Mato Grosso (ALMT), nesta quarta-feira (4), para prestar esclarecimentos sobre o acordo de R$ 308 milh\u00f5es firmado entre o Governo de Mato Grosso e a empresa OI S.A. que gerou questionamentos devido ao impacto [&hellip;]\" \/>\n<meta property=\"og:url\" content=\"https:\/\/wilsonsantosmt.com.br\/index.php\/2026\/03\/05\/wilson-santos-aponta-falhas-no-calculo-e-ausencia-de-paginas-no-processo-de-r-308-milhoes-da-oi-s-a\/\" \/>\n<meta property=\"og:site_name\" content=\"wilsonsantosmt.com.br\" \/>\n<meta property=\"article:publisher\" content=\"https:\/\/www.facebook.com\/WilsonSantosMT\/\" \/>\n<meta property=\"article:published_time\" content=\"2026-03-05T17:34:42+00:00\" \/>\n<meta property=\"article:modified_time\" content=\"2026-03-05T17:34:43+00:00\" \/>\n<meta property=\"og:image\" content=\"http:\/\/wilsonsantosmt.com.br\/wp-content\/uploads\/2026\/03\/34bdca388b74163220e4dfbfdcb879b069a8a12b7845e.jpg\" \/>\n\t<meta property=\"og:image:width\" content=\"1600\" \/>\n\t<meta property=\"og:image:height\" content=\"1067\" \/>\n\t<meta property=\"og:image:type\" content=\"image\/jpeg\" \/>\n<meta name=\"author\" content=\"Samantha dos Anjos\" \/>\n<meta name=\"twitter:card\" content=\"summary_large_image\" \/>\n<meta name=\"twitter:label1\" content=\"Escrito por\" \/>\n\t<meta name=\"twitter:data1\" content=\"Samantha dos Anjos\" \/>\n\t<meta name=\"twitter:label2\" content=\"Est. tempo de leitura\" \/>\n\t<meta name=\"twitter:data2\" content=\"4 minutos\" \/>\n<script type=\"application\/ld+json\" class=\"yoast-schema-graph\">{\"@context\":\"https:\/\/schema.org\",\"@graph\":[{\"@type\":\"Article\",\"@id\":\"https:\/\/wilsonsantosmt.com.br\/index.php\/2026\/03\/05\/wilson-santos-aponta-falhas-no-calculo-e-ausencia-de-paginas-no-processo-de-r-308-milhoes-da-oi-s-a\/#article\",\"isPartOf\":{\"@id\":\"https:\/\/wilsonsantosmt.com.br\/index.php\/2026\/03\/05\/wilson-santos-aponta-falhas-no-calculo-e-ausencia-de-paginas-no-processo-de-r-308-milhoes-da-oi-s-a\/\"},\"author\":{\"name\":\"Samantha dos Anjos\",\"@id\":\"https:\/\/wilsonsantosmt.com.br\/#\/schema\/person\/1d097ee45f526dd0455dbad8c679932c\"},\"headline\":\"Wilson Santos aponta falhas no c\u00e1lculo e aus\u00eancia de p\u00e1ginas no processo de R$ 308 milh\u00f5es da Oi S.A.\",\"datePublished\":\"2026-03-05T17:34:42+00:00\",\"dateModified\":\"2026-03-05T17:34:43+00:00\",\"mainEntityOfPage\":{\"@id\":\"https:\/\/wilsonsantosmt.com.br\/index.php\/2026\/03\/05\/wilson-santos-aponta-falhas-no-calculo-e-ausencia-de-paginas-no-processo-de-r-308-milhoes-da-oi-s-a\/\"},\"wordCount\":793,\"publisher\":{\"@id\":\"https:\/\/wilsonsantosmt.com.br\/#\/schema\/person\/9de3c54961637a9eadb16bcbf895b1ef\"},\"articleSection\":[\"Not\u00edcias\"],\"inLanguage\":\"pt-BR\"},{\"@type\":\"WebPage\",\"@id\":\"https:\/\/wilsonsantosmt.com.br\/index.php\/2026\/03\/05\/wilson-santos-aponta-falhas-no-calculo-e-ausencia-de-paginas-no-processo-de-r-308-milhoes-da-oi-s-a\/\",\"url\":\"https:\/\/wilsonsantosmt.com.br\/index.php\/2026\/03\/05\/wilson-santos-aponta-falhas-no-calculo-e-ausencia-de-paginas-no-processo-de-r-308-milhoes-da-oi-s-a\/\",\"name\":\"Wilson Santos aponta falhas no c\u00e1lculo e aus\u00eancia de p\u00e1ginas no processo de R$ 308 milh\u00f5es da Oi S.A. - wilsonsantosmt.com.br\",\"isPartOf\":{\"@id\":\"https:\/\/wilsonsantosmt.com.br\/#website\"},\"datePublished\":\"2026-03-05T17:34:42+00:00\",\"dateModified\":\"2026-03-05T17:34:43+00:00\",\"breadcrumb\":{\"@id\":\"https:\/\/wilsonsantosmt.com.br\/index.php\/2026\/03\/05\/wilson-santos-aponta-falhas-no-calculo-e-ausencia-de-paginas-no-processo-de-r-308-milhoes-da-oi-s-a\/#breadcrumb\"},\"inLanguage\":\"pt-BR\",\"potentialAction\":[{\"@type\":\"ReadAction\",\"target\":[\"https:\/\/wilsonsantosmt.com.br\/index.php\/2026\/03\/05\/wilson-santos-aponta-falhas-no-calculo-e-ausencia-de-paginas-no-processo-de-r-308-milhoes-da-oi-s-a\/\"]}]},{\"@type\":\"BreadcrumbList\",\"@id\":\"https:\/\/wilsonsantosmt.com.br\/index.php\/2026\/03\/05\/wilson-santos-aponta-falhas-no-calculo-e-ausencia-de-paginas-no-processo-de-r-308-milhoes-da-oi-s-a\/#breadcrumb\",\"itemListElement\":[{\"@type\":\"ListItem\",\"position\":1,\"name\":\"In\u00edcio\",\"item\":\"https:\/\/wilsonsantosmt.com.br\/\"},{\"@type\":\"ListItem\",\"position\":2,\"name\":\"Not\u00edcias\",\"item\":\"https:\/\/wilsonsantosmt.com.br\/index.php\/category\/noticias\/\"},{\"@type\":\"ListItem\",\"position\":3,\"name\":\"Wilson Santos aponta falhas no c\u00e1lculo e aus\u00eancia de p\u00e1ginas no processo de R$ 308 milh\u00f5es da Oi S.A.\"}]},{\"@type\":\"WebSite\",\"@id\":\"https:\/\/wilsonsantosmt.com.br\/#website\",\"url\":\"https:\/\/wilsonsantosmt.com.br\/\",\"name\":\"wilsonsantosmt.com.br\",\"description\":\"\",\"publisher\":{\"@id\":\"https:\/\/wilsonsantosmt.com.br\/#\/schema\/person\/9de3c54961637a9eadb16bcbf895b1ef\"},\"potentialAction\":[{\"@type\":\"SearchAction\",\"target\":{\"@type\":\"EntryPoint\",\"urlTemplate\":\"https:\/\/wilsonsantosmt.com.br\/?s={search_term_string}\"},\"query-input\":\"required name=search_term_string\"}],\"inLanguage\":\"pt-BR\"},{\"@type\":[\"Person\",\"Organization\"],\"@id\":\"https:\/\/wilsonsantosmt.com.br\/#\/schema\/person\/9de3c54961637a9eadb16bcbf895b1ef\",\"name\":\"Wilson Santos\",\"image\":{\"@type\":\"ImageObject\",\"inLanguage\":\"pt-BR\",\"@id\":\"https:\/\/wilsonsantosmt.com.br\/#\/schema\/person\/image\/\",\"url\":\"https:\/\/wilsonsantosmt.com.br\/wp-content\/uploads\/2023\/11\/310828673_653254583023360_8795459643194608438_n.jpg\",\"contentUrl\":\"https:\/\/wilsonsantosmt.com.br\/wp-content\/uploads\/2023\/11\/310828673_653254583023360_8795459643194608438_n.jpg\",\"width\":1078,\"height\":1079,\"caption\":\"Wilson Santos\"},\"logo\":{\"@id\":\"https:\/\/wilsonsantosmt.com.br\/#\/schema\/person\/image\/\"},\"sameAs\":[\"http:\/\/wilsonsantosmt.com.br\",\"https:\/\/www.facebook.com\/WilsonSantosMT\/\",\"https:\/\/www.instagram.com\/wilsonsantosmt\/\",\"https:\/\/www.youtube.com\/@WilsonSantosWS\/videos\",\"https:\/\/pt.wikipedia.org\/wiki\/Wilson_Santos\"],\"honorificPrefix\":\"Sr\",\"gender\":\"masculino\",\"jobTitle\":\"Deputado Estadual\",\"worksFor\":\"Assembleia Legislativa de Mato Grosso\"},{\"@type\":\"Person\",\"@id\":\"https:\/\/wilsonsantosmt.com.br\/#\/schema\/person\/1d097ee45f526dd0455dbad8c679932c\",\"name\":\"Samantha dos Anjos\",\"image\":{\"@type\":\"ImageObject\",\"inLanguage\":\"pt-BR\",\"@id\":\"https:\/\/wilsonsantosmt.com.br\/#\/schema\/person\/image\/\",\"url\":\"https:\/\/secure.gravatar.com\/avatar\/7d8d0b6dd67d134a9fa841bee90c57c7?s=96&d=mm&r=g\",\"contentUrl\":\"https:\/\/secure.gravatar.com\/avatar\/7d8d0b6dd67d134a9fa841bee90c57c7?s=96&d=mm&r=g\",\"caption\":\"Samantha dos Anjos\"},\"url\":\"https:\/\/wilsonsantosmt.com.br\/index.php\/author\/samantha-dos-anjos\/\"}]}<\/script>\n<!-- \/ Yoast SEO Premium plugin. -->","yoast_head_json":{"title":"Wilson Santos aponta falhas no c\u00e1lculo e aus\u00eancia de p\u00e1ginas no processo de R$ 308 milh\u00f5es da Oi S.A. - wilsonsantosmt.com.br","robots":{"index":"index","follow":"follow","max-snippet":"max-snippet:-1","max-image-preview":"max-image-preview:large","max-video-preview":"max-video-preview:-1"},"canonical":"https:\/\/wilsonsantosmt.com.br\/index.php\/2026\/03\/05\/wilson-santos-aponta-falhas-no-calculo-e-ausencia-de-paginas-no-processo-de-r-308-milhoes-da-oi-s-a\/","og_locale":"pt_BR","og_type":"article","og_title":"Wilson Santos aponta falhas no c\u00e1lculo e aus\u00eancia de p\u00e1ginas no processo de R$ 308 milh\u00f5es da Oi S.A.","og_description":"O procurador-geral do Estado (PGE), Francisco de Assis Lopes, atendeu ao pedido de convoca\u00e7\u00e3o das lideran\u00e7as partid\u00e1rias da Assembleia Legislativa de Mato Grosso (ALMT), nesta quarta-feira (4), para prestar esclarecimentos sobre o acordo de R$ 308 milh\u00f5es firmado entre o Governo de Mato Grosso e a empresa OI S.A. que gerou questionamentos devido ao impacto [&hellip;]","og_url":"https:\/\/wilsonsantosmt.com.br\/index.php\/2026\/03\/05\/wilson-santos-aponta-falhas-no-calculo-e-ausencia-de-paginas-no-processo-de-r-308-milhoes-da-oi-s-a\/","og_site_name":"wilsonsantosmt.com.br","article_publisher":"https:\/\/www.facebook.com\/WilsonSantosMT\/","article_published_time":"2026-03-05T17:34:42+00:00","article_modified_time":"2026-03-05T17:34:43+00:00","og_image":[{"width":1600,"height":1067,"url":"http:\/\/wilsonsantosmt.com.br\/wp-content\/uploads\/2026\/03\/34bdca388b74163220e4dfbfdcb879b069a8a12b7845e.jpg","type":"image\/jpeg"}],"author":"Samantha dos Anjos","twitter_card":"summary_large_image","twitter_misc":{"Escrito por":"Samantha dos Anjos","Est. tempo de leitura":"4 minutos"},"schema":{"@context":"https:\/\/schema.org","@graph":[{"@type":"Article","@id":"https:\/\/wilsonsantosmt.com.br\/index.php\/2026\/03\/05\/wilson-santos-aponta-falhas-no-calculo-e-ausencia-de-paginas-no-processo-de-r-308-milhoes-da-oi-s-a\/#article","isPartOf":{"@id":"https:\/\/wilsonsantosmt.com.br\/index.php\/2026\/03\/05\/wilson-santos-aponta-falhas-no-calculo-e-ausencia-de-paginas-no-processo-de-r-308-milhoes-da-oi-s-a\/"},"author":{"name":"Samantha dos Anjos","@id":"https:\/\/wilsonsantosmt.com.br\/#\/schema\/person\/1d097ee45f526dd0455dbad8c679932c"},"headline":"Wilson Santos aponta falhas no c\u00e1lculo e aus\u00eancia de p\u00e1ginas no processo de R$ 308 milh\u00f5es da Oi S.A.","datePublished":"2026-03-05T17:34:42+00:00","dateModified":"2026-03-05T17:34:43+00:00","mainEntityOfPage":{"@id":"https:\/\/wilsonsantosmt.com.br\/index.php\/2026\/03\/05\/wilson-santos-aponta-falhas-no-calculo-e-ausencia-de-paginas-no-processo-de-r-308-milhoes-da-oi-s-a\/"},"wordCount":793,"publisher":{"@id":"https:\/\/wilsonsantosmt.com.br\/#\/schema\/person\/9de3c54961637a9eadb16bcbf895b1ef"},"articleSection":["Not\u00edcias"],"inLanguage":"pt-BR"},{"@type":"WebPage","@id":"https:\/\/wilsonsantosmt.com.br\/index.php\/2026\/03\/05\/wilson-santos-aponta-falhas-no-calculo-e-ausencia-de-paginas-no-processo-de-r-308-milhoes-da-oi-s-a\/","url":"https:\/\/wilsonsantosmt.com.br\/index.php\/2026\/03\/05\/wilson-santos-aponta-falhas-no-calculo-e-ausencia-de-paginas-no-processo-de-r-308-milhoes-da-oi-s-a\/","name":"Wilson Santos aponta falhas no c\u00e1lculo e aus\u00eancia de p\u00e1ginas no processo de R$ 308 milh\u00f5es da Oi S.A. - wilsonsantosmt.com.br","isPartOf":{"@id":"https:\/\/wilsonsantosmt.com.br\/#website"},"datePublished":"2026-03-05T17:34:42+00:00","dateModified":"2026-03-05T17:34:43+00:00","breadcrumb":{"@id":"https:\/\/wilsonsantosmt.com.br\/index.php\/2026\/03\/05\/wilson-santos-aponta-falhas-no-calculo-e-ausencia-de-paginas-no-processo-de-r-308-milhoes-da-oi-s-a\/#breadcrumb"},"inLanguage":"pt-BR","potentialAction":[{"@type":"ReadAction","target":["https:\/\/wilsonsantosmt.com.br\/index.php\/2026\/03\/05\/wilson-santos-aponta-falhas-no-calculo-e-ausencia-de-paginas-no-processo-de-r-308-milhoes-da-oi-s-a\/"]}]},{"@type":"BreadcrumbList","@id":"https:\/\/wilsonsantosmt.com.br\/index.php\/2026\/03\/05\/wilson-santos-aponta-falhas-no-calculo-e-ausencia-de-paginas-no-processo-de-r-308-milhoes-da-oi-s-a\/#breadcrumb","itemListElement":[{"@type":"ListItem","position":1,"name":"In\u00edcio","item":"https:\/\/wilsonsantosmt.com.br\/"},{"@type":"ListItem","position":2,"name":"Not\u00edcias","item":"https:\/\/wilsonsantosmt.com.br\/index.php\/category\/noticias\/"},{"@type":"ListItem","position":3,"name":"Wilson Santos aponta falhas no c\u00e1lculo e aus\u00eancia de p\u00e1ginas no processo de R$ 308 milh\u00f5es da Oi S.A."}]},{"@type":"WebSite","@id":"https:\/\/wilsonsantosmt.com.br\/#website","url":"https:\/\/wilsonsantosmt.com.br\/","name":"wilsonsantosmt.com.br","description":"","publisher":{"@id":"https:\/\/wilsonsantosmt.com.br\/#\/schema\/person\/9de3c54961637a9eadb16bcbf895b1ef"},"potentialAction":[{"@type":"SearchAction","target":{"@type":"EntryPoint","urlTemplate":"https:\/\/wilsonsantosmt.com.br\/?s={search_term_string}"},"query-input":"required name=search_term_string"}],"inLanguage":"pt-BR"},{"@type":["Person","Organization"],"@id":"https:\/\/wilsonsantosmt.com.br\/#\/schema\/person\/9de3c54961637a9eadb16bcbf895b1ef","name":"Wilson Santos","image":{"@type":"ImageObject","inLanguage":"pt-BR","@id":"https:\/\/wilsonsantosmt.com.br\/#\/schema\/person\/image\/","url":"https:\/\/wilsonsantosmt.com.br\/wp-content\/uploads\/2023\/11\/310828673_653254583023360_8795459643194608438_n.jpg","contentUrl":"https:\/\/wilsonsantosmt.com.br\/wp-content\/uploads\/2023\/11\/310828673_653254583023360_8795459643194608438_n.jpg","width":1078,"height":1079,"caption":"Wilson Santos"},"logo":{"@id":"https:\/\/wilsonsantosmt.com.br\/#\/schema\/person\/image\/"},"sameAs":["http:\/\/wilsonsantosmt.com.br","https:\/\/www.facebook.com\/WilsonSantosMT\/","https:\/\/www.instagram.com\/wilsonsantosmt\/","https:\/\/www.youtube.com\/@WilsonSantosWS\/videos","https:\/\/pt.wikipedia.org\/wiki\/Wilson_Santos"],"honorificPrefix":"Sr","gender":"masculino","jobTitle":"Deputado Estadual","worksFor":"Assembleia Legislativa de Mato Grosso"},{"@type":"Person","@id":"https:\/\/wilsonsantosmt.com.br\/#\/schema\/person\/1d097ee45f526dd0455dbad8c679932c","name":"Samantha dos Anjos","image":{"@type":"ImageObject","inLanguage":"pt-BR","@id":"https:\/\/wilsonsantosmt.com.br\/#\/schema\/person\/image\/","url":"https:\/\/secure.gravatar.com\/avatar\/7d8d0b6dd67d134a9fa841bee90c57c7?s=96&d=mm&r=g","contentUrl":"https:\/\/secure.gravatar.com\/avatar\/7d8d0b6dd67d134a9fa841bee90c57c7?s=96&d=mm&r=g","caption":"Samantha dos Anjos"},"url":"https:\/\/wilsonsantosmt.com.br\/index.php\/author\/samantha-dos-anjos\/"}]}},"_links":{"self":[{"href":"https:\/\/wilsonsantosmt.com.br\/index.php\/wp-json\/wp\/v2\/posts\/2276"}],"collection":[{"href":"https:\/\/wilsonsantosmt.com.br\/index.php\/wp-json\/wp\/v2\/posts"}],"about":[{"href":"https:\/\/wilsonsantosmt.com.br\/index.php\/wp-json\/wp\/v2\/types\/post"}],"author":[{"embeddable":true,"href":"https:\/\/wilsonsantosmt.com.br\/index.php\/wp-json\/wp\/v2\/users\/4"}],"replies":[{"embeddable":true,"href":"https:\/\/wilsonsantosmt.com.br\/index.php\/wp-json\/wp\/v2\/comments?post=2276"}],"version-history":[{"count":1,"href":"https:\/\/wilsonsantosmt.com.br\/index.php\/wp-json\/wp\/v2\/posts\/2276\/revisions"}],"predecessor-version":[{"id":2278,"href":"https:\/\/wilsonsantosmt.com.br\/index.php\/wp-json\/wp\/v2\/posts\/2276\/revisions\/2278"}],"wp:featuredmedia":[{"embeddable":true,"href":"https:\/\/wilsonsantosmt.com.br\/index.php\/wp-json\/wp\/v2\/media\/2277"}],"wp:attachment":[{"href":"https:\/\/wilsonsantosmt.com.br\/index.php\/wp-json\/wp\/v2\/media?parent=2276"}],"wp:term":[{"taxonomy":"category","embeddable":true,"href":"https:\/\/wilsonsantosmt.com.br\/index.php\/wp-json\/wp\/v2\/categories?post=2276"},{"taxonomy":"post_tag","embeddable":true,"href":"https:\/\/wilsonsantosmt.com.br\/index.php\/wp-json\/wp\/v2\/tags?post=2276"}],"curies":[{"name":"wp","href":"https:\/\/api.w.org\/{rel}","templated":true}]}}