{"id":2288,"date":"2026-03-09T16:31:31","date_gmt":"2026-03-09T20:31:31","guid":{"rendered":"https:\/\/wilsonsantosmt.com.br\/?p=2288"},"modified":"2026-03-09T16:42:44","modified_gmt":"2026-03-09T20:42:44","slug":"comitiva-liderada-por-wilson-santos-inicia-expedicao-para-avaliar-situacao-do-rio-cuiaba","status":"publish","type":"post","link":"https:\/\/wilsonsantosmt.com.br\/index.php\/2026\/03\/09\/comitiva-liderada-por-wilson-santos-inicia-expedicao-para-avaliar-situacao-do-rio-cuiaba\/","title":{"rendered":"Comitiva liderada por Wilson Santos inicia expedi\u00e7\u00e3o para avaliar situa\u00e7\u00e3o do Rio Cuiab\u00e1"},"content":{"rendered":"\n<p><\/p>\n\n\n\n<p>Foi dada a largada para a 3\u00aa Expedi\u00e7\u00e3o Fluvial pelo Rio Cuiab\u00e1 da Assembleia Legislativa de Mato Grosso (ALMT), liderada pelo deputado estadual Wilson Santos (PSD), com a participa\u00e7\u00e3o de especialistas ambientais, pescadores, pesquisadores e representantes de \u00f3rg\u00e3os p\u00fablicos. A comitiva iniciou, nesta segunda-feira (9), o percurso de fiscaliza\u00e7\u00e3o e levantamento ambiental que seguir\u00e1 ao longo do principal rio da regi\u00e3o metropolitana at\u00e9 chegar ao Pantanal &#8211; divisa entre Mato Grosso e Mato Grosso do Sul.<\/p>\n\n\n\n<p>O ponto de partida foi a regi\u00e3o pr\u00f3xima \u00e0 barragem de Manso, com sa\u00edda no Rancho do Mano, em Chapada dos Guimar\u00e3es, onde t\u00e9cnicos e pesquisadores apresentaram as primeiras an\u00e1lises sobre a din\u00e2mica ambiental do rio, destacando mudan\u00e7as provocadas ao longo dos anos no fluxo das \u00e1guas, na sedimenta\u00e7\u00e3o e na migra\u00e7\u00e3o dos peixes.<\/p>\n\n\n\n<p>Durante a abertura da expedi\u00e7\u00e3o, Wilson Santos explicou que o sistema h\u00eddrico do rio tem papel fundamental para outras bacias da Am\u00e9rica do Sul. \u201cEssas \u00e1guas seguem at\u00e9 desaguar no rio Paraguai e depois alcan\u00e7am a bacia do Prata, ou seja, o que acontece aqui, impacta um sistema h\u00eddrico muito maior\u201d, destacou.<\/p>\n\n\n\n<p>Outro ponto ressaltado, foi a import\u00e2ncia da regi\u00e3o para a reprodu\u00e7\u00e3o e migra\u00e7\u00e3o de esp\u00e9cies de peixes como pintado, pacu, dourado e piraputanga. Segundo relatos de pescadores e t\u00e9cnicos, obst\u00e1culos no rio e altera\u00e7\u00f5es ambientais t\u00eam dificultado a subida dessas esp\u00e9cies durante o per\u00edodo de migra\u00e7\u00e3o, o que pode provocar aumento na mortalidade de peixes. \u201cH\u00e1 momentos em que os peixes ficam concentrados tentando subir o rio e n\u00e3o conseguem. Isso gera estresse e at\u00e9 morte de muitos deles\u201d, relatou uma moradora da regi\u00e3o.<\/p>\n\n\n\n<p>A expedi\u00e7\u00e3o tamb\u00e9m busca avaliar os efeitos da Usina Hidrel\u00e9trica de Manso na din\u00e2mica do rio, especialmente na reten\u00e7\u00e3o de sedimentos. De acordo com o engenheiro hidr\u00e1ulico e professor da Universidade de Mato Grosso (UFMT), Rafael Petrollo de Paes, a redu\u00e7\u00e3o da quantidade de areia transportada pela corrente pode provocar mudan\u00e7as na forma\u00e7\u00e3o do leito e at\u00e9 impactos no Pantanal.<\/p>\n\n\n\n<p>Ele tamb\u00e9m explica que os sedimentos carregados pelo rio s\u00e3o essenciais para o equil\u00edbrio do ecossistema pantaneiro. &#8220;Sem esse material, ocorre uma mudan\u00e7a no fluxo da \u00e1gua e a din\u00e2mica da eros\u00e3o e deposi\u00e7\u00e3o dos sedimentos, o que pode impactar o processo de inunda\u00e7\u00e3o da plan\u00edcie e consequentemente afetar o ecossistema pantaneiro&#8221;, disse Paes.<\/p>\n\n\n\n<p>Para o deputado Wilson Santos, a expedi\u00e7\u00e3o representa mais um passo na busca por informa\u00e7\u00f5es t\u00e9cnicas e di\u00e1logo com quem vive do rio. \u201cO objetivo \u00e9 ouvir os pescadores, os ribeirinhos e os especialistas, al\u00e9m de fiscalizar poss\u00edveis irregularidades ambientais. Precisamos entender o que est\u00e1 acontecendo com o rio Cuiab\u00e1 para construir solu\u00e7\u00f5es que garantam a preserva\u00e7\u00e3o ambiental e a sobreviv\u00eancia das comunidades que dependem dele\u201d, afirmou o parlamentar.<\/p>\n\n\n\n<p>Ao longo dos pr\u00f3ximos dias, a comitiva percorrer\u00e1 diversos trechos do rio, passando por munic\u00edpios da regi\u00e3o metropolitana e do Pantanal, realizando reuni\u00f5es comunit\u00e1rias, inspe\u00e7\u00f5es ambientais e coleta de informa\u00e7\u00f5es que ir\u00e3o subsidiar um relat\u00f3rio t\u00e9cnico a ser encaminhado aos \u00f3rg\u00e3os competentes.<\/p>\n\n\n\n<p>Tamb\u00e9m fazem parte da comitiva &#8211; representantes da Secretaria de Estado de Meio Ambiente (Sema), Marinha do Brasil \u2013 Capitania Fluvial de Mato Grosso e Batalh\u00e3o de Pol\u00edcia Militar de Prote\u00e7\u00e3o Ambiental, do Comit\u00ea da Bacia Hidrogr\u00e1fica do Rio Cuiab\u00e1, presidente da Federa\u00e7\u00e3o Brasileira de Ge\u00f3logos (Febrageo) e professor da UFMT, Caiubi Emanuel Souza Kuhn, e da advogada Nilma Silva Santos, da presidente da Associa\u00e7\u00e3o do Segmento da Pesca de Mato Grosso (ASP-MT).<\/p>\n","protected":false},"excerpt":{"rendered":"<p>Foi dada a largada para a 3\u00aa Expedi\u00e7\u00e3o Fluvial pelo Rio Cuiab\u00e1 da Assembleia Legislativa de Mato Grosso (ALMT), liderada pelo deputado estadual Wilson Santos (PSD), com a participa\u00e7\u00e3o de especialistas ambientais, pescadores, pesquisadores e representantes de \u00f3rg\u00e3os p\u00fablicos. A comitiva iniciou, nesta segunda-feira (9), o percurso de fiscaliza\u00e7\u00e3o e levantamento ambiental que seguir\u00e1 ao [&hellip;]<\/p>\n","protected":false},"author":4,"featured_media":2294,"comment_status":"closed","ping_status":"open","sticky":false,"template":"","format":"standard","meta":{"footnotes":""},"categories":[13],"tags":[],"yoast_head":"<!-- This site is optimized with the Yoast SEO Premium plugin v21.5 (Yoast SEO v21.4) - https:\/\/yoast.com\/wordpress\/plugins\/seo\/ -->\n<title>Comitiva liderada por Wilson Santos inicia expedi\u00e7\u00e3o para avaliar situa\u00e7\u00e3o do Rio Cuiab\u00e1 - wilsonsantosmt.com.br<\/title>\n<meta name=\"robots\" content=\"index, follow, max-snippet:-1, max-image-preview:large, max-video-preview:-1\" \/>\n<link rel=\"canonical\" href=\"https:\/\/wilsonsantosmt.com.br\/index.php\/2026\/03\/09\/comitiva-liderada-por-wilson-santos-inicia-expedicao-para-avaliar-situacao-do-rio-cuiaba\/\" \/>\n<meta property=\"og:locale\" content=\"pt_BR\" \/>\n<meta property=\"og:type\" content=\"article\" \/>\n<meta property=\"og:title\" content=\"Comitiva liderada por Wilson Santos inicia expedi\u00e7\u00e3o para avaliar situa\u00e7\u00e3o do Rio Cuiab\u00e1\" \/>\n<meta property=\"og:description\" content=\"Foi dada a largada para a 3\u00aa Expedi\u00e7\u00e3o Fluvial pelo Rio Cuiab\u00e1 da Assembleia Legislativa de Mato Grosso (ALMT), liderada pelo deputado estadual Wilson Santos (PSD), com a participa\u00e7\u00e3o de especialistas ambientais, pescadores, pesquisadores e representantes de \u00f3rg\u00e3os p\u00fablicos. A comitiva iniciou, nesta segunda-feira (9), o percurso de fiscaliza\u00e7\u00e3o e levantamento ambiental que seguir\u00e1 ao [&hellip;]\" \/>\n<meta property=\"og:url\" content=\"https:\/\/wilsonsantosmt.com.br\/index.php\/2026\/03\/09\/comitiva-liderada-por-wilson-santos-inicia-expedicao-para-avaliar-situacao-do-rio-cuiaba\/\" \/>\n<meta property=\"og:site_name\" content=\"wilsonsantosmt.com.br\" \/>\n<meta property=\"article:publisher\" content=\"https:\/\/www.facebook.com\/WilsonSantosMT\/\" \/>\n<meta property=\"article:published_time\" content=\"2026-03-09T20:31:31+00:00\" \/>\n<meta property=\"article:modified_time\" content=\"2026-03-09T20:42:44+00:00\" \/>\n<meta property=\"og:image\" content=\"http:\/\/wilsonsantosmt.com.br\/wp-content\/uploads\/2026\/03\/WhatsApp-Image-2026-03-09-at-16.05.28-scaled.jpeg\" \/>\n\t<meta property=\"og:image:width\" content=\"2560\" \/>\n\t<meta property=\"og:image:height\" content=\"1440\" \/>\n\t<meta property=\"og:image:type\" content=\"image\/jpeg\" \/>\n<meta name=\"author\" content=\"Samantha dos Anjos\" \/>\n<meta name=\"twitter:card\" content=\"summary_large_image\" \/>\n<meta name=\"twitter:label1\" content=\"Escrito por\" \/>\n\t<meta name=\"twitter:data1\" content=\"Samantha dos Anjos\" \/>\n\t<meta name=\"twitter:label2\" content=\"Est. tempo de leitura\" \/>\n\t<meta name=\"twitter:data2\" content=\"4 minutos\" \/>\n<script type=\"application\/ld+json\" class=\"yoast-schema-graph\">{\"@context\":\"https:\/\/schema.org\",\"@graph\":[{\"@type\":\"Article\",\"@id\":\"https:\/\/wilsonsantosmt.com.br\/index.php\/2026\/03\/09\/comitiva-liderada-por-wilson-santos-inicia-expedicao-para-avaliar-situacao-do-rio-cuiaba\/#article\",\"isPartOf\":{\"@id\":\"https:\/\/wilsonsantosmt.com.br\/index.php\/2026\/03\/09\/comitiva-liderada-por-wilson-santos-inicia-expedicao-para-avaliar-situacao-do-rio-cuiaba\/\"},\"author\":{\"name\":\"Samantha dos Anjos\",\"@id\":\"https:\/\/wilsonsantosmt.com.br\/#\/schema\/person\/1d097ee45f526dd0455dbad8c679932c\"},\"headline\":\"Comitiva liderada por Wilson Santos inicia expedi\u00e7\u00e3o para avaliar situa\u00e7\u00e3o do Rio Cuiab\u00e1\",\"datePublished\":\"2026-03-09T20:31:31+00:00\",\"dateModified\":\"2026-03-09T20:42:44+00:00\",\"mainEntityOfPage\":{\"@id\":\"https:\/\/wilsonsantosmt.com.br\/index.php\/2026\/03\/09\/comitiva-liderada-por-wilson-santos-inicia-expedicao-para-avaliar-situacao-do-rio-cuiaba\/\"},\"wordCount\":655,\"publisher\":{\"@id\":\"https:\/\/wilsonsantosmt.com.br\/#\/schema\/person\/9de3c54961637a9eadb16bcbf895b1ef\"},\"articleSection\":[\"Not\u00edcias\"],\"inLanguage\":\"pt-BR\"},{\"@type\":\"WebPage\",\"@id\":\"https:\/\/wilsonsantosmt.com.br\/index.php\/2026\/03\/09\/comitiva-liderada-por-wilson-santos-inicia-expedicao-para-avaliar-situacao-do-rio-cuiaba\/\",\"url\":\"https:\/\/wilsonsantosmt.com.br\/index.php\/2026\/03\/09\/comitiva-liderada-por-wilson-santos-inicia-expedicao-para-avaliar-situacao-do-rio-cuiaba\/\",\"name\":\"Comitiva liderada por Wilson Santos inicia expedi\u00e7\u00e3o para avaliar situa\u00e7\u00e3o do Rio Cuiab\u00e1 - wilsonsantosmt.com.br\",\"isPartOf\":{\"@id\":\"https:\/\/wilsonsantosmt.com.br\/#website\"},\"datePublished\":\"2026-03-09T20:31:31+00:00\",\"dateModified\":\"2026-03-09T20:42:44+00:00\",\"breadcrumb\":{\"@id\":\"https:\/\/wilsonsantosmt.com.br\/index.php\/2026\/03\/09\/comitiva-liderada-por-wilson-santos-inicia-expedicao-para-avaliar-situacao-do-rio-cuiaba\/#breadcrumb\"},\"inLanguage\":\"pt-BR\",\"potentialAction\":[{\"@type\":\"ReadAction\",\"target\":[\"https:\/\/wilsonsantosmt.com.br\/index.php\/2026\/03\/09\/comitiva-liderada-por-wilson-santos-inicia-expedicao-para-avaliar-situacao-do-rio-cuiaba\/\"]}]},{\"@type\":\"BreadcrumbList\",\"@id\":\"https:\/\/wilsonsantosmt.com.br\/index.php\/2026\/03\/09\/comitiva-liderada-por-wilson-santos-inicia-expedicao-para-avaliar-situacao-do-rio-cuiaba\/#breadcrumb\",\"itemListElement\":[{\"@type\":\"ListItem\",\"position\":1,\"name\":\"In\u00edcio\",\"item\":\"https:\/\/wilsonsantosmt.com.br\/\"},{\"@type\":\"ListItem\",\"position\":2,\"name\":\"Not\u00edcias\",\"item\":\"https:\/\/wilsonsantosmt.com.br\/index.php\/category\/noticias\/\"},{\"@type\":\"ListItem\",\"position\":3,\"name\":\"Comitiva liderada por Wilson Santos inicia expedi\u00e7\u00e3o para avaliar situa\u00e7\u00e3o do Rio Cuiab\u00e1\"}]},{\"@type\":\"WebSite\",\"@id\":\"https:\/\/wilsonsantosmt.com.br\/#website\",\"url\":\"https:\/\/wilsonsantosmt.com.br\/\",\"name\":\"wilsonsantosmt.com.br\",\"description\":\"\",\"publisher\":{\"@id\":\"https:\/\/wilsonsantosmt.com.br\/#\/schema\/person\/9de3c54961637a9eadb16bcbf895b1ef\"},\"potentialAction\":[{\"@type\":\"SearchAction\",\"target\":{\"@type\":\"EntryPoint\",\"urlTemplate\":\"https:\/\/wilsonsantosmt.com.br\/?s={search_term_string}\"},\"query-input\":\"required name=search_term_string\"}],\"inLanguage\":\"pt-BR\"},{\"@type\":[\"Person\",\"Organization\"],\"@id\":\"https:\/\/wilsonsantosmt.com.br\/#\/schema\/person\/9de3c54961637a9eadb16bcbf895b1ef\",\"name\":\"Wilson Santos\",\"image\":{\"@type\":\"ImageObject\",\"inLanguage\":\"pt-BR\",\"@id\":\"https:\/\/wilsonsantosmt.com.br\/#\/schema\/person\/image\/\",\"url\":\"https:\/\/wilsonsantosmt.com.br\/wp-content\/uploads\/2023\/11\/310828673_653254583023360_8795459643194608438_n.jpg\",\"contentUrl\":\"https:\/\/wilsonsantosmt.com.br\/wp-content\/uploads\/2023\/11\/310828673_653254583023360_8795459643194608438_n.jpg\",\"width\":1078,\"height\":1079,\"caption\":\"Wilson Santos\"},\"logo\":{\"@id\":\"https:\/\/wilsonsantosmt.com.br\/#\/schema\/person\/image\/\"},\"sameAs\":[\"http:\/\/wilsonsantosmt.com.br\",\"https:\/\/www.facebook.com\/WilsonSantosMT\/\",\"https:\/\/www.instagram.com\/wilsonsantosmt\/\",\"https:\/\/www.youtube.com\/@WilsonSantosWS\/videos\",\"https:\/\/pt.wikipedia.org\/wiki\/Wilson_Santos\"],\"honorificPrefix\":\"Sr\",\"gender\":\"masculino\",\"jobTitle\":\"Deputado Estadual\",\"worksFor\":\"Assembleia Legislativa de Mato Grosso\"},{\"@type\":\"Person\",\"@id\":\"https:\/\/wilsonsantosmt.com.br\/#\/schema\/person\/1d097ee45f526dd0455dbad8c679932c\",\"name\":\"Samantha dos Anjos\",\"image\":{\"@type\":\"ImageObject\",\"inLanguage\":\"pt-BR\",\"@id\":\"https:\/\/wilsonsantosmt.com.br\/#\/schema\/person\/image\/\",\"url\":\"https:\/\/secure.gravatar.com\/avatar\/7d8d0b6dd67d134a9fa841bee90c57c7?s=96&d=mm&r=g\",\"contentUrl\":\"https:\/\/secure.gravatar.com\/avatar\/7d8d0b6dd67d134a9fa841bee90c57c7?s=96&d=mm&r=g\",\"caption\":\"Samantha dos Anjos\"},\"url\":\"https:\/\/wilsonsantosmt.com.br\/index.php\/author\/samantha-dos-anjos\/\"}]}<\/script>\n<!-- \/ Yoast SEO Premium plugin. -->","yoast_head_json":{"title":"Comitiva liderada por Wilson Santos inicia expedi\u00e7\u00e3o para avaliar situa\u00e7\u00e3o do Rio Cuiab\u00e1 - wilsonsantosmt.com.br","robots":{"index":"index","follow":"follow","max-snippet":"max-snippet:-1","max-image-preview":"max-image-preview:large","max-video-preview":"max-video-preview:-1"},"canonical":"https:\/\/wilsonsantosmt.com.br\/index.php\/2026\/03\/09\/comitiva-liderada-por-wilson-santos-inicia-expedicao-para-avaliar-situacao-do-rio-cuiaba\/","og_locale":"pt_BR","og_type":"article","og_title":"Comitiva liderada por Wilson Santos inicia expedi\u00e7\u00e3o para avaliar situa\u00e7\u00e3o do Rio Cuiab\u00e1","og_description":"Foi dada a largada para a 3\u00aa Expedi\u00e7\u00e3o Fluvial pelo Rio Cuiab\u00e1 da Assembleia Legislativa de Mato Grosso (ALMT), liderada pelo deputado estadual Wilson Santos (PSD), com a participa\u00e7\u00e3o de especialistas ambientais, pescadores, pesquisadores e representantes de \u00f3rg\u00e3os p\u00fablicos. A comitiva iniciou, nesta segunda-feira (9), o percurso de fiscaliza\u00e7\u00e3o e levantamento ambiental que seguir\u00e1 ao [&hellip;]","og_url":"https:\/\/wilsonsantosmt.com.br\/index.php\/2026\/03\/09\/comitiva-liderada-por-wilson-santos-inicia-expedicao-para-avaliar-situacao-do-rio-cuiaba\/","og_site_name":"wilsonsantosmt.com.br","article_publisher":"https:\/\/www.facebook.com\/WilsonSantosMT\/","article_published_time":"2026-03-09T20:31:31+00:00","article_modified_time":"2026-03-09T20:42:44+00:00","og_image":[{"width":2560,"height":1440,"url":"http:\/\/wilsonsantosmt.com.br\/wp-content\/uploads\/2026\/03\/WhatsApp-Image-2026-03-09-at-16.05.28-scaled.jpeg","type":"image\/jpeg"}],"author":"Samantha dos Anjos","twitter_card":"summary_large_image","twitter_misc":{"Escrito por":"Samantha dos Anjos","Est. tempo de leitura":"4 minutos"},"schema":{"@context":"https:\/\/schema.org","@graph":[{"@type":"Article","@id":"https:\/\/wilsonsantosmt.com.br\/index.php\/2026\/03\/09\/comitiva-liderada-por-wilson-santos-inicia-expedicao-para-avaliar-situacao-do-rio-cuiaba\/#article","isPartOf":{"@id":"https:\/\/wilsonsantosmt.com.br\/index.php\/2026\/03\/09\/comitiva-liderada-por-wilson-santos-inicia-expedicao-para-avaliar-situacao-do-rio-cuiaba\/"},"author":{"name":"Samantha dos Anjos","@id":"https:\/\/wilsonsantosmt.com.br\/#\/schema\/person\/1d097ee45f526dd0455dbad8c679932c"},"headline":"Comitiva liderada por Wilson Santos inicia expedi\u00e7\u00e3o para avaliar situa\u00e7\u00e3o do Rio Cuiab\u00e1","datePublished":"2026-03-09T20:31:31+00:00","dateModified":"2026-03-09T20:42:44+00:00","mainEntityOfPage":{"@id":"https:\/\/wilsonsantosmt.com.br\/index.php\/2026\/03\/09\/comitiva-liderada-por-wilson-santos-inicia-expedicao-para-avaliar-situacao-do-rio-cuiaba\/"},"wordCount":655,"publisher":{"@id":"https:\/\/wilsonsantosmt.com.br\/#\/schema\/person\/9de3c54961637a9eadb16bcbf895b1ef"},"articleSection":["Not\u00edcias"],"inLanguage":"pt-BR"},{"@type":"WebPage","@id":"https:\/\/wilsonsantosmt.com.br\/index.php\/2026\/03\/09\/comitiva-liderada-por-wilson-santos-inicia-expedicao-para-avaliar-situacao-do-rio-cuiaba\/","url":"https:\/\/wilsonsantosmt.com.br\/index.php\/2026\/03\/09\/comitiva-liderada-por-wilson-santos-inicia-expedicao-para-avaliar-situacao-do-rio-cuiaba\/","name":"Comitiva liderada por Wilson Santos inicia expedi\u00e7\u00e3o para avaliar situa\u00e7\u00e3o do Rio Cuiab\u00e1 - wilsonsantosmt.com.br","isPartOf":{"@id":"https:\/\/wilsonsantosmt.com.br\/#website"},"datePublished":"2026-03-09T20:31:31+00:00","dateModified":"2026-03-09T20:42:44+00:00","breadcrumb":{"@id":"https:\/\/wilsonsantosmt.com.br\/index.php\/2026\/03\/09\/comitiva-liderada-por-wilson-santos-inicia-expedicao-para-avaliar-situacao-do-rio-cuiaba\/#breadcrumb"},"inLanguage":"pt-BR","potentialAction":[{"@type":"ReadAction","target":["https:\/\/wilsonsantosmt.com.br\/index.php\/2026\/03\/09\/comitiva-liderada-por-wilson-santos-inicia-expedicao-para-avaliar-situacao-do-rio-cuiaba\/"]}]},{"@type":"BreadcrumbList","@id":"https:\/\/wilsonsantosmt.com.br\/index.php\/2026\/03\/09\/comitiva-liderada-por-wilson-santos-inicia-expedicao-para-avaliar-situacao-do-rio-cuiaba\/#breadcrumb","itemListElement":[{"@type":"ListItem","position":1,"name":"In\u00edcio","item":"https:\/\/wilsonsantosmt.com.br\/"},{"@type":"ListItem","position":2,"name":"Not\u00edcias","item":"https:\/\/wilsonsantosmt.com.br\/index.php\/category\/noticias\/"},{"@type":"ListItem","position":3,"name":"Comitiva liderada por Wilson Santos inicia expedi\u00e7\u00e3o para avaliar situa\u00e7\u00e3o do Rio Cuiab\u00e1"}]},{"@type":"WebSite","@id":"https:\/\/wilsonsantosmt.com.br\/#website","url":"https:\/\/wilsonsantosmt.com.br\/","name":"wilsonsantosmt.com.br","description":"","publisher":{"@id":"https:\/\/wilsonsantosmt.com.br\/#\/schema\/person\/9de3c54961637a9eadb16bcbf895b1ef"},"potentialAction":[{"@type":"SearchAction","target":{"@type":"EntryPoint","urlTemplate":"https:\/\/wilsonsantosmt.com.br\/?s={search_term_string}"},"query-input":"required name=search_term_string"}],"inLanguage":"pt-BR"},{"@type":["Person","Organization"],"@id":"https:\/\/wilsonsantosmt.com.br\/#\/schema\/person\/9de3c54961637a9eadb16bcbf895b1ef","name":"Wilson Santos","image":{"@type":"ImageObject","inLanguage":"pt-BR","@id":"https:\/\/wilsonsantosmt.com.br\/#\/schema\/person\/image\/","url":"https:\/\/wilsonsantosmt.com.br\/wp-content\/uploads\/2023\/11\/310828673_653254583023360_8795459643194608438_n.jpg","contentUrl":"https:\/\/wilsonsantosmt.com.br\/wp-content\/uploads\/2023\/11\/310828673_653254583023360_8795459643194608438_n.jpg","width":1078,"height":1079,"caption":"Wilson Santos"},"logo":{"@id":"https:\/\/wilsonsantosmt.com.br\/#\/schema\/person\/image\/"},"sameAs":["http:\/\/wilsonsantosmt.com.br","https:\/\/www.facebook.com\/WilsonSantosMT\/","https:\/\/www.instagram.com\/wilsonsantosmt\/","https:\/\/www.youtube.com\/@WilsonSantosWS\/videos","https:\/\/pt.wikipedia.org\/wiki\/Wilson_Santos"],"honorificPrefix":"Sr","gender":"masculino","jobTitle":"Deputado Estadual","worksFor":"Assembleia Legislativa de Mato Grosso"},{"@type":"Person","@id":"https:\/\/wilsonsantosmt.com.br\/#\/schema\/person\/1d097ee45f526dd0455dbad8c679932c","name":"Samantha dos Anjos","image":{"@type":"ImageObject","inLanguage":"pt-BR","@id":"https:\/\/wilsonsantosmt.com.br\/#\/schema\/person\/image\/","url":"https:\/\/secure.gravatar.com\/avatar\/7d8d0b6dd67d134a9fa841bee90c57c7?s=96&d=mm&r=g","contentUrl":"https:\/\/secure.gravatar.com\/avatar\/7d8d0b6dd67d134a9fa841bee90c57c7?s=96&d=mm&r=g","caption":"Samantha dos Anjos"},"url":"https:\/\/wilsonsantosmt.com.br\/index.php\/author\/samantha-dos-anjos\/"}]}},"_links":{"self":[{"href":"https:\/\/wilsonsantosmt.com.br\/index.php\/wp-json\/wp\/v2\/posts\/2288"}],"collection":[{"href":"https:\/\/wilsonsantosmt.com.br\/index.php\/wp-json\/wp\/v2\/posts"}],"about":[{"href":"https:\/\/wilsonsantosmt.com.br\/index.php\/wp-json\/wp\/v2\/types\/post"}],"author":[{"embeddable":true,"href":"https:\/\/wilsonsantosmt.com.br\/index.php\/wp-json\/wp\/v2\/users\/4"}],"replies":[{"embeddable":true,"href":"https:\/\/wilsonsantosmt.com.br\/index.php\/wp-json\/wp\/v2\/comments?post=2288"}],"version-history":[{"count":1,"href":"https:\/\/wilsonsantosmt.com.br\/index.php\/wp-json\/wp\/v2\/posts\/2288\/revisions"}],"predecessor-version":[{"id":2289,"href":"https:\/\/wilsonsantosmt.com.br\/index.php\/wp-json\/wp\/v2\/posts\/2288\/revisions\/2289"}],"wp:featuredmedia":[{"embeddable":true,"href":"https:\/\/wilsonsantosmt.com.br\/index.php\/wp-json\/wp\/v2\/media\/2294"}],"wp:attachment":[{"href":"https:\/\/wilsonsantosmt.com.br\/index.php\/wp-json\/wp\/v2\/media?parent=2288"}],"wp:term":[{"taxonomy":"category","embeddable":true,"href":"https:\/\/wilsonsantosmt.com.br\/index.php\/wp-json\/wp\/v2\/categories?post=2288"},{"taxonomy":"post_tag","embeddable":true,"href":"https:\/\/wilsonsantosmt.com.br\/index.php\/wp-json\/wp\/v2\/tags?post=2288"}],"curies":[{"name":"wp","href":"https:\/\/api.w.org\/{rel}","templated":true}]}}