{"id":2309,"date":"2026-03-11T02:41:00","date_gmt":"2026-03-11T06:41:00","guid":{"rendered":"https:\/\/wilsonsantosmt.com.br\/?p=2309"},"modified":"2026-03-11T12:51:20","modified_gmt":"2026-03-11T16:51:20","slug":"expedicao-de-wilson-santos-debate-seguro-defeso-e-rejeicao-as-hidreletricas-no-rio-cuiaba","status":"publish","type":"post","link":"https:\/\/wilsonsantosmt.com.br\/index.php\/2026\/03\/11\/expedicao-de-wilson-santos-debate-seguro-defeso-e-rejeicao-as-hidreletricas-no-rio-cuiaba\/","title":{"rendered":"Expedi\u00e7\u00e3o de Wilson Santos debate seguro-defeso e rejei\u00e7\u00e3o \u00e0s hidrel\u00e9tricas no Rio Cuiab\u00e1"},"content":{"rendered":"\n<p>BEIRA RIO S\u00c3O GON\u00c7ALO<\/p>\n\n\n\n<figure class=\"wp-block-image size-large is-resized\"><img fetchpriority=\"high\" decoding=\"async\" width=\"1024\" height=\"576\" src=\"http:\/\/wilsonsantosmt.com.br\/wp-content\/uploads\/2026\/03\/IMG-20260310-WA0246-1024x576.jpg\" alt=\"\" class=\"wp-image-2310\" style=\"width:402px;height:auto\" srcset=\"https:\/\/wilsonsantosmt.com.br\/wp-content\/uploads\/2026\/03\/IMG-20260310-WA0246-1024x576.jpg 1024w, https:\/\/wilsonsantosmt.com.br\/wp-content\/uploads\/2026\/03\/IMG-20260310-WA0246-300x169.jpg 300w, https:\/\/wilsonsantosmt.com.br\/wp-content\/uploads\/2026\/03\/IMG-20260310-WA0246-768x432.jpg 768w, https:\/\/wilsonsantosmt.com.br\/wp-content\/uploads\/2026\/03\/IMG-20260310-WA0246-1536x864.jpg 1536w, https:\/\/wilsonsantosmt.com.br\/wp-content\/uploads\/2026\/03\/IMG-20260310-WA0246-2048x1152.jpg 2048w, https:\/\/wilsonsantosmt.com.br\/wp-content\/uploads\/2026\/03\/IMG-20260310-WA0246-600x338.jpg 600w\" sizes=\"(max-width: 1024px) 100vw, 1024px\" \/><\/figure>\n\n\n\n<figure class=\"wp-block-image size-large\"><img decoding=\"async\" width=\"1024\" height=\"576\" src=\"http:\/\/wilsonsantosmt.com.br\/wp-content\/uploads\/2026\/03\/IMG-20260310-WA0244-1024x576.jpg\" alt=\"\" class=\"wp-image-2311\" srcset=\"https:\/\/wilsonsantosmt.com.br\/wp-content\/uploads\/2026\/03\/IMG-20260310-WA0244-1024x576.jpg 1024w, https:\/\/wilsonsantosmt.com.br\/wp-content\/uploads\/2026\/03\/IMG-20260310-WA0244-300x169.jpg 300w, https:\/\/wilsonsantosmt.com.br\/wp-content\/uploads\/2026\/03\/IMG-20260310-WA0244-768x432.jpg 768w, https:\/\/wilsonsantosmt.com.br\/wp-content\/uploads\/2026\/03\/IMG-20260310-WA0244-1536x864.jpg 1536w, https:\/\/wilsonsantosmt.com.br\/wp-content\/uploads\/2026\/03\/IMG-20260310-WA0244-2048x1152.jpg 2048w, https:\/\/wilsonsantosmt.com.br\/wp-content\/uploads\/2026\/03\/IMG-20260310-WA0244-600x338.jpg 600w\" sizes=\"(max-width: 1024px) 100vw, 1024px\" \/><\/figure>\n\n\n\n<p><\/p>\n\n\n\n<p>A reuni\u00e3o da expedi\u00e7\u00e3o fluvial no Rio Cuiab\u00e1, liberada pelo deputado estadual Wilson Santos (PSD), chegou na capital de Cuiab\u00e1, nesta ter\u00e7a-feira (9), no Centro de Eventos Beira Rio, na comunidade S\u00e3o Gon\u00e7alo Beira Rio. O encontro reuniu pescadores, moradores de comunidades ribeirinhas, representantes de \u00f3rg\u00e3os p\u00fablicos e especialistas para discutir a situa\u00e7\u00e3o do rio e os impactos enfrentados pela categoria pesqueira.<\/p>\n\n\n\n<p>Durante a abertura do encontro, o parlamentar agradeceu a presen\u00e7a do p\u00fablico e ressaltou a import\u00e2ncia do di\u00e1logo com as comunidades tradicionais. \u201cQuero agradecer todos os presentes que atenderam o convite. Vamos trocar uma ideia sobre o Rio Cuiab\u00e1, ouvindo voc\u00eas que j\u00e1 foram escutados em outros momentos. A maioria aqui s\u00e3o pescadores, pessoas que ajudaram a construir Cuiab\u00e1. Independente do patrim\u00f4nio cultural, aqui est\u00e1 a nossa raiz\u201d, afirmou.<\/p>\n\n\n\n<p>Wilson Santos destacou que a expedi\u00e7\u00e3o percorrer\u00e1 cerca de 900 quil\u00f4metros pelo Rio Cuiab\u00e1 e voltou a tratar da proposta de constru\u00e7\u00e3o de Pequenas Centrais Hidrel\u00e9tricas (PCHs), empreendimento apresentado pela empresa Maturati, que previa a instala\u00e7\u00e3o de estruturas em um trecho de cerca de 190 quil\u00f4metros do rio, com capacidade de gera\u00e7\u00e3o total de 156 megawatts (MW) de energia. Segundo ele, o projeto n\u00e3o foi aprovado e nem acatado pela Secretaria de Estado de Meio Ambiente (Sema).<\/p>\n\n\n\n<p>\u201cEsse projeto foi indeferido pela Sema. Nas comunidades que visitamos at\u00e9 agora, todas disseram n\u00e3o para a constru\u00e7\u00e3o de hidrel\u00e9tricas no Rio Cuiab\u00e1. Essa j\u00e1 \u00e9 a quinta comunidade que consultamos e todas mant\u00eam a mesma posi\u00e7\u00e3o\u201d, relatou o deputado.<\/p>\n\n\n\n<p>Ele afirmou que a expedi\u00e7\u00e3o tem justamente o objetivo de manter o debate p\u00fablico sobre o tema. \u201cEstamos repetindo essa descida pelo rio para que um assunto importante como esse n\u00e3o caia no esquecimento e passe despercebido. Estamos acompanhando esse processo tanto na esfera estadual quanto federal\u201d, disse.<\/p>\n\n\n\n<p>Outro tema central da reuni\u00e3o foi o atraso no pagamento do seguro-defeso aos pescadores de Mato Grosso. O benef\u00edcio, pago durante o per\u00edodo da Piracema, garante renda aos pescadores durante o tempo em que a pesca \u00e9 proibida. O parlamentar criticou a situa\u00e7\u00e3o enfrentada pela categoria.<\/p>\n\n\n\n<p>\u201cEssa lei do Transporte Zero j\u00e1 trouxe preju\u00edzos para os pescadores. Agora vem mais essa situa\u00e7\u00e3o do n\u00e3o pagamento do seguro-defeso. Os pescadores ficaram quatro meses sem trabalhar, podendo exercer a atividade apenas oito meses no ano. Estamos lutando e tenho esperan\u00e7a de que possamos reverter essa situa\u00e7\u00e3o\u201d, afirmou o parlamentar.<\/p>\n\n\n\n<p>Ele tamb\u00e9m questionou o baixo n\u00famero de ades\u00f5es ao programa estadual Repesca, que prev\u00ea aux\u00edlio aos pescadores. \u201cOs pescadores de Mato Grosso t\u00eam muito receio de aderir ao Repesca e isso interferir no direito \u00e0 aposentadoria especial no INSS. Isso acaba gerando uma interroga\u00e7\u00e3o na cabe\u00e7a dos pescadores e provocou uma baix\u00edssima ades\u00e3o ao programa\u201d, observou.<\/p>\n\n\n\n<p>A pescadora Sandra Maria Oliveira, que \u00e9 atual presidente da Col\u00f4nia de Pescadores Z-1, em Cuiab\u00e1, manifestou preocupa\u00e7\u00e3o com a situa\u00e7\u00e3o enfrentada pelos pescadores. \u201cQuanto \u00e0s hidrel\u00e9tricas, somos totalmente contra. Hoje, nossa maior preocupa\u00e7\u00e3o \u00e9 o seguro-defeso. Os pescadores ficaram quatro meses sem trabalhar e sem previs\u00e3o de receber. Eles j\u00e1 s\u00e3o penalizados com a Lei do Transporte Zero. Precisamos de ajuda\u201d, afirmou.<\/p>\n\n\n\n<p>O superintendente do Minist\u00e9rio do Trabalho e Emprego (MTE) de Mato Grosso, Gerson Delgado, explicou que o pagamento do benef\u00edcio depende de quest\u00f5es t\u00e9cnicas, or\u00e7ament\u00e1rias e pol\u00edticas do governo federal. Filho de pescador, ele relatou sua liga\u00e7\u00e3o com a atividade pesqueira. \u201cEu tenho certeza da dor da atividade pesqueira, porque j\u00e1 vivi isso na pele. Meu pai era um simples lavrador de Santo Ant\u00f4nio de Leverger e buscou na pesca uma alternativa para sustentar a fam\u00edlia. Ele vivia de segunda a segunda na beira do rio e conseguiu criar dez filhos, todos com n\u00edvel superior. Por isso estou aqui hoje para servir\u201d, ressaltou.<\/p>\n\n\n\n<p>Conforme Delgado, o governo federal ainda analisa os requerimentos relacionados ao benef\u00edcio. \u201cFoi publicada uma medida provis\u00f3ria, em novembro de 2025, para verificar quem realmente \u00e9 pescador. Em alguns estados houve um aumento muito grande no n\u00famero de pescadores cadastrados. Os demais estados j\u00e1 protocolaram os requerimentos e eles est\u00e3o sendo analisados. Infelizmente, Mato Grosso ficou nessa situa\u00e7\u00e3o. Se depender do Minist\u00e9rio do Trabalho, haver\u00e1 celeridade no atendimento que o pescador merece\u201d, explicou.<\/p>\n\n\n\n<p>Ele destacou que o pagamento depende da libera\u00e7\u00e3o de recursos federais. \u201cTendo a dota\u00e7\u00e3o or\u00e7ament\u00e1ria, o pagamento pode ser resolvido imediatamente. Mato Grosso \u00e9 o \u00fanico estado que ficou nessa situa\u00e7\u00e3o e precisamos trabalhar para resolver o passivo\u201d, acrescentou.<\/p>\n\n\n\n<p>A presidente da Associa\u00e7\u00e3o dos Artes\u00e3os, J\u00falia Rodrigues, alertou para a necessidade de mobiliza\u00e7\u00e3o imediata das comunidades. \u201cTemos que come\u00e7ar a gritar desde agora, n\u00e3o esperar acontecer. H\u00e1 muito tempo estamos pedindo socorro pelo Rio Cuiab\u00e1. Precisamos dizer n\u00e3o para as hidrel\u00e9tricas e cuidar do nosso patrim\u00f4nio\u201d, afirmou.<\/p>\n\n\n\n<p>J\u00e1 o secret\u00e1rio municipal de Obras de Cuiab\u00e1, Reginaldo Teixeira, ressaltou a import\u00e2ncia do rio para a capital. \u201cO Rio Cuiab\u00e1 \u00e9 fundamental para a nossa cidade e precisamos cuidar e preservar esse patrim\u00f4nio. Estou \u00e0 disposi\u00e7\u00e3o para colaborar no que for necess\u00e1rio\u201d, declarou.<\/p>\n\n\n\n<p>O secret\u00e1rio municipal de Turismo e Desenvolvimento Econ\u00f4mico de Cuiab\u00e1, Luiz Fernando Medeiros, destacou que o turismo pode contribuir para fortalecer a economia das comunidades ribeirinhas. \u201cO turismo \u00e9 uma alternativa de renda importante. N\u00e3o vemos conflito entre pescadores artesanais e pesca esportiva. O que precisamos \u00e9 preservar o rio e valorizar a cultura das comunidades\u201d, afirmou.<\/p>\n\n\n\n<p>Tamb\u00e9m participaram da reuni\u00e3o o professor e ex-pescador Wises Antunes Corr\u00eaa e a presidente do bairro S\u00e3o Gon\u00e7alo Beira Rio, Cleide Rodrigues Moraes, que ajudou na organiza\u00e7\u00e3o do encontro. \u201cQualquer iniciativa que seja boa para nossa comunidade \u00e9 bem-vinda. Agradecemos ao deputado Wilson Santos por visitar as comunidades ribeirinhas e ouvir nossa popula\u00e7\u00e3o\u201d, declarou Wises.<\/p>\n\n\n\n<p>Os moradores tamb\u00e9m lembraram que os impactos ambientais no Rio Cuiab\u00e1 se intensificaram ap\u00f3s a constru\u00e7\u00e3o da Barragem de Manso, na d\u00e9cada de 1990, situa\u00e7\u00e3o que, segundo os pescadores, ainda provoca reflexos na atividade pesqueira e no equil\u00edbrio ambiental do rio. Para Wilson Santos, a expedi\u00e7\u00e3o tem justamente o objetivo de dar visibilidade a esses problemas e fortalecer o di\u00e1logo com as comunidades que vivem \u00e0s margens do Rio Cuiab\u00e1.<\/p>\n\n\n\n<p>Al\u00e9m da Assembleia Legislativa de Mato Grosso, a comitiva da expedi\u00e7\u00e3o \u00e9 formada por representantes da Universidade Federal de Mato Grosso (UFMT), da Secretaria de Estado de Meio Ambiente de Mato Grosso (Sema), da Marinha do Brasil \u2013 por meio da Capitania Fluvial de Mato Grosso, do Batalh\u00e3o da Pol\u00edcia Militar de Prote\u00e7\u00e3o Ambiental, do Comit\u00ea da Bacia Hidrogr\u00e1fica do Rio Cuiab\u00e1 e da Associa\u00e7\u00e3o do Segmento da Pesca de Mato Grosso (ASP-MT).<\/p>\n","protected":false},"excerpt":{"rendered":"<p>BEIRA RIO S\u00c3O GON\u00c7ALO A reuni\u00e3o da expedi\u00e7\u00e3o fluvial no Rio Cuiab\u00e1, liberada pelo deputado estadual Wilson Santos (PSD), chegou na capital de Cuiab\u00e1, nesta ter\u00e7a-feira (9), no Centro de Eventos Beira Rio, na comunidade S\u00e3o Gon\u00e7alo Beira Rio. O encontro reuniu pescadores, moradores de comunidades ribeirinhas, representantes de \u00f3rg\u00e3os p\u00fablicos e especialistas para discutir [&hellip;]<\/p>\n","protected":false},"author":4,"featured_media":2310,"comment_status":"closed","ping_status":"open","sticky":false,"template":"","format":"standard","meta":{"footnotes":""},"categories":[13],"tags":[],"yoast_head":"<!-- This site is optimized with the Yoast SEO Premium plugin v21.5 (Yoast SEO v21.4) - https:\/\/yoast.com\/wordpress\/plugins\/seo\/ -->\n<title>Expedi\u00e7\u00e3o de Wilson Santos debate seguro-defeso e rejei\u00e7\u00e3o \u00e0s hidrel\u00e9tricas no Rio Cuiab\u00e1 - wilsonsantosmt.com.br<\/title>\n<meta name=\"robots\" content=\"index, follow, max-snippet:-1, max-image-preview:large, max-video-preview:-1\" \/>\n<link rel=\"canonical\" href=\"https:\/\/wilsonsantosmt.com.br\/index.php\/2026\/03\/11\/expedicao-de-wilson-santos-debate-seguro-defeso-e-rejeicao-as-hidreletricas-no-rio-cuiaba\/\" \/>\n<meta property=\"og:locale\" content=\"pt_BR\" \/>\n<meta property=\"og:type\" content=\"article\" \/>\n<meta property=\"og:title\" content=\"Expedi\u00e7\u00e3o de Wilson Santos debate seguro-defeso e rejei\u00e7\u00e3o \u00e0s hidrel\u00e9tricas no Rio Cuiab\u00e1\" \/>\n<meta property=\"og:description\" content=\"BEIRA RIO S\u00c3O GON\u00c7ALO A reuni\u00e3o da expedi\u00e7\u00e3o fluvial no Rio Cuiab\u00e1, liberada pelo deputado estadual Wilson Santos (PSD), chegou na capital de Cuiab\u00e1, nesta ter\u00e7a-feira (9), no Centro de Eventos Beira Rio, na comunidade S\u00e3o Gon\u00e7alo Beira Rio. O encontro reuniu pescadores, moradores de comunidades ribeirinhas, representantes de \u00f3rg\u00e3os p\u00fablicos e especialistas para discutir [&hellip;]\" \/>\n<meta property=\"og:url\" content=\"https:\/\/wilsonsantosmt.com.br\/index.php\/2026\/03\/11\/expedicao-de-wilson-santos-debate-seguro-defeso-e-rejeicao-as-hidreletricas-no-rio-cuiaba\/\" \/>\n<meta property=\"og:site_name\" content=\"wilsonsantosmt.com.br\" \/>\n<meta property=\"article:publisher\" content=\"https:\/\/www.facebook.com\/WilsonSantosMT\/\" \/>\n<meta property=\"article:published_time\" content=\"2026-03-11T06:41:00+00:00\" \/>\n<meta property=\"article:modified_time\" content=\"2026-03-11T16:51:20+00:00\" \/>\n<meta property=\"og:image\" content=\"http:\/\/wilsonsantosmt.com.br\/wp-content\/uploads\/2026\/03\/IMG-20260310-WA0246-scaled.jpg\" \/>\n\t<meta property=\"og:image:width\" content=\"2560\" \/>\n\t<meta property=\"og:image:height\" content=\"1440\" \/>\n\t<meta property=\"og:image:type\" content=\"image\/jpeg\" \/>\n<meta name=\"author\" content=\"Samantha dos Anjos\" \/>\n<meta name=\"twitter:card\" content=\"summary_large_image\" \/>\n<meta name=\"twitter:label1\" content=\"Escrito por\" \/>\n\t<meta name=\"twitter:data1\" content=\"Samantha dos Anjos\" \/>\n\t<meta name=\"twitter:label2\" content=\"Est. tempo de leitura\" \/>\n\t<meta name=\"twitter:data2\" content=\"7 minutos\" \/>\n<script type=\"application\/ld+json\" class=\"yoast-schema-graph\">{\"@context\":\"https:\/\/schema.org\",\"@graph\":[{\"@type\":\"Article\",\"@id\":\"https:\/\/wilsonsantosmt.com.br\/index.php\/2026\/03\/11\/expedicao-de-wilson-santos-debate-seguro-defeso-e-rejeicao-as-hidreletricas-no-rio-cuiaba\/#article\",\"isPartOf\":{\"@id\":\"https:\/\/wilsonsantosmt.com.br\/index.php\/2026\/03\/11\/expedicao-de-wilson-santos-debate-seguro-defeso-e-rejeicao-as-hidreletricas-no-rio-cuiaba\/\"},\"author\":{\"name\":\"Samantha dos Anjos\",\"@id\":\"https:\/\/wilsonsantosmt.com.br\/#\/schema\/person\/1d097ee45f526dd0455dbad8c679932c\"},\"headline\":\"Expedi\u00e7\u00e3o de Wilson Santos debate seguro-defeso e rejei\u00e7\u00e3o \u00e0s hidrel\u00e9tricas no Rio Cuiab\u00e1\",\"datePublished\":\"2026-03-11T06:41:00+00:00\",\"dateModified\":\"2026-03-11T16:51:20+00:00\",\"mainEntityOfPage\":{\"@id\":\"https:\/\/wilsonsantosmt.com.br\/index.php\/2026\/03\/11\/expedicao-de-wilson-santos-debate-seguro-defeso-e-rejeicao-as-hidreletricas-no-rio-cuiaba\/\"},\"wordCount\":1193,\"publisher\":{\"@id\":\"https:\/\/wilsonsantosmt.com.br\/#\/schema\/person\/9de3c54961637a9eadb16bcbf895b1ef\"},\"articleSection\":[\"Not\u00edcias\"],\"inLanguage\":\"pt-BR\"},{\"@type\":\"WebPage\",\"@id\":\"https:\/\/wilsonsantosmt.com.br\/index.php\/2026\/03\/11\/expedicao-de-wilson-santos-debate-seguro-defeso-e-rejeicao-as-hidreletricas-no-rio-cuiaba\/\",\"url\":\"https:\/\/wilsonsantosmt.com.br\/index.php\/2026\/03\/11\/expedicao-de-wilson-santos-debate-seguro-defeso-e-rejeicao-as-hidreletricas-no-rio-cuiaba\/\",\"name\":\"Expedi\u00e7\u00e3o de Wilson Santos debate seguro-defeso e rejei\u00e7\u00e3o \u00e0s hidrel\u00e9tricas no Rio Cuiab\u00e1 - wilsonsantosmt.com.br\",\"isPartOf\":{\"@id\":\"https:\/\/wilsonsantosmt.com.br\/#website\"},\"datePublished\":\"2026-03-11T06:41:00+00:00\",\"dateModified\":\"2026-03-11T16:51:20+00:00\",\"breadcrumb\":{\"@id\":\"https:\/\/wilsonsantosmt.com.br\/index.php\/2026\/03\/11\/expedicao-de-wilson-santos-debate-seguro-defeso-e-rejeicao-as-hidreletricas-no-rio-cuiaba\/#breadcrumb\"},\"inLanguage\":\"pt-BR\",\"potentialAction\":[{\"@type\":\"ReadAction\",\"target\":[\"https:\/\/wilsonsantosmt.com.br\/index.php\/2026\/03\/11\/expedicao-de-wilson-santos-debate-seguro-defeso-e-rejeicao-as-hidreletricas-no-rio-cuiaba\/\"]}]},{\"@type\":\"BreadcrumbList\",\"@id\":\"https:\/\/wilsonsantosmt.com.br\/index.php\/2026\/03\/11\/expedicao-de-wilson-santos-debate-seguro-defeso-e-rejeicao-as-hidreletricas-no-rio-cuiaba\/#breadcrumb\",\"itemListElement\":[{\"@type\":\"ListItem\",\"position\":1,\"name\":\"In\u00edcio\",\"item\":\"https:\/\/wilsonsantosmt.com.br\/\"},{\"@type\":\"ListItem\",\"position\":2,\"name\":\"Not\u00edcias\",\"item\":\"https:\/\/wilsonsantosmt.com.br\/index.php\/category\/noticias\/\"},{\"@type\":\"ListItem\",\"position\":3,\"name\":\"Expedi\u00e7\u00e3o de Wilson Santos debate seguro-defeso e rejei\u00e7\u00e3o \u00e0s hidrel\u00e9tricas no Rio Cuiab\u00e1\"}]},{\"@type\":\"WebSite\",\"@id\":\"https:\/\/wilsonsantosmt.com.br\/#website\",\"url\":\"https:\/\/wilsonsantosmt.com.br\/\",\"name\":\"wilsonsantosmt.com.br\",\"description\":\"\",\"publisher\":{\"@id\":\"https:\/\/wilsonsantosmt.com.br\/#\/schema\/person\/9de3c54961637a9eadb16bcbf895b1ef\"},\"potentialAction\":[{\"@type\":\"SearchAction\",\"target\":{\"@type\":\"EntryPoint\",\"urlTemplate\":\"https:\/\/wilsonsantosmt.com.br\/?s={search_term_string}\"},\"query-input\":\"required name=search_term_string\"}],\"inLanguage\":\"pt-BR\"},{\"@type\":[\"Person\",\"Organization\"],\"@id\":\"https:\/\/wilsonsantosmt.com.br\/#\/schema\/person\/9de3c54961637a9eadb16bcbf895b1ef\",\"name\":\"Wilson Santos\",\"image\":{\"@type\":\"ImageObject\",\"inLanguage\":\"pt-BR\",\"@id\":\"https:\/\/wilsonsantosmt.com.br\/#\/schema\/person\/image\/\",\"url\":\"https:\/\/wilsonsantosmt.com.br\/wp-content\/uploads\/2023\/11\/310828673_653254583023360_8795459643194608438_n.jpg\",\"contentUrl\":\"https:\/\/wilsonsantosmt.com.br\/wp-content\/uploads\/2023\/11\/310828673_653254583023360_8795459643194608438_n.jpg\",\"width\":1078,\"height\":1079,\"caption\":\"Wilson Santos\"},\"logo\":{\"@id\":\"https:\/\/wilsonsantosmt.com.br\/#\/schema\/person\/image\/\"},\"sameAs\":[\"http:\/\/wilsonsantosmt.com.br\",\"https:\/\/www.facebook.com\/WilsonSantosMT\/\",\"https:\/\/www.instagram.com\/wilsonsantosmt\/\",\"https:\/\/www.youtube.com\/@WilsonSantosWS\/videos\",\"https:\/\/pt.wikipedia.org\/wiki\/Wilson_Santos\"],\"honorificPrefix\":\"Sr\",\"gender\":\"masculino\",\"jobTitle\":\"Deputado Estadual\",\"worksFor\":\"Assembleia Legislativa de Mato Grosso\"},{\"@type\":\"Person\",\"@id\":\"https:\/\/wilsonsantosmt.com.br\/#\/schema\/person\/1d097ee45f526dd0455dbad8c679932c\",\"name\":\"Samantha dos Anjos\",\"image\":{\"@type\":\"ImageObject\",\"inLanguage\":\"pt-BR\",\"@id\":\"https:\/\/wilsonsantosmt.com.br\/#\/schema\/person\/image\/\",\"url\":\"https:\/\/secure.gravatar.com\/avatar\/7d8d0b6dd67d134a9fa841bee90c57c7?s=96&d=mm&r=g\",\"contentUrl\":\"https:\/\/secure.gravatar.com\/avatar\/7d8d0b6dd67d134a9fa841bee90c57c7?s=96&d=mm&r=g\",\"caption\":\"Samantha dos Anjos\"},\"url\":\"https:\/\/wilsonsantosmt.com.br\/index.php\/author\/samantha-dos-anjos\/\"}]}<\/script>\n<!-- \/ Yoast SEO Premium plugin. -->","yoast_head_json":{"title":"Expedi\u00e7\u00e3o de Wilson Santos debate seguro-defeso e rejei\u00e7\u00e3o \u00e0s hidrel\u00e9tricas no Rio Cuiab\u00e1 - wilsonsantosmt.com.br","robots":{"index":"index","follow":"follow","max-snippet":"max-snippet:-1","max-image-preview":"max-image-preview:large","max-video-preview":"max-video-preview:-1"},"canonical":"https:\/\/wilsonsantosmt.com.br\/index.php\/2026\/03\/11\/expedicao-de-wilson-santos-debate-seguro-defeso-e-rejeicao-as-hidreletricas-no-rio-cuiaba\/","og_locale":"pt_BR","og_type":"article","og_title":"Expedi\u00e7\u00e3o de Wilson Santos debate seguro-defeso e rejei\u00e7\u00e3o \u00e0s hidrel\u00e9tricas no Rio Cuiab\u00e1","og_description":"BEIRA RIO S\u00c3O GON\u00c7ALO A reuni\u00e3o da expedi\u00e7\u00e3o fluvial no Rio Cuiab\u00e1, liberada pelo deputado estadual Wilson Santos (PSD), chegou na capital de Cuiab\u00e1, nesta ter\u00e7a-feira (9), no Centro de Eventos Beira Rio, na comunidade S\u00e3o Gon\u00e7alo Beira Rio. O encontro reuniu pescadores, moradores de comunidades ribeirinhas, representantes de \u00f3rg\u00e3os p\u00fablicos e especialistas para discutir [&hellip;]","og_url":"https:\/\/wilsonsantosmt.com.br\/index.php\/2026\/03\/11\/expedicao-de-wilson-santos-debate-seguro-defeso-e-rejeicao-as-hidreletricas-no-rio-cuiaba\/","og_site_name":"wilsonsantosmt.com.br","article_publisher":"https:\/\/www.facebook.com\/WilsonSantosMT\/","article_published_time":"2026-03-11T06:41:00+00:00","article_modified_time":"2026-03-11T16:51:20+00:00","og_image":[{"width":2560,"height":1440,"url":"http:\/\/wilsonsantosmt.com.br\/wp-content\/uploads\/2026\/03\/IMG-20260310-WA0246-scaled.jpg","type":"image\/jpeg"}],"author":"Samantha dos Anjos","twitter_card":"summary_large_image","twitter_misc":{"Escrito por":"Samantha dos Anjos","Est. tempo de leitura":"7 minutos"},"schema":{"@context":"https:\/\/schema.org","@graph":[{"@type":"Article","@id":"https:\/\/wilsonsantosmt.com.br\/index.php\/2026\/03\/11\/expedicao-de-wilson-santos-debate-seguro-defeso-e-rejeicao-as-hidreletricas-no-rio-cuiaba\/#article","isPartOf":{"@id":"https:\/\/wilsonsantosmt.com.br\/index.php\/2026\/03\/11\/expedicao-de-wilson-santos-debate-seguro-defeso-e-rejeicao-as-hidreletricas-no-rio-cuiaba\/"},"author":{"name":"Samantha dos Anjos","@id":"https:\/\/wilsonsantosmt.com.br\/#\/schema\/person\/1d097ee45f526dd0455dbad8c679932c"},"headline":"Expedi\u00e7\u00e3o de Wilson Santos debate seguro-defeso e rejei\u00e7\u00e3o \u00e0s hidrel\u00e9tricas no Rio Cuiab\u00e1","datePublished":"2026-03-11T06:41:00+00:00","dateModified":"2026-03-11T16:51:20+00:00","mainEntityOfPage":{"@id":"https:\/\/wilsonsantosmt.com.br\/index.php\/2026\/03\/11\/expedicao-de-wilson-santos-debate-seguro-defeso-e-rejeicao-as-hidreletricas-no-rio-cuiaba\/"},"wordCount":1193,"publisher":{"@id":"https:\/\/wilsonsantosmt.com.br\/#\/schema\/person\/9de3c54961637a9eadb16bcbf895b1ef"},"articleSection":["Not\u00edcias"],"inLanguage":"pt-BR"},{"@type":"WebPage","@id":"https:\/\/wilsonsantosmt.com.br\/index.php\/2026\/03\/11\/expedicao-de-wilson-santos-debate-seguro-defeso-e-rejeicao-as-hidreletricas-no-rio-cuiaba\/","url":"https:\/\/wilsonsantosmt.com.br\/index.php\/2026\/03\/11\/expedicao-de-wilson-santos-debate-seguro-defeso-e-rejeicao-as-hidreletricas-no-rio-cuiaba\/","name":"Expedi\u00e7\u00e3o de Wilson Santos debate seguro-defeso e rejei\u00e7\u00e3o \u00e0s hidrel\u00e9tricas no Rio Cuiab\u00e1 - wilsonsantosmt.com.br","isPartOf":{"@id":"https:\/\/wilsonsantosmt.com.br\/#website"},"datePublished":"2026-03-11T06:41:00+00:00","dateModified":"2026-03-11T16:51:20+00:00","breadcrumb":{"@id":"https:\/\/wilsonsantosmt.com.br\/index.php\/2026\/03\/11\/expedicao-de-wilson-santos-debate-seguro-defeso-e-rejeicao-as-hidreletricas-no-rio-cuiaba\/#breadcrumb"},"inLanguage":"pt-BR","potentialAction":[{"@type":"ReadAction","target":["https:\/\/wilsonsantosmt.com.br\/index.php\/2026\/03\/11\/expedicao-de-wilson-santos-debate-seguro-defeso-e-rejeicao-as-hidreletricas-no-rio-cuiaba\/"]}]},{"@type":"BreadcrumbList","@id":"https:\/\/wilsonsantosmt.com.br\/index.php\/2026\/03\/11\/expedicao-de-wilson-santos-debate-seguro-defeso-e-rejeicao-as-hidreletricas-no-rio-cuiaba\/#breadcrumb","itemListElement":[{"@type":"ListItem","position":1,"name":"In\u00edcio","item":"https:\/\/wilsonsantosmt.com.br\/"},{"@type":"ListItem","position":2,"name":"Not\u00edcias","item":"https:\/\/wilsonsantosmt.com.br\/index.php\/category\/noticias\/"},{"@type":"ListItem","position":3,"name":"Expedi\u00e7\u00e3o de Wilson Santos debate seguro-defeso e rejei\u00e7\u00e3o \u00e0s hidrel\u00e9tricas no Rio Cuiab\u00e1"}]},{"@type":"WebSite","@id":"https:\/\/wilsonsantosmt.com.br\/#website","url":"https:\/\/wilsonsantosmt.com.br\/","name":"wilsonsantosmt.com.br","description":"","publisher":{"@id":"https:\/\/wilsonsantosmt.com.br\/#\/schema\/person\/9de3c54961637a9eadb16bcbf895b1ef"},"potentialAction":[{"@type":"SearchAction","target":{"@type":"EntryPoint","urlTemplate":"https:\/\/wilsonsantosmt.com.br\/?s={search_term_string}"},"query-input":"required name=search_term_string"}],"inLanguage":"pt-BR"},{"@type":["Person","Organization"],"@id":"https:\/\/wilsonsantosmt.com.br\/#\/schema\/person\/9de3c54961637a9eadb16bcbf895b1ef","name":"Wilson Santos","image":{"@type":"ImageObject","inLanguage":"pt-BR","@id":"https:\/\/wilsonsantosmt.com.br\/#\/schema\/person\/image\/","url":"https:\/\/wilsonsantosmt.com.br\/wp-content\/uploads\/2023\/11\/310828673_653254583023360_8795459643194608438_n.jpg","contentUrl":"https:\/\/wilsonsantosmt.com.br\/wp-content\/uploads\/2023\/11\/310828673_653254583023360_8795459643194608438_n.jpg","width":1078,"height":1079,"caption":"Wilson Santos"},"logo":{"@id":"https:\/\/wilsonsantosmt.com.br\/#\/schema\/person\/image\/"},"sameAs":["http:\/\/wilsonsantosmt.com.br","https:\/\/www.facebook.com\/WilsonSantosMT\/","https:\/\/www.instagram.com\/wilsonsantosmt\/","https:\/\/www.youtube.com\/@WilsonSantosWS\/videos","https:\/\/pt.wikipedia.org\/wiki\/Wilson_Santos"],"honorificPrefix":"Sr","gender":"masculino","jobTitle":"Deputado Estadual","worksFor":"Assembleia Legislativa de Mato Grosso"},{"@type":"Person","@id":"https:\/\/wilsonsantosmt.com.br\/#\/schema\/person\/1d097ee45f526dd0455dbad8c679932c","name":"Samantha dos Anjos","image":{"@type":"ImageObject","inLanguage":"pt-BR","@id":"https:\/\/wilsonsantosmt.com.br\/#\/schema\/person\/image\/","url":"https:\/\/secure.gravatar.com\/avatar\/7d8d0b6dd67d134a9fa841bee90c57c7?s=96&d=mm&r=g","contentUrl":"https:\/\/secure.gravatar.com\/avatar\/7d8d0b6dd67d134a9fa841bee90c57c7?s=96&d=mm&r=g","caption":"Samantha dos Anjos"},"url":"https:\/\/wilsonsantosmt.com.br\/index.php\/author\/samantha-dos-anjos\/"}]}},"_links":{"self":[{"href":"https:\/\/wilsonsantosmt.com.br\/index.php\/wp-json\/wp\/v2\/posts\/2309"}],"collection":[{"href":"https:\/\/wilsonsantosmt.com.br\/index.php\/wp-json\/wp\/v2\/posts"}],"about":[{"href":"https:\/\/wilsonsantosmt.com.br\/index.php\/wp-json\/wp\/v2\/types\/post"}],"author":[{"embeddable":true,"href":"https:\/\/wilsonsantosmt.com.br\/index.php\/wp-json\/wp\/v2\/users\/4"}],"replies":[{"embeddable":true,"href":"https:\/\/wilsonsantosmt.com.br\/index.php\/wp-json\/wp\/v2\/comments?post=2309"}],"version-history":[{"count":2,"href":"https:\/\/wilsonsantosmt.com.br\/index.php\/wp-json\/wp\/v2\/posts\/2309\/revisions"}],"predecessor-version":[{"id":2314,"href":"https:\/\/wilsonsantosmt.com.br\/index.php\/wp-json\/wp\/v2\/posts\/2309\/revisions\/2314"}],"wp:featuredmedia":[{"embeddable":true,"href":"https:\/\/wilsonsantosmt.com.br\/index.php\/wp-json\/wp\/v2\/media\/2310"}],"wp:attachment":[{"href":"https:\/\/wilsonsantosmt.com.br\/index.php\/wp-json\/wp\/v2\/media?parent=2309"}],"wp:term":[{"taxonomy":"category","embeddable":true,"href":"https:\/\/wilsonsantosmt.com.br\/index.php\/wp-json\/wp\/v2\/categories?post=2309"},{"taxonomy":"post_tag","embeddable":true,"href":"https:\/\/wilsonsantosmt.com.br\/index.php\/wp-json\/wp\/v2\/tags?post=2309"}],"curies":[{"name":"wp","href":"https:\/\/api.w.org\/{rel}","templated":true}]}}