{"id":2319,"date":"2026-03-11T16:48:57","date_gmt":"2026-03-11T20:48:57","guid":{"rendered":"https:\/\/wilsonsantosmt.com.br\/?p=2319"},"modified":"2026-03-11T17:01:27","modified_gmt":"2026-03-11T21:01:27","slug":"wilson-santos-faz-balanco-da-expedicao-no-rio-cuiaba-e-destaca-uniao-de-ribeirinhos-contra-hidreletricas","status":"publish","type":"post","link":"https:\/\/wilsonsantosmt.com.br\/index.php\/2026\/03\/11\/wilson-santos-faz-balanco-da-expedicao-no-rio-cuiaba-e-destaca-uniao-de-ribeirinhos-contra-hidreletricas\/","title":{"rendered":"Wilson Santos faz balan\u00e7o da expedi\u00e7\u00e3o no Rio Cuiab\u00e1 e destaca uni\u00e3o de ribeirinhos contra hidrel\u00e9tricas"},"content":{"rendered":"\n<p><\/p>\n\n\n\n<p>O deputado estadual Wilson Santos (PSD) fez um balan\u00e7o dos dois primeiros dias da 3\u00aa Expedi\u00e7\u00e3o Fluvial pelo Rio Cuiab\u00e1, 9 e 10 de mar\u00e7o, iniciativa que percorre comunidades ribeirinhas com o objetivo de dialogar com a popula\u00e7\u00e3o, fiscalizar quest\u00f5es ambientais e debater o futuro do principal curso d\u2019\u00e1gua que abastece a Baixada Cuiabana.<\/p>\n\n\n\n<p>At\u00e9 o momento, a comitiva j\u00e1 passou por munic\u00edpios como Ros\u00e1rio Oeste, Acorizal, Cuiab\u00e1, V\u00e1rzea Grande, Nobres e Chapada dos Guimar\u00e3es, onde foram realizadas reuni\u00f5es com pescadores, lideran\u00e7as comunit\u00e1rias e autoridades pol\u00edticas e locais.<\/p>\n\n\n\n<p>Segundo o parlamentar, um dos principais pontos observados durante os encontros foi a posi\u00e7\u00e3o praticamente un\u00e2nime das comunidades ribeirinhas contra a instala\u00e7\u00e3o de usinas hidrel\u00e9tricas no rio. \u201cAs popula\u00e7\u00f5es ribeirinhas est\u00e3o unidas contra a possibilidade de usinas hidrel\u00e9tricas no Rio Cuiab\u00e1. Os pescadores ainda sofrem at\u00e9 hoje com os impactos da barragem de Manso e n\u00e3o querem reviver esse pesadelo\u201d, afirmou.<\/p>\n\n\n\n<p>Outro aspecto destacado pelo deputado foi o estado de conserva\u00e7\u00e3o das margens do rio. De acordo com ele, a expedi\u00e7\u00e3o identificou que grande parte da mata ciliar segue preservada ao longo do trajeto percorrido. \u201cPosso afirmar que mais de 99% das margens do Rio Cuiab\u00e1 est\u00e3o preservadas e intactas. Onde houve retirada da vegeta\u00e7\u00e3o natural, a pr\u00f3pria natureza ou a\u00e7\u00f5es das prefeituras promoveram a recomposi\u00e7\u00e3o\u201d, destacou.<\/p>\n\n\n\n<p>Apesar do cen\u00e1rio positivo em rela\u00e7\u00e3o \u00e0 vegeta\u00e7\u00e3o, o parlamentar tamb\u00e9m apontou preocupa\u00e7\u00f5es. Entre elas, o grande n\u00famero de tablados instalados no trecho entre a barragem de Manso e a regi\u00e3o de Bonsucesso, em V\u00e1rzea Grande, muitos utilizados para a pr\u00e1tica de ceva com gr\u00e3os como milho e soja. Segundo ele, foram identificados cerca de 800 tablados ao longo de pouco mais de 300 quil\u00f4metros do rio, o que exige aten\u00e7\u00e3o e fiscaliza\u00e7\u00e3o por parte dos \u00f3rg\u00e3os ambientais e das prefeituras.<\/p>\n\n\n\n<p>Durante as reuni\u00f5es nas comunidades, outro tema recorrente foi a necessidade de regulariza\u00e7\u00e3o de pescadores que desejam atuar tamb\u00e9m como piloteiros. A Marinha do Brasil se comprometeu a retornar a algumas localidades para auxiliar no processo de documenta\u00e7\u00e3o e certifica\u00e7\u00e3o desses trabalhadores.<\/p>\n\n\n\n<p>A seguran\u00e7a na navega\u00e7\u00e3o tamb\u00e9m foi abordada. Wilson Santos alertou para o baixo uso de coletes salva-vidas por parte de pescadores e moradores que utilizam embarca\u00e7\u00f5es no rio, pr\u00e1tica que aumenta os riscos de acidentes.<\/p>\n\n\n\n<p>Outro ponto levado \u00e0s comunidades foi o avan\u00e7o do Plano da Bacia Hidrogr\u00e1fica do Rio Cuiab\u00e1, estudo conduzido pelo Comit\u00ea da Bacia Hidrogr\u00e1fica do Rio Cuiab\u00e1 com apoio da Universidade Federal de Mato Grosso (UFMT). O diagn\u00f3stico j\u00e1 foi conclu\u00eddo e o documento dever\u00e1 apresentar metas e diretrizes para a gest\u00e3o do rio pelos pr\u00f3ximos 20 anos.<\/p>\n\n\n\n<p>A expedi\u00e7\u00e3o tamb\u00e9m tem servido para refor\u00e7ar a luta dos pescadores profissionais pelo pagamento do seguro-defeso. O deputado criticou o atraso no repasse das parcelas por parte do governo federal e afirmou que a categoria enfrenta dificuldades agravadas por mudan\u00e7as recentes na legisla\u00e7\u00e3o estadual da pesca. \u201cOs pescadores profissionais de Mato Grosso t\u00eam sido v\u00edtimas de falta de planejamento e de insensibilidade social. S\u00e3o mais de 16 mil fam\u00edlias que dependem da pesca e aguardam o pagamento do seguro-defeso\u201d, afirmou.<\/p>\n\n\n\n<p>Al\u00e9m dos munic\u00edpios j\u00e1 visitados, a expedi\u00e7\u00e3o fluvial seguir\u00e1 pelos munic\u00edpios de Santo Ant\u00f4nio de Leverger, Bar\u00e3o de Melga\u00e7o e Pocon\u00e9. A iniciativa ser\u00e1 conclu\u00edda no dia 13 de mar\u00e7o, ap\u00f3s uma s\u00e9rie de visitas \u00e0s comunidades ribeirinhas, a\u00e7\u00f5es de fiscaliza\u00e7\u00e3o ambiental e di\u00e1logo direto com a popula\u00e7\u00e3o que depende do rio.<\/p>\n\n\n\n<p>A comitiva da expedi\u00e7\u00e3o \u00e9 formada por representantes da UFMT, da Secretaria de Estado de Meio Ambiente de Mato Grosso (Sema), da Marinha do Brasil \u2013 por meio da Capitania Fluvial de Mato Grosso \u2013, do Batalh\u00e3o da Pol\u00edcia Militar de Prote\u00e7\u00e3o Ambiental, do Comit\u00ea da Bacia Hidrogr\u00e1fica do Rio Cuiab\u00e1 e da Associa\u00e7\u00e3o do Segmento da Pesca de Mato Grosso (ASP).<\/p>\n","protected":false},"excerpt":{"rendered":"<p>O deputado estadual Wilson Santos (PSD) fez um balan\u00e7o dos dois primeiros dias da 3\u00aa Expedi\u00e7\u00e3o Fluvial pelo Rio Cuiab\u00e1, 9 e 10 de mar\u00e7o, iniciativa que percorre comunidades ribeirinhas com o objetivo de dialogar com a popula\u00e7\u00e3o, fiscalizar quest\u00f5es ambientais e debater o futuro do principal curso d\u2019\u00e1gua que abastece a Baixada Cuiabana. At\u00e9 [&hellip;]<\/p>\n","protected":false},"author":4,"featured_media":2320,"comment_status":"closed","ping_status":"open","sticky":false,"template":"","format":"standard","meta":{"footnotes":""},"categories":[13],"tags":[],"yoast_head":"<!-- This site is optimized with the Yoast SEO Premium plugin v21.5 (Yoast SEO v21.4) - https:\/\/yoast.com\/wordpress\/plugins\/seo\/ -->\n<title>Wilson Santos faz balan\u00e7o da expedi\u00e7\u00e3o no Rio Cuiab\u00e1 e destaca uni\u00e3o de ribeirinhos contra hidrel\u00e9tricas - wilsonsantosmt.com.br<\/title>\n<meta name=\"robots\" content=\"index, follow, max-snippet:-1, max-image-preview:large, max-video-preview:-1\" \/>\n<link rel=\"canonical\" href=\"https:\/\/wilsonsantosmt.com.br\/index.php\/2026\/03\/11\/wilson-santos-faz-balanco-da-expedicao-no-rio-cuiaba-e-destaca-uniao-de-ribeirinhos-contra-hidreletricas\/\" \/>\n<meta property=\"og:locale\" content=\"pt_BR\" \/>\n<meta property=\"og:type\" content=\"article\" \/>\n<meta property=\"og:title\" content=\"Wilson Santos faz balan\u00e7o da expedi\u00e7\u00e3o no Rio Cuiab\u00e1 e destaca uni\u00e3o de ribeirinhos contra hidrel\u00e9tricas\" \/>\n<meta property=\"og:description\" content=\"O deputado estadual Wilson Santos (PSD) fez um balan\u00e7o dos dois primeiros dias da 3\u00aa Expedi\u00e7\u00e3o Fluvial pelo Rio Cuiab\u00e1, 9 e 10 de mar\u00e7o, iniciativa que percorre comunidades ribeirinhas com o objetivo de dialogar com a popula\u00e7\u00e3o, fiscalizar quest\u00f5es ambientais e debater o futuro do principal curso d\u2019\u00e1gua que abastece a Baixada Cuiabana. At\u00e9 [&hellip;]\" \/>\n<meta property=\"og:url\" content=\"https:\/\/wilsonsantosmt.com.br\/index.php\/2026\/03\/11\/wilson-santos-faz-balanco-da-expedicao-no-rio-cuiaba-e-destaca-uniao-de-ribeirinhos-contra-hidreletricas\/\" \/>\n<meta property=\"og:site_name\" content=\"wilsonsantosmt.com.br\" \/>\n<meta property=\"article:publisher\" content=\"https:\/\/www.facebook.com\/WilsonSantosMT\/\" \/>\n<meta property=\"article:published_time\" content=\"2026-03-11T20:48:57+00:00\" \/>\n<meta property=\"article:modified_time\" content=\"2026-03-11T21:01:27+00:00\" \/>\n<meta property=\"og:image\" content=\"http:\/\/wilsonsantosmt.com.br\/wp-content\/uploads\/2026\/03\/WhatsApp-Image-2026-03-11-at-15.33.47.jpeg\" \/>\n\t<meta property=\"og:image:width\" content=\"1280\" \/>\n\t<meta property=\"og:image:height\" content=\"720\" \/>\n\t<meta property=\"og:image:type\" content=\"image\/jpeg\" \/>\n<meta name=\"author\" content=\"Samantha dos Anjos\" \/>\n<meta name=\"twitter:card\" content=\"summary_large_image\" \/>\n<meta name=\"twitter:label1\" content=\"Escrito por\" \/>\n\t<meta name=\"twitter:data1\" content=\"Samantha dos Anjos\" \/>\n\t<meta name=\"twitter:label2\" content=\"Est. tempo de leitura\" \/>\n\t<meta name=\"twitter:data2\" content=\"4 minutos\" \/>\n<script type=\"application\/ld+json\" class=\"yoast-schema-graph\">{\"@context\":\"https:\/\/schema.org\",\"@graph\":[{\"@type\":\"Article\",\"@id\":\"https:\/\/wilsonsantosmt.com.br\/index.php\/2026\/03\/11\/wilson-santos-faz-balanco-da-expedicao-no-rio-cuiaba-e-destaca-uniao-de-ribeirinhos-contra-hidreletricas\/#article\",\"isPartOf\":{\"@id\":\"https:\/\/wilsonsantosmt.com.br\/index.php\/2026\/03\/11\/wilson-santos-faz-balanco-da-expedicao-no-rio-cuiaba-e-destaca-uniao-de-ribeirinhos-contra-hidreletricas\/\"},\"author\":{\"name\":\"Samantha dos Anjos\",\"@id\":\"https:\/\/wilsonsantosmt.com.br\/#\/schema\/person\/1d097ee45f526dd0455dbad8c679932c\"},\"headline\":\"Wilson Santos faz balan\u00e7o da expedi\u00e7\u00e3o no Rio Cuiab\u00e1 e destaca uni\u00e3o de ribeirinhos contra hidrel\u00e9tricas\",\"datePublished\":\"2026-03-11T20:48:57+00:00\",\"dateModified\":\"2026-03-11T21:01:27+00:00\",\"mainEntityOfPage\":{\"@id\":\"https:\/\/wilsonsantosmt.com.br\/index.php\/2026\/03\/11\/wilson-santos-faz-balanco-da-expedicao-no-rio-cuiaba-e-destaca-uniao-de-ribeirinhos-contra-hidreletricas\/\"},\"wordCount\":721,\"publisher\":{\"@id\":\"https:\/\/wilsonsantosmt.com.br\/#\/schema\/person\/9de3c54961637a9eadb16bcbf895b1ef\"},\"articleSection\":[\"Not\u00edcias\"],\"inLanguage\":\"pt-BR\"},{\"@type\":\"WebPage\",\"@id\":\"https:\/\/wilsonsantosmt.com.br\/index.php\/2026\/03\/11\/wilson-santos-faz-balanco-da-expedicao-no-rio-cuiaba-e-destaca-uniao-de-ribeirinhos-contra-hidreletricas\/\",\"url\":\"https:\/\/wilsonsantosmt.com.br\/index.php\/2026\/03\/11\/wilson-santos-faz-balanco-da-expedicao-no-rio-cuiaba-e-destaca-uniao-de-ribeirinhos-contra-hidreletricas\/\",\"name\":\"Wilson Santos faz balan\u00e7o da expedi\u00e7\u00e3o no Rio Cuiab\u00e1 e destaca uni\u00e3o de ribeirinhos contra hidrel\u00e9tricas - wilsonsantosmt.com.br\",\"isPartOf\":{\"@id\":\"https:\/\/wilsonsantosmt.com.br\/#website\"},\"datePublished\":\"2026-03-11T20:48:57+00:00\",\"dateModified\":\"2026-03-11T21:01:27+00:00\",\"breadcrumb\":{\"@id\":\"https:\/\/wilsonsantosmt.com.br\/index.php\/2026\/03\/11\/wilson-santos-faz-balanco-da-expedicao-no-rio-cuiaba-e-destaca-uniao-de-ribeirinhos-contra-hidreletricas\/#breadcrumb\"},\"inLanguage\":\"pt-BR\",\"potentialAction\":[{\"@type\":\"ReadAction\",\"target\":[\"https:\/\/wilsonsantosmt.com.br\/index.php\/2026\/03\/11\/wilson-santos-faz-balanco-da-expedicao-no-rio-cuiaba-e-destaca-uniao-de-ribeirinhos-contra-hidreletricas\/\"]}]},{\"@type\":\"BreadcrumbList\",\"@id\":\"https:\/\/wilsonsantosmt.com.br\/index.php\/2026\/03\/11\/wilson-santos-faz-balanco-da-expedicao-no-rio-cuiaba-e-destaca-uniao-de-ribeirinhos-contra-hidreletricas\/#breadcrumb\",\"itemListElement\":[{\"@type\":\"ListItem\",\"position\":1,\"name\":\"In\u00edcio\",\"item\":\"https:\/\/wilsonsantosmt.com.br\/\"},{\"@type\":\"ListItem\",\"position\":2,\"name\":\"Not\u00edcias\",\"item\":\"https:\/\/wilsonsantosmt.com.br\/index.php\/category\/noticias\/\"},{\"@type\":\"ListItem\",\"position\":3,\"name\":\"Wilson Santos faz balan\u00e7o da expedi\u00e7\u00e3o no Rio Cuiab\u00e1 e destaca uni\u00e3o de ribeirinhos contra hidrel\u00e9tricas\"}]},{\"@type\":\"WebSite\",\"@id\":\"https:\/\/wilsonsantosmt.com.br\/#website\",\"url\":\"https:\/\/wilsonsantosmt.com.br\/\",\"name\":\"wilsonsantosmt.com.br\",\"description\":\"\",\"publisher\":{\"@id\":\"https:\/\/wilsonsantosmt.com.br\/#\/schema\/person\/9de3c54961637a9eadb16bcbf895b1ef\"},\"potentialAction\":[{\"@type\":\"SearchAction\",\"target\":{\"@type\":\"EntryPoint\",\"urlTemplate\":\"https:\/\/wilsonsantosmt.com.br\/?s={search_term_string}\"},\"query-input\":\"required name=search_term_string\"}],\"inLanguage\":\"pt-BR\"},{\"@type\":[\"Person\",\"Organization\"],\"@id\":\"https:\/\/wilsonsantosmt.com.br\/#\/schema\/person\/9de3c54961637a9eadb16bcbf895b1ef\",\"name\":\"Wilson Santos\",\"image\":{\"@type\":\"ImageObject\",\"inLanguage\":\"pt-BR\",\"@id\":\"https:\/\/wilsonsantosmt.com.br\/#\/schema\/person\/image\/\",\"url\":\"https:\/\/wilsonsantosmt.com.br\/wp-content\/uploads\/2023\/11\/310828673_653254583023360_8795459643194608438_n.jpg\",\"contentUrl\":\"https:\/\/wilsonsantosmt.com.br\/wp-content\/uploads\/2023\/11\/310828673_653254583023360_8795459643194608438_n.jpg\",\"width\":1078,\"height\":1079,\"caption\":\"Wilson Santos\"},\"logo\":{\"@id\":\"https:\/\/wilsonsantosmt.com.br\/#\/schema\/person\/image\/\"},\"sameAs\":[\"http:\/\/wilsonsantosmt.com.br\",\"https:\/\/www.facebook.com\/WilsonSantosMT\/\",\"https:\/\/www.instagram.com\/wilsonsantosmt\/\",\"https:\/\/www.youtube.com\/@WilsonSantosWS\/videos\",\"https:\/\/pt.wikipedia.org\/wiki\/Wilson_Santos\"],\"honorificPrefix\":\"Sr\",\"gender\":\"masculino\",\"jobTitle\":\"Deputado Estadual\",\"worksFor\":\"Assembleia Legislativa de Mato Grosso\"},{\"@type\":\"Person\",\"@id\":\"https:\/\/wilsonsantosmt.com.br\/#\/schema\/person\/1d097ee45f526dd0455dbad8c679932c\",\"name\":\"Samantha dos Anjos\",\"image\":{\"@type\":\"ImageObject\",\"inLanguage\":\"pt-BR\",\"@id\":\"https:\/\/wilsonsantosmt.com.br\/#\/schema\/person\/image\/\",\"url\":\"https:\/\/secure.gravatar.com\/avatar\/7d8d0b6dd67d134a9fa841bee90c57c7?s=96&d=mm&r=g\",\"contentUrl\":\"https:\/\/secure.gravatar.com\/avatar\/7d8d0b6dd67d134a9fa841bee90c57c7?s=96&d=mm&r=g\",\"caption\":\"Samantha dos Anjos\"},\"url\":\"https:\/\/wilsonsantosmt.com.br\/index.php\/author\/samantha-dos-anjos\/\"}]}<\/script>\n<!-- \/ Yoast SEO Premium plugin. -->","yoast_head_json":{"title":"Wilson Santos faz balan\u00e7o da expedi\u00e7\u00e3o no Rio Cuiab\u00e1 e destaca uni\u00e3o de ribeirinhos contra hidrel\u00e9tricas - wilsonsantosmt.com.br","robots":{"index":"index","follow":"follow","max-snippet":"max-snippet:-1","max-image-preview":"max-image-preview:large","max-video-preview":"max-video-preview:-1"},"canonical":"https:\/\/wilsonsantosmt.com.br\/index.php\/2026\/03\/11\/wilson-santos-faz-balanco-da-expedicao-no-rio-cuiaba-e-destaca-uniao-de-ribeirinhos-contra-hidreletricas\/","og_locale":"pt_BR","og_type":"article","og_title":"Wilson Santos faz balan\u00e7o da expedi\u00e7\u00e3o no Rio Cuiab\u00e1 e destaca uni\u00e3o de ribeirinhos contra hidrel\u00e9tricas","og_description":"O deputado estadual Wilson Santos (PSD) fez um balan\u00e7o dos dois primeiros dias da 3\u00aa Expedi\u00e7\u00e3o Fluvial pelo Rio Cuiab\u00e1, 9 e 10 de mar\u00e7o, iniciativa que percorre comunidades ribeirinhas com o objetivo de dialogar com a popula\u00e7\u00e3o, fiscalizar quest\u00f5es ambientais e debater o futuro do principal curso d\u2019\u00e1gua que abastece a Baixada Cuiabana. At\u00e9 [&hellip;]","og_url":"https:\/\/wilsonsantosmt.com.br\/index.php\/2026\/03\/11\/wilson-santos-faz-balanco-da-expedicao-no-rio-cuiaba-e-destaca-uniao-de-ribeirinhos-contra-hidreletricas\/","og_site_name":"wilsonsantosmt.com.br","article_publisher":"https:\/\/www.facebook.com\/WilsonSantosMT\/","article_published_time":"2026-03-11T20:48:57+00:00","article_modified_time":"2026-03-11T21:01:27+00:00","og_image":[{"width":1280,"height":720,"url":"http:\/\/wilsonsantosmt.com.br\/wp-content\/uploads\/2026\/03\/WhatsApp-Image-2026-03-11-at-15.33.47.jpeg","type":"image\/jpeg"}],"author":"Samantha dos Anjos","twitter_card":"summary_large_image","twitter_misc":{"Escrito por":"Samantha dos Anjos","Est. tempo de leitura":"4 minutos"},"schema":{"@context":"https:\/\/schema.org","@graph":[{"@type":"Article","@id":"https:\/\/wilsonsantosmt.com.br\/index.php\/2026\/03\/11\/wilson-santos-faz-balanco-da-expedicao-no-rio-cuiaba-e-destaca-uniao-de-ribeirinhos-contra-hidreletricas\/#article","isPartOf":{"@id":"https:\/\/wilsonsantosmt.com.br\/index.php\/2026\/03\/11\/wilson-santos-faz-balanco-da-expedicao-no-rio-cuiaba-e-destaca-uniao-de-ribeirinhos-contra-hidreletricas\/"},"author":{"name":"Samantha dos Anjos","@id":"https:\/\/wilsonsantosmt.com.br\/#\/schema\/person\/1d097ee45f526dd0455dbad8c679932c"},"headline":"Wilson Santos faz balan\u00e7o da expedi\u00e7\u00e3o no Rio Cuiab\u00e1 e destaca uni\u00e3o de ribeirinhos contra hidrel\u00e9tricas","datePublished":"2026-03-11T20:48:57+00:00","dateModified":"2026-03-11T21:01:27+00:00","mainEntityOfPage":{"@id":"https:\/\/wilsonsantosmt.com.br\/index.php\/2026\/03\/11\/wilson-santos-faz-balanco-da-expedicao-no-rio-cuiaba-e-destaca-uniao-de-ribeirinhos-contra-hidreletricas\/"},"wordCount":721,"publisher":{"@id":"https:\/\/wilsonsantosmt.com.br\/#\/schema\/person\/9de3c54961637a9eadb16bcbf895b1ef"},"articleSection":["Not\u00edcias"],"inLanguage":"pt-BR"},{"@type":"WebPage","@id":"https:\/\/wilsonsantosmt.com.br\/index.php\/2026\/03\/11\/wilson-santos-faz-balanco-da-expedicao-no-rio-cuiaba-e-destaca-uniao-de-ribeirinhos-contra-hidreletricas\/","url":"https:\/\/wilsonsantosmt.com.br\/index.php\/2026\/03\/11\/wilson-santos-faz-balanco-da-expedicao-no-rio-cuiaba-e-destaca-uniao-de-ribeirinhos-contra-hidreletricas\/","name":"Wilson Santos faz balan\u00e7o da expedi\u00e7\u00e3o no Rio Cuiab\u00e1 e destaca uni\u00e3o de ribeirinhos contra hidrel\u00e9tricas - wilsonsantosmt.com.br","isPartOf":{"@id":"https:\/\/wilsonsantosmt.com.br\/#website"},"datePublished":"2026-03-11T20:48:57+00:00","dateModified":"2026-03-11T21:01:27+00:00","breadcrumb":{"@id":"https:\/\/wilsonsantosmt.com.br\/index.php\/2026\/03\/11\/wilson-santos-faz-balanco-da-expedicao-no-rio-cuiaba-e-destaca-uniao-de-ribeirinhos-contra-hidreletricas\/#breadcrumb"},"inLanguage":"pt-BR","potentialAction":[{"@type":"ReadAction","target":["https:\/\/wilsonsantosmt.com.br\/index.php\/2026\/03\/11\/wilson-santos-faz-balanco-da-expedicao-no-rio-cuiaba-e-destaca-uniao-de-ribeirinhos-contra-hidreletricas\/"]}]},{"@type":"BreadcrumbList","@id":"https:\/\/wilsonsantosmt.com.br\/index.php\/2026\/03\/11\/wilson-santos-faz-balanco-da-expedicao-no-rio-cuiaba-e-destaca-uniao-de-ribeirinhos-contra-hidreletricas\/#breadcrumb","itemListElement":[{"@type":"ListItem","position":1,"name":"In\u00edcio","item":"https:\/\/wilsonsantosmt.com.br\/"},{"@type":"ListItem","position":2,"name":"Not\u00edcias","item":"https:\/\/wilsonsantosmt.com.br\/index.php\/category\/noticias\/"},{"@type":"ListItem","position":3,"name":"Wilson Santos faz balan\u00e7o da expedi\u00e7\u00e3o no Rio Cuiab\u00e1 e destaca uni\u00e3o de ribeirinhos contra hidrel\u00e9tricas"}]},{"@type":"WebSite","@id":"https:\/\/wilsonsantosmt.com.br\/#website","url":"https:\/\/wilsonsantosmt.com.br\/","name":"wilsonsantosmt.com.br","description":"","publisher":{"@id":"https:\/\/wilsonsantosmt.com.br\/#\/schema\/person\/9de3c54961637a9eadb16bcbf895b1ef"},"potentialAction":[{"@type":"SearchAction","target":{"@type":"EntryPoint","urlTemplate":"https:\/\/wilsonsantosmt.com.br\/?s={search_term_string}"},"query-input":"required name=search_term_string"}],"inLanguage":"pt-BR"},{"@type":["Person","Organization"],"@id":"https:\/\/wilsonsantosmt.com.br\/#\/schema\/person\/9de3c54961637a9eadb16bcbf895b1ef","name":"Wilson Santos","image":{"@type":"ImageObject","inLanguage":"pt-BR","@id":"https:\/\/wilsonsantosmt.com.br\/#\/schema\/person\/image\/","url":"https:\/\/wilsonsantosmt.com.br\/wp-content\/uploads\/2023\/11\/310828673_653254583023360_8795459643194608438_n.jpg","contentUrl":"https:\/\/wilsonsantosmt.com.br\/wp-content\/uploads\/2023\/11\/310828673_653254583023360_8795459643194608438_n.jpg","width":1078,"height":1079,"caption":"Wilson Santos"},"logo":{"@id":"https:\/\/wilsonsantosmt.com.br\/#\/schema\/person\/image\/"},"sameAs":["http:\/\/wilsonsantosmt.com.br","https:\/\/www.facebook.com\/WilsonSantosMT\/","https:\/\/www.instagram.com\/wilsonsantosmt\/","https:\/\/www.youtube.com\/@WilsonSantosWS\/videos","https:\/\/pt.wikipedia.org\/wiki\/Wilson_Santos"],"honorificPrefix":"Sr","gender":"masculino","jobTitle":"Deputado Estadual","worksFor":"Assembleia Legislativa de Mato Grosso"},{"@type":"Person","@id":"https:\/\/wilsonsantosmt.com.br\/#\/schema\/person\/1d097ee45f526dd0455dbad8c679932c","name":"Samantha dos Anjos","image":{"@type":"ImageObject","inLanguage":"pt-BR","@id":"https:\/\/wilsonsantosmt.com.br\/#\/schema\/person\/image\/","url":"https:\/\/secure.gravatar.com\/avatar\/7d8d0b6dd67d134a9fa841bee90c57c7?s=96&d=mm&r=g","contentUrl":"https:\/\/secure.gravatar.com\/avatar\/7d8d0b6dd67d134a9fa841bee90c57c7?s=96&d=mm&r=g","caption":"Samantha dos Anjos"},"url":"https:\/\/wilsonsantosmt.com.br\/index.php\/author\/samantha-dos-anjos\/"}]}},"_links":{"self":[{"href":"https:\/\/wilsonsantosmt.com.br\/index.php\/wp-json\/wp\/v2\/posts\/2319"}],"collection":[{"href":"https:\/\/wilsonsantosmt.com.br\/index.php\/wp-json\/wp\/v2\/posts"}],"about":[{"href":"https:\/\/wilsonsantosmt.com.br\/index.php\/wp-json\/wp\/v2\/types\/post"}],"author":[{"embeddable":true,"href":"https:\/\/wilsonsantosmt.com.br\/index.php\/wp-json\/wp\/v2\/users\/4"}],"replies":[{"embeddable":true,"href":"https:\/\/wilsonsantosmt.com.br\/index.php\/wp-json\/wp\/v2\/comments?post=2319"}],"version-history":[{"count":2,"href":"https:\/\/wilsonsantosmt.com.br\/index.php\/wp-json\/wp\/v2\/posts\/2319\/revisions"}],"predecessor-version":[{"id":2323,"href":"https:\/\/wilsonsantosmt.com.br\/index.php\/wp-json\/wp\/v2\/posts\/2319\/revisions\/2323"}],"wp:featuredmedia":[{"embeddable":true,"href":"https:\/\/wilsonsantosmt.com.br\/index.php\/wp-json\/wp\/v2\/media\/2320"}],"wp:attachment":[{"href":"https:\/\/wilsonsantosmt.com.br\/index.php\/wp-json\/wp\/v2\/media?parent=2319"}],"wp:term":[{"taxonomy":"category","embeddable":true,"href":"https:\/\/wilsonsantosmt.com.br\/index.php\/wp-json\/wp\/v2\/categories?post=2319"},{"taxonomy":"post_tag","embeddable":true,"href":"https:\/\/wilsonsantosmt.com.br\/index.php\/wp-json\/wp\/v2\/tags?post=2319"}],"curies":[{"name":"wp","href":"https:\/\/api.w.org\/{rel}","templated":true}]}}