{"id":2324,"date":"2026-03-12T10:18:34","date_gmt":"2026-03-12T14:18:34","guid":{"rendered":"https:\/\/wilsonsantosmt.com.br\/?p=2324"},"modified":"2026-03-12T10:19:12","modified_gmt":"2026-03-12T14:19:12","slug":"falta-do-seguro-defeso-e-denuncias-ambientais-marcam-expedicao-com-pescadores-de-santo-antonio-de-leverger","status":"publish","type":"post","link":"https:\/\/wilsonsantosmt.com.br\/index.php\/2026\/03\/12\/falta-do-seguro-defeso-e-denuncias-ambientais-marcam-expedicao-com-pescadores-de-santo-antonio-de-leverger\/","title":{"rendered":"Falta do seguro defeso e den\u00fancias ambientais marcam expedi\u00e7\u00e3o com pescadores de Santo Ant\u00f4nio de Leverger"},"content":{"rendered":"\n<p><\/p>\n\n\n\n<p>Pescadores profissionais e artesanais da regi\u00e3o do Rio Cuiab\u00e1, no munic\u00edpio de Santo Ant\u00f4nio de Leverger, relataram dificuldades financeiras, den\u00fancias ambientais e problemas relacionados \u00e0 fiscaliza\u00e7\u00e3o durante reuni\u00e3o com a comitiva da 3\u00aa Expedi\u00e7\u00e3o Fluvial do Rio Cuiab\u00e1, liderada pelo deputado estadual Wilson Santos (PSD). O encontro reuniu a categoria pertencente a Col\u00f4nia Z8, representantes de \u00f3rg\u00e3os ambientais e lideran\u00e7as pol\u00edticas para discutir a situa\u00e7\u00e3o da categoria e os desafios enfrentados pela atividade pesqueira na regi\u00e3o.<\/p>\n\n\n\n<p>A presidente da Col\u00f4nia Z8, T\u00e2nia Souza, agradeceu a presen\u00e7a dos participantes e destacou a import\u00e2ncia da uni\u00e3o dos pescadores diante das dificuldades enfrentadas, especialmente pela falta de previs\u00e3o para o pagamento do seguro defeso. \u201cInfelizmente n\u00e3o temos previs\u00e3o para receber o seguro defeso, mas com f\u00e9 em Deus a gente vai conseguir. Se Deus abre uma porta, abre tr\u00eas. Quero agradecer a presen\u00e7a de todos que aceitaram o convite para entender o que realmente est\u00e1 acontecendo. Nada ser\u00e1 resolvido se n\u00e3o estivermos unidos\u201d, afirmou.<\/p>\n\n\n\n<p>O pescador Jo\u00e3o Batista, de 74 anos, que trabalha na atividade desde 1973, se emocionou ao relatar os desafios enfrentados pelos profissionais da pesca e tamb\u00e9m criticou a atua\u00e7\u00e3o de \u00f3rg\u00e3os fiscalizadores. Ele contou que, em uma ocasi\u00e3o, agentes da Pol\u00edcia Ambiental tentaram realizar uma fiscaliza\u00e7\u00e3o em sua resid\u00eancia enquanto ele estava hospitalizado. Segundo ele, a sua esposa informou a situa\u00e7\u00e3o, mas os agentes insistiram em entrar na casa. O pescador tamb\u00e9m denunciou a morte de peixes ap\u00f3s constatar dragas em uma ba\u00eda do rio. \u201cEm janeiro de 2025 colocaram uma draga dentro de uma ba\u00eda. Eu peguei oito peixes de pacu e depois come\u00e7aram a morrer. Muitas pessoas pegaram peixe morto. Antes n\u00e3o tinha isso. Pegaram um monte de pintado. Foi um absurdo\u201d, relatou.<\/p>\n\n\n\n<p>Outro pescador, Crist\u00f3v\u00e3o de Souza, que atua h\u00e1 25 anos na pesca, afirmou que o avan\u00e7o do desmatamento nas margens do rio e a instala\u00e7\u00e3o de tablados e pesqueiros particulares t\u00eam dificultado o acesso dos pescadores ao rio. Ele conta que a falta de fiscaliza\u00e7\u00e3o contribui para agravar a situa\u00e7\u00e3o. \u201cA beira do rio est\u00e1 acabando. Tem muito desmatamento e pouca fiscaliza\u00e7\u00e3o. Est\u00e3o fazendo tablados e pesqueiros e n\u00f3s pescadores n\u00e3o podemos chegar perto. N\u00e3o concordo com isso\u201d, disse.<\/p>\n\n\n\n<p>Ele tamb\u00e9m criticou a postura de fiscais ambientais. \u201cSe n\u00e3o tiver tudo correto, parece que querem bater no pescador. A gente tenta respeitar a lei da pesca, mas est\u00e1 cada vez mais dif\u00edcil\u201d, afirmou.<\/p>\n\n\n\n<p>A pescadora Lucineide Barbosa dos Santos, que possui carteira profissional desde 2006, relatou as dificuldades financeiras enfrentadas ap\u00f3s n\u00e3o receber o seguro defeso. Ela relata que a falta do benef\u00edcio tem provocado endividamento entre os trabalhadores da pesca. \u201cEu formei duas filhas na pesca e hoje tenho um filho de 14 anos. N\u00e3o estou conseguindo honrar meus compromissos. Fiz empr\u00e9stimo contando com o pagamento do seguro defeso e n\u00e3o consegui pagar porque n\u00e3o recebi. Temos nome limpo e sempre honramos nossas contas. Hoje, tenho vergonha de falar que sou da pesca, mas \u00e9 com o meu trabalho que sustento meus filhos\u201d, declarou.<\/p>\n\n\n\n<p>Ap\u00f3s os relatos dos pescadores, representantes de \u00f3rg\u00e3os p\u00fablicos presentes na reuni\u00e3o se manifestaram. O capit\u00e3o Pedroso, da Pol\u00edcia Militar Ambiental, afirmou que a fun\u00e7\u00e3o da corpora\u00e7\u00e3o \u00e9 cumprir a legisla\u00e7\u00e3o e combater crimes ambientais, destacando que a atua\u00e7\u00e3o busca proteger o meio ambiente e, tamb\u00e9m, os pescadores que trabalham dentro da lei. Ele explicou que muitas a\u00e7\u00f5es ocorrem em situa\u00e7\u00f5es de flagrante, como apreens\u00e3o de pescados ilegais ou atendimento a den\u00fancias, e ressaltou que den\u00fancias sobre tablados e estruturas instaladas no rio devem ser tratadas junto \u00e0 Marinha do Brasil.<\/p>\n\n\n\n<p>O coordenador de fiscaliza\u00e7\u00e3o de pesca da Secretaria de Estado de Meio Ambiente (Sema), Francisco Assis, afirmou que as den\u00fancias apresentadas durante o encontro ser\u00e3o encaminhadas para an\u00e1lise da superintend\u00eancia do \u00f3rg\u00e3o. Segundo ele, n\u00e3o h\u00e1 inten\u00e7\u00e3o de prejudicar os pescadores profissionais e artesanais e o objetivo da fiscaliza\u00e7\u00e3o \u00e9 identificar irregularidades e responsabilizar quem atua fora da lei. Ele destacou a import\u00e2ncia da colabora\u00e7\u00e3o dos pescadores para denunciar pr\u00e1ticas ilegais.<\/p>\n\n\n\n<p>Durante a reuni\u00e3o, os pescadores criticaram de forma un\u00e2nime a chamada Lei do Transporte Zero, que restringe o transporte de pescado no estado e, segundo a categoria, tem causado impacto direto na renda dos profissionais.<\/p>\n\n\n\n<p>A advogada Nilma Silva Santos, presidente da Associa\u00e7\u00e3o dos Pescadores (ASP), afirmou que os pescadores de Mato Grosso enfrentam uma situa\u00e7\u00e3o diferente da realidade de outros estados do pa\u00eds. Ela disse que o deputado Wilson Santos esteve tr\u00eas vezes em Bras\u00edlia em busca de solu\u00e7\u00e3o para o seguro defeso. \u201cOs pescadores mato-grossenses est\u00e3o sendo massacrados e vivem em situa\u00e7\u00e3o de vulnerabilidade. Eu tenho 25 anos na pesca e n\u00e3o vou largar a m\u00e3o dos pescadores\u201d, frisou.<\/p>\n\n\n\n<p>O engenheiro hidr\u00e1ulico Rafael Paes, professor da Universidade Federal de Mato Grosso (UFMT), informou que todas as den\u00fancias e irregularidades identificadas durante a expedi\u00e7\u00e3o est\u00e3o sendo documentadas e ser\u00e3o encaminhadas ao Minist\u00e9rio P\u00fablico para an\u00e1lise, incluindo quest\u00f5es relacionadas a dragas e tablados instalados nas margens do rio.<\/p>\n\n\n\n<p>Durante sua fala, o deputado Wilson Santos destacou que a expedi\u00e7\u00e3o tem como objetivo ouvir as comunidades ribeirinhas, pescadores e autoridades locais, al\u00e9m de identificar problemas ambientais ao longo do Rio Cuiab\u00e1. Ele citou como uma das preocupa\u00e7\u00f5es a possibilidade de implanta\u00e7\u00e3o de seis Pequenas Centrais Hidrel\u00e9tricas (PCHs) no rio e lembrou a experi\u00eancia vivida com a barragem de Manso. \u201cVoc\u00eas j\u00e1 viram o que aconteceu com a barragem de Manso. Estamos aqui para falar do seguro defeso, da atua\u00e7\u00e3o dos \u00f3rg\u00e3os fiscalizadores e ouvir voc\u00eas. Gostar\u00edamos de trazer boas not\u00edcias, mas ainda n\u00e3o conseguimos uma solu\u00e7\u00e3o para o seguro defeso\u201d, comentou.<\/p>\n\n\n\n<p>O parlamentar ressaltou sobre o uso de dragas na extra\u00e7\u00e3o de areia, ressaltando que a atividade n\u00e3o \u00e9 proibida, desde que ocorra dentro da legisla\u00e7\u00e3o ambiental. \u201cNingu\u00e9m \u00e9 contra a draga, mas tem que trabalhar dentro da lei. Tamb\u00e9m precisamos lembrar que ningu\u00e9m \u00e9 dono de beira de rio. A \u00e1rea pr\u00f3xima \u00e0 margem segue regras definidas pela Marinha\u201d, explicou.<\/p>\n\n\n\n<p>A reuni\u00e3o tamb\u00e9m contou com a presen\u00e7a dos vereadores Neco da Bandeirante (PSB) e Miguel Jos\u00e9 dos Santos (PSD), al\u00e9m do ex-deputado Carl\u00e3o Nascimento, lideran\u00e7as locais e representantes de comunidades ribeirinhas que acompanham o percurso da expedi\u00e7\u00e3o fluvial.<\/p>\n","protected":false},"excerpt":{"rendered":"<p>Pescadores profissionais e artesanais da regi\u00e3o do Rio Cuiab\u00e1, no munic\u00edpio de Santo Ant\u00f4nio de Leverger, relataram dificuldades financeiras, den\u00fancias ambientais e problemas relacionados \u00e0 fiscaliza\u00e7\u00e3o durante reuni\u00e3o com a comitiva da 3\u00aa Expedi\u00e7\u00e3o Fluvial do Rio Cuiab\u00e1, liderada pelo deputado estadual Wilson Santos (PSD). O encontro reuniu a categoria pertencente a Col\u00f4nia Z8, representantes [&hellip;]<\/p>\n","protected":false},"author":4,"featured_media":2325,"comment_status":"closed","ping_status":"open","sticky":false,"template":"","format":"standard","meta":{"footnotes":""},"categories":[13],"tags":[],"yoast_head":"<!-- This site is optimized with the Yoast SEO Premium plugin v21.5 (Yoast SEO v21.4) - https:\/\/yoast.com\/wordpress\/plugins\/seo\/ -->\n<title>Falta do seguro defeso e den\u00fancias ambientais marcam expedi\u00e7\u00e3o com pescadores de Santo Ant\u00f4nio de Leverger - wilsonsantosmt.com.br<\/title>\n<meta name=\"robots\" content=\"index, follow, max-snippet:-1, max-image-preview:large, max-video-preview:-1\" \/>\n<link rel=\"canonical\" href=\"https:\/\/wilsonsantosmt.com.br\/index.php\/2026\/03\/12\/falta-do-seguro-defeso-e-denuncias-ambientais-marcam-expedicao-com-pescadores-de-santo-antonio-de-leverger\/\" \/>\n<meta property=\"og:locale\" content=\"pt_BR\" \/>\n<meta property=\"og:type\" content=\"article\" \/>\n<meta property=\"og:title\" content=\"Falta do seguro defeso e den\u00fancias ambientais marcam expedi\u00e7\u00e3o com pescadores de Santo Ant\u00f4nio de Leverger\" \/>\n<meta property=\"og:description\" content=\"Pescadores profissionais e artesanais da regi\u00e3o do Rio Cuiab\u00e1, no munic\u00edpio de Santo Ant\u00f4nio de Leverger, relataram dificuldades financeiras, den\u00fancias ambientais e problemas relacionados \u00e0 fiscaliza\u00e7\u00e3o durante reuni\u00e3o com a comitiva da 3\u00aa Expedi\u00e7\u00e3o Fluvial do Rio Cuiab\u00e1, liderada pelo deputado estadual Wilson Santos (PSD). O encontro reuniu a categoria pertencente a Col\u00f4nia Z8, representantes [&hellip;]\" \/>\n<meta property=\"og:url\" content=\"https:\/\/wilsonsantosmt.com.br\/index.php\/2026\/03\/12\/falta-do-seguro-defeso-e-denuncias-ambientais-marcam-expedicao-com-pescadores-de-santo-antonio-de-leverger\/\" \/>\n<meta property=\"og:site_name\" content=\"wilsonsantosmt.com.br\" \/>\n<meta property=\"article:publisher\" content=\"https:\/\/www.facebook.com\/WilsonSantosMT\/\" \/>\n<meta property=\"article:published_time\" content=\"2026-03-12T14:18:34+00:00\" \/>\n<meta property=\"article:modified_time\" content=\"2026-03-12T14:19:12+00:00\" \/>\n<meta property=\"og:image\" content=\"http:\/\/wilsonsantosmt.com.br\/wp-content\/uploads\/2026\/03\/IMG-20260311-WA0220-scaled.jpg\" \/>\n\t<meta property=\"og:image:width\" content=\"2560\" \/>\n\t<meta property=\"og:image:height\" content=\"1440\" \/>\n\t<meta property=\"og:image:type\" content=\"image\/jpeg\" \/>\n<meta name=\"author\" content=\"Samantha dos Anjos\" \/>\n<meta name=\"twitter:card\" content=\"summary_large_image\" \/>\n<meta name=\"twitter:label1\" content=\"Escrito por\" \/>\n\t<meta name=\"twitter:data1\" content=\"Samantha dos Anjos\" \/>\n\t<meta name=\"twitter:label2\" content=\"Est. tempo de leitura\" \/>\n\t<meta name=\"twitter:data2\" content=\"6 minutos\" \/>\n<script type=\"application\/ld+json\" class=\"yoast-schema-graph\">{\"@context\":\"https:\/\/schema.org\",\"@graph\":[{\"@type\":\"Article\",\"@id\":\"https:\/\/wilsonsantosmt.com.br\/index.php\/2026\/03\/12\/falta-do-seguro-defeso-e-denuncias-ambientais-marcam-expedicao-com-pescadores-de-santo-antonio-de-leverger\/#article\",\"isPartOf\":{\"@id\":\"https:\/\/wilsonsantosmt.com.br\/index.php\/2026\/03\/12\/falta-do-seguro-defeso-e-denuncias-ambientais-marcam-expedicao-com-pescadores-de-santo-antonio-de-leverger\/\"},\"author\":{\"name\":\"Samantha dos Anjos\",\"@id\":\"https:\/\/wilsonsantosmt.com.br\/#\/schema\/person\/1d097ee45f526dd0455dbad8c679932c\"},\"headline\":\"Falta do seguro defeso e den\u00fancias ambientais marcam expedi\u00e7\u00e3o com pescadores de Santo Ant\u00f4nio de Leverger\",\"datePublished\":\"2026-03-12T14:18:34+00:00\",\"dateModified\":\"2026-03-12T14:19:12+00:00\",\"mainEntityOfPage\":{\"@id\":\"https:\/\/wilsonsantosmt.com.br\/index.php\/2026\/03\/12\/falta-do-seguro-defeso-e-denuncias-ambientais-marcam-expedicao-com-pescadores-de-santo-antonio-de-leverger\/\"},\"wordCount\":1161,\"publisher\":{\"@id\":\"https:\/\/wilsonsantosmt.com.br\/#\/schema\/person\/9de3c54961637a9eadb16bcbf895b1ef\"},\"articleSection\":[\"Not\u00edcias\"],\"inLanguage\":\"pt-BR\"},{\"@type\":\"WebPage\",\"@id\":\"https:\/\/wilsonsantosmt.com.br\/index.php\/2026\/03\/12\/falta-do-seguro-defeso-e-denuncias-ambientais-marcam-expedicao-com-pescadores-de-santo-antonio-de-leverger\/\",\"url\":\"https:\/\/wilsonsantosmt.com.br\/index.php\/2026\/03\/12\/falta-do-seguro-defeso-e-denuncias-ambientais-marcam-expedicao-com-pescadores-de-santo-antonio-de-leverger\/\",\"name\":\"Falta do seguro defeso e den\u00fancias ambientais marcam expedi\u00e7\u00e3o com pescadores de Santo Ant\u00f4nio de Leverger - wilsonsantosmt.com.br\",\"isPartOf\":{\"@id\":\"https:\/\/wilsonsantosmt.com.br\/#website\"},\"datePublished\":\"2026-03-12T14:18:34+00:00\",\"dateModified\":\"2026-03-12T14:19:12+00:00\",\"breadcrumb\":{\"@id\":\"https:\/\/wilsonsantosmt.com.br\/index.php\/2026\/03\/12\/falta-do-seguro-defeso-e-denuncias-ambientais-marcam-expedicao-com-pescadores-de-santo-antonio-de-leverger\/#breadcrumb\"},\"inLanguage\":\"pt-BR\",\"potentialAction\":[{\"@type\":\"ReadAction\",\"target\":[\"https:\/\/wilsonsantosmt.com.br\/index.php\/2026\/03\/12\/falta-do-seguro-defeso-e-denuncias-ambientais-marcam-expedicao-com-pescadores-de-santo-antonio-de-leverger\/\"]}]},{\"@type\":\"BreadcrumbList\",\"@id\":\"https:\/\/wilsonsantosmt.com.br\/index.php\/2026\/03\/12\/falta-do-seguro-defeso-e-denuncias-ambientais-marcam-expedicao-com-pescadores-de-santo-antonio-de-leverger\/#breadcrumb\",\"itemListElement\":[{\"@type\":\"ListItem\",\"position\":1,\"name\":\"In\u00edcio\",\"item\":\"https:\/\/wilsonsantosmt.com.br\/\"},{\"@type\":\"ListItem\",\"position\":2,\"name\":\"Not\u00edcias\",\"item\":\"https:\/\/wilsonsantosmt.com.br\/index.php\/category\/noticias\/\"},{\"@type\":\"ListItem\",\"position\":3,\"name\":\"Falta do seguro defeso e den\u00fancias ambientais marcam expedi\u00e7\u00e3o com pescadores de Santo Ant\u00f4nio de Leverger\"}]},{\"@type\":\"WebSite\",\"@id\":\"https:\/\/wilsonsantosmt.com.br\/#website\",\"url\":\"https:\/\/wilsonsantosmt.com.br\/\",\"name\":\"wilsonsantosmt.com.br\",\"description\":\"\",\"publisher\":{\"@id\":\"https:\/\/wilsonsantosmt.com.br\/#\/schema\/person\/9de3c54961637a9eadb16bcbf895b1ef\"},\"potentialAction\":[{\"@type\":\"SearchAction\",\"target\":{\"@type\":\"EntryPoint\",\"urlTemplate\":\"https:\/\/wilsonsantosmt.com.br\/?s={search_term_string}\"},\"query-input\":\"required name=search_term_string\"}],\"inLanguage\":\"pt-BR\"},{\"@type\":[\"Person\",\"Organization\"],\"@id\":\"https:\/\/wilsonsantosmt.com.br\/#\/schema\/person\/9de3c54961637a9eadb16bcbf895b1ef\",\"name\":\"Wilson Santos\",\"image\":{\"@type\":\"ImageObject\",\"inLanguage\":\"pt-BR\",\"@id\":\"https:\/\/wilsonsantosmt.com.br\/#\/schema\/person\/image\/\",\"url\":\"https:\/\/wilsonsantosmt.com.br\/wp-content\/uploads\/2023\/11\/310828673_653254583023360_8795459643194608438_n.jpg\",\"contentUrl\":\"https:\/\/wilsonsantosmt.com.br\/wp-content\/uploads\/2023\/11\/310828673_653254583023360_8795459643194608438_n.jpg\",\"width\":1078,\"height\":1079,\"caption\":\"Wilson Santos\"},\"logo\":{\"@id\":\"https:\/\/wilsonsantosmt.com.br\/#\/schema\/person\/image\/\"},\"sameAs\":[\"http:\/\/wilsonsantosmt.com.br\",\"https:\/\/www.facebook.com\/WilsonSantosMT\/\",\"https:\/\/www.instagram.com\/wilsonsantosmt\/\",\"https:\/\/www.youtube.com\/@WilsonSantosWS\/videos\",\"https:\/\/pt.wikipedia.org\/wiki\/Wilson_Santos\"],\"honorificPrefix\":\"Sr\",\"gender\":\"masculino\",\"jobTitle\":\"Deputado Estadual\",\"worksFor\":\"Assembleia Legislativa de Mato Grosso\"},{\"@type\":\"Person\",\"@id\":\"https:\/\/wilsonsantosmt.com.br\/#\/schema\/person\/1d097ee45f526dd0455dbad8c679932c\",\"name\":\"Samantha dos Anjos\",\"image\":{\"@type\":\"ImageObject\",\"inLanguage\":\"pt-BR\",\"@id\":\"https:\/\/wilsonsantosmt.com.br\/#\/schema\/person\/image\/\",\"url\":\"https:\/\/secure.gravatar.com\/avatar\/7d8d0b6dd67d134a9fa841bee90c57c7?s=96&d=mm&r=g\",\"contentUrl\":\"https:\/\/secure.gravatar.com\/avatar\/7d8d0b6dd67d134a9fa841bee90c57c7?s=96&d=mm&r=g\",\"caption\":\"Samantha dos Anjos\"},\"url\":\"https:\/\/wilsonsantosmt.com.br\/index.php\/author\/samantha-dos-anjos\/\"}]}<\/script>\n<!-- \/ Yoast SEO Premium plugin. -->","yoast_head_json":{"title":"Falta do seguro defeso e den\u00fancias ambientais marcam expedi\u00e7\u00e3o com pescadores de Santo Ant\u00f4nio de Leverger - wilsonsantosmt.com.br","robots":{"index":"index","follow":"follow","max-snippet":"max-snippet:-1","max-image-preview":"max-image-preview:large","max-video-preview":"max-video-preview:-1"},"canonical":"https:\/\/wilsonsantosmt.com.br\/index.php\/2026\/03\/12\/falta-do-seguro-defeso-e-denuncias-ambientais-marcam-expedicao-com-pescadores-de-santo-antonio-de-leverger\/","og_locale":"pt_BR","og_type":"article","og_title":"Falta do seguro defeso e den\u00fancias ambientais marcam expedi\u00e7\u00e3o com pescadores de Santo Ant\u00f4nio de Leverger","og_description":"Pescadores profissionais e artesanais da regi\u00e3o do Rio Cuiab\u00e1, no munic\u00edpio de Santo Ant\u00f4nio de Leverger, relataram dificuldades financeiras, den\u00fancias ambientais e problemas relacionados \u00e0 fiscaliza\u00e7\u00e3o durante reuni\u00e3o com a comitiva da 3\u00aa Expedi\u00e7\u00e3o Fluvial do Rio Cuiab\u00e1, liderada pelo deputado estadual Wilson Santos (PSD). O encontro reuniu a categoria pertencente a Col\u00f4nia Z8, representantes [&hellip;]","og_url":"https:\/\/wilsonsantosmt.com.br\/index.php\/2026\/03\/12\/falta-do-seguro-defeso-e-denuncias-ambientais-marcam-expedicao-com-pescadores-de-santo-antonio-de-leverger\/","og_site_name":"wilsonsantosmt.com.br","article_publisher":"https:\/\/www.facebook.com\/WilsonSantosMT\/","article_published_time":"2026-03-12T14:18:34+00:00","article_modified_time":"2026-03-12T14:19:12+00:00","og_image":[{"width":2560,"height":1440,"url":"http:\/\/wilsonsantosmt.com.br\/wp-content\/uploads\/2026\/03\/IMG-20260311-WA0220-scaled.jpg","type":"image\/jpeg"}],"author":"Samantha dos Anjos","twitter_card":"summary_large_image","twitter_misc":{"Escrito por":"Samantha dos Anjos","Est. tempo de leitura":"6 minutos"},"schema":{"@context":"https:\/\/schema.org","@graph":[{"@type":"Article","@id":"https:\/\/wilsonsantosmt.com.br\/index.php\/2026\/03\/12\/falta-do-seguro-defeso-e-denuncias-ambientais-marcam-expedicao-com-pescadores-de-santo-antonio-de-leverger\/#article","isPartOf":{"@id":"https:\/\/wilsonsantosmt.com.br\/index.php\/2026\/03\/12\/falta-do-seguro-defeso-e-denuncias-ambientais-marcam-expedicao-com-pescadores-de-santo-antonio-de-leverger\/"},"author":{"name":"Samantha dos Anjos","@id":"https:\/\/wilsonsantosmt.com.br\/#\/schema\/person\/1d097ee45f526dd0455dbad8c679932c"},"headline":"Falta do seguro defeso e den\u00fancias ambientais marcam expedi\u00e7\u00e3o com pescadores de Santo Ant\u00f4nio de Leverger","datePublished":"2026-03-12T14:18:34+00:00","dateModified":"2026-03-12T14:19:12+00:00","mainEntityOfPage":{"@id":"https:\/\/wilsonsantosmt.com.br\/index.php\/2026\/03\/12\/falta-do-seguro-defeso-e-denuncias-ambientais-marcam-expedicao-com-pescadores-de-santo-antonio-de-leverger\/"},"wordCount":1161,"publisher":{"@id":"https:\/\/wilsonsantosmt.com.br\/#\/schema\/person\/9de3c54961637a9eadb16bcbf895b1ef"},"articleSection":["Not\u00edcias"],"inLanguage":"pt-BR"},{"@type":"WebPage","@id":"https:\/\/wilsonsantosmt.com.br\/index.php\/2026\/03\/12\/falta-do-seguro-defeso-e-denuncias-ambientais-marcam-expedicao-com-pescadores-de-santo-antonio-de-leverger\/","url":"https:\/\/wilsonsantosmt.com.br\/index.php\/2026\/03\/12\/falta-do-seguro-defeso-e-denuncias-ambientais-marcam-expedicao-com-pescadores-de-santo-antonio-de-leverger\/","name":"Falta do seguro defeso e den\u00fancias ambientais marcam expedi\u00e7\u00e3o com pescadores de Santo Ant\u00f4nio de Leverger - wilsonsantosmt.com.br","isPartOf":{"@id":"https:\/\/wilsonsantosmt.com.br\/#website"},"datePublished":"2026-03-12T14:18:34+00:00","dateModified":"2026-03-12T14:19:12+00:00","breadcrumb":{"@id":"https:\/\/wilsonsantosmt.com.br\/index.php\/2026\/03\/12\/falta-do-seguro-defeso-e-denuncias-ambientais-marcam-expedicao-com-pescadores-de-santo-antonio-de-leverger\/#breadcrumb"},"inLanguage":"pt-BR","potentialAction":[{"@type":"ReadAction","target":["https:\/\/wilsonsantosmt.com.br\/index.php\/2026\/03\/12\/falta-do-seguro-defeso-e-denuncias-ambientais-marcam-expedicao-com-pescadores-de-santo-antonio-de-leverger\/"]}]},{"@type":"BreadcrumbList","@id":"https:\/\/wilsonsantosmt.com.br\/index.php\/2026\/03\/12\/falta-do-seguro-defeso-e-denuncias-ambientais-marcam-expedicao-com-pescadores-de-santo-antonio-de-leverger\/#breadcrumb","itemListElement":[{"@type":"ListItem","position":1,"name":"In\u00edcio","item":"https:\/\/wilsonsantosmt.com.br\/"},{"@type":"ListItem","position":2,"name":"Not\u00edcias","item":"https:\/\/wilsonsantosmt.com.br\/index.php\/category\/noticias\/"},{"@type":"ListItem","position":3,"name":"Falta do seguro defeso e den\u00fancias ambientais marcam expedi\u00e7\u00e3o com pescadores de Santo Ant\u00f4nio de Leverger"}]},{"@type":"WebSite","@id":"https:\/\/wilsonsantosmt.com.br\/#website","url":"https:\/\/wilsonsantosmt.com.br\/","name":"wilsonsantosmt.com.br","description":"","publisher":{"@id":"https:\/\/wilsonsantosmt.com.br\/#\/schema\/person\/9de3c54961637a9eadb16bcbf895b1ef"},"potentialAction":[{"@type":"SearchAction","target":{"@type":"EntryPoint","urlTemplate":"https:\/\/wilsonsantosmt.com.br\/?s={search_term_string}"},"query-input":"required name=search_term_string"}],"inLanguage":"pt-BR"},{"@type":["Person","Organization"],"@id":"https:\/\/wilsonsantosmt.com.br\/#\/schema\/person\/9de3c54961637a9eadb16bcbf895b1ef","name":"Wilson Santos","image":{"@type":"ImageObject","inLanguage":"pt-BR","@id":"https:\/\/wilsonsantosmt.com.br\/#\/schema\/person\/image\/","url":"https:\/\/wilsonsantosmt.com.br\/wp-content\/uploads\/2023\/11\/310828673_653254583023360_8795459643194608438_n.jpg","contentUrl":"https:\/\/wilsonsantosmt.com.br\/wp-content\/uploads\/2023\/11\/310828673_653254583023360_8795459643194608438_n.jpg","width":1078,"height":1079,"caption":"Wilson Santos"},"logo":{"@id":"https:\/\/wilsonsantosmt.com.br\/#\/schema\/person\/image\/"},"sameAs":["http:\/\/wilsonsantosmt.com.br","https:\/\/www.facebook.com\/WilsonSantosMT\/","https:\/\/www.instagram.com\/wilsonsantosmt\/","https:\/\/www.youtube.com\/@WilsonSantosWS\/videos","https:\/\/pt.wikipedia.org\/wiki\/Wilson_Santos"],"honorificPrefix":"Sr","gender":"masculino","jobTitle":"Deputado Estadual","worksFor":"Assembleia Legislativa de Mato Grosso"},{"@type":"Person","@id":"https:\/\/wilsonsantosmt.com.br\/#\/schema\/person\/1d097ee45f526dd0455dbad8c679932c","name":"Samantha dos Anjos","image":{"@type":"ImageObject","inLanguage":"pt-BR","@id":"https:\/\/wilsonsantosmt.com.br\/#\/schema\/person\/image\/","url":"https:\/\/secure.gravatar.com\/avatar\/7d8d0b6dd67d134a9fa841bee90c57c7?s=96&d=mm&r=g","contentUrl":"https:\/\/secure.gravatar.com\/avatar\/7d8d0b6dd67d134a9fa841bee90c57c7?s=96&d=mm&r=g","caption":"Samantha dos Anjos"},"url":"https:\/\/wilsonsantosmt.com.br\/index.php\/author\/samantha-dos-anjos\/"}]}},"_links":{"self":[{"href":"https:\/\/wilsonsantosmt.com.br\/index.php\/wp-json\/wp\/v2\/posts\/2324"}],"collection":[{"href":"https:\/\/wilsonsantosmt.com.br\/index.php\/wp-json\/wp\/v2\/posts"}],"about":[{"href":"https:\/\/wilsonsantosmt.com.br\/index.php\/wp-json\/wp\/v2\/types\/post"}],"author":[{"embeddable":true,"href":"https:\/\/wilsonsantosmt.com.br\/index.php\/wp-json\/wp\/v2\/users\/4"}],"replies":[{"embeddable":true,"href":"https:\/\/wilsonsantosmt.com.br\/index.php\/wp-json\/wp\/v2\/comments?post=2324"}],"version-history":[{"count":2,"href":"https:\/\/wilsonsantosmt.com.br\/index.php\/wp-json\/wp\/v2\/posts\/2324\/revisions"}],"predecessor-version":[{"id":2327,"href":"https:\/\/wilsonsantosmt.com.br\/index.php\/wp-json\/wp\/v2\/posts\/2324\/revisions\/2327"}],"wp:featuredmedia":[{"embeddable":true,"href":"https:\/\/wilsonsantosmt.com.br\/index.php\/wp-json\/wp\/v2\/media\/2325"}],"wp:attachment":[{"href":"https:\/\/wilsonsantosmt.com.br\/index.php\/wp-json\/wp\/v2\/media?parent=2324"}],"wp:term":[{"taxonomy":"category","embeddable":true,"href":"https:\/\/wilsonsantosmt.com.br\/index.php\/wp-json\/wp\/v2\/categories?post=2324"},{"taxonomy":"post_tag","embeddable":true,"href":"https:\/\/wilsonsantosmt.com.br\/index.php\/wp-json\/wp\/v2\/tags?post=2324"}],"curies":[{"name":"wp","href":"https:\/\/api.w.org\/{rel}","templated":true}]}}