{"id":2345,"date":"2026-03-13T15:40:31","date_gmt":"2026-03-13T19:40:31","guid":{"rendered":"https:\/\/wilsonsantosmt.com.br\/?p=2345"},"modified":"2026-03-13T15:43:00","modified_gmt":"2026-03-13T19:43:00","slug":"expedicao-fluvial-liderada-por-wilson-santos-percorre-900-km-pelo-rio-cuiaba-e-encerra-no-pantanal","status":"publish","type":"post","link":"https:\/\/wilsonsantosmt.com.br\/index.php\/2026\/03\/13\/expedicao-fluvial-liderada-por-wilson-santos-percorre-900-km-pelo-rio-cuiaba-e-encerra-no-pantanal\/","title":{"rendered":"Expedi\u00e7\u00e3o fluvial liderada por Wilson Santos percorre 900 km pelo Rio Cuiab\u00e1 e encerra no Pantanal"},"content":{"rendered":"\n<p><\/p>\n\n\n\n<p>A 3\u00aa Expedi\u00e7\u00e3o Fluvial pelo Rio Cuiab\u00e1, liderada pelo deputado estadual Wilson Santos (PSD), com apoio da Assembleia Legislativa de Mato Grosso (ALMT), foi conclu\u00edda, nesta sexta-feira (13), ap\u00f3s percorrer cerca de 900 quil\u00f4metros ao longo da bacia do rio. O encerramento ocorreu na regi\u00e3o do Pantanal, pr\u00f3ximo ao Porto Jofre &#8211; divisa entre Mato Grosso e Mato Grosso do Sul.<\/p>\n\n\n\n<p>Durante cinco dias de navega\u00e7\u00e3o, a comitiva percorreu munic\u00edpios da bacia do Rio Cuiab\u00e1, em que promoveu encontros com comunidades ribeirinhas, pescadores, lideran\u00e7as locais e representantes de \u00f3rg\u00e3os p\u00fablicos. A expedi\u00e7\u00e3o passou por cidades como Cuiab\u00e1, V\u00e1rzea Grande, Ros\u00e1rio Oeste, Nobres, Acorizal, Chapada dos Guimar\u00e3es, Santo Ant\u00f4nio de Leverger, Bar\u00e3o de Melga\u00e7o e Pocon\u00e9, onde foram realizadas reuni\u00f5es para ouvir demandas da popula\u00e7\u00e3o e discutir quest\u00f5es ambientais, sociais e econ\u00f4micas relacionadas ao rio.<\/p>\n\n\n\n<p>Ao final da travessia, Wilson Santos destacou a import\u00e2ncia simb\u00f3lica do local, onde a expedi\u00e7\u00e3o foi conclu\u00edda. Segundo ele, a regi\u00e3o marca o encontro do Rio Cuiab\u00e1 com o Rio S\u00e3o Louren\u00e7o, formando um ponto geogr\u00e1fico estrat\u00e9gico dentro do Pantanal.<\/p>\n\n\n\n<p>\u201cEstamos aqui em um local important\u00edssimo geograficamente. \u00c9 o encontro do Rio S\u00e3o Louren\u00e7o, que nasce em Campo Verde, com o Rio Cuiab\u00e1, que nasce em Ros\u00e1rio Oeste. Estamos no cora\u00e7\u00e3o do Pantanal, pr\u00f3ximo \u00e0 divisa entre Mato Grosso e Mato Grosso do Sul\u201d, destacou o parlamentar.<\/p>\n\n\n\n<p>O deputado tamb\u00e9m explicou que, apesar da conflu\u00eancia entre os dois rios, o curso d\u2019\u00e1gua continua sendo chamado de Rio Cuiab\u00e1. \u201cDurante muito tempo ficou a d\u00favida se daqui para frente o rio passaria a se chamar S\u00e3o Louren\u00e7o ou continuaria Cuiab\u00e1. Continua Cuiab\u00e1, porque o Rio Cuiab\u00e1 \u00e9 o principal curso que segue adiante\u201d, afirmou.<\/p>\n\n\n\n<p>Ele esclarece que o principal objetivo da expedi\u00e7\u00e3o foi aproximar o poder p\u00fablico das comunidades ribeirinhas e levantar informa\u00e7\u00f5es sobre a situa\u00e7\u00e3o ambiental do rio e os desafios enfrentados pelas popula\u00e7\u00f5es que dependem diretamente dele. Ao longo do trajeto, foram realizadas visitas a comunidades, encontros com pescadores e a\u00e7\u00f5es de fiscaliza\u00e7\u00e3o ambiental.<\/p>\n\n\n\n<p>A iniciativa tamb\u00e9m buscou ampliar o debate sobre temas como preserva\u00e7\u00e3o da mata ciliar, descarte de res\u00edduos nas margens do rio, uso de cevas para pesca, al\u00e9m de quest\u00f5es relacionadas \u00e0 atividade pesqueira e ao pagamento do seguro-defeso aos pescadores profissionais.<\/p>\n\n\n\n<p>A comitiva teve a participa\u00e7\u00e3o de representantes da Universidade Federal de Mato Grosso (UFMT), da Secretaria de Estado de Meio Ambiente de Mato Grosso (Sema), da Marinha do Brasil \u2013 por meio da Capitania Fluvial de Mato Grosso \u2013, do Batalh\u00e3o da Pol\u00edcia Militar de Prote\u00e7\u00e3o Ambiental, do Comit\u00ea da Bacia Hidrogr\u00e1fica do Rio Cuiab\u00e1, da Associa\u00e7\u00e3o do Segmento da Pesca de Mato Grosso e da Assembleia Legislativa de Mato Grosso.<\/p>\n","protected":false},"excerpt":{"rendered":"<p>A 3\u00aa Expedi\u00e7\u00e3o Fluvial pelo Rio Cuiab\u00e1, liderada pelo deputado estadual Wilson Santos (PSD), com apoio da Assembleia Legislativa de Mato Grosso (ALMT), foi conclu\u00edda, nesta sexta-feira (13), ap\u00f3s percorrer cerca de 900 quil\u00f4metros ao longo da bacia do rio. O encerramento ocorreu na regi\u00e3o do Pantanal, pr\u00f3ximo ao Porto Jofre &#8211; divisa entre Mato [&hellip;]<\/p>\n","protected":false},"author":4,"featured_media":2347,"comment_status":"closed","ping_status":"open","sticky":false,"template":"","format":"standard","meta":{"footnotes":""},"categories":[13],"tags":[],"yoast_head":"<!-- This site is optimized with the Yoast SEO Premium plugin v21.5 (Yoast SEO v21.4) - https:\/\/yoast.com\/wordpress\/plugins\/seo\/ -->\n<title>Expedi\u00e7\u00e3o fluvial liderada por Wilson Santos percorre 900 km pelo Rio Cuiab\u00e1 e encerra no Pantanal - wilsonsantosmt.com.br<\/title>\n<meta name=\"robots\" content=\"index, follow, max-snippet:-1, max-image-preview:large, max-video-preview:-1\" \/>\n<link rel=\"canonical\" href=\"https:\/\/wilsonsantosmt.com.br\/index.php\/2026\/03\/13\/expedicao-fluvial-liderada-por-wilson-santos-percorre-900-km-pelo-rio-cuiaba-e-encerra-no-pantanal\/\" \/>\n<meta property=\"og:locale\" content=\"pt_BR\" \/>\n<meta property=\"og:type\" content=\"article\" \/>\n<meta property=\"og:title\" content=\"Expedi\u00e7\u00e3o fluvial liderada por Wilson Santos percorre 900 km pelo Rio Cuiab\u00e1 e encerra no Pantanal\" \/>\n<meta property=\"og:description\" content=\"A 3\u00aa Expedi\u00e7\u00e3o Fluvial pelo Rio Cuiab\u00e1, liderada pelo deputado estadual Wilson Santos (PSD), com apoio da Assembleia Legislativa de Mato Grosso (ALMT), foi conclu\u00edda, nesta sexta-feira (13), ap\u00f3s percorrer cerca de 900 quil\u00f4metros ao longo da bacia do rio. O encerramento ocorreu na regi\u00e3o do Pantanal, pr\u00f3ximo ao Porto Jofre &#8211; divisa entre Mato [&hellip;]\" \/>\n<meta property=\"og:url\" content=\"https:\/\/wilsonsantosmt.com.br\/index.php\/2026\/03\/13\/expedicao-fluvial-liderada-por-wilson-santos-percorre-900-km-pelo-rio-cuiaba-e-encerra-no-pantanal\/\" \/>\n<meta property=\"og:site_name\" content=\"wilsonsantosmt.com.br\" \/>\n<meta property=\"article:publisher\" content=\"https:\/\/www.facebook.com\/WilsonSantosMT\/\" \/>\n<meta property=\"article:published_time\" content=\"2026-03-13T19:40:31+00:00\" \/>\n<meta property=\"article:modified_time\" content=\"2026-03-13T19:43:00+00:00\" \/>\n<meta property=\"og:image\" content=\"http:\/\/wilsonsantosmt.com.br\/wp-content\/uploads\/2026\/03\/IMG-20260313-WA01341-scaled.jpg\" \/>\n\t<meta property=\"og:image:width\" content=\"2560\" \/>\n\t<meta property=\"og:image:height\" content=\"1440\" \/>\n\t<meta property=\"og:image:type\" content=\"image\/jpeg\" \/>\n<meta name=\"author\" content=\"Samantha dos Anjos\" \/>\n<meta name=\"twitter:card\" content=\"summary_large_image\" \/>\n<meta name=\"twitter:label1\" content=\"Escrito por\" \/>\n\t<meta name=\"twitter:data1\" content=\"Samantha dos Anjos\" \/>\n\t<meta name=\"twitter:label2\" content=\"Est. tempo de leitura\" \/>\n\t<meta name=\"twitter:data2\" content=\"3 minutos\" \/>\n<script type=\"application\/ld+json\" class=\"yoast-schema-graph\">{\"@context\":\"https:\/\/schema.org\",\"@graph\":[{\"@type\":\"Article\",\"@id\":\"https:\/\/wilsonsantosmt.com.br\/index.php\/2026\/03\/13\/expedicao-fluvial-liderada-por-wilson-santos-percorre-900-km-pelo-rio-cuiaba-e-encerra-no-pantanal\/#article\",\"isPartOf\":{\"@id\":\"https:\/\/wilsonsantosmt.com.br\/index.php\/2026\/03\/13\/expedicao-fluvial-liderada-por-wilson-santos-percorre-900-km-pelo-rio-cuiaba-e-encerra-no-pantanal\/\"},\"author\":{\"name\":\"Samantha dos Anjos\",\"@id\":\"https:\/\/wilsonsantosmt.com.br\/#\/schema\/person\/1d097ee45f526dd0455dbad8c679932c\"},\"headline\":\"Expedi\u00e7\u00e3o fluvial liderada por Wilson Santos percorre 900 km pelo Rio Cuiab\u00e1 e encerra no Pantanal\",\"datePublished\":\"2026-03-13T19:40:31+00:00\",\"dateModified\":\"2026-03-13T19:43:00+00:00\",\"mainEntityOfPage\":{\"@id\":\"https:\/\/wilsonsantosmt.com.br\/index.php\/2026\/03\/13\/expedicao-fluvial-liderada-por-wilson-santos-percorre-900-km-pelo-rio-cuiaba-e-encerra-no-pantanal\/\"},\"wordCount\":509,\"publisher\":{\"@id\":\"https:\/\/wilsonsantosmt.com.br\/#\/schema\/person\/9de3c54961637a9eadb16bcbf895b1ef\"},\"articleSection\":[\"Not\u00edcias\"],\"inLanguage\":\"pt-BR\"},{\"@type\":\"WebPage\",\"@id\":\"https:\/\/wilsonsantosmt.com.br\/index.php\/2026\/03\/13\/expedicao-fluvial-liderada-por-wilson-santos-percorre-900-km-pelo-rio-cuiaba-e-encerra-no-pantanal\/\",\"url\":\"https:\/\/wilsonsantosmt.com.br\/index.php\/2026\/03\/13\/expedicao-fluvial-liderada-por-wilson-santos-percorre-900-km-pelo-rio-cuiaba-e-encerra-no-pantanal\/\",\"name\":\"Expedi\u00e7\u00e3o fluvial liderada por Wilson Santos percorre 900 km pelo Rio Cuiab\u00e1 e encerra no Pantanal - wilsonsantosmt.com.br\",\"isPartOf\":{\"@id\":\"https:\/\/wilsonsantosmt.com.br\/#website\"},\"datePublished\":\"2026-03-13T19:40:31+00:00\",\"dateModified\":\"2026-03-13T19:43:00+00:00\",\"breadcrumb\":{\"@id\":\"https:\/\/wilsonsantosmt.com.br\/index.php\/2026\/03\/13\/expedicao-fluvial-liderada-por-wilson-santos-percorre-900-km-pelo-rio-cuiaba-e-encerra-no-pantanal\/#breadcrumb\"},\"inLanguage\":\"pt-BR\",\"potentialAction\":[{\"@type\":\"ReadAction\",\"target\":[\"https:\/\/wilsonsantosmt.com.br\/index.php\/2026\/03\/13\/expedicao-fluvial-liderada-por-wilson-santos-percorre-900-km-pelo-rio-cuiaba-e-encerra-no-pantanal\/\"]}]},{\"@type\":\"BreadcrumbList\",\"@id\":\"https:\/\/wilsonsantosmt.com.br\/index.php\/2026\/03\/13\/expedicao-fluvial-liderada-por-wilson-santos-percorre-900-km-pelo-rio-cuiaba-e-encerra-no-pantanal\/#breadcrumb\",\"itemListElement\":[{\"@type\":\"ListItem\",\"position\":1,\"name\":\"In\u00edcio\",\"item\":\"https:\/\/wilsonsantosmt.com.br\/\"},{\"@type\":\"ListItem\",\"position\":2,\"name\":\"Not\u00edcias\",\"item\":\"https:\/\/wilsonsantosmt.com.br\/index.php\/category\/noticias\/\"},{\"@type\":\"ListItem\",\"position\":3,\"name\":\"Expedi\u00e7\u00e3o fluvial liderada por Wilson Santos percorre 900 km pelo Rio Cuiab\u00e1 e encerra no Pantanal\"}]},{\"@type\":\"WebSite\",\"@id\":\"https:\/\/wilsonsantosmt.com.br\/#website\",\"url\":\"https:\/\/wilsonsantosmt.com.br\/\",\"name\":\"wilsonsantosmt.com.br\",\"description\":\"\",\"publisher\":{\"@id\":\"https:\/\/wilsonsantosmt.com.br\/#\/schema\/person\/9de3c54961637a9eadb16bcbf895b1ef\"},\"potentialAction\":[{\"@type\":\"SearchAction\",\"target\":{\"@type\":\"EntryPoint\",\"urlTemplate\":\"https:\/\/wilsonsantosmt.com.br\/?s={search_term_string}\"},\"query-input\":\"required name=search_term_string\"}],\"inLanguage\":\"pt-BR\"},{\"@type\":[\"Person\",\"Organization\"],\"@id\":\"https:\/\/wilsonsantosmt.com.br\/#\/schema\/person\/9de3c54961637a9eadb16bcbf895b1ef\",\"name\":\"Wilson Santos\",\"image\":{\"@type\":\"ImageObject\",\"inLanguage\":\"pt-BR\",\"@id\":\"https:\/\/wilsonsantosmt.com.br\/#\/schema\/person\/image\/\",\"url\":\"https:\/\/wilsonsantosmt.com.br\/wp-content\/uploads\/2023\/11\/310828673_653254583023360_8795459643194608438_n.jpg\",\"contentUrl\":\"https:\/\/wilsonsantosmt.com.br\/wp-content\/uploads\/2023\/11\/310828673_653254583023360_8795459643194608438_n.jpg\",\"width\":1078,\"height\":1079,\"caption\":\"Wilson Santos\"},\"logo\":{\"@id\":\"https:\/\/wilsonsantosmt.com.br\/#\/schema\/person\/image\/\"},\"sameAs\":[\"http:\/\/wilsonsantosmt.com.br\",\"https:\/\/www.facebook.com\/WilsonSantosMT\/\",\"https:\/\/www.instagram.com\/wilsonsantosmt\/\",\"https:\/\/www.youtube.com\/@WilsonSantosWS\/videos\",\"https:\/\/pt.wikipedia.org\/wiki\/Wilson_Santos\"],\"honorificPrefix\":\"Sr\",\"gender\":\"masculino\",\"jobTitle\":\"Deputado Estadual\",\"worksFor\":\"Assembleia Legislativa de Mato Grosso\"},{\"@type\":\"Person\",\"@id\":\"https:\/\/wilsonsantosmt.com.br\/#\/schema\/person\/1d097ee45f526dd0455dbad8c679932c\",\"name\":\"Samantha dos Anjos\",\"image\":{\"@type\":\"ImageObject\",\"inLanguage\":\"pt-BR\",\"@id\":\"https:\/\/wilsonsantosmt.com.br\/#\/schema\/person\/image\/\",\"url\":\"https:\/\/secure.gravatar.com\/avatar\/7d8d0b6dd67d134a9fa841bee90c57c7?s=96&d=mm&r=g\",\"contentUrl\":\"https:\/\/secure.gravatar.com\/avatar\/7d8d0b6dd67d134a9fa841bee90c57c7?s=96&d=mm&r=g\",\"caption\":\"Samantha dos Anjos\"},\"url\":\"https:\/\/wilsonsantosmt.com.br\/index.php\/author\/samantha-dos-anjos\/\"}]}<\/script>\n<!-- \/ Yoast SEO Premium plugin. -->","yoast_head_json":{"title":"Expedi\u00e7\u00e3o fluvial liderada por Wilson Santos percorre 900 km pelo Rio Cuiab\u00e1 e encerra no Pantanal - wilsonsantosmt.com.br","robots":{"index":"index","follow":"follow","max-snippet":"max-snippet:-1","max-image-preview":"max-image-preview:large","max-video-preview":"max-video-preview:-1"},"canonical":"https:\/\/wilsonsantosmt.com.br\/index.php\/2026\/03\/13\/expedicao-fluvial-liderada-por-wilson-santos-percorre-900-km-pelo-rio-cuiaba-e-encerra-no-pantanal\/","og_locale":"pt_BR","og_type":"article","og_title":"Expedi\u00e7\u00e3o fluvial liderada por Wilson Santos percorre 900 km pelo Rio Cuiab\u00e1 e encerra no Pantanal","og_description":"A 3\u00aa Expedi\u00e7\u00e3o Fluvial pelo Rio Cuiab\u00e1, liderada pelo deputado estadual Wilson Santos (PSD), com apoio da Assembleia Legislativa de Mato Grosso (ALMT), foi conclu\u00edda, nesta sexta-feira (13), ap\u00f3s percorrer cerca de 900 quil\u00f4metros ao longo da bacia do rio. O encerramento ocorreu na regi\u00e3o do Pantanal, pr\u00f3ximo ao Porto Jofre &#8211; divisa entre Mato [&hellip;]","og_url":"https:\/\/wilsonsantosmt.com.br\/index.php\/2026\/03\/13\/expedicao-fluvial-liderada-por-wilson-santos-percorre-900-km-pelo-rio-cuiaba-e-encerra-no-pantanal\/","og_site_name":"wilsonsantosmt.com.br","article_publisher":"https:\/\/www.facebook.com\/WilsonSantosMT\/","article_published_time":"2026-03-13T19:40:31+00:00","article_modified_time":"2026-03-13T19:43:00+00:00","og_image":[{"width":2560,"height":1440,"url":"http:\/\/wilsonsantosmt.com.br\/wp-content\/uploads\/2026\/03\/IMG-20260313-WA01341-scaled.jpg","type":"image\/jpeg"}],"author":"Samantha dos Anjos","twitter_card":"summary_large_image","twitter_misc":{"Escrito por":"Samantha dos Anjos","Est. tempo de leitura":"3 minutos"},"schema":{"@context":"https:\/\/schema.org","@graph":[{"@type":"Article","@id":"https:\/\/wilsonsantosmt.com.br\/index.php\/2026\/03\/13\/expedicao-fluvial-liderada-por-wilson-santos-percorre-900-km-pelo-rio-cuiaba-e-encerra-no-pantanal\/#article","isPartOf":{"@id":"https:\/\/wilsonsantosmt.com.br\/index.php\/2026\/03\/13\/expedicao-fluvial-liderada-por-wilson-santos-percorre-900-km-pelo-rio-cuiaba-e-encerra-no-pantanal\/"},"author":{"name":"Samantha dos Anjos","@id":"https:\/\/wilsonsantosmt.com.br\/#\/schema\/person\/1d097ee45f526dd0455dbad8c679932c"},"headline":"Expedi\u00e7\u00e3o fluvial liderada por Wilson Santos percorre 900 km pelo Rio Cuiab\u00e1 e encerra no Pantanal","datePublished":"2026-03-13T19:40:31+00:00","dateModified":"2026-03-13T19:43:00+00:00","mainEntityOfPage":{"@id":"https:\/\/wilsonsantosmt.com.br\/index.php\/2026\/03\/13\/expedicao-fluvial-liderada-por-wilson-santos-percorre-900-km-pelo-rio-cuiaba-e-encerra-no-pantanal\/"},"wordCount":509,"publisher":{"@id":"https:\/\/wilsonsantosmt.com.br\/#\/schema\/person\/9de3c54961637a9eadb16bcbf895b1ef"},"articleSection":["Not\u00edcias"],"inLanguage":"pt-BR"},{"@type":"WebPage","@id":"https:\/\/wilsonsantosmt.com.br\/index.php\/2026\/03\/13\/expedicao-fluvial-liderada-por-wilson-santos-percorre-900-km-pelo-rio-cuiaba-e-encerra-no-pantanal\/","url":"https:\/\/wilsonsantosmt.com.br\/index.php\/2026\/03\/13\/expedicao-fluvial-liderada-por-wilson-santos-percorre-900-km-pelo-rio-cuiaba-e-encerra-no-pantanal\/","name":"Expedi\u00e7\u00e3o fluvial liderada por Wilson Santos percorre 900 km pelo Rio Cuiab\u00e1 e encerra no Pantanal - wilsonsantosmt.com.br","isPartOf":{"@id":"https:\/\/wilsonsantosmt.com.br\/#website"},"datePublished":"2026-03-13T19:40:31+00:00","dateModified":"2026-03-13T19:43:00+00:00","breadcrumb":{"@id":"https:\/\/wilsonsantosmt.com.br\/index.php\/2026\/03\/13\/expedicao-fluvial-liderada-por-wilson-santos-percorre-900-km-pelo-rio-cuiaba-e-encerra-no-pantanal\/#breadcrumb"},"inLanguage":"pt-BR","potentialAction":[{"@type":"ReadAction","target":["https:\/\/wilsonsantosmt.com.br\/index.php\/2026\/03\/13\/expedicao-fluvial-liderada-por-wilson-santos-percorre-900-km-pelo-rio-cuiaba-e-encerra-no-pantanal\/"]}]},{"@type":"BreadcrumbList","@id":"https:\/\/wilsonsantosmt.com.br\/index.php\/2026\/03\/13\/expedicao-fluvial-liderada-por-wilson-santos-percorre-900-km-pelo-rio-cuiaba-e-encerra-no-pantanal\/#breadcrumb","itemListElement":[{"@type":"ListItem","position":1,"name":"In\u00edcio","item":"https:\/\/wilsonsantosmt.com.br\/"},{"@type":"ListItem","position":2,"name":"Not\u00edcias","item":"https:\/\/wilsonsantosmt.com.br\/index.php\/category\/noticias\/"},{"@type":"ListItem","position":3,"name":"Expedi\u00e7\u00e3o fluvial liderada por Wilson Santos percorre 900 km pelo Rio Cuiab\u00e1 e encerra no Pantanal"}]},{"@type":"WebSite","@id":"https:\/\/wilsonsantosmt.com.br\/#website","url":"https:\/\/wilsonsantosmt.com.br\/","name":"wilsonsantosmt.com.br","description":"","publisher":{"@id":"https:\/\/wilsonsantosmt.com.br\/#\/schema\/person\/9de3c54961637a9eadb16bcbf895b1ef"},"potentialAction":[{"@type":"SearchAction","target":{"@type":"EntryPoint","urlTemplate":"https:\/\/wilsonsantosmt.com.br\/?s={search_term_string}"},"query-input":"required name=search_term_string"}],"inLanguage":"pt-BR"},{"@type":["Person","Organization"],"@id":"https:\/\/wilsonsantosmt.com.br\/#\/schema\/person\/9de3c54961637a9eadb16bcbf895b1ef","name":"Wilson Santos","image":{"@type":"ImageObject","inLanguage":"pt-BR","@id":"https:\/\/wilsonsantosmt.com.br\/#\/schema\/person\/image\/","url":"https:\/\/wilsonsantosmt.com.br\/wp-content\/uploads\/2023\/11\/310828673_653254583023360_8795459643194608438_n.jpg","contentUrl":"https:\/\/wilsonsantosmt.com.br\/wp-content\/uploads\/2023\/11\/310828673_653254583023360_8795459643194608438_n.jpg","width":1078,"height":1079,"caption":"Wilson Santos"},"logo":{"@id":"https:\/\/wilsonsantosmt.com.br\/#\/schema\/person\/image\/"},"sameAs":["http:\/\/wilsonsantosmt.com.br","https:\/\/www.facebook.com\/WilsonSantosMT\/","https:\/\/www.instagram.com\/wilsonsantosmt\/","https:\/\/www.youtube.com\/@WilsonSantosWS\/videos","https:\/\/pt.wikipedia.org\/wiki\/Wilson_Santos"],"honorificPrefix":"Sr","gender":"masculino","jobTitle":"Deputado Estadual","worksFor":"Assembleia Legislativa de Mato Grosso"},{"@type":"Person","@id":"https:\/\/wilsonsantosmt.com.br\/#\/schema\/person\/1d097ee45f526dd0455dbad8c679932c","name":"Samantha dos Anjos","image":{"@type":"ImageObject","inLanguage":"pt-BR","@id":"https:\/\/wilsonsantosmt.com.br\/#\/schema\/person\/image\/","url":"https:\/\/secure.gravatar.com\/avatar\/7d8d0b6dd67d134a9fa841bee90c57c7?s=96&d=mm&r=g","contentUrl":"https:\/\/secure.gravatar.com\/avatar\/7d8d0b6dd67d134a9fa841bee90c57c7?s=96&d=mm&r=g","caption":"Samantha dos Anjos"},"url":"https:\/\/wilsonsantosmt.com.br\/index.php\/author\/samantha-dos-anjos\/"}]}},"_links":{"self":[{"href":"https:\/\/wilsonsantosmt.com.br\/index.php\/wp-json\/wp\/v2\/posts\/2345"}],"collection":[{"href":"https:\/\/wilsonsantosmt.com.br\/index.php\/wp-json\/wp\/v2\/posts"}],"about":[{"href":"https:\/\/wilsonsantosmt.com.br\/index.php\/wp-json\/wp\/v2\/types\/post"}],"author":[{"embeddable":true,"href":"https:\/\/wilsonsantosmt.com.br\/index.php\/wp-json\/wp\/v2\/users\/4"}],"replies":[{"embeddable":true,"href":"https:\/\/wilsonsantosmt.com.br\/index.php\/wp-json\/wp\/v2\/comments?post=2345"}],"version-history":[{"count":2,"href":"https:\/\/wilsonsantosmt.com.br\/index.php\/wp-json\/wp\/v2\/posts\/2345\/revisions"}],"predecessor-version":[{"id":2349,"href":"https:\/\/wilsonsantosmt.com.br\/index.php\/wp-json\/wp\/v2\/posts\/2345\/revisions\/2349"}],"wp:featuredmedia":[{"embeddable":true,"href":"https:\/\/wilsonsantosmt.com.br\/index.php\/wp-json\/wp\/v2\/media\/2347"}],"wp:attachment":[{"href":"https:\/\/wilsonsantosmt.com.br\/index.php\/wp-json\/wp\/v2\/media?parent=2345"}],"wp:term":[{"taxonomy":"category","embeddable":true,"href":"https:\/\/wilsonsantosmt.com.br\/index.php\/wp-json\/wp\/v2\/categories?post=2345"},{"taxonomy":"post_tag","embeddable":true,"href":"https:\/\/wilsonsantosmt.com.br\/index.php\/wp-json\/wp\/v2\/tags?post=2345"}],"curies":[{"name":"wp","href":"https:\/\/api.w.org\/{rel}","templated":true}]}}