{"id":2489,"date":"2026-04-27T09:09:47","date_gmt":"2026-04-27T13:09:47","guid":{"rendered":"https:\/\/wilsonsantosmt.com.br\/?p=2489"},"modified":"2026-04-27T09:09:48","modified_gmt":"2026-04-27T13:09:48","slug":"artigo-das-ruas-ao-shopping-popular-de-cuiaba-essa-historia-eu-vivi","status":"publish","type":"post","link":"https:\/\/wilsonsantosmt.com.br\/index.php\/2026\/04\/27\/artigo-das-ruas-ao-shopping-popular-de-cuiaba-essa-historia-eu-vivi\/","title":{"rendered":"ARTIGO: Das ruas ao Shopping Popular de Cuiab\u00e1: &#8220;Essa hist\u00f3ria, eu vivi&#8221;"},"content":{"rendered":"\n<p><\/p>\n\n\n\n<p><\/p>\n\n\n\n<p><\/p>\n\n\n\n<p>Quando eu olho para o Shopping Popular de Cuiab\u00e1, hoje com 31 anos de hist\u00f3ria, eu n\u00e3o enxergo apenas uma estrutura f\u00edsica &#8211; sobretudo depois de tudo o que foi enfrentado, com alagamentos que ocasionou em perdas de mercadorias e um inc\u00eandio de grandes propor\u00e7\u00f5es que destruiu praticamente toda a edifica\u00e7\u00e3o. Eu vejo uma trajet\u00f3ria constru\u00edda com muito esfor\u00e7o, marcada por luta, perdas, resist\u00eancia e recome\u00e7os. E posso afirmar com convic\u00e7\u00e3o: essa hist\u00f3ria, eu vivi.<\/p>\n\n\n\n<p>Essa caminhada come\u00e7a muito antes de 1995. Ela nasce ainda no in\u00edcio da d\u00e9cada de 80, quando Cuiab\u00e1 enfrentava um intenso processo de crescimento populacional. A cidade recebia migrantes de v\u00e1rias regi\u00f5es do pa\u00eds, como Paran\u00e1, S\u00e3o Paulo, Pernambuco, Minas Gerais, Goi\u00e1s, Bahia, Esp\u00edrito Santo, entre outros. Muitos deles, sem qualifica\u00e7\u00e3o profissional e acesso ao mercado formal.<\/p>\n\n\n\n<p>Sem oportunidades, essas pessoas encontraram no com\u00e9rcio ambulante uma forma de sobreviv\u00eancia. Foi assim que as pra\u00e7as e ruas centrais de Cuiab\u00e1 &#8211; como a Pra\u00e7a da Rep\u00fablica, Alencastro, Ipiranga, Maria Taquara, Bispo Dom Jos\u00e9, Porto e outras &#8211; passaram a ser ocupadas de forma desordenada por barracas, carrinhos e vendedores informais. Era uma realidade social dura.<\/p>\n\n\n\n<p>Esses trabalhadores enfrentavam sol, chuva, fiscaliza\u00e7\u00e3o e, muitas vezes, repress\u00e3o por parte dos fiscais da prefeitura e policiais militares. Houve apreens\u00f5es de mercadorias, den\u00fancias de viol\u00eancia e extors\u00e3o e situa\u00e7\u00f5es de confronto. Muitos eram tratados como marginais, quando, na verdade, buscavam apenas trabalhar de forma honesta para o seu sustento e de sua fam\u00edlia.<\/p>\n\n\n\n<p>Ao mesmo tempo, havia press\u00e3o do com\u00e9rcio formal que pagava impostos, se sentiam prejudicados e via naquela atividade uma concorr\u00eancia desleal. A pr\u00f3pria popula\u00e7\u00e3o tamb\u00e9m cobrava a desocupa\u00e7\u00e3o dos espa\u00e7os p\u00fablicos. E eu entendia que este desafio n\u00e3o se tratava apenas de organizar a situa\u00e7\u00e3o. Era preciso respeitar aquelas pessoas que eram pais e m\u00e3es de fam\u00edlia, trabalhadores da economia informal, sem carteira assinada, sem d\u00e9cimo terceiro, sem qualquer seguran\u00e7a.<\/p>\n\n\n\n<p>Vale lembrar que, em 1982, surgiu a primeira tentativa de organiza\u00e7\u00e3o com a cria\u00e7\u00e3o da Associa\u00e7\u00e3o dos Vendedores Ambulantes de Mato Grosso. Era o in\u00edcio de uma constru\u00e7\u00e3o coletiva. Dois anos depois, come\u00e7ou a ganhar for\u00e7a a ideia de um \u201ccamel\u00f3dromo\u201d que seria um centro popular de compras que pudesse organizar a atividade e reduzir os conflitos urbanos.<\/p>\n\n\n\n<p>Na primeira gest\u00e3o do prefeito Dante de Oliveira, no ano de 1986, foi criado um decreto que instituiu a Comiss\u00e3o de Recupera\u00e7\u00e3o da \u00c1rea Central e do Porto. O objetivo era reorganizar o centro da cidade, preservar o patrim\u00f4nio hist\u00f3rico e disciplinar o com\u00e9rcio ambulante. Naquele momento, eu atuava como coordenador da Secretaria Municipal de Servi\u00e7os P\u00fablicos da Prefeitura de Cuiab\u00e1. Convocamos os vendedores ambulantes para dialogar. Houve resist\u00eancia. Muitos n\u00e3o queriam sair das ruas, porque dali vinha o sustento. Ao mesmo tempo, comerciantes formais chegaram a amea\u00e7ar greve.<\/p>\n\n\n\n<p>Em 1987, um levantamento identificou cerca de 270 ambulantes no centro. Diante disso, conduzimos um amplo estudo socioecon\u00f4mico que durou cerca de oito meses e identificou aproximadamente 400 trabalhadores. Fizemos o cadastramento, fomos at\u00e9 as casas, conhecemos a realidade de cada um. Identificamos quem realmente vivia daquele trabalho e come\u00e7amos a criar um modelo mais justo. Implantamos o uso de jaleco, crach\u00e1 e carrinhos padronizados. Foi a primeira organiza\u00e7\u00e3o efetiva do com\u00e9rcio ambulante em Cuiab\u00e1 &#8211; com respeito e sem injusti\u00e7as.<\/p>\n\n\n\n<p>Mas esse avan\u00e7o n\u00e3o teve continuidade. O motivo deve-se a mudan\u00e7a de gest\u00e3o municipal, em que o grupo pol\u00edtico que assumiu &#8211; n\u00e3o conseguiu encontrar uma solu\u00e7\u00e3o ao com\u00e9rcio informal. Nos anos seguintes, o n\u00famero de ambulantes voltou a crescer de forma desordenada e chegaram a ser classificados como \u201cclandestinos\u201d. Em 1992, o centro j\u00e1 estava novamente tomado, com forte presen\u00e7a de com\u00e9rcio informal, inclusive de produtos vindos do Paraguai \u2013 que eram denominados de \u2018muambas\u2019.<\/p>\n\n\n\n<p>Em 1993, com o retorno de Dante de Oliveira \u00e0 Prefeitura \u2013 no segundo mandato, eu fui chamado novamente, desta vez para ocupar o cargo de secret\u00e1rio de Servi\u00e7os P\u00fablicos, com a miss\u00e3o de reorganizar o centro. Iniciamos a \u201cOpera\u00e7\u00e3o Limpa Centro\u201d. Suspendemos novas concess\u00f5es para barracas, quiosques e pontos comerciais e iniciamos um novo recadastramento. E ali retomamos esse cap\u00edtulo com mais maturidade e uma compreens\u00e3o mais profunda: n\u00e3o bastava organizar &#8211; era preciso criar uma solu\u00e7\u00e3o definitiva. Foi nesse momento que nasceu a ideia do Shopping Popular.<\/p>\n\n\n\n<p>Em 27 de agosto de 1993, come\u00e7amos esse trabalho. O objetivo era identificar quem realmente dependia da atividade para sobreviver. Eu j\u00e1 era deputado estadual, mas deixei o mandato para assumir a miss\u00e3o de conduzir esse processo e foi uma das tarefas mais desafiadoras que j\u00e1 enfrentei na vida p\u00fablica. Tivemos que recome\u00e7ar do zero. Lidamos com conflitos, interesses divergentes e muitas distor\u00e7\u00f5es. Haviam trabalhadores com v\u00e1rios pontos e outros que n\u00e3o tinham nenhum. Foi preciso fazer justi\u00e7a social e com responsabilidade. E assim, enfrentamos a resist\u00eancia.<\/p>\n\n\n\n<p>Naquele per\u00edodo, tamb\u00e9m investimos em infraestrutura b\u00e1sica para o com\u00e9rcio popular, como banheiros, bebedouros e telefones p\u00fablicos. Mas, somente, em 10 de outubro de 1994, anunciamos oficialmente o in\u00edcio da obra do Shopping Popular, inicialmente chamada de \u201cShopping das Mangueiras\u201d. A constru\u00e7\u00e3o come\u00e7ou no m\u00eas seguinte, no bairro Dom Aquino, em uma \u00e1rea de aproximadamente 1.152 metros quadrados.<\/p>\n\n\n\n<p>Havia limita\u00e7\u00f5es financeiras. Inclusive, naquele momento, a pr\u00f3pria gest\u00e3o reconhecia que n\u00e3o conseguiria concluir toda a estrutura. Muitas vezes, foi preciso improvisar, buscar alternativas, contar com a boa vontade e o esfor\u00e7o coletivo para n\u00e3o deixar o projeto parar. Mesmo assim, seguimos.<\/p>\n\n\n\n<p>No dia 23 de abril de 1995, foi realizada a transfer\u00eancia dos vendedores ambulantes para o novo espa\u00e7o. Foi um momento hist\u00f3rico, mas tamb\u00e9m dif\u00edcil. Muitos n\u00e3o queriam sair do centro. Havia medo e inseguran\u00e7a. Enquanto isso, os lojistas comemoravam a desocupa\u00e7\u00e3o das ruas, os trabalhadores informais iniciavam uma nova etapa, ainda com estrutura limitada.<\/p>\n\n\n\n<p>Ao longo dos anos, novos desafios surgiram. Em 2004, problemas de drenagem provocaram alagamentos constantes, causando preju\u00edzos e obrigando muitos comerciantes a recome\u00e7arem v\u00e1rias vezes. Mesmo assim, n\u00e3o desistiram.<\/p>\n\n\n\n<p>Em 2009, j\u00e1 como prefeito de Cuiab\u00e1, retomei essa pauta com foco na moderniza\u00e7\u00e3o do Shopping Popular. Esse processo resultou, em julho de 2015, na inaugura\u00e7\u00e3o de uma nova estrutura, consolidando o espa\u00e7o como refer\u00eancia e transformando antigos camel\u00f4s em empreendedores formalizados. Mas, a hist\u00f3ria ainda reservava mais um grande desafio.<\/p>\n\n\n\n<p>Em julho de 2024, um inc\u00eandio destruiu toda a estrutura do Shopping Popular. Mais de 600 fam\u00edlias foram diretamente afetadas. Todos praticamente perderam tudo. E, mais uma vez, eu vi aquilo que sempre marcou essa trajet\u00f3ria: a capacidade de recome\u00e7ar. Sem nenhum recurso p\u00fablico, os pr\u00f3prios comerciantes iniciaram a reconstru\u00e7\u00e3o com investimento estimado a R$ 60 milh\u00f5es. Hoje, mais de 70% da obra j\u00e1 est\u00e1 conclu\u00edda com recursos pr\u00f3prios dos associados.<\/p>\n\n\n\n<p>Ainda se fazia necess\u00e1ria mais recursos para concluir a obra. Diante dessa realidade, procurei o presidente da associa\u00e7\u00e3o, Misael Galv\u00e3o, e juntos levamos essa demanda ao Governo do Estado. Apresentamos n\u00e3o apenas um pedido, mas a prova concreta do esfor\u00e7o j\u00e1 feito &#8211; uma obra avan\u00e7ada, constru\u00edda com o suor dos pr\u00f3prios trabalhadores e que precisava de apoio para chegar \u00e0 sua etapa final.<\/p>\n\n\n\n<p>Inicialmente, tentamos viabilizar uma doa\u00e7\u00e3o por parte do Estado, mas isso n\u00e3o foi poss\u00edvel juridicamente, j\u00e1 que se trata de uma entidade privada. Foi ent\u00e3o que constru\u00edmos uma alternativa legal: um financiamento. Assim, todo o projeto para garantir os recursos foi estruturado e elaborado pela pr\u00f3pria Desenvolve MT \u2013 pertencente ao Governo de Mato Grosso.<\/p>\n\n\n\n<p>Logo, a gest\u00e3o estadual encaminhou o projeto de lei \u00e0 Assembleia Legislativa, no dia 22 de abril, solicitando a autoriza\u00e7\u00e3o para essa opera\u00e7\u00e3o. A mensagem do governo veio no sentido de garantir at\u00e9 R$ 15 milh\u00f5es para a conclus\u00e3o da obra &#8211; um recurso essencial para finalizar a estrutura com qualidade. E de forma un\u00e2nime, todos os deputados estaduais aprovaram a proposta.<\/p>\n\n\n\n<p>Esse avan\u00e7o representa muito mais do que um investimento financeiro. Representa o reconhecimento de uma hist\u00f3ria constru\u00edda sem privil\u00e9gios, sem facilidades e, at\u00e9 aqui, sem dinheiro p\u00fablico na reconstru\u00e7\u00e3o. E ao longo de mais de quatro d\u00e9cadas, eu acompanhei essa trajet\u00f3ria de perto. Vi o in\u00edcio dos ambulantes nas ruas, os conflitos, a organiza\u00e7\u00e3o, a constru\u00e7\u00e3o do shopping, os desafios estruturais, as perdas e os recome\u00e7os.<\/p>\n\n\n\n<p>O Shopping Popular \u00e9 o s\u00edmbolo de um povo que saiu das ruas, enfrentou dificuldades, resistiu \u00e0s adversidades e construiu, com as pr\u00f3prias m\u00e3os, um caminho de dignidade. E eu posso dizer, com toda convic\u00e7\u00e3o: Eu estive presente em cada etapa dessa caminhada.<\/p>\n\n\n\n<p>Essa hist\u00f3ria, eu vivi.<\/p>\n","protected":false},"excerpt":{"rendered":"<p>Quando eu olho para o Shopping Popular de Cuiab\u00e1, hoje com 31 anos de hist\u00f3ria, eu n\u00e3o enxergo apenas uma estrutura f\u00edsica &#8211; sobretudo depois de tudo o que foi enfrentado, com alagamentos que ocasionou em perdas de mercadorias e um inc\u00eandio de grandes propor\u00e7\u00f5es que destruiu praticamente toda a edifica\u00e7\u00e3o. Eu vejo uma trajet\u00f3ria [&hellip;]<\/p>\n","protected":false},"author":1,"featured_media":2490,"comment_status":"closed","ping_status":"open","sticky":false,"template":"","format":"standard","meta":{"footnotes":""},"categories":[13],"tags":[],"yoast_head":"<!-- This site is optimized with the Yoast SEO Premium plugin v21.5 (Yoast SEO v21.4) - https:\/\/yoast.com\/wordpress\/plugins\/seo\/ -->\n<title>ARTIGO: Das ruas ao Shopping Popular de Cuiab\u00e1: &quot;Essa hist\u00f3ria, eu vivi&quot; - wilsonsantosmt.com.br<\/title>\n<meta name=\"robots\" content=\"index, follow, max-snippet:-1, max-image-preview:large, max-video-preview:-1\" \/>\n<link rel=\"canonical\" href=\"https:\/\/wilsonsantosmt.com.br\/index.php\/2026\/04\/27\/artigo-das-ruas-ao-shopping-popular-de-cuiaba-essa-historia-eu-vivi\/\" \/>\n<meta property=\"og:locale\" content=\"pt_BR\" \/>\n<meta property=\"og:type\" content=\"article\" \/>\n<meta property=\"og:title\" content=\"ARTIGO: Das ruas ao Shopping Popular de Cuiab\u00e1: &quot;Essa hist\u00f3ria, eu vivi&quot;\" \/>\n<meta property=\"og:description\" content=\"Quando eu olho para o Shopping Popular de Cuiab\u00e1, hoje com 31 anos de hist\u00f3ria, eu n\u00e3o enxergo apenas uma estrutura f\u00edsica &#8211; sobretudo depois de tudo o que foi enfrentado, com alagamentos que ocasionou em perdas de mercadorias e um inc\u00eandio de grandes propor\u00e7\u00f5es que destruiu praticamente toda a edifica\u00e7\u00e3o. Eu vejo uma trajet\u00f3ria [&hellip;]\" \/>\n<meta property=\"og:url\" content=\"https:\/\/wilsonsantosmt.com.br\/index.php\/2026\/04\/27\/artigo-das-ruas-ao-shopping-popular-de-cuiaba-essa-historia-eu-vivi\/\" \/>\n<meta property=\"og:site_name\" content=\"wilsonsantosmt.com.br\" \/>\n<meta property=\"article:publisher\" content=\"https:\/\/www.facebook.com\/WilsonSantosMT\/\" \/>\n<meta property=\"article:author\" content=\"https:\/\/www.facebook.com\/WilsonSantosMT\/\" \/>\n<meta property=\"article:published_time\" content=\"2026-04-27T13:09:47+00:00\" \/>\n<meta property=\"article:modified_time\" content=\"2026-04-27T13:09:48+00:00\" \/>\n<meta property=\"og:image\" content=\"http:\/\/wilsonsantosmt.com.br\/wp-content\/uploads\/2026\/04\/WhatsApp-Image-2026-04-27-at-09.03.24-scaled.jpeg\" \/>\n\t<meta property=\"og:image:width\" content=\"2560\" \/>\n\t<meta property=\"og:image:height\" content=\"1440\" \/>\n\t<meta property=\"og:image:type\" content=\"image\/jpeg\" \/>\n<meta name=\"author\" content=\"Wilson Santos\" \/>\n<meta name=\"twitter:card\" content=\"summary_large_image\" \/>\n<meta name=\"twitter:label1\" content=\"Escrito por\" \/>\n\t<meta name=\"twitter:data1\" content=\"Wilson Santos\" \/>\n\t<meta name=\"twitter:label2\" content=\"Est. tempo de leitura\" \/>\n\t<meta name=\"twitter:data2\" content=\"8 minutos\" \/>\n<script type=\"application\/ld+json\" class=\"yoast-schema-graph\">{\"@context\":\"https:\/\/schema.org\",\"@graph\":[{\"@type\":\"Article\",\"@id\":\"https:\/\/wilsonsantosmt.com.br\/index.php\/2026\/04\/27\/artigo-das-ruas-ao-shopping-popular-de-cuiaba-essa-historia-eu-vivi\/#article\",\"isPartOf\":{\"@id\":\"https:\/\/wilsonsantosmt.com.br\/index.php\/2026\/04\/27\/artigo-das-ruas-ao-shopping-popular-de-cuiaba-essa-historia-eu-vivi\/\"},\"author\":{\"name\":\"Wilson Santos\",\"@id\":\"https:\/\/wilsonsantosmt.com.br\/#\/schema\/person\/9de3c54961637a9eadb16bcbf895b1ef\"},\"headline\":\"ARTIGO: Das ruas ao Shopping Popular de Cuiab\u00e1: &#8220;Essa hist\u00f3ria, eu vivi&#8221;\",\"datePublished\":\"2026-04-27T13:09:47+00:00\",\"dateModified\":\"2026-04-27T13:09:48+00:00\",\"mainEntityOfPage\":{\"@id\":\"https:\/\/wilsonsantosmt.com.br\/index.php\/2026\/04\/27\/artigo-das-ruas-ao-shopping-popular-de-cuiaba-essa-historia-eu-vivi\/\"},\"wordCount\":1558,\"publisher\":{\"@id\":\"https:\/\/wilsonsantosmt.com.br\/#\/schema\/person\/9de3c54961637a9eadb16bcbf895b1ef\"},\"articleSection\":[\"Not\u00edcias\"],\"inLanguage\":\"pt-BR\"},{\"@type\":\"WebPage\",\"@id\":\"https:\/\/wilsonsantosmt.com.br\/index.php\/2026\/04\/27\/artigo-das-ruas-ao-shopping-popular-de-cuiaba-essa-historia-eu-vivi\/\",\"url\":\"https:\/\/wilsonsantosmt.com.br\/index.php\/2026\/04\/27\/artigo-das-ruas-ao-shopping-popular-de-cuiaba-essa-historia-eu-vivi\/\",\"name\":\"ARTIGO: Das ruas ao Shopping Popular de Cuiab\u00e1: \\\"Essa hist\u00f3ria, eu vivi\\\" - wilsonsantosmt.com.br\",\"isPartOf\":{\"@id\":\"https:\/\/wilsonsantosmt.com.br\/#website\"},\"datePublished\":\"2026-04-27T13:09:47+00:00\",\"dateModified\":\"2026-04-27T13:09:48+00:00\",\"breadcrumb\":{\"@id\":\"https:\/\/wilsonsantosmt.com.br\/index.php\/2026\/04\/27\/artigo-das-ruas-ao-shopping-popular-de-cuiaba-essa-historia-eu-vivi\/#breadcrumb\"},\"inLanguage\":\"pt-BR\",\"potentialAction\":[{\"@type\":\"ReadAction\",\"target\":[\"https:\/\/wilsonsantosmt.com.br\/index.php\/2026\/04\/27\/artigo-das-ruas-ao-shopping-popular-de-cuiaba-essa-historia-eu-vivi\/\"]}]},{\"@type\":\"BreadcrumbList\",\"@id\":\"https:\/\/wilsonsantosmt.com.br\/index.php\/2026\/04\/27\/artigo-das-ruas-ao-shopping-popular-de-cuiaba-essa-historia-eu-vivi\/#breadcrumb\",\"itemListElement\":[{\"@type\":\"ListItem\",\"position\":1,\"name\":\"In\u00edcio\",\"item\":\"https:\/\/wilsonsantosmt.com.br\/\"},{\"@type\":\"ListItem\",\"position\":2,\"name\":\"Not\u00edcias\",\"item\":\"https:\/\/wilsonsantosmt.com.br\/index.php\/category\/noticias\/\"},{\"@type\":\"ListItem\",\"position\":3,\"name\":\"ARTIGO: Das ruas ao Shopping Popular de Cuiab\u00e1: &#8220;Essa hist\u00f3ria, eu vivi&#8221;\"}]},{\"@type\":\"WebSite\",\"@id\":\"https:\/\/wilsonsantosmt.com.br\/#website\",\"url\":\"https:\/\/wilsonsantosmt.com.br\/\",\"name\":\"wilsonsantosmt.com.br\",\"description\":\"\",\"publisher\":{\"@id\":\"https:\/\/wilsonsantosmt.com.br\/#\/schema\/person\/9de3c54961637a9eadb16bcbf895b1ef\"},\"potentialAction\":[{\"@type\":\"SearchAction\",\"target\":{\"@type\":\"EntryPoint\",\"urlTemplate\":\"https:\/\/wilsonsantosmt.com.br\/?s={search_term_string}\"},\"query-input\":\"required name=search_term_string\"}],\"inLanguage\":\"pt-BR\"},{\"@type\":[\"Person\",\"Organization\"],\"@id\":\"https:\/\/wilsonsantosmt.com.br\/#\/schema\/person\/9de3c54961637a9eadb16bcbf895b1ef\",\"name\":\"Wilson Santos\",\"image\":{\"@type\":\"ImageObject\",\"inLanguage\":\"pt-BR\",\"@id\":\"https:\/\/wilsonsantosmt.com.br\/#\/schema\/person\/image\/\",\"url\":\"https:\/\/wilsonsantosmt.com.br\/wp-content\/uploads\/2023\/11\/310828673_653254583023360_8795459643194608438_n.jpg\",\"contentUrl\":\"https:\/\/wilsonsantosmt.com.br\/wp-content\/uploads\/2023\/11\/310828673_653254583023360_8795459643194608438_n.jpg\",\"width\":1078,\"height\":1079,\"caption\":\"Wilson Santos\"},\"logo\":{\"@id\":\"https:\/\/wilsonsantosmt.com.br\/#\/schema\/person\/image\/\"},\"sameAs\":[\"http:\/\/wilsonsantosmt.com.br\",\"https:\/\/www.facebook.com\/WilsonSantosMT\/\",\"https:\/\/www.instagram.com\/wilsonsantosmt\/\",\"https:\/\/www.youtube.com\/@WilsonSantosWS\/videos\",\"https:\/\/pt.wikipedia.org\/wiki\/Wilson_Santos\"],\"honorificPrefix\":\"Sr\",\"gender\":\"masculino\",\"jobTitle\":\"Deputado Estadual\",\"worksFor\":\"Assembleia Legislativa de Mato Grosso\",\"url\":\"https:\/\/wilsonsantosmt.com.br\/index.php\/author\/wilsonsantosmt-com-br\/\"}]}<\/script>\n<!-- \/ Yoast SEO Premium plugin. -->","yoast_head_json":{"title":"ARTIGO: Das ruas ao Shopping Popular de Cuiab\u00e1: \"Essa hist\u00f3ria, eu vivi\" - wilsonsantosmt.com.br","robots":{"index":"index","follow":"follow","max-snippet":"max-snippet:-1","max-image-preview":"max-image-preview:large","max-video-preview":"max-video-preview:-1"},"canonical":"https:\/\/wilsonsantosmt.com.br\/index.php\/2026\/04\/27\/artigo-das-ruas-ao-shopping-popular-de-cuiaba-essa-historia-eu-vivi\/","og_locale":"pt_BR","og_type":"article","og_title":"ARTIGO: Das ruas ao Shopping Popular de Cuiab\u00e1: \"Essa hist\u00f3ria, eu vivi\"","og_description":"Quando eu olho para o Shopping Popular de Cuiab\u00e1, hoje com 31 anos de hist\u00f3ria, eu n\u00e3o enxergo apenas uma estrutura f\u00edsica &#8211; sobretudo depois de tudo o que foi enfrentado, com alagamentos que ocasionou em perdas de mercadorias e um inc\u00eandio de grandes propor\u00e7\u00f5es que destruiu praticamente toda a edifica\u00e7\u00e3o. Eu vejo uma trajet\u00f3ria [&hellip;]","og_url":"https:\/\/wilsonsantosmt.com.br\/index.php\/2026\/04\/27\/artigo-das-ruas-ao-shopping-popular-de-cuiaba-essa-historia-eu-vivi\/","og_site_name":"wilsonsantosmt.com.br","article_publisher":"https:\/\/www.facebook.com\/WilsonSantosMT\/","article_author":"https:\/\/www.facebook.com\/WilsonSantosMT\/","article_published_time":"2026-04-27T13:09:47+00:00","article_modified_time":"2026-04-27T13:09:48+00:00","og_image":[{"width":2560,"height":1440,"url":"http:\/\/wilsonsantosmt.com.br\/wp-content\/uploads\/2026\/04\/WhatsApp-Image-2026-04-27-at-09.03.24-scaled.jpeg","type":"image\/jpeg"}],"author":"Wilson Santos","twitter_card":"summary_large_image","twitter_misc":{"Escrito por":"Wilson Santos","Est. tempo de leitura":"8 minutos"},"schema":{"@context":"https:\/\/schema.org","@graph":[{"@type":"Article","@id":"https:\/\/wilsonsantosmt.com.br\/index.php\/2026\/04\/27\/artigo-das-ruas-ao-shopping-popular-de-cuiaba-essa-historia-eu-vivi\/#article","isPartOf":{"@id":"https:\/\/wilsonsantosmt.com.br\/index.php\/2026\/04\/27\/artigo-das-ruas-ao-shopping-popular-de-cuiaba-essa-historia-eu-vivi\/"},"author":{"name":"Wilson Santos","@id":"https:\/\/wilsonsantosmt.com.br\/#\/schema\/person\/9de3c54961637a9eadb16bcbf895b1ef"},"headline":"ARTIGO: Das ruas ao Shopping Popular de Cuiab\u00e1: &#8220;Essa hist\u00f3ria, eu vivi&#8221;","datePublished":"2026-04-27T13:09:47+00:00","dateModified":"2026-04-27T13:09:48+00:00","mainEntityOfPage":{"@id":"https:\/\/wilsonsantosmt.com.br\/index.php\/2026\/04\/27\/artigo-das-ruas-ao-shopping-popular-de-cuiaba-essa-historia-eu-vivi\/"},"wordCount":1558,"publisher":{"@id":"https:\/\/wilsonsantosmt.com.br\/#\/schema\/person\/9de3c54961637a9eadb16bcbf895b1ef"},"articleSection":["Not\u00edcias"],"inLanguage":"pt-BR"},{"@type":"WebPage","@id":"https:\/\/wilsonsantosmt.com.br\/index.php\/2026\/04\/27\/artigo-das-ruas-ao-shopping-popular-de-cuiaba-essa-historia-eu-vivi\/","url":"https:\/\/wilsonsantosmt.com.br\/index.php\/2026\/04\/27\/artigo-das-ruas-ao-shopping-popular-de-cuiaba-essa-historia-eu-vivi\/","name":"ARTIGO: Das ruas ao Shopping Popular de Cuiab\u00e1: \"Essa hist\u00f3ria, eu vivi\" - wilsonsantosmt.com.br","isPartOf":{"@id":"https:\/\/wilsonsantosmt.com.br\/#website"},"datePublished":"2026-04-27T13:09:47+00:00","dateModified":"2026-04-27T13:09:48+00:00","breadcrumb":{"@id":"https:\/\/wilsonsantosmt.com.br\/index.php\/2026\/04\/27\/artigo-das-ruas-ao-shopping-popular-de-cuiaba-essa-historia-eu-vivi\/#breadcrumb"},"inLanguage":"pt-BR","potentialAction":[{"@type":"ReadAction","target":["https:\/\/wilsonsantosmt.com.br\/index.php\/2026\/04\/27\/artigo-das-ruas-ao-shopping-popular-de-cuiaba-essa-historia-eu-vivi\/"]}]},{"@type":"BreadcrumbList","@id":"https:\/\/wilsonsantosmt.com.br\/index.php\/2026\/04\/27\/artigo-das-ruas-ao-shopping-popular-de-cuiaba-essa-historia-eu-vivi\/#breadcrumb","itemListElement":[{"@type":"ListItem","position":1,"name":"In\u00edcio","item":"https:\/\/wilsonsantosmt.com.br\/"},{"@type":"ListItem","position":2,"name":"Not\u00edcias","item":"https:\/\/wilsonsantosmt.com.br\/index.php\/category\/noticias\/"},{"@type":"ListItem","position":3,"name":"ARTIGO: Das ruas ao Shopping Popular de Cuiab\u00e1: &#8220;Essa hist\u00f3ria, eu vivi&#8221;"}]},{"@type":"WebSite","@id":"https:\/\/wilsonsantosmt.com.br\/#website","url":"https:\/\/wilsonsantosmt.com.br\/","name":"wilsonsantosmt.com.br","description":"","publisher":{"@id":"https:\/\/wilsonsantosmt.com.br\/#\/schema\/person\/9de3c54961637a9eadb16bcbf895b1ef"},"potentialAction":[{"@type":"SearchAction","target":{"@type":"EntryPoint","urlTemplate":"https:\/\/wilsonsantosmt.com.br\/?s={search_term_string}"},"query-input":"required name=search_term_string"}],"inLanguage":"pt-BR"},{"@type":["Person","Organization"],"@id":"https:\/\/wilsonsantosmt.com.br\/#\/schema\/person\/9de3c54961637a9eadb16bcbf895b1ef","name":"Wilson Santos","image":{"@type":"ImageObject","inLanguage":"pt-BR","@id":"https:\/\/wilsonsantosmt.com.br\/#\/schema\/person\/image\/","url":"https:\/\/wilsonsantosmt.com.br\/wp-content\/uploads\/2023\/11\/310828673_653254583023360_8795459643194608438_n.jpg","contentUrl":"https:\/\/wilsonsantosmt.com.br\/wp-content\/uploads\/2023\/11\/310828673_653254583023360_8795459643194608438_n.jpg","width":1078,"height":1079,"caption":"Wilson Santos"},"logo":{"@id":"https:\/\/wilsonsantosmt.com.br\/#\/schema\/person\/image\/"},"sameAs":["http:\/\/wilsonsantosmt.com.br","https:\/\/www.facebook.com\/WilsonSantosMT\/","https:\/\/www.instagram.com\/wilsonsantosmt\/","https:\/\/www.youtube.com\/@WilsonSantosWS\/videos","https:\/\/pt.wikipedia.org\/wiki\/Wilson_Santos"],"honorificPrefix":"Sr","gender":"masculino","jobTitle":"Deputado Estadual","worksFor":"Assembleia Legislativa de Mato Grosso","url":"https:\/\/wilsonsantosmt.com.br\/index.php\/author\/wilsonsantosmt-com-br\/"}]}},"_links":{"self":[{"href":"https:\/\/wilsonsantosmt.com.br\/index.php\/wp-json\/wp\/v2\/posts\/2489"}],"collection":[{"href":"https:\/\/wilsonsantosmt.com.br\/index.php\/wp-json\/wp\/v2\/posts"}],"about":[{"href":"https:\/\/wilsonsantosmt.com.br\/index.php\/wp-json\/wp\/v2\/types\/post"}],"author":[{"embeddable":true,"href":"https:\/\/wilsonsantosmt.com.br\/index.php\/wp-json\/wp\/v2\/users\/1"}],"replies":[{"embeddable":true,"href":"https:\/\/wilsonsantosmt.com.br\/index.php\/wp-json\/wp\/v2\/comments?post=2489"}],"version-history":[{"count":1,"href":"https:\/\/wilsonsantosmt.com.br\/index.php\/wp-json\/wp\/v2\/posts\/2489\/revisions"}],"predecessor-version":[{"id":2491,"href":"https:\/\/wilsonsantosmt.com.br\/index.php\/wp-json\/wp\/v2\/posts\/2489\/revisions\/2491"}],"wp:featuredmedia":[{"embeddable":true,"href":"https:\/\/wilsonsantosmt.com.br\/index.php\/wp-json\/wp\/v2\/media\/2490"}],"wp:attachment":[{"href":"https:\/\/wilsonsantosmt.com.br\/index.php\/wp-json\/wp\/v2\/media?parent=2489"}],"wp:term":[{"taxonomy":"category","embeddable":true,"href":"https:\/\/wilsonsantosmt.com.br\/index.php\/wp-json\/wp\/v2\/categories?post=2489"},{"taxonomy":"post_tag","embeddable":true,"href":"https:\/\/wilsonsantosmt.com.br\/index.php\/wp-json\/wp\/v2\/tags?post=2489"}],"curies":[{"name":"wp","href":"https:\/\/api.w.org\/{rel}","templated":true}]}}