{"id":2495,"date":"2026-04-29T09:42:39","date_gmt":"2026-04-29T13:42:39","guid":{"rendered":"https:\/\/wilsonsantosmt.com.br\/?p=2495"},"modified":"2026-04-29T09:44:22","modified_gmt":"2026-04-29T13:44:22","slug":"wilson-santos-afirma-que-samu-nao-sera-extinto-e-defende-ampliacao-do-servico-em-mt","status":"publish","type":"post","link":"https:\/\/wilsonsantosmt.com.br\/index.php\/2026\/04\/29\/wilson-santos-afirma-que-samu-nao-sera-extinto-e-defende-ampliacao-do-servico-em-mt\/","title":{"rendered":"Wilson Santos afirma que Samu n\u00e3o ser\u00e1 extinto e defende amplia\u00e7\u00e3o do servi\u00e7o em MT"},"content":{"rendered":"\n<p> <\/p>\n\n\n\n<p>O deputado estadual Wilson Santos (PSD) rebateu rumores sobre o poss\u00edvel fim do Servi\u00e7o de Atendimento M\u00f3vel de Urg\u00eancia (Samu) em Mato Grosso. Durante reuni\u00e3o realizada nesta ter\u00e7a-feira (28), no Col\u00e9gio de L\u00edderes da Assembleia Legislativa, ele afirmou que o servi\u00e7o n\u00e3o ser\u00e1 extinto por pertencer \u00e0 esfera federal e defendeu a sua amplia\u00e7\u00e3o, especialmente diante das discuss\u00f5es sobre contratos tempor\u00e1rios e a integra\u00e7\u00e3o com o Corpo de Bombeiros Militar de Mato Grosso (CBMMT). O encontro teve a presen\u00e7a do governador Otaviano Pivetta (Republicanos) e de outros parlamentares da Casa de Leis.<\/p>\n\n\n\n<p>O parlamentar relembrou a sua atua\u00e7\u00e3o hist\u00f3rica na implanta\u00e7\u00e3o do Samu em Cuiab\u00e1, em agosto de 2007, quando era prefeito da capital, em parceria com o governo estadual e a Uni\u00e3o. Segundo ele, o servi\u00e7o \u00e9 resultado de uma pol\u00edtica p\u00fablica federal estruturada no ano de 2005 e que se tornou um patrim\u00f4nio da popula\u00e7\u00e3o, destacando a sua import\u00e2ncia no salvamento de vidas e na redu\u00e7\u00e3o de sequelas em v\u00edtimas de acidentes e emerg\u00eancias m\u00e9dicas.<\/p>\n\n\n\n<p>\u201cO Samu \u00e9 um programa federal consolidado. N\u00e3o existe nenhuma possibilidade de acabar. Quem fala isso n\u00e3o est\u00e1 dizendo a verdade. O Samu \u00e9 patrim\u00f4nio do povo. N\u00e3o pertence a governo nenhum, \u00e9 da sociedade. \u00c9 financiado com recursos da Uni\u00e3o, do Estado e do munic\u00edpio. Ningu\u00e9m tem for\u00e7a para acabar com o Samu\u201d, declarou o deputado.<\/p>\n\n\n\n<p>Wilson Santos tamb\u00e9m criticou a demiss\u00e3o de profissionais tempor\u00e1rios e defendeu a amplia\u00e7\u00e3o das equipes e das bases de atendimento. \u201cEu sou contra demiss\u00f5es. O que precisa \u00e9 ampliar o servi\u00e7o, n\u00e3o reduzir. Estamos tratando de vidas. O atendimento adequado, com imobiliza\u00e7\u00e3o correta e transporte especializado, evita sequelas e aumenta significativamente as chances de sobreviv\u00eancia\u201d, pontuou.<\/p>\n\n\n\n<p>Durante a reuni\u00e3o, Otaviano Pivetta reconheceu a import\u00e2ncia do Samu e disse que n\u00e3o h\u00e1 inten\u00e7\u00e3o de extinguir o servi\u00e7o. Tamb\u00e9m, ele admitiu o encerramento dos contratos tempor\u00e1rios de profissionais do Samu, iria rever as demiss\u00f5es e refor\u00e7ou a import\u00e2ncia da integra\u00e7\u00e3o com o Corpo de Bombeiros Militar. Ainda mais que, Mato Grosso passou de 12 unidades do Samu para um total de 27 bases de atendimento emergencial, somando as estruturas dos bombeiros.<\/p>\n\n\n\n<p>Para Wilson Santos, o momento exige di\u00e1logo entre todas as institui\u00e7\u00f5es envolvidas, como o governo estadual, prefeituras, Uni\u00e3o, profissionais da sa\u00fade e o Corpo de Bombeiros Militar para garantir a continuidade e o fortalecimento do servi\u00e7o. \u201c\u00c9 preciso colocar o interesse da popula\u00e7\u00e3o em primeiro lugar. O Samu salva vidas todos os dias. Nenhum gestor p\u00fablico vai acabar com um servi\u00e7o dessa import\u00e2ncia\u201d, concluiu.<\/p>\n","protected":false},"excerpt":{"rendered":"<p>O deputado estadual Wilson Santos (PSD) rebateu rumores sobre o poss\u00edvel fim do Servi\u00e7o de Atendimento M\u00f3vel de Urg\u00eancia (Samu) em Mato Grosso. Durante reuni\u00e3o realizada nesta ter\u00e7a-feira (28), no Col\u00e9gio de L\u00edderes da Assembleia Legislativa, ele afirmou que o servi\u00e7o n\u00e3o ser\u00e1 extinto por pertencer \u00e0 esfera federal e defendeu a sua amplia\u00e7\u00e3o, especialmente [&hellip;]<\/p>\n","protected":false},"author":4,"featured_media":2496,"comment_status":"closed","ping_status":"open","sticky":false,"template":"","format":"standard","meta":{"footnotes":""},"categories":[13],"tags":[],"yoast_head":"<!-- This site is optimized with the Yoast SEO Premium plugin v21.5 (Yoast SEO v21.4) - https:\/\/yoast.com\/wordpress\/plugins\/seo\/ -->\n<title>Wilson Santos afirma que Samu n\u00e3o ser\u00e1 extinto e defende amplia\u00e7\u00e3o do servi\u00e7o em MT - wilsonsantosmt.com.br<\/title>\n<meta name=\"robots\" content=\"index, follow, max-snippet:-1, max-image-preview:large, max-video-preview:-1\" \/>\n<link rel=\"canonical\" href=\"https:\/\/wilsonsantosmt.com.br\/index.php\/2026\/04\/29\/wilson-santos-afirma-que-samu-nao-sera-extinto-e-defende-ampliacao-do-servico-em-mt\/\" \/>\n<meta property=\"og:locale\" content=\"pt_BR\" \/>\n<meta property=\"og:type\" content=\"article\" \/>\n<meta property=\"og:title\" content=\"Wilson Santos afirma que Samu n\u00e3o ser\u00e1 extinto e defende amplia\u00e7\u00e3o do servi\u00e7o em MT\" \/>\n<meta property=\"og:description\" content=\"O deputado estadual Wilson Santos (PSD) rebateu rumores sobre o poss\u00edvel fim do Servi\u00e7o de Atendimento M\u00f3vel de Urg\u00eancia (Samu) em Mato Grosso. Durante reuni\u00e3o realizada nesta ter\u00e7a-feira (28), no Col\u00e9gio de L\u00edderes da Assembleia Legislativa, ele afirmou que o servi\u00e7o n\u00e3o ser\u00e1 extinto por pertencer \u00e0 esfera federal e defendeu a sua amplia\u00e7\u00e3o, especialmente [&hellip;]\" \/>\n<meta property=\"og:url\" content=\"https:\/\/wilsonsantosmt.com.br\/index.php\/2026\/04\/29\/wilson-santos-afirma-que-samu-nao-sera-extinto-e-defende-ampliacao-do-servico-em-mt\/\" \/>\n<meta property=\"og:site_name\" content=\"wilsonsantosmt.com.br\" \/>\n<meta property=\"article:publisher\" content=\"https:\/\/www.facebook.com\/WilsonSantosMT\/\" \/>\n<meta property=\"article:published_time\" content=\"2026-04-29T13:42:39+00:00\" \/>\n<meta property=\"article:modified_time\" content=\"2026-04-29T13:44:22+00:00\" \/>\n<meta property=\"og:image\" content=\"http:\/\/wilsonsantosmt.com.br\/wp-content\/uploads\/2026\/04\/WhatsApp-Image-2026-04-29-at-09.41.01.jpeg\" \/>\n\t<meta property=\"og:image:width\" content=\"1522\" \/>\n\t<meta property=\"og:image:height\" content=\"822\" \/>\n\t<meta property=\"og:image:type\" content=\"image\/jpeg\" \/>\n<meta name=\"author\" content=\"Samantha dos Anjos\" \/>\n<meta name=\"twitter:card\" content=\"summary_large_image\" \/>\n<meta name=\"twitter:label1\" content=\"Escrito por\" \/>\n\t<meta name=\"twitter:data1\" content=\"Samantha dos Anjos\" \/>\n\t<meta name=\"twitter:label2\" content=\"Est. tempo de leitura\" \/>\n\t<meta name=\"twitter:data2\" content=\"3 minutos\" \/>\n<script type=\"application\/ld+json\" class=\"yoast-schema-graph\">{\"@context\":\"https:\/\/schema.org\",\"@graph\":[{\"@type\":\"Article\",\"@id\":\"https:\/\/wilsonsantosmt.com.br\/index.php\/2026\/04\/29\/wilson-santos-afirma-que-samu-nao-sera-extinto-e-defende-ampliacao-do-servico-em-mt\/#article\",\"isPartOf\":{\"@id\":\"https:\/\/wilsonsantosmt.com.br\/index.php\/2026\/04\/29\/wilson-santos-afirma-que-samu-nao-sera-extinto-e-defende-ampliacao-do-servico-em-mt\/\"},\"author\":{\"name\":\"Samantha dos Anjos\",\"@id\":\"https:\/\/wilsonsantosmt.com.br\/#\/schema\/person\/1d097ee45f526dd0455dbad8c679932c\"},\"headline\":\"Wilson Santos afirma que Samu n\u00e3o ser\u00e1 extinto e defende amplia\u00e7\u00e3o do servi\u00e7o em MT\",\"datePublished\":\"2026-04-29T13:42:39+00:00\",\"dateModified\":\"2026-04-29T13:44:22+00:00\",\"mainEntityOfPage\":{\"@id\":\"https:\/\/wilsonsantosmt.com.br\/index.php\/2026\/04\/29\/wilson-santos-afirma-que-samu-nao-sera-extinto-e-defende-ampliacao-do-servico-em-mt\/\"},\"wordCount\":488,\"publisher\":{\"@id\":\"https:\/\/wilsonsantosmt.com.br\/#\/schema\/person\/9de3c54961637a9eadb16bcbf895b1ef\"},\"articleSection\":[\"Not\u00edcias\"],\"inLanguage\":\"pt-BR\"},{\"@type\":\"WebPage\",\"@id\":\"https:\/\/wilsonsantosmt.com.br\/index.php\/2026\/04\/29\/wilson-santos-afirma-que-samu-nao-sera-extinto-e-defende-ampliacao-do-servico-em-mt\/\",\"url\":\"https:\/\/wilsonsantosmt.com.br\/index.php\/2026\/04\/29\/wilson-santos-afirma-que-samu-nao-sera-extinto-e-defende-ampliacao-do-servico-em-mt\/\",\"name\":\"Wilson Santos afirma que Samu n\u00e3o ser\u00e1 extinto e defende amplia\u00e7\u00e3o do servi\u00e7o em MT - wilsonsantosmt.com.br\",\"isPartOf\":{\"@id\":\"https:\/\/wilsonsantosmt.com.br\/#website\"},\"datePublished\":\"2026-04-29T13:42:39+00:00\",\"dateModified\":\"2026-04-29T13:44:22+00:00\",\"breadcrumb\":{\"@id\":\"https:\/\/wilsonsantosmt.com.br\/index.php\/2026\/04\/29\/wilson-santos-afirma-que-samu-nao-sera-extinto-e-defende-ampliacao-do-servico-em-mt\/#breadcrumb\"},\"inLanguage\":\"pt-BR\",\"potentialAction\":[{\"@type\":\"ReadAction\",\"target\":[\"https:\/\/wilsonsantosmt.com.br\/index.php\/2026\/04\/29\/wilson-santos-afirma-que-samu-nao-sera-extinto-e-defende-ampliacao-do-servico-em-mt\/\"]}]},{\"@type\":\"BreadcrumbList\",\"@id\":\"https:\/\/wilsonsantosmt.com.br\/index.php\/2026\/04\/29\/wilson-santos-afirma-que-samu-nao-sera-extinto-e-defende-ampliacao-do-servico-em-mt\/#breadcrumb\",\"itemListElement\":[{\"@type\":\"ListItem\",\"position\":1,\"name\":\"In\u00edcio\",\"item\":\"https:\/\/wilsonsantosmt.com.br\/\"},{\"@type\":\"ListItem\",\"position\":2,\"name\":\"Not\u00edcias\",\"item\":\"https:\/\/wilsonsantosmt.com.br\/index.php\/category\/noticias\/\"},{\"@type\":\"ListItem\",\"position\":3,\"name\":\"Wilson Santos afirma que Samu n\u00e3o ser\u00e1 extinto e defende amplia\u00e7\u00e3o do servi\u00e7o em MT\"}]},{\"@type\":\"WebSite\",\"@id\":\"https:\/\/wilsonsantosmt.com.br\/#website\",\"url\":\"https:\/\/wilsonsantosmt.com.br\/\",\"name\":\"wilsonsantosmt.com.br\",\"description\":\"\",\"publisher\":{\"@id\":\"https:\/\/wilsonsantosmt.com.br\/#\/schema\/person\/9de3c54961637a9eadb16bcbf895b1ef\"},\"potentialAction\":[{\"@type\":\"SearchAction\",\"target\":{\"@type\":\"EntryPoint\",\"urlTemplate\":\"https:\/\/wilsonsantosmt.com.br\/?s={search_term_string}\"},\"query-input\":\"required name=search_term_string\"}],\"inLanguage\":\"pt-BR\"},{\"@type\":[\"Person\",\"Organization\"],\"@id\":\"https:\/\/wilsonsantosmt.com.br\/#\/schema\/person\/9de3c54961637a9eadb16bcbf895b1ef\",\"name\":\"Wilson Santos\",\"image\":{\"@type\":\"ImageObject\",\"inLanguage\":\"pt-BR\",\"@id\":\"https:\/\/wilsonsantosmt.com.br\/#\/schema\/person\/image\/\",\"url\":\"https:\/\/wilsonsantosmt.com.br\/wp-content\/uploads\/2023\/11\/310828673_653254583023360_8795459643194608438_n.jpg\",\"contentUrl\":\"https:\/\/wilsonsantosmt.com.br\/wp-content\/uploads\/2023\/11\/310828673_653254583023360_8795459643194608438_n.jpg\",\"width\":1078,\"height\":1079,\"caption\":\"Wilson Santos\"},\"logo\":{\"@id\":\"https:\/\/wilsonsantosmt.com.br\/#\/schema\/person\/image\/\"},\"sameAs\":[\"http:\/\/wilsonsantosmt.com.br\",\"https:\/\/www.facebook.com\/WilsonSantosMT\/\",\"https:\/\/www.instagram.com\/wilsonsantosmt\/\",\"https:\/\/www.youtube.com\/@WilsonSantosWS\/videos\",\"https:\/\/pt.wikipedia.org\/wiki\/Wilson_Santos\"],\"honorificPrefix\":\"Sr\",\"gender\":\"masculino\",\"jobTitle\":\"Deputado Estadual\",\"worksFor\":\"Assembleia Legislativa de Mato Grosso\"},{\"@type\":\"Person\",\"@id\":\"https:\/\/wilsonsantosmt.com.br\/#\/schema\/person\/1d097ee45f526dd0455dbad8c679932c\",\"name\":\"Samantha dos Anjos\",\"image\":{\"@type\":\"ImageObject\",\"inLanguage\":\"pt-BR\",\"@id\":\"https:\/\/wilsonsantosmt.com.br\/#\/schema\/person\/image\/\",\"url\":\"https:\/\/secure.gravatar.com\/avatar\/7d8d0b6dd67d134a9fa841bee90c57c7?s=96&d=mm&r=g\",\"contentUrl\":\"https:\/\/secure.gravatar.com\/avatar\/7d8d0b6dd67d134a9fa841bee90c57c7?s=96&d=mm&r=g\",\"caption\":\"Samantha dos Anjos\"},\"url\":\"https:\/\/wilsonsantosmt.com.br\/index.php\/author\/samantha-dos-anjos\/\"}]}<\/script>\n<!-- \/ Yoast SEO Premium plugin. -->","yoast_head_json":{"title":"Wilson Santos afirma que Samu n\u00e3o ser\u00e1 extinto e defende amplia\u00e7\u00e3o do servi\u00e7o em MT - wilsonsantosmt.com.br","robots":{"index":"index","follow":"follow","max-snippet":"max-snippet:-1","max-image-preview":"max-image-preview:large","max-video-preview":"max-video-preview:-1"},"canonical":"https:\/\/wilsonsantosmt.com.br\/index.php\/2026\/04\/29\/wilson-santos-afirma-que-samu-nao-sera-extinto-e-defende-ampliacao-do-servico-em-mt\/","og_locale":"pt_BR","og_type":"article","og_title":"Wilson Santos afirma que Samu n\u00e3o ser\u00e1 extinto e defende amplia\u00e7\u00e3o do servi\u00e7o em MT","og_description":"O deputado estadual Wilson Santos (PSD) rebateu rumores sobre o poss\u00edvel fim do Servi\u00e7o de Atendimento M\u00f3vel de Urg\u00eancia (Samu) em Mato Grosso. Durante reuni\u00e3o realizada nesta ter\u00e7a-feira (28), no Col\u00e9gio de L\u00edderes da Assembleia Legislativa, ele afirmou que o servi\u00e7o n\u00e3o ser\u00e1 extinto por pertencer \u00e0 esfera federal e defendeu a sua amplia\u00e7\u00e3o, especialmente [&hellip;]","og_url":"https:\/\/wilsonsantosmt.com.br\/index.php\/2026\/04\/29\/wilson-santos-afirma-que-samu-nao-sera-extinto-e-defende-ampliacao-do-servico-em-mt\/","og_site_name":"wilsonsantosmt.com.br","article_publisher":"https:\/\/www.facebook.com\/WilsonSantosMT\/","article_published_time":"2026-04-29T13:42:39+00:00","article_modified_time":"2026-04-29T13:44:22+00:00","og_image":[{"width":1522,"height":822,"url":"http:\/\/wilsonsantosmt.com.br\/wp-content\/uploads\/2026\/04\/WhatsApp-Image-2026-04-29-at-09.41.01.jpeg","type":"image\/jpeg"}],"author":"Samantha dos Anjos","twitter_card":"summary_large_image","twitter_misc":{"Escrito por":"Samantha dos Anjos","Est. tempo de leitura":"3 minutos"},"schema":{"@context":"https:\/\/schema.org","@graph":[{"@type":"Article","@id":"https:\/\/wilsonsantosmt.com.br\/index.php\/2026\/04\/29\/wilson-santos-afirma-que-samu-nao-sera-extinto-e-defende-ampliacao-do-servico-em-mt\/#article","isPartOf":{"@id":"https:\/\/wilsonsantosmt.com.br\/index.php\/2026\/04\/29\/wilson-santos-afirma-que-samu-nao-sera-extinto-e-defende-ampliacao-do-servico-em-mt\/"},"author":{"name":"Samantha dos Anjos","@id":"https:\/\/wilsonsantosmt.com.br\/#\/schema\/person\/1d097ee45f526dd0455dbad8c679932c"},"headline":"Wilson Santos afirma que Samu n\u00e3o ser\u00e1 extinto e defende amplia\u00e7\u00e3o do servi\u00e7o em MT","datePublished":"2026-04-29T13:42:39+00:00","dateModified":"2026-04-29T13:44:22+00:00","mainEntityOfPage":{"@id":"https:\/\/wilsonsantosmt.com.br\/index.php\/2026\/04\/29\/wilson-santos-afirma-que-samu-nao-sera-extinto-e-defende-ampliacao-do-servico-em-mt\/"},"wordCount":488,"publisher":{"@id":"https:\/\/wilsonsantosmt.com.br\/#\/schema\/person\/9de3c54961637a9eadb16bcbf895b1ef"},"articleSection":["Not\u00edcias"],"inLanguage":"pt-BR"},{"@type":"WebPage","@id":"https:\/\/wilsonsantosmt.com.br\/index.php\/2026\/04\/29\/wilson-santos-afirma-que-samu-nao-sera-extinto-e-defende-ampliacao-do-servico-em-mt\/","url":"https:\/\/wilsonsantosmt.com.br\/index.php\/2026\/04\/29\/wilson-santos-afirma-que-samu-nao-sera-extinto-e-defende-ampliacao-do-servico-em-mt\/","name":"Wilson Santos afirma que Samu n\u00e3o ser\u00e1 extinto e defende amplia\u00e7\u00e3o do servi\u00e7o em MT - wilsonsantosmt.com.br","isPartOf":{"@id":"https:\/\/wilsonsantosmt.com.br\/#website"},"datePublished":"2026-04-29T13:42:39+00:00","dateModified":"2026-04-29T13:44:22+00:00","breadcrumb":{"@id":"https:\/\/wilsonsantosmt.com.br\/index.php\/2026\/04\/29\/wilson-santos-afirma-que-samu-nao-sera-extinto-e-defende-ampliacao-do-servico-em-mt\/#breadcrumb"},"inLanguage":"pt-BR","potentialAction":[{"@type":"ReadAction","target":["https:\/\/wilsonsantosmt.com.br\/index.php\/2026\/04\/29\/wilson-santos-afirma-que-samu-nao-sera-extinto-e-defende-ampliacao-do-servico-em-mt\/"]}]},{"@type":"BreadcrumbList","@id":"https:\/\/wilsonsantosmt.com.br\/index.php\/2026\/04\/29\/wilson-santos-afirma-que-samu-nao-sera-extinto-e-defende-ampliacao-do-servico-em-mt\/#breadcrumb","itemListElement":[{"@type":"ListItem","position":1,"name":"In\u00edcio","item":"https:\/\/wilsonsantosmt.com.br\/"},{"@type":"ListItem","position":2,"name":"Not\u00edcias","item":"https:\/\/wilsonsantosmt.com.br\/index.php\/category\/noticias\/"},{"@type":"ListItem","position":3,"name":"Wilson Santos afirma que Samu n\u00e3o ser\u00e1 extinto e defende amplia\u00e7\u00e3o do servi\u00e7o em MT"}]},{"@type":"WebSite","@id":"https:\/\/wilsonsantosmt.com.br\/#website","url":"https:\/\/wilsonsantosmt.com.br\/","name":"wilsonsantosmt.com.br","description":"","publisher":{"@id":"https:\/\/wilsonsantosmt.com.br\/#\/schema\/person\/9de3c54961637a9eadb16bcbf895b1ef"},"potentialAction":[{"@type":"SearchAction","target":{"@type":"EntryPoint","urlTemplate":"https:\/\/wilsonsantosmt.com.br\/?s={search_term_string}"},"query-input":"required name=search_term_string"}],"inLanguage":"pt-BR"},{"@type":["Person","Organization"],"@id":"https:\/\/wilsonsantosmt.com.br\/#\/schema\/person\/9de3c54961637a9eadb16bcbf895b1ef","name":"Wilson Santos","image":{"@type":"ImageObject","inLanguage":"pt-BR","@id":"https:\/\/wilsonsantosmt.com.br\/#\/schema\/person\/image\/","url":"https:\/\/wilsonsantosmt.com.br\/wp-content\/uploads\/2023\/11\/310828673_653254583023360_8795459643194608438_n.jpg","contentUrl":"https:\/\/wilsonsantosmt.com.br\/wp-content\/uploads\/2023\/11\/310828673_653254583023360_8795459643194608438_n.jpg","width":1078,"height":1079,"caption":"Wilson Santos"},"logo":{"@id":"https:\/\/wilsonsantosmt.com.br\/#\/schema\/person\/image\/"},"sameAs":["http:\/\/wilsonsantosmt.com.br","https:\/\/www.facebook.com\/WilsonSantosMT\/","https:\/\/www.instagram.com\/wilsonsantosmt\/","https:\/\/www.youtube.com\/@WilsonSantosWS\/videos","https:\/\/pt.wikipedia.org\/wiki\/Wilson_Santos"],"honorificPrefix":"Sr","gender":"masculino","jobTitle":"Deputado Estadual","worksFor":"Assembleia Legislativa de Mato Grosso"},{"@type":"Person","@id":"https:\/\/wilsonsantosmt.com.br\/#\/schema\/person\/1d097ee45f526dd0455dbad8c679932c","name":"Samantha dos Anjos","image":{"@type":"ImageObject","inLanguage":"pt-BR","@id":"https:\/\/wilsonsantosmt.com.br\/#\/schema\/person\/image\/","url":"https:\/\/secure.gravatar.com\/avatar\/7d8d0b6dd67d134a9fa841bee90c57c7?s=96&d=mm&r=g","contentUrl":"https:\/\/secure.gravatar.com\/avatar\/7d8d0b6dd67d134a9fa841bee90c57c7?s=96&d=mm&r=g","caption":"Samantha dos Anjos"},"url":"https:\/\/wilsonsantosmt.com.br\/index.php\/author\/samantha-dos-anjos\/"}]}},"_links":{"self":[{"href":"https:\/\/wilsonsantosmt.com.br\/index.php\/wp-json\/wp\/v2\/posts\/2495"}],"collection":[{"href":"https:\/\/wilsonsantosmt.com.br\/index.php\/wp-json\/wp\/v2\/posts"}],"about":[{"href":"https:\/\/wilsonsantosmt.com.br\/index.php\/wp-json\/wp\/v2\/types\/post"}],"author":[{"embeddable":true,"href":"https:\/\/wilsonsantosmt.com.br\/index.php\/wp-json\/wp\/v2\/users\/4"}],"replies":[{"embeddable":true,"href":"https:\/\/wilsonsantosmt.com.br\/index.php\/wp-json\/wp\/v2\/comments?post=2495"}],"version-history":[{"count":2,"href":"https:\/\/wilsonsantosmt.com.br\/index.php\/wp-json\/wp\/v2\/posts\/2495\/revisions"}],"predecessor-version":[{"id":2498,"href":"https:\/\/wilsonsantosmt.com.br\/index.php\/wp-json\/wp\/v2\/posts\/2495\/revisions\/2498"}],"wp:featuredmedia":[{"embeddable":true,"href":"https:\/\/wilsonsantosmt.com.br\/index.php\/wp-json\/wp\/v2\/media\/2496"}],"wp:attachment":[{"href":"https:\/\/wilsonsantosmt.com.br\/index.php\/wp-json\/wp\/v2\/media?parent=2495"}],"wp:term":[{"taxonomy":"category","embeddable":true,"href":"https:\/\/wilsonsantosmt.com.br\/index.php\/wp-json\/wp\/v2\/categories?post=2495"},{"taxonomy":"post_tag","embeddable":true,"href":"https:\/\/wilsonsantosmt.com.br\/index.php\/wp-json\/wp\/v2\/tags?post=2495"}],"curies":[{"name":"wp","href":"https:\/\/api.w.org\/{rel}","templated":true}]}}