{"id":3130,"date":"2026-08-30T18:50:56","date_gmt":"2026-08-30T22:50:56","guid":{"rendered":"https:\/\/wilsonsantosmt.com.br\/?p=3130"},"modified":"2026-08-30T19:40:45","modified_gmt":"2026-08-30T23:40:45","slug":"legado-construido-no-pedra-90-fortalece-campanha-de-reeleicao-de-wilson-santos","status":"publish","type":"post","link":"https:\/\/wilsonsantosmt.com.br\/index.php\/2026\/08\/30\/legado-construido-no-pedra-90-fortalece-campanha-de-reeleicao-de-wilson-santos\/","title":{"rendered":"Legado constru\u00eddo no Pedra 90 fortalece campanha de reelei\u00e7\u00e3o de Wilson Santos"},"content":{"rendered":"\n<p><\/p>\n\n\n\n<p>O candidato \u00e0 reelei\u00e7\u00e3o a deputado estadual Wilson Santos (PSD) esteve na manh\u00e3 deste domingo (30), na Feira do Pedra 90, em Cuiab\u00e1, onde foi recebido por moradores, feirantes e amigos que conhecem e acompanham o seu trabalho prestado na regi\u00e3o. Em meio \u00e0 movimenta\u00e7\u00e3o no local, ele conversou com o p\u00fablico, ouviu reivindica\u00e7\u00f5es, apresentou propostas e reencontrou pessoas que fazem e fizeram parte da hist\u00f3ria constru\u00edda por ele no bairro ao longo de d\u00e9cadas.<\/p>\n\n\n\n<p>\u201cOs moradores do Pedra 90 representam um exemplo para Mato Grosso. Isso porque, constru\u00edram um bairro que virou uma verdadeira cidade de forma honesta e com trabalho digno. Os im\u00f3veis ganharam valor e pre\u00e7o. Tudo isso foi feito com o suor e trabalho dos moradores. Quero agradecer todo o carinho recebido neste dia. N\u00f3s temos cabe\u00e7a erguida para voltar para o Pedra 90, pois aqui temos servi\u00e7o prestado\u201d, declarou o parlamentar.<\/p>\n\n\n\n<p>Para ele, essa foi uma oportunidade de rever amigos e dialogar diretamente com a comunidade, mas tamb\u00e9m de lembrar a\u00e7\u00f5es que o ajudaram a transformar a realidade do Pedra 90. Entre elas, est\u00e3o a constru\u00e7\u00e3o da Avenida das Torres, hoje uma das principais liga\u00e7\u00f5es da regi\u00e3o, a implanta\u00e7\u00e3o da Policl\u00ednica \u201cDoutor An\u00edsio Sabo Mendes\u201d, a resolu\u00e7\u00e3o do problema hist\u00f3rico de abastecimento de \u00e1gua e a cria\u00e7\u00e3o do Cuiab\u00e1-Vest, al\u00e9m de investimentos em ilumina\u00e7\u00e3o, sa\u00fade, educa\u00e7\u00e3o e espa\u00e7os de lazer.<\/p>\n\n\n<div class=\"wp-block-image\">\n<figure class=\"aligncenter size-full\"><img decoding=\"async\" src=\"http:\/\/wilsonsantosmt.com.br\/wp-content\/uploads\/2026\/08\/IMG_8581.heic\" alt=\"\" class=\"wp-image-3139\"\/><\/figure><\/div>\n\n\n<p><br>A rela\u00e7\u00e3o de Wilson Santos com o Pedra 90, come\u00e7ou antes mesmo de sua chegada \u00e0 Prefeitura de Cuiab\u00e1. Ele participou de iniciativas comunit\u00e1rias e volunt\u00e1rias que contribu\u00edram para a estrutura\u00e7\u00e3o da regi\u00e3o. Em 1995, ajudou na constru\u00e7\u00e3o da Escola Municipal Herbert de Souza \u2013 no Cintur\u00e3o Verde, em uma mobiliza\u00e7\u00e3o realizada com recursos pr\u00f3prios e participa\u00e7\u00e3o dos moradores. As primeiras salas da unidade foram erguidas em regime de mutir\u00e3o.<\/p>\n\n\n\n<p>Durante a sua gest\u00e3o como prefeito, o Pedra 90 tamb\u00e9m recebeu a\u00e7\u00f5es voltadas \u00e0 sa\u00fade. Al\u00e9m da constru\u00e7\u00e3o da Policl\u00ednica, foram implantadas seis equipes do Programa Sa\u00fade da Fam\u00edlia (PSF) 24 horas, ampliando o atendimento \u00e0 popula\u00e7\u00e3o. O bairro tamb\u00e9m recebeu o programa \u201cInternet para Todos\u201d e o Cuiab\u00e1-Vest no sal\u00e3o paroquial da igreja, com a oferta de cursinho pr\u00e9-vestibular gratuito.<\/p>\n\n\n\n<p>Na infraestrutura, Wilson Santos tamb\u00e9m destaca a constru\u00e7\u00e3o da Avenida Professora Edna Maria Albuquerque Affi, conhecida como Avenida das Torres, que facilitou o acesso ao Pedra 90 e conectou a regi\u00e3o a outras \u00e1reas da capital. A ilumina\u00e7\u00e3o das ruas e a implanta\u00e7\u00e3o de espa\u00e7os de lazer tamb\u00e9m fizeram parte das a\u00e7\u00f5es realizadas no bairro.<\/p>\n\n\n\n<p>Outra frente de atua\u00e7\u00e3o esteve ligada \u00e0 gera\u00e7\u00e3o de renda por meio do programa de incentivo \u00e0 piscicultura \u201cPeixe Nosso\u201d, implantado na regi\u00e3o do Cintur\u00e3o Verde, em que foram constru\u00eddos quase 130 tanques para mais de 100 fam\u00edlias, com fornecimento de ra\u00e7\u00e3o e orienta\u00e7\u00e3o t\u00e9cnica especializada.<\/p>\n\n\n<div class=\"wp-block-image\">\n<figure class=\"aligncenter size-full\"><img decoding=\"async\" src=\"http:\/\/wilsonsantosmt.com.br\/wp-content\/uploads\/2026\/08\/IMG_8590-1.heic\" alt=\"\" class=\"wp-image-3133\"\/><\/figure><\/div>\n\n\n<p><br>A regulariza\u00e7\u00e3o fundi\u00e1ria tamb\u00e9m integra a trajet\u00f3ria de Wilson Santos que acompanhou de perto a luta de moradores do Pedra 90 pela documenta\u00e7\u00e3o definitiva de seus im\u00f3veis e intermediou a\u00e7\u00f5es junto ao Instituto de Terras de Mato Grosso (Intermat). Ap\u00f3s d\u00e9cadas de espera, centenas de t\u00edtulos definitivos de im\u00f3veis foram entregues aos moradores, garantindo seguran\u00e7a jur\u00eddica e o direito \u00e0 propriedade.<\/p>\n\n\n\n<p>A atua\u00e7\u00e3o do deputado tamb\u00e9m permanece presente em iniciativas sociais e culturais da regi\u00e3o. Durante visita, neste ano, ao Instituto Cultural Casa de Artes, ele destacou o trabalho desenvolvido pela entidade que atende cerca de 300 crian\u00e7as e adolescentes com atividades de refor\u00e7o educacional, dan\u00e7a, m\u00fasica, teatro e oficinas. A institui\u00e7\u00e3o tamb\u00e9m desenvolve projetos como est\u00fadio de grava\u00e7\u00e3o de \u00e1udio e v\u00eddeo e oficina de constru\u00e7\u00e3o de instrumentos alternativos, contando com apoio de emenda parlamentar destinada pelo deputado.<\/p>\n\n\n\n<p>Na \u00e1rea rural, uma das pautas defendidas por Wilson Santos \u00e9 a transforma\u00e7\u00e3o da Estrada do Rio dos Couros em rodovia estadual. A Lei n\u00ba 11.884\/2022, de autoria dele, estadualizou o trecho com aproximadamente 45 quil\u00f4metros, ligando o Pedra 90 \u00e0 BR-163\/364 e beneficiando diretamente comunidades da regi\u00e3o. A medida permite que o Estado assuma a responsabilidade pela infraestrutura da via, incluindo a possibilidade de investimentos em pavimenta\u00e7\u00e3o asf\u00e1ltica.<\/p>\n\n\n<div class=\"wp-block-image\">\n<figure class=\"aligncenter size-large\"><img fetchpriority=\"high\" decoding=\"async\" width=\"1024\" height=\"576\" src=\"http:\/\/wilsonsantosmt.com.br\/wp-content\/uploads\/2026\/08\/IMG_0574-1024x576.jpeg\" alt=\"\" class=\"wp-image-3143\" srcset=\"https:\/\/wilsonsantosmt.com.br\/wp-content\/uploads\/2026\/08\/IMG_0574-1024x576.jpeg 1024w, https:\/\/wilsonsantosmt.com.br\/wp-content\/uploads\/2026\/08\/IMG_0574-300x169.jpeg 300w, https:\/\/wilsonsantosmt.com.br\/wp-content\/uploads\/2026\/08\/IMG_0574-768x432.jpeg 768w, https:\/\/wilsonsantosmt.com.br\/wp-content\/uploads\/2026\/08\/IMG_0574-1536x864.jpeg 1536w, https:\/\/wilsonsantosmt.com.br\/wp-content\/uploads\/2026\/08\/IMG_0574-2048x1152.jpeg 2048w, https:\/\/wilsonsantosmt.com.br\/wp-content\/uploads\/2026\/08\/IMG_0574-600x338.jpeg 600w\" sizes=\"(max-width: 1024px) 100vw, 1024px\" \/><\/figure><\/div>\n\n\n<p><br>Durante a visita e a boa recep\u00e7\u00e3o do p\u00fablico na Feira do Pedra 90, o candidato \u00e0 reelei\u00e7\u00e3o tamb\u00e9m apresentou os motivos de continuar na Assembleia Legislativa para dar sequ\u00eancia ao trabalho desenvolvido. Entre as pautas trabalhadas est\u00e3o as defesas por pol\u00edticas habitacionais, dos servidores p\u00fablicos, a inclus\u00e3o social, a preserva\u00e7\u00e3o do Rio Cuiab\u00e1 e do Pantanal, o fortalecimento da pesca artesanal profissional, o apoio ao esporte e \u00e0 cultura, al\u00e9m da industrializa\u00e7\u00e3o de Mato Grosso e da chegada da ferrovia \u00e0 Baixada Cuiabana. <br><br>Ao longo da manh\u00e3, a presen\u00e7a de Wilson Santos na feira foi marcada por conversas, reencontros e manifesta\u00e7\u00f5es de carinho de moradores e feirantes. Para ele, retornar ao Pedra 90 significa tamb\u00e9m deparar com uma realidade, em que mant\u00e9m uma rela\u00e7\u00e3o constru\u00edda a partir de a\u00e7\u00f5es realizadas antes, durante e depois de seus mandatos na pol\u00edtica.<\/p>\n\n\n<div class=\"wp-block-image\">\n<figure class=\"aligncenter size-large is-resized\"><img decoding=\"async\" width=\"1024\" height=\"768\" src=\"http:\/\/wilsonsantosmt.com.br\/wp-content\/uploads\/2026\/08\/WhatsApp-Image-2026-08-30-at-19.00.27-1024x768.jpeg\" alt=\"\" class=\"wp-image-3138\" style=\"width:537px;height:auto\" srcset=\"https:\/\/wilsonsantosmt.com.br\/wp-content\/uploads\/2026\/08\/WhatsApp-Image-2026-08-30-at-19.00.27-1024x768.jpeg 1024w, https:\/\/wilsonsantosmt.com.br\/wp-content\/uploads\/2026\/08\/WhatsApp-Image-2026-08-30-at-19.00.27-300x225.jpeg 300w, https:\/\/wilsonsantosmt.com.br\/wp-content\/uploads\/2026\/08\/WhatsApp-Image-2026-08-30-at-19.00.27-768x576.jpeg 768w, https:\/\/wilsonsantosmt.com.br\/wp-content\/uploads\/2026\/08\/WhatsApp-Image-2026-08-30-at-19.00.27-1536x1152.jpeg 1536w, https:\/\/wilsonsantosmt.com.br\/wp-content\/uploads\/2026\/08\/WhatsApp-Image-2026-08-30-at-19.00.27-600x450.jpeg 600w, https:\/\/wilsonsantosmt.com.br\/wp-content\/uploads\/2026\/08\/WhatsApp-Image-2026-08-30-at-19.00.27.jpeg 1600w\" sizes=\"(max-width: 1024px) 100vw, 1024px\" \/><\/figure><\/div>","protected":false},"excerpt":{"rendered":"<p>O candidato \u00e0 reelei\u00e7\u00e3o a deputado estadual Wilson Santos (PSD) esteve na manh\u00e3 deste domingo (30), na Feira do Pedra 90, em Cuiab\u00e1, onde foi recebido por moradores, feirantes e amigos que conhecem e acompanham o seu trabalho prestado na regi\u00e3o. Em meio \u00e0 movimenta\u00e7\u00e3o no local, ele conversou com o p\u00fablico, ouviu reivindica\u00e7\u00f5es, apresentou [&hellip;]<\/p>\n","protected":false},"author":4,"featured_media":3149,"comment_status":"closed","ping_status":"open","sticky":false,"template":"","format":"standard","meta":{"footnotes":""},"categories":[13],"tags":[],"yoast_head":"<!-- This site is optimized with the Yoast SEO Premium plugin v21.5 (Yoast SEO v21.4) - https:\/\/yoast.com\/wordpress\/plugins\/seo\/ -->\n<title>Legado constru\u00eddo no Pedra 90 fortalece campanha de reelei\u00e7\u00e3o de Wilson Santos - wilsonsantosmt.com.br<\/title>\n<meta name=\"robots\" content=\"index, follow, max-snippet:-1, max-image-preview:large, max-video-preview:-1\" \/>\n<link rel=\"canonical\" href=\"https:\/\/wilsonsantosmt.com.br\/index.php\/2026\/08\/30\/legado-construido-no-pedra-90-fortalece-campanha-de-reeleicao-de-wilson-santos\/\" \/>\n<meta property=\"og:locale\" content=\"pt_BR\" \/>\n<meta property=\"og:type\" content=\"article\" \/>\n<meta property=\"og:title\" content=\"Legado constru\u00eddo no Pedra 90 fortalece campanha de reelei\u00e7\u00e3o de Wilson Santos\" \/>\n<meta property=\"og:description\" content=\"O candidato \u00e0 reelei\u00e7\u00e3o a deputado estadual Wilson Santos (PSD) esteve na manh\u00e3 deste domingo (30), na Feira do Pedra 90, em Cuiab\u00e1, onde foi recebido por moradores, feirantes e amigos que conhecem e acompanham o seu trabalho prestado na regi\u00e3o. Em meio \u00e0 movimenta\u00e7\u00e3o no local, ele conversou com o p\u00fablico, ouviu reivindica\u00e7\u00f5es, apresentou [&hellip;]\" \/>\n<meta property=\"og:url\" content=\"https:\/\/wilsonsantosmt.com.br\/index.php\/2026\/08\/30\/legado-construido-no-pedra-90-fortalece-campanha-de-reeleicao-de-wilson-santos\/\" \/>\n<meta property=\"og:site_name\" content=\"wilsonsantosmt.com.br\" \/>\n<meta property=\"article:publisher\" content=\"https:\/\/www.facebook.com\/WilsonSantosMT\/\" \/>\n<meta property=\"article:published_time\" content=\"2026-08-30T22:50:56+00:00\" \/>\n<meta property=\"article:modified_time\" content=\"2026-08-30T23:40:45+00:00\" \/>\n<meta property=\"og:image\" content=\"http:\/\/wilsonsantosmt.com.br\/wp-content\/uploads\/2026\/08\/IMG_0577-scaled.jpeg\" \/>\n\t<meta property=\"og:image:width\" content=\"2560\" \/>\n\t<meta property=\"og:image:height\" content=\"1440\" \/>\n\t<meta property=\"og:image:type\" content=\"image\/jpeg\" \/>\n<meta name=\"author\" content=\"Samantha dos Anjos\" \/>\n<meta name=\"twitter:card\" content=\"summary_large_image\" \/>\n<meta name=\"twitter:label1\" content=\"Escrito por\" \/>\n\t<meta name=\"twitter:data1\" content=\"Samantha dos Anjos\" \/>\n\t<meta name=\"twitter:label2\" content=\"Est. tempo de leitura\" \/>\n\t<meta name=\"twitter:data2\" content=\"6 minutos\" \/>\n<script type=\"application\/ld+json\" class=\"yoast-schema-graph\">{\"@context\":\"https:\/\/schema.org\",\"@graph\":[{\"@type\":\"Article\",\"@id\":\"https:\/\/wilsonsantosmt.com.br\/index.php\/2026\/08\/30\/legado-construido-no-pedra-90-fortalece-campanha-de-reeleicao-de-wilson-santos\/#article\",\"isPartOf\":{\"@id\":\"https:\/\/wilsonsantosmt.com.br\/index.php\/2026\/08\/30\/legado-construido-no-pedra-90-fortalece-campanha-de-reeleicao-de-wilson-santos\/\"},\"author\":{\"name\":\"Samantha dos Anjos\",\"@id\":\"https:\/\/wilsonsantosmt.com.br\/#\/schema\/person\/1d097ee45f526dd0455dbad8c679932c\"},\"headline\":\"Legado constru\u00eddo no Pedra 90 fortalece campanha de reelei\u00e7\u00e3o de Wilson Santos\",\"datePublished\":\"2026-08-30T22:50:56+00:00\",\"dateModified\":\"2026-08-30T23:40:45+00:00\",\"mainEntityOfPage\":{\"@id\":\"https:\/\/wilsonsantosmt.com.br\/index.php\/2026\/08\/30\/legado-construido-no-pedra-90-fortalece-campanha-de-reeleicao-de-wilson-santos\/\"},\"wordCount\":912,\"publisher\":{\"@id\":\"https:\/\/wilsonsantosmt.com.br\/#\/schema\/person\/9de3c54961637a9eadb16bcbf895b1ef\"},\"articleSection\":[\"Not\u00edcias\"],\"inLanguage\":\"pt-BR\"},{\"@type\":\"WebPage\",\"@id\":\"https:\/\/wilsonsantosmt.com.br\/index.php\/2026\/08\/30\/legado-construido-no-pedra-90-fortalece-campanha-de-reeleicao-de-wilson-santos\/\",\"url\":\"https:\/\/wilsonsantosmt.com.br\/index.php\/2026\/08\/30\/legado-construido-no-pedra-90-fortalece-campanha-de-reeleicao-de-wilson-santos\/\",\"name\":\"Legado constru\u00eddo no Pedra 90 fortalece campanha de reelei\u00e7\u00e3o de Wilson Santos - wilsonsantosmt.com.br\",\"isPartOf\":{\"@id\":\"https:\/\/wilsonsantosmt.com.br\/#website\"},\"datePublished\":\"2026-08-30T22:50:56+00:00\",\"dateModified\":\"2026-08-30T23:40:45+00:00\",\"breadcrumb\":{\"@id\":\"https:\/\/wilsonsantosmt.com.br\/index.php\/2026\/08\/30\/legado-construido-no-pedra-90-fortalece-campanha-de-reeleicao-de-wilson-santos\/#breadcrumb\"},\"inLanguage\":\"pt-BR\",\"potentialAction\":[{\"@type\":\"ReadAction\",\"target\":[\"https:\/\/wilsonsantosmt.com.br\/index.php\/2026\/08\/30\/legado-construido-no-pedra-90-fortalece-campanha-de-reeleicao-de-wilson-santos\/\"]}]},{\"@type\":\"BreadcrumbList\",\"@id\":\"https:\/\/wilsonsantosmt.com.br\/index.php\/2026\/08\/30\/legado-construido-no-pedra-90-fortalece-campanha-de-reeleicao-de-wilson-santos\/#breadcrumb\",\"itemListElement\":[{\"@type\":\"ListItem\",\"position\":1,\"name\":\"In\u00edcio\",\"item\":\"https:\/\/wilsonsantosmt.com.br\/\"},{\"@type\":\"ListItem\",\"position\":2,\"name\":\"Not\u00edcias\",\"item\":\"https:\/\/wilsonsantosmt.com.br\/index.php\/category\/noticias\/\"},{\"@type\":\"ListItem\",\"position\":3,\"name\":\"Legado constru\u00eddo no Pedra 90 fortalece campanha de reelei\u00e7\u00e3o de Wilson Santos\"}]},{\"@type\":\"WebSite\",\"@id\":\"https:\/\/wilsonsantosmt.com.br\/#website\",\"url\":\"https:\/\/wilsonsantosmt.com.br\/\",\"name\":\"wilsonsantosmt.com.br\",\"description\":\"\",\"publisher\":{\"@id\":\"https:\/\/wilsonsantosmt.com.br\/#\/schema\/person\/9de3c54961637a9eadb16bcbf895b1ef\"},\"potentialAction\":[{\"@type\":\"SearchAction\",\"target\":{\"@type\":\"EntryPoint\",\"urlTemplate\":\"https:\/\/wilsonsantosmt.com.br\/?s={search_term_string}\"},\"query-input\":\"required name=search_term_string\"}],\"inLanguage\":\"pt-BR\"},{\"@type\":[\"Person\",\"Organization\"],\"@id\":\"https:\/\/wilsonsantosmt.com.br\/#\/schema\/person\/9de3c54961637a9eadb16bcbf895b1ef\",\"name\":\"Wilson Santos\",\"image\":{\"@type\":\"ImageObject\",\"inLanguage\":\"pt-BR\",\"@id\":\"https:\/\/wilsonsantosmt.com.br\/#\/schema\/person\/image\/\",\"url\":\"https:\/\/wilsonsantosmt.com.br\/wp-content\/uploads\/2023\/11\/310828673_653254583023360_8795459643194608438_n.jpg\",\"contentUrl\":\"https:\/\/wilsonsantosmt.com.br\/wp-content\/uploads\/2023\/11\/310828673_653254583023360_8795459643194608438_n.jpg\",\"width\":1078,\"height\":1079,\"caption\":\"Wilson Santos\"},\"logo\":{\"@id\":\"https:\/\/wilsonsantosmt.com.br\/#\/schema\/person\/image\/\"},\"sameAs\":[\"http:\/\/wilsonsantosmt.com.br\",\"https:\/\/www.facebook.com\/WilsonSantosMT\/\",\"https:\/\/www.instagram.com\/wilsonsantosmt\/\",\"https:\/\/www.youtube.com\/@WilsonSantosWS\/videos\",\"https:\/\/pt.wikipedia.org\/wiki\/Wilson_Santos\"],\"honorificPrefix\":\"Sr\",\"gender\":\"masculino\",\"jobTitle\":\"Deputado Estadual\",\"worksFor\":\"Assembleia Legislativa de Mato Grosso\"},{\"@type\":\"Person\",\"@id\":\"https:\/\/wilsonsantosmt.com.br\/#\/schema\/person\/1d097ee45f526dd0455dbad8c679932c\",\"name\":\"Samantha dos Anjos\",\"image\":{\"@type\":\"ImageObject\",\"inLanguage\":\"pt-BR\",\"@id\":\"https:\/\/wilsonsantosmt.com.br\/#\/schema\/person\/image\/\",\"url\":\"https:\/\/secure.gravatar.com\/avatar\/7d8d0b6dd67d134a9fa841bee90c57c7?s=96&d=mm&r=g\",\"contentUrl\":\"https:\/\/secure.gravatar.com\/avatar\/7d8d0b6dd67d134a9fa841bee90c57c7?s=96&d=mm&r=g\",\"caption\":\"Samantha dos Anjos\"},\"url\":\"https:\/\/wilsonsantosmt.com.br\/index.php\/author\/samantha-dos-anjos\/\"}]}<\/script>\n<!-- \/ Yoast SEO Premium plugin. -->","yoast_head_json":{"title":"Legado constru\u00eddo no Pedra 90 fortalece campanha de reelei\u00e7\u00e3o de Wilson Santos - wilsonsantosmt.com.br","robots":{"index":"index","follow":"follow","max-snippet":"max-snippet:-1","max-image-preview":"max-image-preview:large","max-video-preview":"max-video-preview:-1"},"canonical":"https:\/\/wilsonsantosmt.com.br\/index.php\/2026\/08\/30\/legado-construido-no-pedra-90-fortalece-campanha-de-reeleicao-de-wilson-santos\/","og_locale":"pt_BR","og_type":"article","og_title":"Legado constru\u00eddo no Pedra 90 fortalece campanha de reelei\u00e7\u00e3o de Wilson Santos","og_description":"O candidato \u00e0 reelei\u00e7\u00e3o a deputado estadual Wilson Santos (PSD) esteve na manh\u00e3 deste domingo (30), na Feira do Pedra 90, em Cuiab\u00e1, onde foi recebido por moradores, feirantes e amigos que conhecem e acompanham o seu trabalho prestado na regi\u00e3o. Em meio \u00e0 movimenta\u00e7\u00e3o no local, ele conversou com o p\u00fablico, ouviu reivindica\u00e7\u00f5es, apresentou [&hellip;]","og_url":"https:\/\/wilsonsantosmt.com.br\/index.php\/2026\/08\/30\/legado-construido-no-pedra-90-fortalece-campanha-de-reeleicao-de-wilson-santos\/","og_site_name":"wilsonsantosmt.com.br","article_publisher":"https:\/\/www.facebook.com\/WilsonSantosMT\/","article_published_time":"2026-08-30T22:50:56+00:00","article_modified_time":"2026-08-30T23:40:45+00:00","og_image":[{"width":2560,"height":1440,"url":"http:\/\/wilsonsantosmt.com.br\/wp-content\/uploads\/2026\/08\/IMG_0577-scaled.jpeg","type":"image\/jpeg"}],"author":"Samantha dos Anjos","twitter_card":"summary_large_image","twitter_misc":{"Escrito por":"Samantha dos Anjos","Est. tempo de leitura":"6 minutos"},"schema":{"@context":"https:\/\/schema.org","@graph":[{"@type":"Article","@id":"https:\/\/wilsonsantosmt.com.br\/index.php\/2026\/08\/30\/legado-construido-no-pedra-90-fortalece-campanha-de-reeleicao-de-wilson-santos\/#article","isPartOf":{"@id":"https:\/\/wilsonsantosmt.com.br\/index.php\/2026\/08\/30\/legado-construido-no-pedra-90-fortalece-campanha-de-reeleicao-de-wilson-santos\/"},"author":{"name":"Samantha dos Anjos","@id":"https:\/\/wilsonsantosmt.com.br\/#\/schema\/person\/1d097ee45f526dd0455dbad8c679932c"},"headline":"Legado constru\u00eddo no Pedra 90 fortalece campanha de reelei\u00e7\u00e3o de Wilson Santos","datePublished":"2026-08-30T22:50:56+00:00","dateModified":"2026-08-30T23:40:45+00:00","mainEntityOfPage":{"@id":"https:\/\/wilsonsantosmt.com.br\/index.php\/2026\/08\/30\/legado-construido-no-pedra-90-fortalece-campanha-de-reeleicao-de-wilson-santos\/"},"wordCount":912,"publisher":{"@id":"https:\/\/wilsonsantosmt.com.br\/#\/schema\/person\/9de3c54961637a9eadb16bcbf895b1ef"},"articleSection":["Not\u00edcias"],"inLanguage":"pt-BR"},{"@type":"WebPage","@id":"https:\/\/wilsonsantosmt.com.br\/index.php\/2026\/08\/30\/legado-construido-no-pedra-90-fortalece-campanha-de-reeleicao-de-wilson-santos\/","url":"https:\/\/wilsonsantosmt.com.br\/index.php\/2026\/08\/30\/legado-construido-no-pedra-90-fortalece-campanha-de-reeleicao-de-wilson-santos\/","name":"Legado constru\u00eddo no Pedra 90 fortalece campanha de reelei\u00e7\u00e3o de Wilson Santos - wilsonsantosmt.com.br","isPartOf":{"@id":"https:\/\/wilsonsantosmt.com.br\/#website"},"datePublished":"2026-08-30T22:50:56+00:00","dateModified":"2026-08-30T23:40:45+00:00","breadcrumb":{"@id":"https:\/\/wilsonsantosmt.com.br\/index.php\/2026\/08\/30\/legado-construido-no-pedra-90-fortalece-campanha-de-reeleicao-de-wilson-santos\/#breadcrumb"},"inLanguage":"pt-BR","potentialAction":[{"@type":"ReadAction","target":["https:\/\/wilsonsantosmt.com.br\/index.php\/2026\/08\/30\/legado-construido-no-pedra-90-fortalece-campanha-de-reeleicao-de-wilson-santos\/"]}]},{"@type":"BreadcrumbList","@id":"https:\/\/wilsonsantosmt.com.br\/index.php\/2026\/08\/30\/legado-construido-no-pedra-90-fortalece-campanha-de-reeleicao-de-wilson-santos\/#breadcrumb","itemListElement":[{"@type":"ListItem","position":1,"name":"In\u00edcio","item":"https:\/\/wilsonsantosmt.com.br\/"},{"@type":"ListItem","position":2,"name":"Not\u00edcias","item":"https:\/\/wilsonsantosmt.com.br\/index.php\/category\/noticias\/"},{"@type":"ListItem","position":3,"name":"Legado constru\u00eddo no Pedra 90 fortalece campanha de reelei\u00e7\u00e3o de Wilson Santos"}]},{"@type":"WebSite","@id":"https:\/\/wilsonsantosmt.com.br\/#website","url":"https:\/\/wilsonsantosmt.com.br\/","name":"wilsonsantosmt.com.br","description":"","publisher":{"@id":"https:\/\/wilsonsantosmt.com.br\/#\/schema\/person\/9de3c54961637a9eadb16bcbf895b1ef"},"potentialAction":[{"@type":"SearchAction","target":{"@type":"EntryPoint","urlTemplate":"https:\/\/wilsonsantosmt.com.br\/?s={search_term_string}"},"query-input":"required name=search_term_string"}],"inLanguage":"pt-BR"},{"@type":["Person","Organization"],"@id":"https:\/\/wilsonsantosmt.com.br\/#\/schema\/person\/9de3c54961637a9eadb16bcbf895b1ef","name":"Wilson Santos","image":{"@type":"ImageObject","inLanguage":"pt-BR","@id":"https:\/\/wilsonsantosmt.com.br\/#\/schema\/person\/image\/","url":"https:\/\/wilsonsantosmt.com.br\/wp-content\/uploads\/2023\/11\/310828673_653254583023360_8795459643194608438_n.jpg","contentUrl":"https:\/\/wilsonsantosmt.com.br\/wp-content\/uploads\/2023\/11\/310828673_653254583023360_8795459643194608438_n.jpg","width":1078,"height":1079,"caption":"Wilson Santos"},"logo":{"@id":"https:\/\/wilsonsantosmt.com.br\/#\/schema\/person\/image\/"},"sameAs":["http:\/\/wilsonsantosmt.com.br","https:\/\/www.facebook.com\/WilsonSantosMT\/","https:\/\/www.instagram.com\/wilsonsantosmt\/","https:\/\/www.youtube.com\/@WilsonSantosWS\/videos","https:\/\/pt.wikipedia.org\/wiki\/Wilson_Santos"],"honorificPrefix":"Sr","gender":"masculino","jobTitle":"Deputado Estadual","worksFor":"Assembleia Legislativa de Mato Grosso"},{"@type":"Person","@id":"https:\/\/wilsonsantosmt.com.br\/#\/schema\/person\/1d097ee45f526dd0455dbad8c679932c","name":"Samantha dos Anjos","image":{"@type":"ImageObject","inLanguage":"pt-BR","@id":"https:\/\/wilsonsantosmt.com.br\/#\/schema\/person\/image\/","url":"https:\/\/secure.gravatar.com\/avatar\/7d8d0b6dd67d134a9fa841bee90c57c7?s=96&d=mm&r=g","contentUrl":"https:\/\/secure.gravatar.com\/avatar\/7d8d0b6dd67d134a9fa841bee90c57c7?s=96&d=mm&r=g","caption":"Samantha dos Anjos"},"url":"https:\/\/wilsonsantosmt.com.br\/index.php\/author\/samantha-dos-anjos\/"}]}},"_links":{"self":[{"href":"https:\/\/wilsonsantosmt.com.br\/index.php\/wp-json\/wp\/v2\/posts\/3130"}],"collection":[{"href":"https:\/\/wilsonsantosmt.com.br\/index.php\/wp-json\/wp\/v2\/posts"}],"about":[{"href":"https:\/\/wilsonsantosmt.com.br\/index.php\/wp-json\/wp\/v2\/types\/post"}],"author":[{"embeddable":true,"href":"https:\/\/wilsonsantosmt.com.br\/index.php\/wp-json\/wp\/v2\/users\/4"}],"replies":[{"embeddable":true,"href":"https:\/\/wilsonsantosmt.com.br\/index.php\/wp-json\/wp\/v2\/comments?post=3130"}],"version-history":[{"count":7,"href":"https:\/\/wilsonsantosmt.com.br\/index.php\/wp-json\/wp\/v2\/posts\/3130\/revisions"}],"predecessor-version":[{"id":3147,"href":"https:\/\/wilsonsantosmt.com.br\/index.php\/wp-json\/wp\/v2\/posts\/3130\/revisions\/3147"}],"wp:featuredmedia":[{"embeddable":true,"href":"https:\/\/wilsonsantosmt.com.br\/index.php\/wp-json\/wp\/v2\/media\/3149"}],"wp:attachment":[{"href":"https:\/\/wilsonsantosmt.com.br\/index.php\/wp-json\/wp\/v2\/media?parent=3130"}],"wp:term":[{"taxonomy":"category","embeddable":true,"href":"https:\/\/wilsonsantosmt.com.br\/index.php\/wp-json\/wp\/v2\/categories?post=3130"},{"taxonomy":"post_tag","embeddable":true,"href":"https:\/\/wilsonsantosmt.com.br\/index.php\/wp-json\/wp\/v2\/tags?post=3130"}],"curies":[{"name":"wp","href":"https:\/\/api.w.org\/{rel}","templated":true}]}}