{"id":3151,"date":"2026-08-31T16:38:36","date_gmt":"2026-08-31T20:38:36","guid":{"rendered":"https:\/\/wilsonsantosmt.com.br\/?p=3151"},"modified":"2026-08-31T17:02:27","modified_gmt":"2026-08-31T21:02:27","slug":"no-shopping-popular-wilson-santos-relembra-trajetoria-de-luta-e-conquistas-e-pede-apoio-dos-comerciantes","status":"publish","type":"post","link":"https:\/\/wilsonsantosmt.com.br\/index.php\/2026\/08\/31\/no-shopping-popular-wilson-santos-relembra-trajetoria-de-luta-e-conquistas-e-pede-apoio-dos-comerciantes\/","title":{"rendered":"No Shopping Popular, Wilson Santos relembra trajet\u00f3ria de luta e conquistas e pede apoio dos comerciantes"},"content":{"rendered":"\n<p><\/p>\n\n\n\n<p>O candidato \u00e0 reelei\u00e7\u00e3o e deputado estadual Wilson Santos (PSD) esteve neste s\u00e1bado (29), no Shopping Popular de Cuiab\u00e1, para apresentar as suas propostas e relembrar a\u00e7\u00f5es desenvolvidas ao longo de mais de quatro d\u00e9cadas junto aos comerciantes. Durante a visita, ele destacou a trajet\u00f3ria que come\u00e7ou quando os trabalhadores ainda ocupavam as ruas e pra\u00e7as da capital como ambulantes e camel\u00f4s e acompanhou a cria\u00e7\u00e3o e consolida\u00e7\u00e3o do Shopping Popular.<\/p>\n\n\n\n<p>A atua\u00e7\u00e3o do parlamentar junto aos comerciantes come\u00e7ou na d\u00e9cada de 1980, antes mesmo de assumir um mandato eletivo. Em 1986, durante a primeira gest\u00e3o do prefeito Dante de Oliveira, ele atuava na Secretaria Municipal de Servi\u00e7os P\u00fablicos de Cuiab\u00e1 e participou da organiza\u00e7\u00e3o do com\u00e9rcio ambulante no centro da cidade. No ano seguinte, foi realizado um levantamento dos trabalhadores que atuavam nas ruas e, posteriormente, um estudo socioecon\u00f4mico e cadastramento dos ambulantes. A iniciativa resultou na ado\u00e7\u00e3o de medidas, como identifica\u00e7\u00e3o dos vendedores, uso de jalecos e crach\u00e1s e padroniza\u00e7\u00e3o dos carrinhos.<\/p>\n\n\n\n<p>Em 1993, durante o segundo mandato de Dante de Oliveira, Wilson Santos assumiu a Secretaria Municipal de Servi\u00e7os P\u00fablicos e voltou a atuar na reorganiza\u00e7\u00e3o do com\u00e9rcio informal. Assim, foi implantada a chamada \u201cOpera\u00e7\u00e3o Limpa Centro\u201d, com novo cadastramento dos vendedores e a busca por uma solu\u00e7\u00e3o definitiva para retirar os trabalhadores das ruas sem retirar deles a fonte de renda.<\/p>\n\n\n\n<p>Com esse processo, surgiu a proposta de cria\u00e7\u00e3o do Shopping Popular que come\u00e7ou a ser estruturado em 1993 e, em outubro de 1994, foi anunciado oficialmente o in\u00edcio da obra, inicialmente denominada \u201cShopping das Mangueiras\u201d. Em abril de 1995, os vendedores ambulantes foram transferidos para o novo espa\u00e7o, no bairro Dom Aquino. J\u00e1 em 2009, como prefeito de Cuiab\u00e1, Wilson Santos retomou a pauta de moderniza\u00e7\u00e3o do Shopping Popular. O trabalho resultou na inaugura\u00e7\u00e3o de uma nova estrutura em julho de 2015, ampliando e qualificando o espa\u00e7o destinado aos comerciantes.<\/p>\n\n\n\n<p>Em julho de 2024, um inc\u00eandio destruiu a estrutura do estabelecimento e atingiu mais de 600 fam\u00edlias. Ap\u00f3s o ocorrido, os pr\u00f3prios comerciantes iniciaram a reconstru\u00e7\u00e3o da estrutura com recursos pr\u00f3prios. Segundo o deputado, a obra avan\u00e7ou sem recursos p\u00fablicos e chegou \u00e0 fase final com a necessidade de novos investimentos. Diante disso, ele intermediou e garantiu junto ao Governo do Estado ao lado do presidente da Associa\u00e7\u00e3o dos Camel\u00f4s do Shopping Popular, Misael Galv\u00e3o, um financiamento de at\u00e9 R$ 15 milh\u00f5es para a conclus\u00e3o da obra prevista para o final deste ano.<\/p>\n\n\n\n<p>Durante a visita deste s\u00e1bado, Wilson Santos destacou a import\u00e2ncia do novo espa\u00e7o para os comerciantes e afirmou que o Shopping Popular vai contar com uma estrutura moderna e climatizada. \u201cLogo teremos nosso shopping novinho e todo climatizado. Agora \u00e9 para valer\u201d, declarou o parlamentar.<\/p>\n\n\n\n<p>Al\u00e9m dos comerciantes, o candidato tamb\u00e9m apresentou as pautas que pretende defender na Assembleia Legislativa em um novo mandato para os frequentadores do local. Entre elas est\u00e3o pol\u00edticas habitacionais, defesa dos servidores p\u00fablicos, inclus\u00e3o social, preserva\u00e7\u00e3o do Rio Cuiab\u00e1 e do Pantanal, fortalecimento da pesca artesanal profissional, apoio ao esporte e \u00e0 cultura, industrializa\u00e7\u00e3o de Mato Grosso e a chegada da ferrovia \u00e0 Baixada Cuiabana.<\/p>\n\n\n\n<p><\/p>\n","protected":false},"excerpt":{"rendered":"<p>O candidato \u00e0 reelei\u00e7\u00e3o e deputado estadual Wilson Santos (PSD) esteve neste s\u00e1bado (29), no Shopping Popular de Cuiab\u00e1, para apresentar as suas propostas e relembrar a\u00e7\u00f5es desenvolvidas ao longo de mais de quatro d\u00e9cadas junto aos comerciantes. Durante a visita, ele destacou a trajet\u00f3ria que come\u00e7ou quando os trabalhadores ainda ocupavam as ruas e [&hellip;]<\/p>\n","protected":false},"author":4,"featured_media":3157,"comment_status":"closed","ping_status":"open","sticky":false,"template":"","format":"standard","meta":{"footnotes":""},"categories":[13],"tags":[],"yoast_head":"<!-- This site is optimized with the Yoast SEO Premium plugin v21.5 (Yoast SEO v21.4) - https:\/\/yoast.com\/wordpress\/plugins\/seo\/ -->\n<title>No Shopping Popular, Wilson Santos relembra trajet\u00f3ria de luta e conquistas e pede apoio dos comerciantes - wilsonsantosmt.com.br<\/title>\n<meta name=\"robots\" content=\"index, follow, max-snippet:-1, max-image-preview:large, max-video-preview:-1\" \/>\n<link rel=\"canonical\" href=\"https:\/\/wilsonsantosmt.com.br\/index.php\/2026\/08\/31\/no-shopping-popular-wilson-santos-relembra-trajetoria-de-luta-e-conquistas-e-pede-apoio-dos-comerciantes\/\" \/>\n<meta property=\"og:locale\" content=\"pt_BR\" \/>\n<meta property=\"og:type\" content=\"article\" \/>\n<meta property=\"og:title\" content=\"No Shopping Popular, Wilson Santos relembra trajet\u00f3ria de luta e conquistas e pede apoio dos comerciantes\" \/>\n<meta property=\"og:description\" content=\"O candidato \u00e0 reelei\u00e7\u00e3o e deputado estadual Wilson Santos (PSD) esteve neste s\u00e1bado (29), no Shopping Popular de Cuiab\u00e1, para apresentar as suas propostas e relembrar a\u00e7\u00f5es desenvolvidas ao longo de mais de quatro d\u00e9cadas junto aos comerciantes. Durante a visita, ele destacou a trajet\u00f3ria que come\u00e7ou quando os trabalhadores ainda ocupavam as ruas e [&hellip;]\" \/>\n<meta property=\"og:url\" content=\"https:\/\/wilsonsantosmt.com.br\/index.php\/2026\/08\/31\/no-shopping-popular-wilson-santos-relembra-trajetoria-de-luta-e-conquistas-e-pede-apoio-dos-comerciantes\/\" \/>\n<meta property=\"og:site_name\" content=\"wilsonsantosmt.com.br\" \/>\n<meta property=\"article:publisher\" content=\"https:\/\/www.facebook.com\/WilsonSantosMT\/\" \/>\n<meta property=\"article:published_time\" content=\"2026-08-31T20:38:36+00:00\" \/>\n<meta property=\"article:modified_time\" content=\"2026-08-31T21:02:27+00:00\" \/>\n<meta property=\"og:image\" content=\"http:\/\/wilsonsantosmt.com.br\/wp-content\/uploads\/2026\/08\/WhatsApp-Image-2026-08-31-at-17.01.00.jpeg\" \/>\n\t<meta property=\"og:image:width\" content=\"1535\" \/>\n\t<meta property=\"og:image:height\" content=\"1024\" \/>\n\t<meta property=\"og:image:type\" content=\"image\/jpeg\" \/>\n<meta name=\"author\" content=\"Samantha dos Anjos\" \/>\n<meta name=\"twitter:card\" content=\"summary_large_image\" \/>\n<meta name=\"twitter:label1\" content=\"Escrito por\" \/>\n\t<meta name=\"twitter:data1\" content=\"Samantha dos Anjos\" \/>\n\t<meta name=\"twitter:label2\" content=\"Est. tempo de leitura\" \/>\n\t<meta name=\"twitter:data2\" content=\"3 minutos\" \/>\n<script type=\"application\/ld+json\" class=\"yoast-schema-graph\">{\"@context\":\"https:\/\/schema.org\",\"@graph\":[{\"@type\":\"Article\",\"@id\":\"https:\/\/wilsonsantosmt.com.br\/index.php\/2026\/08\/31\/no-shopping-popular-wilson-santos-relembra-trajetoria-de-luta-e-conquistas-e-pede-apoio-dos-comerciantes\/#article\",\"isPartOf\":{\"@id\":\"https:\/\/wilsonsantosmt.com.br\/index.php\/2026\/08\/31\/no-shopping-popular-wilson-santos-relembra-trajetoria-de-luta-e-conquistas-e-pede-apoio-dos-comerciantes\/\"},\"author\":{\"name\":\"Samantha dos Anjos\",\"@id\":\"https:\/\/wilsonsantosmt.com.br\/#\/schema\/person\/1d097ee45f526dd0455dbad8c679932c\"},\"headline\":\"No Shopping Popular, Wilson Santos relembra trajet\u00f3ria de luta e conquistas e pede apoio dos comerciantes\",\"datePublished\":\"2026-08-31T20:38:36+00:00\",\"dateModified\":\"2026-08-31T21:02:27+00:00\",\"mainEntityOfPage\":{\"@id\":\"https:\/\/wilsonsantosmt.com.br\/index.php\/2026\/08\/31\/no-shopping-popular-wilson-santos-relembra-trajetoria-de-luta-e-conquistas-e-pede-apoio-dos-comerciantes\/\"},\"wordCount\":578,\"publisher\":{\"@id\":\"https:\/\/wilsonsantosmt.com.br\/#\/schema\/person\/9de3c54961637a9eadb16bcbf895b1ef\"},\"articleSection\":[\"Not\u00edcias\"],\"inLanguage\":\"pt-BR\"},{\"@type\":\"WebPage\",\"@id\":\"https:\/\/wilsonsantosmt.com.br\/index.php\/2026\/08\/31\/no-shopping-popular-wilson-santos-relembra-trajetoria-de-luta-e-conquistas-e-pede-apoio-dos-comerciantes\/\",\"url\":\"https:\/\/wilsonsantosmt.com.br\/index.php\/2026\/08\/31\/no-shopping-popular-wilson-santos-relembra-trajetoria-de-luta-e-conquistas-e-pede-apoio-dos-comerciantes\/\",\"name\":\"No Shopping Popular, Wilson Santos relembra trajet\u00f3ria de luta e conquistas e pede apoio dos comerciantes - wilsonsantosmt.com.br\",\"isPartOf\":{\"@id\":\"https:\/\/wilsonsantosmt.com.br\/#website\"},\"datePublished\":\"2026-08-31T20:38:36+00:00\",\"dateModified\":\"2026-08-31T21:02:27+00:00\",\"breadcrumb\":{\"@id\":\"https:\/\/wilsonsantosmt.com.br\/index.php\/2026\/08\/31\/no-shopping-popular-wilson-santos-relembra-trajetoria-de-luta-e-conquistas-e-pede-apoio-dos-comerciantes\/#breadcrumb\"},\"inLanguage\":\"pt-BR\",\"potentialAction\":[{\"@type\":\"ReadAction\",\"target\":[\"https:\/\/wilsonsantosmt.com.br\/index.php\/2026\/08\/31\/no-shopping-popular-wilson-santos-relembra-trajetoria-de-luta-e-conquistas-e-pede-apoio-dos-comerciantes\/\"]}]},{\"@type\":\"BreadcrumbList\",\"@id\":\"https:\/\/wilsonsantosmt.com.br\/index.php\/2026\/08\/31\/no-shopping-popular-wilson-santos-relembra-trajetoria-de-luta-e-conquistas-e-pede-apoio-dos-comerciantes\/#breadcrumb\",\"itemListElement\":[{\"@type\":\"ListItem\",\"position\":1,\"name\":\"In\u00edcio\",\"item\":\"https:\/\/wilsonsantosmt.com.br\/\"},{\"@type\":\"ListItem\",\"position\":2,\"name\":\"Not\u00edcias\",\"item\":\"https:\/\/wilsonsantosmt.com.br\/index.php\/category\/noticias\/\"},{\"@type\":\"ListItem\",\"position\":3,\"name\":\"No Shopping Popular, Wilson Santos relembra trajet\u00f3ria de luta e conquistas e pede apoio dos comerciantes\"}]},{\"@type\":\"WebSite\",\"@id\":\"https:\/\/wilsonsantosmt.com.br\/#website\",\"url\":\"https:\/\/wilsonsantosmt.com.br\/\",\"name\":\"wilsonsantosmt.com.br\",\"description\":\"\",\"publisher\":{\"@id\":\"https:\/\/wilsonsantosmt.com.br\/#\/schema\/person\/9de3c54961637a9eadb16bcbf895b1ef\"},\"potentialAction\":[{\"@type\":\"SearchAction\",\"target\":{\"@type\":\"EntryPoint\",\"urlTemplate\":\"https:\/\/wilsonsantosmt.com.br\/?s={search_term_string}\"},\"query-input\":\"required name=search_term_string\"}],\"inLanguage\":\"pt-BR\"},{\"@type\":[\"Person\",\"Organization\"],\"@id\":\"https:\/\/wilsonsantosmt.com.br\/#\/schema\/person\/9de3c54961637a9eadb16bcbf895b1ef\",\"name\":\"Wilson Santos\",\"image\":{\"@type\":\"ImageObject\",\"inLanguage\":\"pt-BR\",\"@id\":\"https:\/\/wilsonsantosmt.com.br\/#\/schema\/person\/image\/\",\"url\":\"https:\/\/wilsonsantosmt.com.br\/wp-content\/uploads\/2023\/11\/310828673_653254583023360_8795459643194608438_n.jpg\",\"contentUrl\":\"https:\/\/wilsonsantosmt.com.br\/wp-content\/uploads\/2023\/11\/310828673_653254583023360_8795459643194608438_n.jpg\",\"width\":1078,\"height\":1079,\"caption\":\"Wilson Santos\"},\"logo\":{\"@id\":\"https:\/\/wilsonsantosmt.com.br\/#\/schema\/person\/image\/\"},\"sameAs\":[\"http:\/\/wilsonsantosmt.com.br\",\"https:\/\/www.facebook.com\/WilsonSantosMT\/\",\"https:\/\/www.instagram.com\/wilsonsantosmt\/\",\"https:\/\/www.youtube.com\/@WilsonSantosWS\/videos\",\"https:\/\/pt.wikipedia.org\/wiki\/Wilson_Santos\"],\"honorificPrefix\":\"Sr\",\"gender\":\"masculino\",\"jobTitle\":\"Deputado Estadual\",\"worksFor\":\"Assembleia Legislativa de Mato Grosso\"},{\"@type\":\"Person\",\"@id\":\"https:\/\/wilsonsantosmt.com.br\/#\/schema\/person\/1d097ee45f526dd0455dbad8c679932c\",\"name\":\"Samantha dos Anjos\",\"image\":{\"@type\":\"ImageObject\",\"inLanguage\":\"pt-BR\",\"@id\":\"https:\/\/wilsonsantosmt.com.br\/#\/schema\/person\/image\/\",\"url\":\"https:\/\/secure.gravatar.com\/avatar\/7d8d0b6dd67d134a9fa841bee90c57c7?s=96&d=mm&r=g\",\"contentUrl\":\"https:\/\/secure.gravatar.com\/avatar\/7d8d0b6dd67d134a9fa841bee90c57c7?s=96&d=mm&r=g\",\"caption\":\"Samantha dos Anjos\"},\"url\":\"https:\/\/wilsonsantosmt.com.br\/index.php\/author\/samantha-dos-anjos\/\"}]}<\/script>\n<!-- \/ Yoast SEO Premium plugin. -->","yoast_head_json":{"title":"No Shopping Popular, Wilson Santos relembra trajet\u00f3ria de luta e conquistas e pede apoio dos comerciantes - wilsonsantosmt.com.br","robots":{"index":"index","follow":"follow","max-snippet":"max-snippet:-1","max-image-preview":"max-image-preview:large","max-video-preview":"max-video-preview:-1"},"canonical":"https:\/\/wilsonsantosmt.com.br\/index.php\/2026\/08\/31\/no-shopping-popular-wilson-santos-relembra-trajetoria-de-luta-e-conquistas-e-pede-apoio-dos-comerciantes\/","og_locale":"pt_BR","og_type":"article","og_title":"No Shopping Popular, Wilson Santos relembra trajet\u00f3ria de luta e conquistas e pede apoio dos comerciantes","og_description":"O candidato \u00e0 reelei\u00e7\u00e3o e deputado estadual Wilson Santos (PSD) esteve neste s\u00e1bado (29), no Shopping Popular de Cuiab\u00e1, para apresentar as suas propostas e relembrar a\u00e7\u00f5es desenvolvidas ao longo de mais de quatro d\u00e9cadas junto aos comerciantes. Durante a visita, ele destacou a trajet\u00f3ria que come\u00e7ou quando os trabalhadores ainda ocupavam as ruas e [&hellip;]","og_url":"https:\/\/wilsonsantosmt.com.br\/index.php\/2026\/08\/31\/no-shopping-popular-wilson-santos-relembra-trajetoria-de-luta-e-conquistas-e-pede-apoio-dos-comerciantes\/","og_site_name":"wilsonsantosmt.com.br","article_publisher":"https:\/\/www.facebook.com\/WilsonSantosMT\/","article_published_time":"2026-08-31T20:38:36+00:00","article_modified_time":"2026-08-31T21:02:27+00:00","og_image":[{"width":1535,"height":1024,"url":"http:\/\/wilsonsantosmt.com.br\/wp-content\/uploads\/2026\/08\/WhatsApp-Image-2026-08-31-at-17.01.00.jpeg","type":"image\/jpeg"}],"author":"Samantha dos Anjos","twitter_card":"summary_large_image","twitter_misc":{"Escrito por":"Samantha dos Anjos","Est. tempo de leitura":"3 minutos"},"schema":{"@context":"https:\/\/schema.org","@graph":[{"@type":"Article","@id":"https:\/\/wilsonsantosmt.com.br\/index.php\/2026\/08\/31\/no-shopping-popular-wilson-santos-relembra-trajetoria-de-luta-e-conquistas-e-pede-apoio-dos-comerciantes\/#article","isPartOf":{"@id":"https:\/\/wilsonsantosmt.com.br\/index.php\/2026\/08\/31\/no-shopping-popular-wilson-santos-relembra-trajetoria-de-luta-e-conquistas-e-pede-apoio-dos-comerciantes\/"},"author":{"name":"Samantha dos Anjos","@id":"https:\/\/wilsonsantosmt.com.br\/#\/schema\/person\/1d097ee45f526dd0455dbad8c679932c"},"headline":"No Shopping Popular, Wilson Santos relembra trajet\u00f3ria de luta e conquistas e pede apoio dos comerciantes","datePublished":"2026-08-31T20:38:36+00:00","dateModified":"2026-08-31T21:02:27+00:00","mainEntityOfPage":{"@id":"https:\/\/wilsonsantosmt.com.br\/index.php\/2026\/08\/31\/no-shopping-popular-wilson-santos-relembra-trajetoria-de-luta-e-conquistas-e-pede-apoio-dos-comerciantes\/"},"wordCount":578,"publisher":{"@id":"https:\/\/wilsonsantosmt.com.br\/#\/schema\/person\/9de3c54961637a9eadb16bcbf895b1ef"},"articleSection":["Not\u00edcias"],"inLanguage":"pt-BR"},{"@type":"WebPage","@id":"https:\/\/wilsonsantosmt.com.br\/index.php\/2026\/08\/31\/no-shopping-popular-wilson-santos-relembra-trajetoria-de-luta-e-conquistas-e-pede-apoio-dos-comerciantes\/","url":"https:\/\/wilsonsantosmt.com.br\/index.php\/2026\/08\/31\/no-shopping-popular-wilson-santos-relembra-trajetoria-de-luta-e-conquistas-e-pede-apoio-dos-comerciantes\/","name":"No Shopping Popular, Wilson Santos relembra trajet\u00f3ria de luta e conquistas e pede apoio dos comerciantes - wilsonsantosmt.com.br","isPartOf":{"@id":"https:\/\/wilsonsantosmt.com.br\/#website"},"datePublished":"2026-08-31T20:38:36+00:00","dateModified":"2026-08-31T21:02:27+00:00","breadcrumb":{"@id":"https:\/\/wilsonsantosmt.com.br\/index.php\/2026\/08\/31\/no-shopping-popular-wilson-santos-relembra-trajetoria-de-luta-e-conquistas-e-pede-apoio-dos-comerciantes\/#breadcrumb"},"inLanguage":"pt-BR","potentialAction":[{"@type":"ReadAction","target":["https:\/\/wilsonsantosmt.com.br\/index.php\/2026\/08\/31\/no-shopping-popular-wilson-santos-relembra-trajetoria-de-luta-e-conquistas-e-pede-apoio-dos-comerciantes\/"]}]},{"@type":"BreadcrumbList","@id":"https:\/\/wilsonsantosmt.com.br\/index.php\/2026\/08\/31\/no-shopping-popular-wilson-santos-relembra-trajetoria-de-luta-e-conquistas-e-pede-apoio-dos-comerciantes\/#breadcrumb","itemListElement":[{"@type":"ListItem","position":1,"name":"In\u00edcio","item":"https:\/\/wilsonsantosmt.com.br\/"},{"@type":"ListItem","position":2,"name":"Not\u00edcias","item":"https:\/\/wilsonsantosmt.com.br\/index.php\/category\/noticias\/"},{"@type":"ListItem","position":3,"name":"No Shopping Popular, Wilson Santos relembra trajet\u00f3ria de luta e conquistas e pede apoio dos comerciantes"}]},{"@type":"WebSite","@id":"https:\/\/wilsonsantosmt.com.br\/#website","url":"https:\/\/wilsonsantosmt.com.br\/","name":"wilsonsantosmt.com.br","description":"","publisher":{"@id":"https:\/\/wilsonsantosmt.com.br\/#\/schema\/person\/9de3c54961637a9eadb16bcbf895b1ef"},"potentialAction":[{"@type":"SearchAction","target":{"@type":"EntryPoint","urlTemplate":"https:\/\/wilsonsantosmt.com.br\/?s={search_term_string}"},"query-input":"required name=search_term_string"}],"inLanguage":"pt-BR"},{"@type":["Person","Organization"],"@id":"https:\/\/wilsonsantosmt.com.br\/#\/schema\/person\/9de3c54961637a9eadb16bcbf895b1ef","name":"Wilson Santos","image":{"@type":"ImageObject","inLanguage":"pt-BR","@id":"https:\/\/wilsonsantosmt.com.br\/#\/schema\/person\/image\/","url":"https:\/\/wilsonsantosmt.com.br\/wp-content\/uploads\/2023\/11\/310828673_653254583023360_8795459643194608438_n.jpg","contentUrl":"https:\/\/wilsonsantosmt.com.br\/wp-content\/uploads\/2023\/11\/310828673_653254583023360_8795459643194608438_n.jpg","width":1078,"height":1079,"caption":"Wilson Santos"},"logo":{"@id":"https:\/\/wilsonsantosmt.com.br\/#\/schema\/person\/image\/"},"sameAs":["http:\/\/wilsonsantosmt.com.br","https:\/\/www.facebook.com\/WilsonSantosMT\/","https:\/\/www.instagram.com\/wilsonsantosmt\/","https:\/\/www.youtube.com\/@WilsonSantosWS\/videos","https:\/\/pt.wikipedia.org\/wiki\/Wilson_Santos"],"honorificPrefix":"Sr","gender":"masculino","jobTitle":"Deputado Estadual","worksFor":"Assembleia Legislativa de Mato Grosso"},{"@type":"Person","@id":"https:\/\/wilsonsantosmt.com.br\/#\/schema\/person\/1d097ee45f526dd0455dbad8c679932c","name":"Samantha dos Anjos","image":{"@type":"ImageObject","inLanguage":"pt-BR","@id":"https:\/\/wilsonsantosmt.com.br\/#\/schema\/person\/image\/","url":"https:\/\/secure.gravatar.com\/avatar\/7d8d0b6dd67d134a9fa841bee90c57c7?s=96&d=mm&r=g","contentUrl":"https:\/\/secure.gravatar.com\/avatar\/7d8d0b6dd67d134a9fa841bee90c57c7?s=96&d=mm&r=g","caption":"Samantha dos Anjos"},"url":"https:\/\/wilsonsantosmt.com.br\/index.php\/author\/samantha-dos-anjos\/"}]}},"_links":{"self":[{"href":"https:\/\/wilsonsantosmt.com.br\/index.php\/wp-json\/wp\/v2\/posts\/3151"}],"collection":[{"href":"https:\/\/wilsonsantosmt.com.br\/index.php\/wp-json\/wp\/v2\/posts"}],"about":[{"href":"https:\/\/wilsonsantosmt.com.br\/index.php\/wp-json\/wp\/v2\/types\/post"}],"author":[{"embeddable":true,"href":"https:\/\/wilsonsantosmt.com.br\/index.php\/wp-json\/wp\/v2\/users\/4"}],"replies":[{"embeddable":true,"href":"https:\/\/wilsonsantosmt.com.br\/index.php\/wp-json\/wp\/v2\/comments?post=3151"}],"version-history":[{"count":1,"href":"https:\/\/wilsonsantosmt.com.br\/index.php\/wp-json\/wp\/v2\/posts\/3151\/revisions"}],"predecessor-version":[{"id":3155,"href":"https:\/\/wilsonsantosmt.com.br\/index.php\/wp-json\/wp\/v2\/posts\/3151\/revisions\/3155"}],"wp:featuredmedia":[{"embeddable":true,"href":"https:\/\/wilsonsantosmt.com.br\/index.php\/wp-json\/wp\/v2\/media\/3157"}],"wp:attachment":[{"href":"https:\/\/wilsonsantosmt.com.br\/index.php\/wp-json\/wp\/v2\/media?parent=3151"}],"wp:term":[{"taxonomy":"category","embeddable":true,"href":"https:\/\/wilsonsantosmt.com.br\/index.php\/wp-json\/wp\/v2\/categories?post=3151"},{"taxonomy":"post_tag","embeddable":true,"href":"https:\/\/wilsonsantosmt.com.br\/index.php\/wp-json\/wp\/v2\/tags?post=3151"}],"curies":[{"name":"wp","href":"https:\/\/api.w.org\/{rel}","templated":true}]}}