{"id":3159,"date":"2026-09-01T14:24:41","date_gmt":"2026-09-01T18:24:41","guid":{"rendered":"https:\/\/wilsonsantosmt.com.br\/?p=3159"},"modified":"2026-09-01T14:48:18","modified_gmt":"2026-09-01T18:48:18","slug":"com-apoio-dos-pescadores-wilson-santos-quer-manter-voz-ativa-na-defesa-da-categoria","status":"publish","type":"post","link":"https:\/\/wilsonsantosmt.com.br\/index.php\/2026\/09\/01\/com-apoio-dos-pescadores-wilson-santos-quer-manter-voz-ativa-na-defesa-da-categoria\/","title":{"rendered":"Com apoio dos pescadores, Wilson Santos quer devolver \u00e0 categoria o direito de exercer a profiss\u00e3o"},"content":{"rendered":"\n<p><\/p>\n\n\n\n<p>A defesa dos pescadores profissionais e artesanais se consolidou como uma das principais bandeiras da trajet\u00f3ria do candidato \u00e0 reelei\u00e7\u00e3o e deputado estadual Wilson Santos (PSD). Na manh\u00e3 desta ter\u00e7a-feira (1\u00ba), ele esteve na Col\u00f4nia de Pescadores Z-1, em Cuiab\u00e1, onde reafirmou o compromisso de continuar atuando em defesa da categoria que precisa de uma representa\u00e7\u00e3o que conhe\u00e7a de perto a realidade deles e cobre do poder p\u00fablico o cumprimento das contrapartidas pelas restri\u00e7\u00f5es \u00e0 pesca impostas pela Lei Estadual n\u00ba 12.197\/2023, conhecida como \u201cTransporte Zero\u201d.<\/p>\n\n\n\n<p>Desde 2019, quando passou a participar mais diretamente das discuss\u00f5es sobre a atividade pesqueira em Mato Grosso, o parlamentar mant\u00e9m uma rela\u00e7\u00e3o pr\u00f3xima com os pescadores. Uma de suas marcas \u00e9 a presen\u00e7a junto \u00e0s comunidades, em que acompanhou o debate sobre a legisla\u00e7\u00e3o desde antes de sua aprova\u00e7\u00e3o e esteve \u00e0 frente do acompanhamento de seus efeitos como presidente do Observat\u00f3rio da Pesca e, desde ent\u00e3o, tem defendido a revis\u00e3o e o aperfei\u00e7oamento das medidas que atingem diretamente os trabalhadores da pesca.<\/p>\n\n\n\n<p>O trabalho n\u00e3o se limita aos debates realizados dentro da Assembleia Legislativa. Ao longo dos \u00faltimos anos, o deputado percorreu col\u00f4nias de pescadores de diferentes regi\u00f5es de Mato Grosso e manteve contato direto com profissionais e trabalhadores artesanais para conhecer as dificuldades enfrentadas no dia a dia. Ainda mais que com a restri\u00e7\u00e3o \u00e0 pesca de 12 esp\u00e9cies consideradas de maior import\u00e2ncia econ\u00f4mica para os pescadores, muitos passaram a enfrentar dificuldades para manter a renda.<\/p>\n\n\n<div class=\"wp-block-image\">\n<figure class=\"aligncenter size-large is-resized\"><img fetchpriority=\"high\" decoding=\"async\" width=\"1024\" height=\"576\" src=\"http:\/\/wilsonsantosmt.com.br\/wp-content\/uploads\/2026\/09\/WhatsApp-Image-2026-09-01-at-11.12.13-1024x576.jpeg\" alt=\"\" class=\"wp-image-3161\" style=\"width:566px;height:auto\" srcset=\"https:\/\/wilsonsantosmt.com.br\/wp-content\/uploads\/2026\/09\/WhatsApp-Image-2026-09-01-at-11.12.13-1024x576.jpeg 1024w, https:\/\/wilsonsantosmt.com.br\/wp-content\/uploads\/2026\/09\/WhatsApp-Image-2026-09-01-at-11.12.13-300x169.jpeg 300w, https:\/\/wilsonsantosmt.com.br\/wp-content\/uploads\/2026\/09\/WhatsApp-Image-2026-09-01-at-11.12.13-768x432.jpeg 768w, https:\/\/wilsonsantosmt.com.br\/wp-content\/uploads\/2026\/09\/WhatsApp-Image-2026-09-01-at-11.12.13-600x338.jpeg 600w, https:\/\/wilsonsantosmt.com.br\/wp-content\/uploads\/2026\/09\/WhatsApp-Image-2026-09-01-at-11.12.13.jpeg 1280w\" sizes=\"(max-width: 1024px) 100vw, 1024px\" \/><\/figure><\/div>\n\n\n<p><\/p>\n\n\n\n<p><strong>Seguro Defeso &#8211; <\/strong>A defesa dos pescadores teve uma nova frente quando milhares de trabalhadores enfrentaram o atraso no pagamento do Seguro-Defeso, benef\u00edcio federal destinado a garantir a subsist\u00eancia durante o per\u00edodo em que a atividade pesqueira fica restrita em raz\u00e3o da Piracema. Diante da situa\u00e7\u00e3o, Wilson Santos levou a reivindica\u00e7\u00e3o para Bras\u00edlia.<\/p>\n\n\n\n<p>Ao longo do m\u00eas de janeiro deste ano, participou de agendas com o Minist\u00e9rio do Trabalho e Emprego (MTE), o Minist\u00e9rio da Previd\u00eancia Social (MPS) e o Instituto Nacional do Seguro Social (INSS), com o objetivo de cobrar celeridade na libera\u00e7\u00e3o dos recursos. Ele tamb\u00e9m defendeu que os valores atrasados fossem pagos em parcela \u00fanica, como forma de minimizar o impacto financeiro provocado pela demora.<\/p>\n\n\n\n<p>Em julho deste ano, cerca de sete mil pescadores artesanais de Mato Grosso come\u00e7aram a receber os valores retroativos do Seguro-Defeso. Os trabalhadores receberam aproximadamente R$ 6 mil em parcela \u00fanica, referentes aos pagamentos de outubro de 2025 a janeiro de 2026.<\/p>\n\n\n\n<p>A atua\u00e7\u00e3o em torno do benef\u00edcio refor\u00e7ou uma das principais reivindica\u00e7\u00f5es apresentadas pelos pescadores nas visitas \u00e0s col\u00f4nias que \u00e9 o de garantir condi\u00e7\u00f5es m\u00ednimas de subsist\u00eancia durante o per\u00edodo em que a pesca fica proibida para assegurar a reprodu\u00e7\u00e3o das esp\u00e9cies.<\/p>\n\n\n\n<p><strong>Rio Cuiab\u00e1 &#8211; <\/strong>A defesa dos pescadores tamb\u00e9m esteve no centro da 3\u00aa Expedi\u00e7\u00e3o Fluvial realizada por Wilson Santos pelo rio Cuiab\u00e1, entre os dias 9 e 13 de mar\u00e7o. A iniciativa teve como objetivo atualizar o diagn\u00f3stico ambiental do rio e, ao mesmo tempo, ampliar o di\u00e1logo com comunidades ribeirinhas, pescadores e autoridades municipais.<\/p>\n\n\n\n<p>O percurso passou pela regi\u00e3o da barragem de Manso e seguiu em dire\u00e7\u00e3o ao Pantanal, envolvendo munic\u00edpios como Ros\u00e1rio Oeste, Acorizal, Cuiab\u00e1, V\u00e1rzea Grande, Santo Ant\u00f4nio de Leverger, Bar\u00e3o de Melga\u00e7o e Pocon\u00e9, com encerramento em Porto Jofre.<\/p>\n\n\n\n<p>Durante a expedi\u00e7\u00e3o, o parlamentar voltou a ouvir os trabalhadores que vivem do rio e identificou dificuldades enfrentadas pelas comunidades ribeirinhas, refor\u00e7ando a necessidade de conciliar a preserva\u00e7\u00e3o ambiental com a garantia de condi\u00e7\u00f5es de trabalho e renda para as fam\u00edlias que dependem da pesca.<\/p>\n\n\n\n<p><strong>Revis\u00e3o &#8211; <\/strong>Quase tr\u00eas anos ap\u00f3s a entrada em vigor do Transporte Zero, a discuss\u00e3o sobre os efeitos da legisla\u00e7\u00e3o permanece aberta. Enquanto o fortalecimento da pesca esportiva e do turismo trouxe resultados positivos para parte da cadeia econ\u00f4mica e h\u00e1 estimativas de aumento dos estoques pesqueiros, pescadores profissionais relatam dificuldades decorrentes das restri\u00e7\u00f5es impostas \u00e0 atividade.<\/p>\n\n\n\n<p>Como presidente do Observat\u00f3rio da Pesca, Wilson Santos integra o grupo de trabalho formado por representantes da Assembleia Legislativa, Governo de Mato Grosso, pescadores, empres\u00e1rios e outros setores envolvidos na discuss\u00e3o. Ele defende uma reavalia\u00e7\u00e3o da legisla\u00e7\u00e3o e o aperfei\u00e7oamento das medidas previstas, de modo a garantir que a prote\u00e7\u00e3o dos rios e dos estoques pesqueiros tamb\u00e9m seja acompanhada de oportunidades e dignidade para as fam\u00edlias que dependem profissionalmente da pesca.<\/p>\n\n\n\n<p>Para o candidato, a experi\u00eancia acumulada desde 2019 demonstra a import\u00e2ncia de manter uma representa\u00e7\u00e3o permanente da categoria no Parlamento. Por isso, uma de suas principais propostas para a reelei\u00e7\u00e3o \u00e9 continuar presente nas col\u00f4nias e na Assembleia Legislativa, acompanhando de perto a realidade dos pescadores, defendendo os trabalhadores da pesca, cobrando as contrapartidas previstas na legisla\u00e7\u00e3o e buscando novas alternativas de renda para a categoria.<\/p>\n","protected":false},"excerpt":{"rendered":"<p>A defesa dos pescadores profissionais e artesanais se consolidou como uma das principais bandeiras da trajet\u00f3ria do candidato \u00e0 reelei\u00e7\u00e3o e deputado estadual Wilson Santos (PSD). Na manh\u00e3 desta ter\u00e7a-feira (1\u00ba), ele esteve na Col\u00f4nia de Pescadores Z-1, em Cuiab\u00e1, onde reafirmou o compromisso de continuar atuando em defesa da categoria que precisa de uma [&hellip;]<\/p>\n","protected":false},"author":4,"featured_media":3160,"comment_status":"closed","ping_status":"open","sticky":false,"template":"","format":"standard","meta":{"footnotes":""},"categories":[13],"tags":[],"yoast_head":"<!-- This site is optimized with the Yoast SEO Premium plugin v21.5 (Yoast SEO v21.4) - https:\/\/yoast.com\/wordpress\/plugins\/seo\/ -->\n<title>Com apoio dos pescadores, Wilson Santos quer devolver \u00e0 categoria o direito de exercer a profiss\u00e3o - wilsonsantosmt.com.br<\/title>\n<meta name=\"robots\" content=\"index, follow, max-snippet:-1, max-image-preview:large, max-video-preview:-1\" \/>\n<link rel=\"canonical\" href=\"https:\/\/wilsonsantosmt.com.br\/index.php\/2026\/09\/01\/com-apoio-dos-pescadores-wilson-santos-quer-manter-voz-ativa-na-defesa-da-categoria\/\" \/>\n<meta property=\"og:locale\" content=\"pt_BR\" \/>\n<meta property=\"og:type\" content=\"article\" \/>\n<meta property=\"og:title\" content=\"Com apoio dos pescadores, Wilson Santos quer devolver \u00e0 categoria o direito de exercer a profiss\u00e3o\" \/>\n<meta property=\"og:description\" content=\"A defesa dos pescadores profissionais e artesanais se consolidou como uma das principais bandeiras da trajet\u00f3ria do candidato \u00e0 reelei\u00e7\u00e3o e deputado estadual Wilson Santos (PSD). Na manh\u00e3 desta ter\u00e7a-feira (1\u00ba), ele esteve na Col\u00f4nia de Pescadores Z-1, em Cuiab\u00e1, onde reafirmou o compromisso de continuar atuando em defesa da categoria que precisa de uma [&hellip;]\" \/>\n<meta property=\"og:url\" content=\"https:\/\/wilsonsantosmt.com.br\/index.php\/2026\/09\/01\/com-apoio-dos-pescadores-wilson-santos-quer-manter-voz-ativa-na-defesa-da-categoria\/\" \/>\n<meta property=\"og:site_name\" content=\"wilsonsantosmt.com.br\" \/>\n<meta property=\"article:publisher\" content=\"https:\/\/www.facebook.com\/WilsonSantosMT\/\" \/>\n<meta property=\"article:published_time\" content=\"2026-09-01T18:24:41+00:00\" \/>\n<meta property=\"article:modified_time\" content=\"2026-09-01T18:48:18+00:00\" \/>\n<meta property=\"og:image\" content=\"http:\/\/wilsonsantosmt.com.br\/wp-content\/uploads\/2026\/09\/WhatsApp-Image-2026-09-01-at-11.09.31.jpeg\" \/>\n\t<meta property=\"og:image:width\" content=\"1280\" \/>\n\t<meta property=\"og:image:height\" content=\"720\" \/>\n\t<meta property=\"og:image:type\" content=\"image\/jpeg\" \/>\n<meta name=\"author\" content=\"Samantha dos Anjos\" \/>\n<meta name=\"twitter:card\" content=\"summary_large_image\" \/>\n<meta name=\"twitter:label1\" content=\"Escrito por\" \/>\n\t<meta name=\"twitter:data1\" content=\"Samantha dos Anjos\" \/>\n\t<meta name=\"twitter:label2\" content=\"Est. tempo de leitura\" \/>\n\t<meta name=\"twitter:data2\" content=\"5 minutos\" \/>\n<script type=\"application\/ld+json\" class=\"yoast-schema-graph\">{\"@context\":\"https:\/\/schema.org\",\"@graph\":[{\"@type\":\"Article\",\"@id\":\"https:\/\/wilsonsantosmt.com.br\/index.php\/2026\/09\/01\/com-apoio-dos-pescadores-wilson-santos-quer-manter-voz-ativa-na-defesa-da-categoria\/#article\",\"isPartOf\":{\"@id\":\"https:\/\/wilsonsantosmt.com.br\/index.php\/2026\/09\/01\/com-apoio-dos-pescadores-wilson-santos-quer-manter-voz-ativa-na-defesa-da-categoria\/\"},\"author\":{\"name\":\"Samantha dos Anjos\",\"@id\":\"https:\/\/wilsonsantosmt.com.br\/#\/schema\/person\/1d097ee45f526dd0455dbad8c679932c\"},\"headline\":\"Com apoio dos pescadores, Wilson Santos quer devolver \u00e0 categoria o direito de exercer a profiss\u00e3o\",\"datePublished\":\"2026-09-01T18:24:41+00:00\",\"dateModified\":\"2026-09-01T18:48:18+00:00\",\"mainEntityOfPage\":{\"@id\":\"https:\/\/wilsonsantosmt.com.br\/index.php\/2026\/09\/01\/com-apoio-dos-pescadores-wilson-santos-quer-manter-voz-ativa-na-defesa-da-categoria\/\"},\"wordCount\":866,\"publisher\":{\"@id\":\"https:\/\/wilsonsantosmt.com.br\/#\/schema\/person\/9de3c54961637a9eadb16bcbf895b1ef\"},\"articleSection\":[\"Not\u00edcias\"],\"inLanguage\":\"pt-BR\"},{\"@type\":\"WebPage\",\"@id\":\"https:\/\/wilsonsantosmt.com.br\/index.php\/2026\/09\/01\/com-apoio-dos-pescadores-wilson-santos-quer-manter-voz-ativa-na-defesa-da-categoria\/\",\"url\":\"https:\/\/wilsonsantosmt.com.br\/index.php\/2026\/09\/01\/com-apoio-dos-pescadores-wilson-santos-quer-manter-voz-ativa-na-defesa-da-categoria\/\",\"name\":\"Com apoio dos pescadores, Wilson Santos quer devolver \u00e0 categoria o direito de exercer a profiss\u00e3o - wilsonsantosmt.com.br\",\"isPartOf\":{\"@id\":\"https:\/\/wilsonsantosmt.com.br\/#website\"},\"datePublished\":\"2026-09-01T18:24:41+00:00\",\"dateModified\":\"2026-09-01T18:48:18+00:00\",\"breadcrumb\":{\"@id\":\"https:\/\/wilsonsantosmt.com.br\/index.php\/2026\/09\/01\/com-apoio-dos-pescadores-wilson-santos-quer-manter-voz-ativa-na-defesa-da-categoria\/#breadcrumb\"},\"inLanguage\":\"pt-BR\",\"potentialAction\":[{\"@type\":\"ReadAction\",\"target\":[\"https:\/\/wilsonsantosmt.com.br\/index.php\/2026\/09\/01\/com-apoio-dos-pescadores-wilson-santos-quer-manter-voz-ativa-na-defesa-da-categoria\/\"]}]},{\"@type\":\"BreadcrumbList\",\"@id\":\"https:\/\/wilsonsantosmt.com.br\/index.php\/2026\/09\/01\/com-apoio-dos-pescadores-wilson-santos-quer-manter-voz-ativa-na-defesa-da-categoria\/#breadcrumb\",\"itemListElement\":[{\"@type\":\"ListItem\",\"position\":1,\"name\":\"In\u00edcio\",\"item\":\"https:\/\/wilsonsantosmt.com.br\/\"},{\"@type\":\"ListItem\",\"position\":2,\"name\":\"Not\u00edcias\",\"item\":\"https:\/\/wilsonsantosmt.com.br\/index.php\/category\/noticias\/\"},{\"@type\":\"ListItem\",\"position\":3,\"name\":\"Com apoio dos pescadores, Wilson Santos quer devolver \u00e0 categoria o direito de exercer a profiss\u00e3o\"}]},{\"@type\":\"WebSite\",\"@id\":\"https:\/\/wilsonsantosmt.com.br\/#website\",\"url\":\"https:\/\/wilsonsantosmt.com.br\/\",\"name\":\"wilsonsantosmt.com.br\",\"description\":\"\",\"publisher\":{\"@id\":\"https:\/\/wilsonsantosmt.com.br\/#\/schema\/person\/9de3c54961637a9eadb16bcbf895b1ef\"},\"potentialAction\":[{\"@type\":\"SearchAction\",\"target\":{\"@type\":\"EntryPoint\",\"urlTemplate\":\"https:\/\/wilsonsantosmt.com.br\/?s={search_term_string}\"},\"query-input\":\"required name=search_term_string\"}],\"inLanguage\":\"pt-BR\"},{\"@type\":[\"Person\",\"Organization\"],\"@id\":\"https:\/\/wilsonsantosmt.com.br\/#\/schema\/person\/9de3c54961637a9eadb16bcbf895b1ef\",\"name\":\"Wilson Santos\",\"image\":{\"@type\":\"ImageObject\",\"inLanguage\":\"pt-BR\",\"@id\":\"https:\/\/wilsonsantosmt.com.br\/#\/schema\/person\/image\/\",\"url\":\"https:\/\/wilsonsantosmt.com.br\/wp-content\/uploads\/2023\/11\/310828673_653254583023360_8795459643194608438_n.jpg\",\"contentUrl\":\"https:\/\/wilsonsantosmt.com.br\/wp-content\/uploads\/2023\/11\/310828673_653254583023360_8795459643194608438_n.jpg\",\"width\":1078,\"height\":1079,\"caption\":\"Wilson Santos\"},\"logo\":{\"@id\":\"https:\/\/wilsonsantosmt.com.br\/#\/schema\/person\/image\/\"},\"sameAs\":[\"http:\/\/wilsonsantosmt.com.br\",\"https:\/\/www.facebook.com\/WilsonSantosMT\/\",\"https:\/\/www.instagram.com\/wilsonsantosmt\/\",\"https:\/\/www.youtube.com\/@WilsonSantosWS\/videos\",\"https:\/\/pt.wikipedia.org\/wiki\/Wilson_Santos\"],\"honorificPrefix\":\"Sr\",\"gender\":\"masculino\",\"jobTitle\":\"Deputado Estadual\",\"worksFor\":\"Assembleia Legislativa de Mato Grosso\"},{\"@type\":\"Person\",\"@id\":\"https:\/\/wilsonsantosmt.com.br\/#\/schema\/person\/1d097ee45f526dd0455dbad8c679932c\",\"name\":\"Samantha dos Anjos\",\"image\":{\"@type\":\"ImageObject\",\"inLanguage\":\"pt-BR\",\"@id\":\"https:\/\/wilsonsantosmt.com.br\/#\/schema\/person\/image\/\",\"url\":\"https:\/\/secure.gravatar.com\/avatar\/7d8d0b6dd67d134a9fa841bee90c57c7?s=96&d=mm&r=g\",\"contentUrl\":\"https:\/\/secure.gravatar.com\/avatar\/7d8d0b6dd67d134a9fa841bee90c57c7?s=96&d=mm&r=g\",\"caption\":\"Samantha dos Anjos\"},\"url\":\"https:\/\/wilsonsantosmt.com.br\/index.php\/author\/samantha-dos-anjos\/\"}]}<\/script>\n<!-- \/ Yoast SEO Premium plugin. -->","yoast_head_json":{"title":"Com apoio dos pescadores, Wilson Santos quer devolver \u00e0 categoria o direito de exercer a profiss\u00e3o - wilsonsantosmt.com.br","robots":{"index":"index","follow":"follow","max-snippet":"max-snippet:-1","max-image-preview":"max-image-preview:large","max-video-preview":"max-video-preview:-1"},"canonical":"https:\/\/wilsonsantosmt.com.br\/index.php\/2026\/09\/01\/com-apoio-dos-pescadores-wilson-santos-quer-manter-voz-ativa-na-defesa-da-categoria\/","og_locale":"pt_BR","og_type":"article","og_title":"Com apoio dos pescadores, Wilson Santos quer devolver \u00e0 categoria o direito de exercer a profiss\u00e3o","og_description":"A defesa dos pescadores profissionais e artesanais se consolidou como uma das principais bandeiras da trajet\u00f3ria do candidato \u00e0 reelei\u00e7\u00e3o e deputado estadual Wilson Santos (PSD). Na manh\u00e3 desta ter\u00e7a-feira (1\u00ba), ele esteve na Col\u00f4nia de Pescadores Z-1, em Cuiab\u00e1, onde reafirmou o compromisso de continuar atuando em defesa da categoria que precisa de uma [&hellip;]","og_url":"https:\/\/wilsonsantosmt.com.br\/index.php\/2026\/09\/01\/com-apoio-dos-pescadores-wilson-santos-quer-manter-voz-ativa-na-defesa-da-categoria\/","og_site_name":"wilsonsantosmt.com.br","article_publisher":"https:\/\/www.facebook.com\/WilsonSantosMT\/","article_published_time":"2026-09-01T18:24:41+00:00","article_modified_time":"2026-09-01T18:48:18+00:00","og_image":[{"width":1280,"height":720,"url":"http:\/\/wilsonsantosmt.com.br\/wp-content\/uploads\/2026\/09\/WhatsApp-Image-2026-09-01-at-11.09.31.jpeg","type":"image\/jpeg"}],"author":"Samantha dos Anjos","twitter_card":"summary_large_image","twitter_misc":{"Escrito por":"Samantha dos Anjos","Est. tempo de leitura":"5 minutos"},"schema":{"@context":"https:\/\/schema.org","@graph":[{"@type":"Article","@id":"https:\/\/wilsonsantosmt.com.br\/index.php\/2026\/09\/01\/com-apoio-dos-pescadores-wilson-santos-quer-manter-voz-ativa-na-defesa-da-categoria\/#article","isPartOf":{"@id":"https:\/\/wilsonsantosmt.com.br\/index.php\/2026\/09\/01\/com-apoio-dos-pescadores-wilson-santos-quer-manter-voz-ativa-na-defesa-da-categoria\/"},"author":{"name":"Samantha dos Anjos","@id":"https:\/\/wilsonsantosmt.com.br\/#\/schema\/person\/1d097ee45f526dd0455dbad8c679932c"},"headline":"Com apoio dos pescadores, Wilson Santos quer devolver \u00e0 categoria o direito de exercer a profiss\u00e3o","datePublished":"2026-09-01T18:24:41+00:00","dateModified":"2026-09-01T18:48:18+00:00","mainEntityOfPage":{"@id":"https:\/\/wilsonsantosmt.com.br\/index.php\/2026\/09\/01\/com-apoio-dos-pescadores-wilson-santos-quer-manter-voz-ativa-na-defesa-da-categoria\/"},"wordCount":866,"publisher":{"@id":"https:\/\/wilsonsantosmt.com.br\/#\/schema\/person\/9de3c54961637a9eadb16bcbf895b1ef"},"articleSection":["Not\u00edcias"],"inLanguage":"pt-BR"},{"@type":"WebPage","@id":"https:\/\/wilsonsantosmt.com.br\/index.php\/2026\/09\/01\/com-apoio-dos-pescadores-wilson-santos-quer-manter-voz-ativa-na-defesa-da-categoria\/","url":"https:\/\/wilsonsantosmt.com.br\/index.php\/2026\/09\/01\/com-apoio-dos-pescadores-wilson-santos-quer-manter-voz-ativa-na-defesa-da-categoria\/","name":"Com apoio dos pescadores, Wilson Santos quer devolver \u00e0 categoria o direito de exercer a profiss\u00e3o - wilsonsantosmt.com.br","isPartOf":{"@id":"https:\/\/wilsonsantosmt.com.br\/#website"},"datePublished":"2026-09-01T18:24:41+00:00","dateModified":"2026-09-01T18:48:18+00:00","breadcrumb":{"@id":"https:\/\/wilsonsantosmt.com.br\/index.php\/2026\/09\/01\/com-apoio-dos-pescadores-wilson-santos-quer-manter-voz-ativa-na-defesa-da-categoria\/#breadcrumb"},"inLanguage":"pt-BR","potentialAction":[{"@type":"ReadAction","target":["https:\/\/wilsonsantosmt.com.br\/index.php\/2026\/09\/01\/com-apoio-dos-pescadores-wilson-santos-quer-manter-voz-ativa-na-defesa-da-categoria\/"]}]},{"@type":"BreadcrumbList","@id":"https:\/\/wilsonsantosmt.com.br\/index.php\/2026\/09\/01\/com-apoio-dos-pescadores-wilson-santos-quer-manter-voz-ativa-na-defesa-da-categoria\/#breadcrumb","itemListElement":[{"@type":"ListItem","position":1,"name":"In\u00edcio","item":"https:\/\/wilsonsantosmt.com.br\/"},{"@type":"ListItem","position":2,"name":"Not\u00edcias","item":"https:\/\/wilsonsantosmt.com.br\/index.php\/category\/noticias\/"},{"@type":"ListItem","position":3,"name":"Com apoio dos pescadores, Wilson Santos quer devolver \u00e0 categoria o direito de exercer a profiss\u00e3o"}]},{"@type":"WebSite","@id":"https:\/\/wilsonsantosmt.com.br\/#website","url":"https:\/\/wilsonsantosmt.com.br\/","name":"wilsonsantosmt.com.br","description":"","publisher":{"@id":"https:\/\/wilsonsantosmt.com.br\/#\/schema\/person\/9de3c54961637a9eadb16bcbf895b1ef"},"potentialAction":[{"@type":"SearchAction","target":{"@type":"EntryPoint","urlTemplate":"https:\/\/wilsonsantosmt.com.br\/?s={search_term_string}"},"query-input":"required name=search_term_string"}],"inLanguage":"pt-BR"},{"@type":["Person","Organization"],"@id":"https:\/\/wilsonsantosmt.com.br\/#\/schema\/person\/9de3c54961637a9eadb16bcbf895b1ef","name":"Wilson Santos","image":{"@type":"ImageObject","inLanguage":"pt-BR","@id":"https:\/\/wilsonsantosmt.com.br\/#\/schema\/person\/image\/","url":"https:\/\/wilsonsantosmt.com.br\/wp-content\/uploads\/2023\/11\/310828673_653254583023360_8795459643194608438_n.jpg","contentUrl":"https:\/\/wilsonsantosmt.com.br\/wp-content\/uploads\/2023\/11\/310828673_653254583023360_8795459643194608438_n.jpg","width":1078,"height":1079,"caption":"Wilson Santos"},"logo":{"@id":"https:\/\/wilsonsantosmt.com.br\/#\/schema\/person\/image\/"},"sameAs":["http:\/\/wilsonsantosmt.com.br","https:\/\/www.facebook.com\/WilsonSantosMT\/","https:\/\/www.instagram.com\/wilsonsantosmt\/","https:\/\/www.youtube.com\/@WilsonSantosWS\/videos","https:\/\/pt.wikipedia.org\/wiki\/Wilson_Santos"],"honorificPrefix":"Sr","gender":"masculino","jobTitle":"Deputado Estadual","worksFor":"Assembleia Legislativa de Mato Grosso"},{"@type":"Person","@id":"https:\/\/wilsonsantosmt.com.br\/#\/schema\/person\/1d097ee45f526dd0455dbad8c679932c","name":"Samantha dos Anjos","image":{"@type":"ImageObject","inLanguage":"pt-BR","@id":"https:\/\/wilsonsantosmt.com.br\/#\/schema\/person\/image\/","url":"https:\/\/secure.gravatar.com\/avatar\/7d8d0b6dd67d134a9fa841bee90c57c7?s=96&d=mm&r=g","contentUrl":"https:\/\/secure.gravatar.com\/avatar\/7d8d0b6dd67d134a9fa841bee90c57c7?s=96&d=mm&r=g","caption":"Samantha dos Anjos"},"url":"https:\/\/wilsonsantosmt.com.br\/index.php\/author\/samantha-dos-anjos\/"}]}},"_links":{"self":[{"href":"https:\/\/wilsonsantosmt.com.br\/index.php\/wp-json\/wp\/v2\/posts\/3159"}],"collection":[{"href":"https:\/\/wilsonsantosmt.com.br\/index.php\/wp-json\/wp\/v2\/posts"}],"about":[{"href":"https:\/\/wilsonsantosmt.com.br\/index.php\/wp-json\/wp\/v2\/types\/post"}],"author":[{"embeddable":true,"href":"https:\/\/wilsonsantosmt.com.br\/index.php\/wp-json\/wp\/v2\/users\/4"}],"replies":[{"embeddable":true,"href":"https:\/\/wilsonsantosmt.com.br\/index.php\/wp-json\/wp\/v2\/comments?post=3159"}],"version-history":[{"count":2,"href":"https:\/\/wilsonsantosmt.com.br\/index.php\/wp-json\/wp\/v2\/posts\/3159\/revisions"}],"predecessor-version":[{"id":3164,"href":"https:\/\/wilsonsantosmt.com.br\/index.php\/wp-json\/wp\/v2\/posts\/3159\/revisions\/3164"}],"wp:featuredmedia":[{"embeddable":true,"href":"https:\/\/wilsonsantosmt.com.br\/index.php\/wp-json\/wp\/v2\/media\/3160"}],"wp:attachment":[{"href":"https:\/\/wilsonsantosmt.com.br\/index.php\/wp-json\/wp\/v2\/media?parent=3159"}],"wp:term":[{"taxonomy":"category","embeddable":true,"href":"https:\/\/wilsonsantosmt.com.br\/index.php\/wp-json\/wp\/v2\/categories?post=3159"},{"taxonomy":"post_tag","embeddable":true,"href":"https:\/\/wilsonsantosmt.com.br\/index.php\/wp-json\/wp\/v2\/tags?post=3159"}],"curies":[{"name":"wp","href":"https:\/\/api.w.org\/{rel}","templated":true}]}}