{"id":3172,"date":"2026-09-03T17:01:40","date_gmt":"2026-09-03T21:01:40","guid":{"rendered":"https:\/\/wilsonsantosmt.com.br\/?p=3172"},"modified":"2026-09-03T17:01:40","modified_gmt":"2026-09-03T21:01:40","slug":"wilson-santos-reafirma-voto-favoravel-ao-reajuste-de-68-para-recomposicao-salarial-dos-servidores-do-tj","status":"publish","type":"post","link":"https:\/\/wilsonsantosmt.com.br\/index.php\/2026\/09\/03\/wilson-santos-reafirma-voto-favoravel-ao-reajuste-de-68-para-recomposicao-salarial-dos-servidores-do-tj\/","title":{"rendered":"Wilson Santos reafirma voto favor\u00e1vel ao reajuste de 6,8% para recomposi\u00e7\u00e3o salarial dos servidores do TJ"},"content":{"rendered":"\n<p>DECIS\u00c3O JUDICIAL<\/p>\n\n\n\n<p><\/p>\n\n\n\n<p>O deputado estadual Wilson Santos (PSD) voltou a defender os servidores p\u00fablicos e o respeito \u00e0 autonomia dos poderes ao se posicionar, nesta quarta-feira (2), durante sess\u00e3o plen\u00e1ria da Assembleia Legislativa de Mato Grosso, sobre o reajuste salarial de 6,8% da categoria do Tribunal de Justi\u00e7a de Mato Grosso (TJMT). Ele pediu que os parlamentares cumpram a decis\u00e3o do Judici\u00e1rio, por meio do desembargador M\u00e1rcio Vidal, que anulou a vota\u00e7\u00e3o secreta realizada em dezembro de 2025 sobre o veto ao Projeto de Lei n\u00ba 1.398\/2025 e determinou uma nova aprecia\u00e7\u00e3o da mat\u00e9ria, desta vez com voto aberto e nominal.<\/p>\n\n\n\n<p>A mat\u00e9ria, de autoria do pr\u00f3prio TJMT, foi aprovada por unanimidade pelos deputados estaduais em novembro do ano passado, mas acabou integralmente vetada pelo ent\u00e3o governador Mauro Mendes no m\u00eas seguinte. Na aprecia\u00e7\u00e3o do veto, os parlamentares decidiram pela sua manuten\u00e7\u00e3o por 12 votos a 10, em vota\u00e7\u00e3o secreta. O procedimento havia sido questionado na Justi\u00e7a pelo Sindicato dos Servidores do Poder Judici\u00e1rio de Mato Grosso (Sinjusmat).<\/p>\n\n\n\n<p>Wilson Santos refor\u00e7ou que considera leg\u00edtimo o reajuste e que sua posi\u00e7\u00e3o permanece favor\u00e1vel ao projeto, por considerar que \u00e9 uma recomposi\u00e7\u00e3o salarial justa aos servidores, j\u00e1 que a proposta est\u00e1 relacionada \u00e0 autonomia administrativa, financeira e or\u00e7ament\u00e1ria do pr\u00f3prio Tribunal de Justi\u00e7a. Ele destacou que os recursos necess\u00e1rios para o reajuste s\u00e3o do or\u00e7amento do Judici\u00e1rio e n\u00e3o representam transfer\u00eancia ou suplementa\u00e7\u00e3o de recursos do Poder Executivo.<\/p>\n\n\n\n<p>\u201cEu quero fazer um apelo a toda a mesa diretora da Assembleia Legislativa, que n\u00f3s tenhamos obedi\u00eancia \u00e0 determina\u00e7\u00e3o recente do Tribunal de Justi\u00e7a que j\u00e1 determinou a esta Casa de Leis, a nulidade daquela vota\u00e7\u00e3o secreta e que n\u00f3s fa\u00e7amos a aprecia\u00e7\u00e3o daquele veto novamente em plen\u00e1rio, desta vez com o voto aberto. Detalhe: o dinheiro \u00e9 do Tribunal de Justi\u00e7a. Detalhe: estava previsto no or\u00e7amento do Judici\u00e1rio\u201d, posicionou o deputado no plen\u00e1rio.<\/p>\n\n\n\n<p>Ao final do pronunciamento, Wilson Santos tamb\u00e9m defendeu que a decis\u00e3o judicial seja respeitada para preservar a rela\u00e7\u00e3o institucional entre os poderes. \u201cObede\u00e7amos, cumpramos, respeitemos um outro poder para que amanh\u00e3 uma decis\u00e3o do poder legislativo n\u00e3o seja tamb\u00e9m desrespeitada e descumprida\u201d, declarou.<\/p>\n\n\n\n<p>O projeto prev\u00ea o reajuste de 6,8% como recomposi\u00e7\u00e3o parcial das perdas inflacion\u00e1rias acumuladas e beneficiar\u00e1 aproximadamente 3,5 mil servidores efetivos, com impacto estimado em R$ 42 milh\u00f5es, conforme os dados apresentados durante a tramita\u00e7\u00e3o da proposta no ano passado. Agora, os deputados dever\u00e3o se posicionar novamente, desta vez de forma aberta, sobre a manuten\u00e7\u00e3o ou rejei\u00e7\u00e3o do veto ao reajuste dos servidores do Tribunal de Justi\u00e7a.<\/p>\n","protected":false},"excerpt":{"rendered":"<p>DECIS\u00c3O JUDICIAL O deputado estadual Wilson Santos (PSD) voltou a defender os servidores p\u00fablicos e o respeito \u00e0 autonomia dos poderes ao se posicionar, nesta quarta-feira (2), durante sess\u00e3o plen\u00e1ria da Assembleia Legislativa de Mato Grosso, sobre o reajuste salarial de 6,8% da categoria do Tribunal de Justi\u00e7a de Mato Grosso (TJMT). Ele pediu que [&hellip;]<\/p>\n","protected":false},"author":4,"featured_media":3173,"comment_status":"closed","ping_status":"open","sticky":false,"template":"","format":"standard","meta":{"footnotes":""},"categories":[13],"tags":[],"yoast_head":"<!-- This site is optimized with the Yoast SEO Premium plugin v21.5 (Yoast SEO v21.4) - https:\/\/yoast.com\/wordpress\/plugins\/seo\/ -->\n<title>Wilson Santos reafirma voto favor\u00e1vel ao reajuste de 6,8% para recomposi\u00e7\u00e3o salarial dos servidores do TJ - wilsonsantosmt.com.br<\/title>\n<meta name=\"robots\" content=\"index, follow, max-snippet:-1, max-image-preview:large, max-video-preview:-1\" \/>\n<link rel=\"canonical\" href=\"https:\/\/wilsonsantosmt.com.br\/index.php\/2026\/09\/03\/wilson-santos-reafirma-voto-favoravel-ao-reajuste-de-68-para-recomposicao-salarial-dos-servidores-do-tj\/\" \/>\n<meta property=\"og:locale\" content=\"pt_BR\" \/>\n<meta property=\"og:type\" content=\"article\" \/>\n<meta property=\"og:title\" content=\"Wilson Santos reafirma voto favor\u00e1vel ao reajuste de 6,8% para recomposi\u00e7\u00e3o salarial dos servidores do TJ\" \/>\n<meta property=\"og:description\" content=\"DECIS\u00c3O JUDICIAL O deputado estadual Wilson Santos (PSD) voltou a defender os servidores p\u00fablicos e o respeito \u00e0 autonomia dos poderes ao se posicionar, nesta quarta-feira (2), durante sess\u00e3o plen\u00e1ria da Assembleia Legislativa de Mato Grosso, sobre o reajuste salarial de 6,8% da categoria do Tribunal de Justi\u00e7a de Mato Grosso (TJMT). Ele pediu que [&hellip;]\" \/>\n<meta property=\"og:url\" content=\"https:\/\/wilsonsantosmt.com.br\/index.php\/2026\/09\/03\/wilson-santos-reafirma-voto-favoravel-ao-reajuste-de-68-para-recomposicao-salarial-dos-servidores-do-tj\/\" \/>\n<meta property=\"og:site_name\" content=\"wilsonsantosmt.com.br\" \/>\n<meta property=\"article:publisher\" content=\"https:\/\/www.facebook.com\/WilsonSantosMT\/\" \/>\n<meta property=\"article:published_time\" content=\"2026-09-03T21:01:40+00:00\" \/>\n<meta property=\"og:image\" content=\"http:\/\/wilsonsantosmt.com.br\/wp-content\/uploads\/2026\/09\/ce5ec8b5a7f5adda2655cfc5901f896868657de37c21d.jpg\" \/>\n\t<meta property=\"og:image:width\" content=\"1600\" \/>\n\t<meta property=\"og:image:height\" content=\"1067\" \/>\n\t<meta property=\"og:image:type\" content=\"image\/jpeg\" \/>\n<meta name=\"author\" content=\"Samantha dos Anjos\" \/>\n<meta name=\"twitter:card\" content=\"summary_large_image\" \/>\n<meta name=\"twitter:label1\" content=\"Escrito por\" \/>\n\t<meta name=\"twitter:data1\" content=\"Samantha dos Anjos\" \/>\n\t<meta name=\"twitter:label2\" content=\"Est. tempo de leitura\" \/>\n\t<meta name=\"twitter:data2\" content=\"3 minutos\" \/>\n<script type=\"application\/ld+json\" class=\"yoast-schema-graph\">{\"@context\":\"https:\/\/schema.org\",\"@graph\":[{\"@type\":\"Article\",\"@id\":\"https:\/\/wilsonsantosmt.com.br\/index.php\/2026\/09\/03\/wilson-santos-reafirma-voto-favoravel-ao-reajuste-de-68-para-recomposicao-salarial-dos-servidores-do-tj\/#article\",\"isPartOf\":{\"@id\":\"https:\/\/wilsonsantosmt.com.br\/index.php\/2026\/09\/03\/wilson-santos-reafirma-voto-favoravel-ao-reajuste-de-68-para-recomposicao-salarial-dos-servidores-do-tj\/\"},\"author\":{\"name\":\"Samantha dos Anjos\",\"@id\":\"https:\/\/wilsonsantosmt.com.br\/#\/schema\/person\/1d097ee45f526dd0455dbad8c679932c\"},\"headline\":\"Wilson Santos reafirma voto favor\u00e1vel ao reajuste de 6,8% para recomposi\u00e7\u00e3o salarial dos servidores do TJ\",\"datePublished\":\"2026-09-03T21:01:40+00:00\",\"dateModified\":\"2026-09-03T21:01:40+00:00\",\"mainEntityOfPage\":{\"@id\":\"https:\/\/wilsonsantosmt.com.br\/index.php\/2026\/09\/03\/wilson-santos-reafirma-voto-favoravel-ao-reajuste-de-68-para-recomposicao-salarial-dos-servidores-do-tj\/\"},\"wordCount\":487,\"publisher\":{\"@id\":\"https:\/\/wilsonsantosmt.com.br\/#\/schema\/person\/9de3c54961637a9eadb16bcbf895b1ef\"},\"articleSection\":[\"Not\u00edcias\"],\"inLanguage\":\"pt-BR\"},{\"@type\":\"WebPage\",\"@id\":\"https:\/\/wilsonsantosmt.com.br\/index.php\/2026\/09\/03\/wilson-santos-reafirma-voto-favoravel-ao-reajuste-de-68-para-recomposicao-salarial-dos-servidores-do-tj\/\",\"url\":\"https:\/\/wilsonsantosmt.com.br\/index.php\/2026\/09\/03\/wilson-santos-reafirma-voto-favoravel-ao-reajuste-de-68-para-recomposicao-salarial-dos-servidores-do-tj\/\",\"name\":\"Wilson Santos reafirma voto favor\u00e1vel ao reajuste de 6,8% para recomposi\u00e7\u00e3o salarial dos servidores do TJ - wilsonsantosmt.com.br\",\"isPartOf\":{\"@id\":\"https:\/\/wilsonsantosmt.com.br\/#website\"},\"datePublished\":\"2026-09-03T21:01:40+00:00\",\"dateModified\":\"2026-09-03T21:01:40+00:00\",\"breadcrumb\":{\"@id\":\"https:\/\/wilsonsantosmt.com.br\/index.php\/2026\/09\/03\/wilson-santos-reafirma-voto-favoravel-ao-reajuste-de-68-para-recomposicao-salarial-dos-servidores-do-tj\/#breadcrumb\"},\"inLanguage\":\"pt-BR\",\"potentialAction\":[{\"@type\":\"ReadAction\",\"target\":[\"https:\/\/wilsonsantosmt.com.br\/index.php\/2026\/09\/03\/wilson-santos-reafirma-voto-favoravel-ao-reajuste-de-68-para-recomposicao-salarial-dos-servidores-do-tj\/\"]}]},{\"@type\":\"BreadcrumbList\",\"@id\":\"https:\/\/wilsonsantosmt.com.br\/index.php\/2026\/09\/03\/wilson-santos-reafirma-voto-favoravel-ao-reajuste-de-68-para-recomposicao-salarial-dos-servidores-do-tj\/#breadcrumb\",\"itemListElement\":[{\"@type\":\"ListItem\",\"position\":1,\"name\":\"In\u00edcio\",\"item\":\"https:\/\/wilsonsantosmt.com.br\/\"},{\"@type\":\"ListItem\",\"position\":2,\"name\":\"Not\u00edcias\",\"item\":\"https:\/\/wilsonsantosmt.com.br\/index.php\/category\/noticias\/\"},{\"@type\":\"ListItem\",\"position\":3,\"name\":\"Wilson Santos reafirma voto favor\u00e1vel ao reajuste de 6,8% para recomposi\u00e7\u00e3o salarial dos servidores do TJ\"}]},{\"@type\":\"WebSite\",\"@id\":\"https:\/\/wilsonsantosmt.com.br\/#website\",\"url\":\"https:\/\/wilsonsantosmt.com.br\/\",\"name\":\"wilsonsantosmt.com.br\",\"description\":\"\",\"publisher\":{\"@id\":\"https:\/\/wilsonsantosmt.com.br\/#\/schema\/person\/9de3c54961637a9eadb16bcbf895b1ef\"},\"potentialAction\":[{\"@type\":\"SearchAction\",\"target\":{\"@type\":\"EntryPoint\",\"urlTemplate\":\"https:\/\/wilsonsantosmt.com.br\/?s={search_term_string}\"},\"query-input\":\"required name=search_term_string\"}],\"inLanguage\":\"pt-BR\"},{\"@type\":[\"Person\",\"Organization\"],\"@id\":\"https:\/\/wilsonsantosmt.com.br\/#\/schema\/person\/9de3c54961637a9eadb16bcbf895b1ef\",\"name\":\"Wilson Santos\",\"image\":{\"@type\":\"ImageObject\",\"inLanguage\":\"pt-BR\",\"@id\":\"https:\/\/wilsonsantosmt.com.br\/#\/schema\/person\/image\/\",\"url\":\"https:\/\/wilsonsantosmt.com.br\/wp-content\/uploads\/2023\/11\/310828673_653254583023360_8795459643194608438_n.jpg\",\"contentUrl\":\"https:\/\/wilsonsantosmt.com.br\/wp-content\/uploads\/2023\/11\/310828673_653254583023360_8795459643194608438_n.jpg\",\"width\":1078,\"height\":1079,\"caption\":\"Wilson Santos\"},\"logo\":{\"@id\":\"https:\/\/wilsonsantosmt.com.br\/#\/schema\/person\/image\/\"},\"sameAs\":[\"http:\/\/wilsonsantosmt.com.br\",\"https:\/\/www.facebook.com\/WilsonSantosMT\/\",\"https:\/\/www.instagram.com\/wilsonsantosmt\/\",\"https:\/\/www.youtube.com\/@WilsonSantosWS\/videos\",\"https:\/\/pt.wikipedia.org\/wiki\/Wilson_Santos\"],\"honorificPrefix\":\"Sr\",\"gender\":\"masculino\",\"jobTitle\":\"Deputado Estadual\",\"worksFor\":\"Assembleia Legislativa de Mato Grosso\"},{\"@type\":\"Person\",\"@id\":\"https:\/\/wilsonsantosmt.com.br\/#\/schema\/person\/1d097ee45f526dd0455dbad8c679932c\",\"name\":\"Samantha dos Anjos\",\"image\":{\"@type\":\"ImageObject\",\"inLanguage\":\"pt-BR\",\"@id\":\"https:\/\/wilsonsantosmt.com.br\/#\/schema\/person\/image\/\",\"url\":\"https:\/\/secure.gravatar.com\/avatar\/7d8d0b6dd67d134a9fa841bee90c57c7?s=96&d=mm&r=g\",\"contentUrl\":\"https:\/\/secure.gravatar.com\/avatar\/7d8d0b6dd67d134a9fa841bee90c57c7?s=96&d=mm&r=g\",\"caption\":\"Samantha dos Anjos\"},\"url\":\"https:\/\/wilsonsantosmt.com.br\/index.php\/author\/samantha-dos-anjos\/\"}]}<\/script>\n<!-- \/ Yoast SEO Premium plugin. -->","yoast_head_json":{"title":"Wilson Santos reafirma voto favor\u00e1vel ao reajuste de 6,8% para recomposi\u00e7\u00e3o salarial dos servidores do TJ - wilsonsantosmt.com.br","robots":{"index":"index","follow":"follow","max-snippet":"max-snippet:-1","max-image-preview":"max-image-preview:large","max-video-preview":"max-video-preview:-1"},"canonical":"https:\/\/wilsonsantosmt.com.br\/index.php\/2026\/09\/03\/wilson-santos-reafirma-voto-favoravel-ao-reajuste-de-68-para-recomposicao-salarial-dos-servidores-do-tj\/","og_locale":"pt_BR","og_type":"article","og_title":"Wilson Santos reafirma voto favor\u00e1vel ao reajuste de 6,8% para recomposi\u00e7\u00e3o salarial dos servidores do TJ","og_description":"DECIS\u00c3O JUDICIAL O deputado estadual Wilson Santos (PSD) voltou a defender os servidores p\u00fablicos e o respeito \u00e0 autonomia dos poderes ao se posicionar, nesta quarta-feira (2), durante sess\u00e3o plen\u00e1ria da Assembleia Legislativa de Mato Grosso, sobre o reajuste salarial de 6,8% da categoria do Tribunal de Justi\u00e7a de Mato Grosso (TJMT). Ele pediu que [&hellip;]","og_url":"https:\/\/wilsonsantosmt.com.br\/index.php\/2026\/09\/03\/wilson-santos-reafirma-voto-favoravel-ao-reajuste-de-68-para-recomposicao-salarial-dos-servidores-do-tj\/","og_site_name":"wilsonsantosmt.com.br","article_publisher":"https:\/\/www.facebook.com\/WilsonSantosMT\/","article_published_time":"2026-09-03T21:01:40+00:00","og_image":[{"width":1600,"height":1067,"url":"http:\/\/wilsonsantosmt.com.br\/wp-content\/uploads\/2026\/09\/ce5ec8b5a7f5adda2655cfc5901f896868657de37c21d.jpg","type":"image\/jpeg"}],"author":"Samantha dos Anjos","twitter_card":"summary_large_image","twitter_misc":{"Escrito por":"Samantha dos Anjos","Est. tempo de leitura":"3 minutos"},"schema":{"@context":"https:\/\/schema.org","@graph":[{"@type":"Article","@id":"https:\/\/wilsonsantosmt.com.br\/index.php\/2026\/09\/03\/wilson-santos-reafirma-voto-favoravel-ao-reajuste-de-68-para-recomposicao-salarial-dos-servidores-do-tj\/#article","isPartOf":{"@id":"https:\/\/wilsonsantosmt.com.br\/index.php\/2026\/09\/03\/wilson-santos-reafirma-voto-favoravel-ao-reajuste-de-68-para-recomposicao-salarial-dos-servidores-do-tj\/"},"author":{"name":"Samantha dos Anjos","@id":"https:\/\/wilsonsantosmt.com.br\/#\/schema\/person\/1d097ee45f526dd0455dbad8c679932c"},"headline":"Wilson Santos reafirma voto favor\u00e1vel ao reajuste de 6,8% para recomposi\u00e7\u00e3o salarial dos servidores do TJ","datePublished":"2026-09-03T21:01:40+00:00","dateModified":"2026-09-03T21:01:40+00:00","mainEntityOfPage":{"@id":"https:\/\/wilsonsantosmt.com.br\/index.php\/2026\/09\/03\/wilson-santos-reafirma-voto-favoravel-ao-reajuste-de-68-para-recomposicao-salarial-dos-servidores-do-tj\/"},"wordCount":487,"publisher":{"@id":"https:\/\/wilsonsantosmt.com.br\/#\/schema\/person\/9de3c54961637a9eadb16bcbf895b1ef"},"articleSection":["Not\u00edcias"],"inLanguage":"pt-BR"},{"@type":"WebPage","@id":"https:\/\/wilsonsantosmt.com.br\/index.php\/2026\/09\/03\/wilson-santos-reafirma-voto-favoravel-ao-reajuste-de-68-para-recomposicao-salarial-dos-servidores-do-tj\/","url":"https:\/\/wilsonsantosmt.com.br\/index.php\/2026\/09\/03\/wilson-santos-reafirma-voto-favoravel-ao-reajuste-de-68-para-recomposicao-salarial-dos-servidores-do-tj\/","name":"Wilson Santos reafirma voto favor\u00e1vel ao reajuste de 6,8% para recomposi\u00e7\u00e3o salarial dos servidores do TJ - wilsonsantosmt.com.br","isPartOf":{"@id":"https:\/\/wilsonsantosmt.com.br\/#website"},"datePublished":"2026-09-03T21:01:40+00:00","dateModified":"2026-09-03T21:01:40+00:00","breadcrumb":{"@id":"https:\/\/wilsonsantosmt.com.br\/index.php\/2026\/09\/03\/wilson-santos-reafirma-voto-favoravel-ao-reajuste-de-68-para-recomposicao-salarial-dos-servidores-do-tj\/#breadcrumb"},"inLanguage":"pt-BR","potentialAction":[{"@type":"ReadAction","target":["https:\/\/wilsonsantosmt.com.br\/index.php\/2026\/09\/03\/wilson-santos-reafirma-voto-favoravel-ao-reajuste-de-68-para-recomposicao-salarial-dos-servidores-do-tj\/"]}]},{"@type":"BreadcrumbList","@id":"https:\/\/wilsonsantosmt.com.br\/index.php\/2026\/09\/03\/wilson-santos-reafirma-voto-favoravel-ao-reajuste-de-68-para-recomposicao-salarial-dos-servidores-do-tj\/#breadcrumb","itemListElement":[{"@type":"ListItem","position":1,"name":"In\u00edcio","item":"https:\/\/wilsonsantosmt.com.br\/"},{"@type":"ListItem","position":2,"name":"Not\u00edcias","item":"https:\/\/wilsonsantosmt.com.br\/index.php\/category\/noticias\/"},{"@type":"ListItem","position":3,"name":"Wilson Santos reafirma voto favor\u00e1vel ao reajuste de 6,8% para recomposi\u00e7\u00e3o salarial dos servidores do TJ"}]},{"@type":"WebSite","@id":"https:\/\/wilsonsantosmt.com.br\/#website","url":"https:\/\/wilsonsantosmt.com.br\/","name":"wilsonsantosmt.com.br","description":"","publisher":{"@id":"https:\/\/wilsonsantosmt.com.br\/#\/schema\/person\/9de3c54961637a9eadb16bcbf895b1ef"},"potentialAction":[{"@type":"SearchAction","target":{"@type":"EntryPoint","urlTemplate":"https:\/\/wilsonsantosmt.com.br\/?s={search_term_string}"},"query-input":"required name=search_term_string"}],"inLanguage":"pt-BR"},{"@type":["Person","Organization"],"@id":"https:\/\/wilsonsantosmt.com.br\/#\/schema\/person\/9de3c54961637a9eadb16bcbf895b1ef","name":"Wilson Santos","image":{"@type":"ImageObject","inLanguage":"pt-BR","@id":"https:\/\/wilsonsantosmt.com.br\/#\/schema\/person\/image\/","url":"https:\/\/wilsonsantosmt.com.br\/wp-content\/uploads\/2023\/11\/310828673_653254583023360_8795459643194608438_n.jpg","contentUrl":"https:\/\/wilsonsantosmt.com.br\/wp-content\/uploads\/2023\/11\/310828673_653254583023360_8795459643194608438_n.jpg","width":1078,"height":1079,"caption":"Wilson Santos"},"logo":{"@id":"https:\/\/wilsonsantosmt.com.br\/#\/schema\/person\/image\/"},"sameAs":["http:\/\/wilsonsantosmt.com.br","https:\/\/www.facebook.com\/WilsonSantosMT\/","https:\/\/www.instagram.com\/wilsonsantosmt\/","https:\/\/www.youtube.com\/@WilsonSantosWS\/videos","https:\/\/pt.wikipedia.org\/wiki\/Wilson_Santos"],"honorificPrefix":"Sr","gender":"masculino","jobTitle":"Deputado Estadual","worksFor":"Assembleia Legislativa de Mato Grosso"},{"@type":"Person","@id":"https:\/\/wilsonsantosmt.com.br\/#\/schema\/person\/1d097ee45f526dd0455dbad8c679932c","name":"Samantha dos Anjos","image":{"@type":"ImageObject","inLanguage":"pt-BR","@id":"https:\/\/wilsonsantosmt.com.br\/#\/schema\/person\/image\/","url":"https:\/\/secure.gravatar.com\/avatar\/7d8d0b6dd67d134a9fa841bee90c57c7?s=96&d=mm&r=g","contentUrl":"https:\/\/secure.gravatar.com\/avatar\/7d8d0b6dd67d134a9fa841bee90c57c7?s=96&d=mm&r=g","caption":"Samantha dos Anjos"},"url":"https:\/\/wilsonsantosmt.com.br\/index.php\/author\/samantha-dos-anjos\/"}]}},"_links":{"self":[{"href":"https:\/\/wilsonsantosmt.com.br\/index.php\/wp-json\/wp\/v2\/posts\/3172"}],"collection":[{"href":"https:\/\/wilsonsantosmt.com.br\/index.php\/wp-json\/wp\/v2\/posts"}],"about":[{"href":"https:\/\/wilsonsantosmt.com.br\/index.php\/wp-json\/wp\/v2\/types\/post"}],"author":[{"embeddable":true,"href":"https:\/\/wilsonsantosmt.com.br\/index.php\/wp-json\/wp\/v2\/users\/4"}],"replies":[{"embeddable":true,"href":"https:\/\/wilsonsantosmt.com.br\/index.php\/wp-json\/wp\/v2\/comments?post=3172"}],"version-history":[{"count":1,"href":"https:\/\/wilsonsantosmt.com.br\/index.php\/wp-json\/wp\/v2\/posts\/3172\/revisions"}],"predecessor-version":[{"id":3174,"href":"https:\/\/wilsonsantosmt.com.br\/index.php\/wp-json\/wp\/v2\/posts\/3172\/revisions\/3174"}],"wp:featuredmedia":[{"embeddable":true,"href":"https:\/\/wilsonsantosmt.com.br\/index.php\/wp-json\/wp\/v2\/media\/3173"}],"wp:attachment":[{"href":"https:\/\/wilsonsantosmt.com.br\/index.php\/wp-json\/wp\/v2\/media?parent=3172"}],"wp:term":[{"taxonomy":"category","embeddable":true,"href":"https:\/\/wilsonsantosmt.com.br\/index.php\/wp-json\/wp\/v2\/categories?post=3172"},{"taxonomy":"post_tag","embeddable":true,"href":"https:\/\/wilsonsantosmt.com.br\/index.php\/wp-json\/wp\/v2\/tags?post=3172"}],"curies":[{"name":"wp","href":"https:\/\/api.w.org\/{rel}","templated":true}]}}